{"id":979,"date":"2025-05-23T15:44:31","date_gmt":"2025-05-23T18:44:31","guid":{"rendered":"https:\/\/crusoe.com.br\/variedades\/?p=979"},"modified":"2025-05-23T15:44:34","modified_gmt":"2025-05-23T18:44:34","slug":"camara-aprova-novos-programas-sociais-para-gestantes-e-criancas","status":"publish","type":"post","link":"https:\/\/crusoe.audiencelabs.com.br\/camara-aprova-novos-programas-sociais-para-gestantes-e-criancas\/","title":{"rendered":"C\u00e2mara aprova novos programas sociais para gestantes e crian\u00e7as"},"content":{"rendered":"\n<p>Nesta semana, a Comiss\u00e3o de Constitui\u00e7\u00e3o e Justi\u00e7a e de Cidadania da C\u00e2mara dos Deputados aprovou um novo projeto de lei que beneficiar\u00e1 crian\u00e7as e gestantes.<\/p>\n\n\n\n<p>Aprovado em car\u00e1ter conclusivo, o <strong>Projeto de Lei 876\/21<\/strong> foi apresentado pela ex-deputada Paula Belmonte e outros deputados, e recebeu um parecer favor\u00e1vel da relatora, deputada Laura Carneiro (PSD-RJ).<\/p>\n\n\n\n<p>Al\u00e9m de conferir provis\u00e3o legao ao Programa Crian\u00e7a Feliz, o texto tamb\u00e9m institui o Programa de Prote\u00e7\u00e3o e Atendimento a Gestantes. Confira mais detalhes abaixo:<\/p>\n\n\n\n<h2 class=\"wp-block-heading\">Programa Crian\u00e7a Feliz<\/h2>\n\n\n\n<p>O Programa Crian\u00e7a Feliz, que \u00e9 voltado \u00e0 promo\u00e7\u00e3o do desenvolvimento integral das crian\u00e7as na primeira inf\u00e2ncia, passar\u00e1 a fazer parte da Pol\u00edtica Nacional de Assist\u00eancia Social.<\/p>\n\n\n\n<p>Desta forma, ele ser\u00e1 articulado com pol\u00edticas de sa\u00fade, educa\u00e7\u00e3o, cultura, direitos humanos, direito das crian\u00e7as e adolescentes e diversas outras previstas em regulamento.<\/p>\n\n\n\n<p>Entre os objetivos do PCF, est\u00e3o (via Ag\u00eancia C\u00e2mara de Not\u00edcias):<\/p>\n\n\n\n<ul class=\"wp-block-list\">\n<li>promover o desenvolvimento integral das crian\u00e7as na primeira inf\u00e2ncia (0 a 6 anos), considerando a fam\u00edlia e o contexto de vida;<\/li>\n\n\n\n<li>apoiar a gestante e a fam\u00edlia na prepara\u00e7\u00e3o para o nascimento e nos cuidados perinatais; e<\/li>\n\n\n\n<li>facilitar o acesso da gestante, das crian\u00e7as e das fam\u00edlias a pol\u00edticas e servi\u00e7os p\u00fablicos de que necessitem.<\/li>\n<\/ul>\n\n\n\n<p>Para garantir o cumprimento dos objetivos, est\u00e3o previstas diversas a\u00e7\u00f5es, incluindo visitas domiciliares peri\u00f3dicas e capacita\u00e7\u00e3o de profissionais especializados.<\/p>\n\n\n\n<h2 class=\"wp-block-heading\">Programa de Prote\u00e7\u00e3o e Atendimento \u00e0s Gestantes<\/h2>\n\n\n\n<p>Desenvolvido pelos Centros de Refer\u00eancia de Assist\u00eancia Social junto de inst\u00e2ncias gestoras do SUS, o Programa de Prote\u00e7\u00e3o e Atendimento \u00e0s Gestantes ter\u00e1 como foco o cuidado com a sa\u00fade da gestante em situa\u00e7\u00e3o de vulnerabilidade e do beb\u00ea.<\/p>\n\n\n\n<p>Para isso, ser\u00e3o executadas a\u00e7\u00f5es como o cadastro e o encaminhamento para o pr\u00e9-natal, caso ainda n\u00e3o tenha sido iniciado.<\/p>\n\n\n\n<p>Al\u00e9m disso, tamb\u00e9m ser\u00e3o ofertados cursos preparat\u00f3rios sobre o parto, amamenta\u00e7\u00e3o e cuidados necess\u00e1rios com o rec\u00e9m-nascido.<\/p>\n\n\n\n<p>Caso n\u00e3o haja recurso para vota\u00e7\u00e3o no Plen\u00e1rio da C\u00e2mara, a PL 876\/21 ser\u00e1 encaminhada para o Senado Federal, para que finalmente possa se tornar lei caso aprovada.<\/p>\n","protected":false},"excerpt":{"rendered":"<p>Nesta semana, a Comiss\u00e3o de Constitui\u00e7\u00e3o e Justi\u00e7a e de Cidadania da C\u00e2mara dos Deputados aprovou um novo projeto de lei que beneficiar\u00e1 crian\u00e7as e gestantes. Aprovado em car\u00e1ter conclusivo, o Projeto de Lei 876\/21 foi apresentado pela ex-deputada Paula Belmonte e outros deputados, e recebeu um parecer favor\u00e1vel da relatora, deputada Laura Carneiro (PSD-RJ). [&hellip;]<\/p>\n","protected":false},"author":7,"featured_media":980,"comment_status":"open","ping_status":"open","sticky":false,"template":"","format":"standard","meta":{"jnews-multi-image_gallery":[],"jnews_single_post":{"format":"standard"},"jnews_primary_category":[],"jnews_override_counter":[],"jnews_post_split":[],"footnotes":""},"categories":[1],"tags":[],"class_list":["post-979","post","type-post","status-publish","format-standard","has-post-thumbnail","hentry","category-geral"],"yoast_head":"<!-- This site is optimized with the Yoast SEO plugin v25.0 - https:\/\/yoast.com\/wordpress\/plugins\/seo\/ -->\n<title>C\u00e2mara aprova novos programas sociais para gestantes e crian\u00e7as<\/title>\n<meta name=\"robots\" content=\"index, follow, max-snippet:-1, max-image-preview:large, max-video-preview:-1\" \/>\n<link rel=\"canonical\" href=\"https:\/\/crusoe.audiencelabs.com.br\/camara-aprova-novos-programas-sociais-para-gestantes-e-criancas\/\" \/>\n<meta property=\"og:locale\" content=\"pt_BR\" \/>\n<meta property=\"og:type\" content=\"article\" \/>\n<meta property=\"og:title\" content=\"C\u00e2mara aprova novos programas sociais para gestantes e crian\u00e7as\" \/>\n<meta property=\"og:description\" content=\"Nesta semana, a Comiss\u00e3o de Constitui\u00e7\u00e3o e Justi\u00e7a e de Cidadania da C\u00e2mara dos Deputados aprovou um novo projeto de lei que beneficiar\u00e1 crian\u00e7as e gestantes. Aprovado em car\u00e1ter conclusivo, o Projeto de Lei 876\/21 foi apresentado pela ex-deputada Paula Belmonte e outros deputados, e recebeu um parecer favor\u00e1vel da relatora, deputada Laura Carneiro (PSD-RJ). [&hellip;]\" \/>\n<meta property=\"og:url\" content=\"https:\/\/crusoe.audiencelabs.com.br\/camara-aprova-novos-programas-sociais-para-gestantes-e-criancas\/\" \/>\n<meta property=\"og:site_name\" content=\"Variedades - Cruso\u00e9\" \/>\n<meta property=\"article:published_time\" content=\"2025-05-23T18:44:31+00:00\" \/>\n<meta property=\"article:modified_time\" content=\"2025-05-23T18:44:34+00:00\" \/>\n<meta property=\"og:image\" content=\"https:\/\/cdn.crusoe.com.br\/uploads\/2025\/05\/programas-sociais-gestantes-criancas.jpg\" \/>\n\t<meta property=\"og:image:width\" content=\"1600\" \/>\n\t<meta property=\"og:image:height\" content=\"898\" \/>\n\t<meta property=\"og:image:type\" content=\"image\/jpeg\" \/>\n<meta name=\"author\" content=\"Jo\u00e3o Carlos Gomes\" \/>\n<meta name=\"twitter:card\" content=\"summary_large_image\" \/>\n<meta name=\"twitter:label1\" content=\"Escrito por\" \/>\n\t<meta name=\"twitter:data1\" content=\"Jo\u00e3o Carlos Gomes\" \/>\n\t<meta name=\"twitter:label2\" content=\"Est. tempo de leitura\" \/>\n\t<meta name=\"twitter:data2\" content=\"3 minutos\" \/>\n<script type=\"application\/ld+json\" class=\"yoast-schema-graph\">{\"@context\":\"https:\/\/schema.org\",\"@graph\":[{\"@type\":\"WebPage\",\"@id\":\"https:\/\/crusoe.audiencelabs.com.br\/camara-aprova-novos-programas-sociais-para-gestantes-e-criancas\/\",\"url\":\"https:\/\/crusoe.audiencelabs.com.br\/camara-aprova-novos-programas-sociais-para-gestantes-e-criancas\/\",\"name\":\"C\u00e2mara aprova novos programas sociais para gestantes e crian\u00e7as\",\"isPartOf\":{\"@id\":\"https:\/\/crusoe.audiencelabs.com.br\/#website\"},\"primaryImageOfPage\":{\"@id\":\"https:\/\/crusoe.audiencelabs.com.br\/camara-aprova-novos-programas-sociais-para-gestantes-e-criancas\/#primaryimage\"},\"image\":{\"@id\":\"https:\/\/crusoe.audiencelabs.com.br\/camara-aprova-novos-programas-sociais-para-gestantes-e-criancas\/#primaryimage\"},\"thumbnailUrl\":\"https:\/\/cdn.crusoe.com.br\/uploads\/2025\/05\/programas-sociais-gestantes-criancas.jpg\",\"datePublished\":\"2025-05-23T18:44:31+00:00\",\"dateModified\":\"2025-05-23T18:44:34+00:00\",\"author\":{\"@id\":\"https:\/\/crusoe.audiencelabs.com.br\/#\/schema\/person\/4a23399b23149df2eab6637fd2fd2bfc\"},\"breadcrumb\":{\"@id\":\"https:\/\/crusoe.audiencelabs.com.br\/camara-aprova-novos-programas-sociais-para-gestantes-e-criancas\/#breadcrumb\"},\"inLanguage\":\"pt-BR\",\"potentialAction\":[{\"@type\":\"ReadAction\",\"target\":[\"https:\/\/crusoe.audiencelabs.com.br\/camara-aprova-novos-programas-sociais-para-gestantes-e-criancas\/\"]}]},{\"@type\":\"ImageObject\",\"inLanguage\":\"pt-BR\",\"@id\":\"https:\/\/crusoe.audiencelabs.com.br\/camara-aprova-novos-programas-sociais-para-gestantes-e-criancas\/#primaryimage\",\"url\":\"https:\/\/cdn.crusoe.com.br\/uploads\/2025\/05\/programas-sociais-gestantes-criancas.jpg\",\"contentUrl\":\"https:\/\/cdn.crusoe.com.br\/uploads\/2025\/05\/programas-sociais-gestantes-criancas.jpg\",\"width\":1600,\"height\":898,\"caption\":\"Foto: Richard Jaimes\/Unsplash\"},{\"@type\":\"BreadcrumbList\",\"@id\":\"https:\/\/crusoe.audiencelabs.com.br\/camara-aprova-novos-programas-sociais-para-gestantes-e-criancas\/#breadcrumb\",\"itemListElement\":[{\"@type\":\"ListItem\",\"position\":1,\"name\":\"Home\",\"item\":\"https:\/\/crusoe.audiencelabs.com.br\/\"},{\"@type\":\"ListItem\",\"position\":2,\"name\":\"C\u00e2mara aprova novos programas sociais para gestantes e crian\u00e7as\"}]},{\"@type\":\"WebSite\",\"@id\":\"https:\/\/crusoe.audiencelabs.com.br\/#website\",\"url\":\"https:\/\/crusoe.audiencelabs.com.br\/\",\"name\":\"Variedades - Cruso\u00e9\",\"description\":\"\",\"potentialAction\":[{\"@type\":\"SearchAction\",\"target\":{\"@type\":\"EntryPoint\",\"urlTemplate\":\"https:\/\/crusoe.audiencelabs.com.br\/?s={search_term_string}\"},\"query-input\":{\"@type\":\"PropertyValueSpecification\",\"valueRequired\":true,\"valueName\":\"search_term_string\"}}],\"inLanguage\":\"pt-BR\"},{\"@type\":\"Person\",\"@id\":\"https:\/\/crusoe.audiencelabs.com.br\/#\/schema\/person\/4a23399b23149df2eab6637fd2fd2bfc\",\"name\":\"Jo\u00e3o Carlos Gomes\",\"image\":{\"@type\":\"ImageObject\",\"inLanguage\":\"pt-BR\",\"@id\":\"https:\/\/crusoe.audiencelabs.com.br\/#\/schema\/person\/image\/\",\"url\":\"https:\/\/secure.gravatar.com\/avatar\/4ce4672dbdd694b329cd6fdb51bee7d1409be1f0ff76a537e4c4a737b2c7d1a9?s=96&d=mm&r=g\",\"contentUrl\":\"https:\/\/secure.gravatar.com\/avatar\/4ce4672dbdd694b329cd6fdb51bee7d1409be1f0ff76a537e4c4a737b2c7d1a9?s=96&d=mm&r=g\",\"caption\":\"Jo\u00e3o Carlos Gomes\"},\"description\":\"Jornalista, criador de conte\u00fado e m\u00fasico independente nas horas vagas.\",\"url\":\"https:\/\/crusoe.audiencelabs.com.br\/author\/joaoc-junior66\/\"}]}<\/script>\n<!-- \/ Yoast SEO plugin. -->","yoast_head_json":{"title":"C\u00e2mara aprova novos programas sociais para gestantes e crian\u00e7as","robots":{"index":"index","follow":"follow","max-snippet":"max-snippet:-1","max-image-preview":"max-image-preview:large","max-video-preview":"max-video-preview:-1"},"canonical":"https:\/\/crusoe.audiencelabs.com.br\/camara-aprova-novos-programas-sociais-para-gestantes-e-criancas\/","og_locale":"pt_BR","og_type":"article","og_title":"C\u00e2mara aprova novos programas sociais para gestantes e crian\u00e7as","og_description":"Nesta semana, a Comiss\u00e3o de Constitui\u00e7\u00e3o e Justi\u00e7a e de Cidadania da C\u00e2mara dos Deputados aprovou um novo projeto de lei que beneficiar\u00e1 crian\u00e7as e gestantes. Aprovado em car\u00e1ter conclusivo, o Projeto de Lei 876\/21 foi apresentado pela ex-deputada Paula Belmonte e outros deputados, e recebeu um parecer favor\u00e1vel da relatora, deputada Laura Carneiro (PSD-RJ). [&hellip;]","og_url":"https:\/\/crusoe.audiencelabs.com.br\/camara-aprova-novos-programas-sociais-para-gestantes-e-criancas\/","og_site_name":"Variedades - Cruso\u00e9","article_published_time":"2025-05-23T18:44:31+00:00","article_modified_time":"2025-05-23T18:44:34+00:00","og_image":[{"width":1600,"height":898,"url":"https:\/\/cdn.crusoe.com.br\/uploads\/2025\/05\/programas-sociais-gestantes-criancas.jpg","type":"image\/jpeg"}],"author":"Jo\u00e3o Carlos Gomes","twitter_card":"summary_large_image","twitter_misc":{"Escrito por":"Jo\u00e3o Carlos Gomes","Est. tempo de leitura":"3 minutos"},"schema":{"@context":"https:\/\/schema.org","@graph":[{"@type":"WebPage","@id":"https:\/\/crusoe.audiencelabs.com.br\/camara-aprova-novos-programas-sociais-para-gestantes-e-criancas\/","url":"https:\/\/crusoe.audiencelabs.com.br\/camara-aprova-novos-programas-sociais-para-gestantes-e-criancas\/","name":"C\u00e2mara aprova novos programas sociais para gestantes e crian\u00e7as","isPartOf":{"@id":"https:\/\/crusoe.audiencelabs.com.br\/#website"},"primaryImageOfPage":{"@id":"https:\/\/crusoe.audiencelabs.com.br\/camara-aprova-novos-programas-sociais-para-gestantes-e-criancas\/#primaryimage"},"image":{"@id":"https:\/\/crusoe.audiencelabs.com.br\/camara-aprova-novos-programas-sociais-para-gestantes-e-criancas\/#primaryimage"},"thumbnailUrl":"https:\/\/cdn.crusoe.com.br\/uploads\/2025\/05\/programas-sociais-gestantes-criancas.jpg","datePublished":"2025-05-23T18:44:31+00:00","dateModified":"2025-05-23T18:44:34+00:00","author":{"@id":"https:\/\/crusoe.audiencelabs.com.br\/#\/schema\/person\/4a23399b23149df2eab6637fd2fd2bfc"},"breadcrumb":{"@id":"https:\/\/crusoe.audiencelabs.com.br\/camara-aprova-novos-programas-sociais-para-gestantes-e-criancas\/#breadcrumb"},"inLanguage":"pt-BR","potentialAction":[{"@type":"ReadAction","target":["https:\/\/crusoe.audiencelabs.com.br\/camara-aprova-novos-programas-sociais-para-gestantes-e-criancas\/"]}]},{"@type":"ImageObject","inLanguage":"pt-BR","@id":"https:\/\/crusoe.audiencelabs.com.br\/camara-aprova-novos-programas-sociais-para-gestantes-e-criancas\/#primaryimage","url":"https:\/\/cdn.crusoe.com.br\/uploads\/2025\/05\/programas-sociais-gestantes-criancas.jpg","contentUrl":"https:\/\/cdn.crusoe.com.br\/uploads\/2025\/05\/programas-sociais-gestantes-criancas.jpg","width":1600,"height":898,"caption":"Foto: Richard Jaimes\/Unsplash"},{"@type":"BreadcrumbList","@id":"https:\/\/crusoe.audiencelabs.com.br\/camara-aprova-novos-programas-sociais-para-gestantes-e-criancas\/#breadcrumb","itemListElement":[{"@type":"ListItem","position":1,"name":"Home","item":"https:\/\/crusoe.audiencelabs.com.br\/"},{"@type":"ListItem","position":2,"name":"C\u00e2mara aprova novos programas sociais para gestantes e crian\u00e7as"}]},{"@type":"WebSite","@id":"https:\/\/crusoe.audiencelabs.com.br\/#website","url":"https:\/\/crusoe.audiencelabs.com.br\/","name":"Variedades - Cruso\u00e9","description":"","potentialAction":[{"@type":"SearchAction","target":{"@type":"EntryPoint","urlTemplate":"https:\/\/crusoe.audiencelabs.com.br\/?s={search_term_string}"},"query-input":{"@type":"PropertyValueSpecification","valueRequired":true,"valueName":"search_term_string"}}],"inLanguage":"pt-BR"},{"@type":"Person","@id":"https:\/\/crusoe.audiencelabs.com.br\/#\/schema\/person\/4a23399b23149df2eab6637fd2fd2bfc","name":"Jo\u00e3o Carlos Gomes","image":{"@type":"ImageObject","inLanguage":"pt-BR","@id":"https:\/\/crusoe.audiencelabs.com.br\/#\/schema\/person\/image\/","url":"https:\/\/secure.gravatar.com\/avatar\/4ce4672dbdd694b329cd6fdb51bee7d1409be1f0ff76a537e4c4a737b2c7d1a9?s=96&d=mm&r=g","contentUrl":"https:\/\/secure.gravatar.com\/avatar\/4ce4672dbdd694b329cd6fdb51bee7d1409be1f0ff76a537e4c4a737b2c7d1a9?s=96&d=mm&r=g","caption":"Jo\u00e3o Carlos Gomes"},"description":"Jornalista, criador de conte\u00fado e m\u00fasico independente nas horas vagas.","url":"https:\/\/crusoe.audiencelabs.com.br\/author\/joaoc-junior66\/"}]}},"_links":{"self":[{"href":"https:\/\/crusoe.audiencelabs.com.br\/wp-json\/wp\/v2\/posts\/979","targetHints":{"allow":["GET"]}}],"collection":[{"href":"https:\/\/crusoe.audiencelabs.com.br\/wp-json\/wp\/v2\/posts"}],"about":[{"href":"https:\/\/crusoe.audiencelabs.com.br\/wp-json\/wp\/v2\/types\/post"}],"author":[{"embeddable":true,"href":"https:\/\/crusoe.audiencelabs.com.br\/wp-json\/wp\/v2\/users\/7"}],"replies":[{"embeddable":true,"href":"https:\/\/crusoe.audiencelabs.com.br\/wp-json\/wp\/v2\/comments?post=979"}],"version-history":[{"count":1,"href":"https:\/\/crusoe.audiencelabs.com.br\/wp-json\/wp\/v2\/posts\/979\/revisions"}],"predecessor-version":[{"id":984,"href":"https:\/\/crusoe.audiencelabs.com.br\/wp-json\/wp\/v2\/posts\/979\/revisions\/984"}],"wp:featuredmedia":[{"embeddable":true,"href":"https:\/\/crusoe.audiencelabs.com.br\/wp-json\/wp\/v2\/media\/980"}],"wp:attachment":[{"href":"https:\/\/crusoe.audiencelabs.com.br\/wp-json\/wp\/v2\/media?parent=979"}],"wp:term":[{"taxonomy":"category","embeddable":true,"href":"https:\/\/crusoe.audiencelabs.com.br\/wp-json\/wp\/v2\/categories?post=979"},{"taxonomy":"post_tag","embeddable":true,"href":"https:\/\/crusoe.audiencelabs.com.br\/wp-json\/wp\/v2\/tags?post=979"}],"curies":[{"name":"wp","href":"https:\/\/api.w.org\/{rel}","templated":true}]}}