{"id":9431,"date":"2025-08-16T08:00:00","date_gmt":"2025-08-16T11:00:00","guid":{"rendered":"https:\/\/crusoe.com.br\/variedades\/?p=9431"},"modified":"2025-08-11T14:31:53","modified_gmt":"2025-08-11T17:31:53","slug":"bebe-recebeu-o-nome-mais-raro-ja-registrado-em-toda-a-historia-do-brasil","status":"publish","type":"post","link":"https:\/\/crusoe.audiencelabs.com.br\/bebe-recebeu-o-nome-mais-raro-ja-registrado-em-toda-a-historia-do-brasil\/","title":{"rendered":"Beb\u00ea recebeu o nome mais raro j\u00e1 registrado em toda a hist\u00f3ria do Brasil"},"content":{"rendered":"\n<p>A escolha de um nome para um beb\u00ea \u00e9 uma decis\u00e3o crucial e carregada de significado para os pais.\u00a0Daniele Pereira Brand\u00e3o Xavier, decidida a dar um nome exclusivo \u00e0 sua filha, registrou o nome <strong>Amayomi,<\/strong> in\u00e9dito no pa\u00eds, em um cart\u00f3rio em 2022.\u00a0<\/p>\n\n\n\n<p>Enquanto muitos pais no Brasil escolhem nomes populares como &#8220;Helena&#8221; e &#8220;Ana Clara&#8221;, o exemplo de Daniele mostra que h\u00e1 um movimento crescente por originalidade.&nbsp;<\/p>\n\n\n\n<p>Embora a diversidade cultural do Brasil permita uma ampla gama de nomes, registrar Amayomi implicou enfrentar obst\u00e1culos significativos, como a necessidade de uma autoriza\u00e7\u00e3o especial.<\/p>\n\n\n\n<h2 class=\"wp-block-heading\">Registro de nomes \u00fanicos no Brasil<\/h2>\n\n\n\n<p>No Brasil, a liberdade para escolher nomes de beb\u00eas \u00e9 garantida, mas h\u00e1 procedimentos administrativos para evitar nomes que possam causar constrangimento.&nbsp;<\/p>\n\n\n\n<p>No caso de Amayomi, Daniele precisou de autoriza\u00e7\u00e3o especial para registrar o nome, j\u00e1 que o procedimento padr\u00e3o envolve crit\u00e9rio por parte dos cart\u00f3rios.&nbsp;<\/p>\n\n\n\n<p>O sistema n\u00e3o imp\u00f5e uma lista de nomes proibidos, mas os oficiais de registro civil t\u00eam a responsabilidade de avaliar a adequa\u00e7\u00e3o dos nomes propostos.<\/p>\n\n\n\n<h2 class=\"wp-block-heading\">Nomes e restri\u00e7\u00f5es de nomes ao redor do mundo<\/h2>\n\n\n\n<p>Internacionalmente, as regras sobre registros de nomes variam significativamente. Em pa\u00edses como Portugal e It\u00e1lia, legisla\u00e7\u00f5es espec\u00edficas regulam os nomes para evitar desconforto ou confus\u00e3o cultural.&nbsp;<\/p>\n\n\n\n<p>O M\u00e9xico, por exemplo, mant\u00e9m uma lista de nomes proibidos. J\u00e1 na Nova Zel\u00e2ndia e na Austr\u00e1lia, a legisla\u00e7\u00e3o \u00e9 bastante rigorosa, impedindo nomes que possam ser inapropriados ou constrangedores.<\/p>\n\n\n\n<h2 class=\"wp-block-heading\">Influ\u00eancia das inspira\u00e7\u00f5es culturais<\/h2>\n\n\n\n<p>Daniele, ao batizar sua filha de Amayomi, buscou inspira\u00e7\u00e3o na cultura iorub\u00e1, onde o nome Abayomi, reinterpretado para Amayomi, significa &#8220;aquele que traz felicidade&#8221; ou &#8220;encontro precioso&#8221;.&nbsp;<\/p>\n\n\n\n<p>Essa tend\u00eancia de buscar nomes em culturas diversas est\u00e1 se tornando comum entre pais que desejam conferir peso cultural ou significado hist\u00f3rico aos nomes de seus filhos. <\/p>\n\n\n\n<p>Para muitos, nomes como &#8220;Zion&#8221; ou &#8220;Akilah&#8221; s\u00e3o atrativos por suas conota\u00e7\u00f5es significativas e suas ra\u00edzes culturais.\u00a0Essa busca por significado reflete um desejo profundo de os pais estabelecerem uma conex\u00e3o duradoura e profunda entre o nome dado aos seus filhos e suas identidades culturais.<\/p>\n","protected":false},"excerpt":{"rendered":"<p>A escolha de um nome para um beb\u00ea \u00e9 uma decis\u00e3o crucial e carregada de significado para os pais.\u00a0Daniele Pereira Brand\u00e3o Xavier, decidida a dar um nome exclusivo \u00e0 sua filha, registrou o nome Amayomi, in\u00e9dito no pa\u00eds, em um cart\u00f3rio em 2022.\u00a0 Enquanto muitos pais no Brasil escolhem nomes populares como &#8220;Helena&#8221; e &#8220;Ana [&hellip;]<\/p>\n","protected":false},"author":5,"featured_media":9432,"comment_status":"open","ping_status":"open","sticky":false,"template":"","format":"standard","meta":{"jnews-multi-image_gallery":[],"jnews_single_post":{"format":"standard"},"jnews_primary_category":[],"jnews_override_counter":[],"jnews_post_split":[],"footnotes":""},"categories":[1],"tags":[1853,1854,1855],"class_list":["post-9431","post","type-post","status-publish","format-standard","has-post-thumbnail","hentry","category-geral","tag-amayomi","tag-nome","tag-registro"],"yoast_head":"<!-- This site is optimized with the Yoast SEO plugin v25.0 - https:\/\/yoast.com\/wordpress\/plugins\/seo\/ -->\n<title>Beb\u00ea recebeu o nome mais raro j\u00e1 registrado em toda a hist\u00f3ria do Brasil<\/title>\n<meta name=\"robots\" content=\"index, follow, max-snippet:-1, max-image-preview:large, max-video-preview:-1\" \/>\n<link rel=\"canonical\" href=\"https:\/\/crusoe.audiencelabs.com.br\/bebe-recebeu-o-nome-mais-raro-ja-registrado-em-toda-a-historia-do-brasil\/\" \/>\n<meta property=\"og:locale\" content=\"pt_BR\" \/>\n<meta property=\"og:type\" content=\"article\" \/>\n<meta property=\"og:title\" content=\"Beb\u00ea recebeu o nome mais raro j\u00e1 registrado em toda a hist\u00f3ria do Brasil\" \/>\n<meta property=\"og:description\" content=\"A escolha de um nome para um beb\u00ea \u00e9 uma decis\u00e3o crucial e carregada de significado para os pais.\u00a0Daniele Pereira Brand\u00e3o Xavier, decidida a dar um nome exclusivo \u00e0 sua filha, registrou o nome Amayomi, in\u00e9dito no pa\u00eds, em um cart\u00f3rio em 2022.\u00a0 Enquanto muitos pais no Brasil escolhem nomes populares como &#8220;Helena&#8221; e &#8220;Ana [&hellip;]\" \/>\n<meta property=\"og:url\" content=\"https:\/\/crusoe.audiencelabs.com.br\/bebe-recebeu-o-nome-mais-raro-ja-registrado-em-toda-a-historia-do-brasil\/\" \/>\n<meta property=\"og:site_name\" content=\"Variedades - Cruso\u00e9\" \/>\n<meta property=\"article:published_time\" content=\"2025-08-16T11:00:00+00:00\" \/>\n<meta property=\"og:image\" content=\"https:\/\/cdn.crusoe.com.br\/uploads\/2025\/08\/pexels-mdmmikle-6902344-scaled.jpg\" \/>\n\t<meta property=\"og:image:width\" content=\"2560\" \/>\n\t<meta property=\"og:image:height\" content=\"1707\" \/>\n\t<meta property=\"og:image:type\" content=\"image\/jpeg\" \/>\n<meta name=\"author\" content=\"Milena Armando\" \/>\n<meta name=\"twitter:card\" content=\"summary_large_image\" \/>\n<meta name=\"twitter:label1\" content=\"Escrito por\" \/>\n\t<meta name=\"twitter:data1\" content=\"Milena Armando\" \/>\n\t<meta name=\"twitter:label2\" content=\"Est. tempo de leitura\" \/>\n\t<meta name=\"twitter:data2\" content=\"3 minutos\" \/>\n<script type=\"application\/ld+json\" class=\"yoast-schema-graph\">{\"@context\":\"https:\/\/schema.org\",\"@graph\":[{\"@type\":\"WebPage\",\"@id\":\"https:\/\/crusoe.audiencelabs.com.br\/bebe-recebeu-o-nome-mais-raro-ja-registrado-em-toda-a-historia-do-brasil\/\",\"url\":\"https:\/\/crusoe.audiencelabs.com.br\/bebe-recebeu-o-nome-mais-raro-ja-registrado-em-toda-a-historia-do-brasil\/\",\"name\":\"Beb\u00ea recebeu o nome mais raro j\u00e1 registrado em toda a hist\u00f3ria do Brasil\",\"isPartOf\":{\"@id\":\"https:\/\/crusoe.audiencelabs.com.br\/#website\"},\"primaryImageOfPage\":{\"@id\":\"https:\/\/crusoe.audiencelabs.com.br\/bebe-recebeu-o-nome-mais-raro-ja-registrado-em-toda-a-historia-do-brasil\/#primaryimage\"},\"image\":{\"@id\":\"https:\/\/crusoe.audiencelabs.com.br\/bebe-recebeu-o-nome-mais-raro-ja-registrado-em-toda-a-historia-do-brasil\/#primaryimage\"},\"thumbnailUrl\":\"https:\/\/cdn.crusoe.com.br\/uploads\/2025\/08\/pexels-mdmmikle-6902344-scaled.jpg\",\"datePublished\":\"2025-08-16T11:00:00+00:00\",\"author\":{\"@id\":\"https:\/\/crusoe.audiencelabs.com.br\/#\/schema\/person\/f87f73cfe89e5360de2c006bd4bd6a74\"},\"breadcrumb\":{\"@id\":\"https:\/\/crusoe.audiencelabs.com.br\/bebe-recebeu-o-nome-mais-raro-ja-registrado-em-toda-a-historia-do-brasil\/#breadcrumb\"},\"inLanguage\":\"pt-BR\",\"potentialAction\":[{\"@type\":\"ReadAction\",\"target\":[\"https:\/\/crusoe.audiencelabs.com.br\/bebe-recebeu-o-nome-mais-raro-ja-registrado-em-toda-a-historia-do-brasil\/\"]}]},{\"@type\":\"ImageObject\",\"inLanguage\":\"pt-BR\",\"@id\":\"https:\/\/crusoe.audiencelabs.com.br\/bebe-recebeu-o-nome-mais-raro-ja-registrado-em-toda-a-historia-do-brasil\/#primaryimage\",\"url\":\"https:\/\/cdn.crusoe.com.br\/uploads\/2025\/08\/pexels-mdmmikle-6902344-scaled.jpg\",\"contentUrl\":\"https:\/\/cdn.crusoe.com.br\/uploads\/2025\/08\/pexels-mdmmikle-6902344-scaled.jpg\",\"width\":2560,\"height\":1707,\"caption\":\"Foto: Mikhail Maslov\/Pexels\"},{\"@type\":\"BreadcrumbList\",\"@id\":\"https:\/\/crusoe.audiencelabs.com.br\/bebe-recebeu-o-nome-mais-raro-ja-registrado-em-toda-a-historia-do-brasil\/#breadcrumb\",\"itemListElement\":[{\"@type\":\"ListItem\",\"position\":1,\"name\":\"Home\",\"item\":\"https:\/\/crusoe.audiencelabs.com.br\/\"},{\"@type\":\"ListItem\",\"position\":2,\"name\":\"Beb\u00ea recebeu o nome mais raro j\u00e1 registrado em toda a hist\u00f3ria do Brasil\"}]},{\"@type\":\"WebSite\",\"@id\":\"https:\/\/crusoe.audiencelabs.com.br\/#website\",\"url\":\"https:\/\/crusoe.audiencelabs.com.br\/\",\"name\":\"Variedades - Cruso\u00e9\",\"description\":\"\",\"potentialAction\":[{\"@type\":\"SearchAction\",\"target\":{\"@type\":\"EntryPoint\",\"urlTemplate\":\"https:\/\/crusoe.audiencelabs.com.br\/?s={search_term_string}\"},\"query-input\":{\"@type\":\"PropertyValueSpecification\",\"valueRequired\":true,\"valueName\":\"search_term_string\"}}],\"inLanguage\":\"pt-BR\"},{\"@type\":\"Person\",\"@id\":\"https:\/\/crusoe.audiencelabs.com.br\/#\/schema\/person\/f87f73cfe89e5360de2c006bd4bd6a74\",\"name\":\"Milena Armando\",\"image\":{\"@type\":\"ImageObject\",\"inLanguage\":\"pt-BR\",\"@id\":\"https:\/\/crusoe.audiencelabs.com.br\/#\/schema\/person\/image\/\",\"url\":\"https:\/\/secure.gravatar.com\/avatar\/ea14ecddc9e9d202b698b18f9f69e09c9fd74cfbed5c6008d55f11faefdbdab7?s=96&d=mm&r=g\",\"contentUrl\":\"https:\/\/secure.gravatar.com\/avatar\/ea14ecddc9e9d202b698b18f9f69e09c9fd74cfbed5c6008d55f11faefdbdab7?s=96&d=mm&r=g\",\"caption\":\"Milena Armando\"},\"description\":\"Jornalista, redatora e revisora.\",\"url\":\"https:\/\/crusoe.audiencelabs.com.br\/author\/milena\/\"}]}<\/script>\n<!-- \/ Yoast SEO plugin. -->","yoast_head_json":{"title":"Beb\u00ea recebeu o nome mais raro j\u00e1 registrado em toda a hist\u00f3ria do Brasil","robots":{"index":"index","follow":"follow","max-snippet":"max-snippet:-1","max-image-preview":"max-image-preview:large","max-video-preview":"max-video-preview:-1"},"canonical":"https:\/\/crusoe.audiencelabs.com.br\/bebe-recebeu-o-nome-mais-raro-ja-registrado-em-toda-a-historia-do-brasil\/","og_locale":"pt_BR","og_type":"article","og_title":"Beb\u00ea recebeu o nome mais raro j\u00e1 registrado em toda a hist\u00f3ria do Brasil","og_description":"A escolha de um nome para um beb\u00ea \u00e9 uma decis\u00e3o crucial e carregada de significado para os pais.\u00a0Daniele Pereira Brand\u00e3o Xavier, decidida a dar um nome exclusivo \u00e0 sua filha, registrou o nome Amayomi, in\u00e9dito no pa\u00eds, em um cart\u00f3rio em 2022.\u00a0 Enquanto muitos pais no Brasil escolhem nomes populares como &#8220;Helena&#8221; e &#8220;Ana [&hellip;]","og_url":"https:\/\/crusoe.audiencelabs.com.br\/bebe-recebeu-o-nome-mais-raro-ja-registrado-em-toda-a-historia-do-brasil\/","og_site_name":"Variedades - Cruso\u00e9","article_published_time":"2025-08-16T11:00:00+00:00","og_image":[{"width":2560,"height":1707,"url":"https:\/\/cdn.crusoe.com.br\/uploads\/2025\/08\/pexels-mdmmikle-6902344-scaled.jpg","type":"image\/jpeg"}],"author":"Milena Armando","twitter_card":"summary_large_image","twitter_misc":{"Escrito por":"Milena Armando","Est. tempo de leitura":"3 minutos"},"schema":{"@context":"https:\/\/schema.org","@graph":[{"@type":"WebPage","@id":"https:\/\/crusoe.audiencelabs.com.br\/bebe-recebeu-o-nome-mais-raro-ja-registrado-em-toda-a-historia-do-brasil\/","url":"https:\/\/crusoe.audiencelabs.com.br\/bebe-recebeu-o-nome-mais-raro-ja-registrado-em-toda-a-historia-do-brasil\/","name":"Beb\u00ea recebeu o nome mais raro j\u00e1 registrado em toda a hist\u00f3ria do Brasil","isPartOf":{"@id":"https:\/\/crusoe.audiencelabs.com.br\/#website"},"primaryImageOfPage":{"@id":"https:\/\/crusoe.audiencelabs.com.br\/bebe-recebeu-o-nome-mais-raro-ja-registrado-em-toda-a-historia-do-brasil\/#primaryimage"},"image":{"@id":"https:\/\/crusoe.audiencelabs.com.br\/bebe-recebeu-o-nome-mais-raro-ja-registrado-em-toda-a-historia-do-brasil\/#primaryimage"},"thumbnailUrl":"https:\/\/cdn.crusoe.com.br\/uploads\/2025\/08\/pexels-mdmmikle-6902344-scaled.jpg","datePublished":"2025-08-16T11:00:00+00:00","author":{"@id":"https:\/\/crusoe.audiencelabs.com.br\/#\/schema\/person\/f87f73cfe89e5360de2c006bd4bd6a74"},"breadcrumb":{"@id":"https:\/\/crusoe.audiencelabs.com.br\/bebe-recebeu-o-nome-mais-raro-ja-registrado-em-toda-a-historia-do-brasil\/#breadcrumb"},"inLanguage":"pt-BR","potentialAction":[{"@type":"ReadAction","target":["https:\/\/crusoe.audiencelabs.com.br\/bebe-recebeu-o-nome-mais-raro-ja-registrado-em-toda-a-historia-do-brasil\/"]}]},{"@type":"ImageObject","inLanguage":"pt-BR","@id":"https:\/\/crusoe.audiencelabs.com.br\/bebe-recebeu-o-nome-mais-raro-ja-registrado-em-toda-a-historia-do-brasil\/#primaryimage","url":"https:\/\/cdn.crusoe.com.br\/uploads\/2025\/08\/pexels-mdmmikle-6902344-scaled.jpg","contentUrl":"https:\/\/cdn.crusoe.com.br\/uploads\/2025\/08\/pexels-mdmmikle-6902344-scaled.jpg","width":2560,"height":1707,"caption":"Foto: Mikhail Maslov\/Pexels"},{"@type":"BreadcrumbList","@id":"https:\/\/crusoe.audiencelabs.com.br\/bebe-recebeu-o-nome-mais-raro-ja-registrado-em-toda-a-historia-do-brasil\/#breadcrumb","itemListElement":[{"@type":"ListItem","position":1,"name":"Home","item":"https:\/\/crusoe.audiencelabs.com.br\/"},{"@type":"ListItem","position":2,"name":"Beb\u00ea recebeu o nome mais raro j\u00e1 registrado em toda a hist\u00f3ria do Brasil"}]},{"@type":"WebSite","@id":"https:\/\/crusoe.audiencelabs.com.br\/#website","url":"https:\/\/crusoe.audiencelabs.com.br\/","name":"Variedades - Cruso\u00e9","description":"","potentialAction":[{"@type":"SearchAction","target":{"@type":"EntryPoint","urlTemplate":"https:\/\/crusoe.audiencelabs.com.br\/?s={search_term_string}"},"query-input":{"@type":"PropertyValueSpecification","valueRequired":true,"valueName":"search_term_string"}}],"inLanguage":"pt-BR"},{"@type":"Person","@id":"https:\/\/crusoe.audiencelabs.com.br\/#\/schema\/person\/f87f73cfe89e5360de2c006bd4bd6a74","name":"Milena Armando","image":{"@type":"ImageObject","inLanguage":"pt-BR","@id":"https:\/\/crusoe.audiencelabs.com.br\/#\/schema\/person\/image\/","url":"https:\/\/secure.gravatar.com\/avatar\/ea14ecddc9e9d202b698b18f9f69e09c9fd74cfbed5c6008d55f11faefdbdab7?s=96&d=mm&r=g","contentUrl":"https:\/\/secure.gravatar.com\/avatar\/ea14ecddc9e9d202b698b18f9f69e09c9fd74cfbed5c6008d55f11faefdbdab7?s=96&d=mm&r=g","caption":"Milena Armando"},"description":"Jornalista, redatora e revisora.","url":"https:\/\/crusoe.audiencelabs.com.br\/author\/milena\/"}]}},"_links":{"self":[{"href":"https:\/\/crusoe.audiencelabs.com.br\/wp-json\/wp\/v2\/posts\/9431","targetHints":{"allow":["GET"]}}],"collection":[{"href":"https:\/\/crusoe.audiencelabs.com.br\/wp-json\/wp\/v2\/posts"}],"about":[{"href":"https:\/\/crusoe.audiencelabs.com.br\/wp-json\/wp\/v2\/types\/post"}],"author":[{"embeddable":true,"href":"https:\/\/crusoe.audiencelabs.com.br\/wp-json\/wp\/v2\/users\/5"}],"replies":[{"embeddable":true,"href":"https:\/\/crusoe.audiencelabs.com.br\/wp-json\/wp\/v2\/comments?post=9431"}],"version-history":[{"count":1,"href":"https:\/\/crusoe.audiencelabs.com.br\/wp-json\/wp\/v2\/posts\/9431\/revisions"}],"predecessor-version":[{"id":9436,"href":"https:\/\/crusoe.audiencelabs.com.br\/wp-json\/wp\/v2\/posts\/9431\/revisions\/9436"}],"wp:featuredmedia":[{"embeddable":true,"href":"https:\/\/crusoe.audiencelabs.com.br\/wp-json\/wp\/v2\/media\/9432"}],"wp:attachment":[{"href":"https:\/\/crusoe.audiencelabs.com.br\/wp-json\/wp\/v2\/media?parent=9431"}],"wp:term":[{"taxonomy":"category","embeddable":true,"href":"https:\/\/crusoe.audiencelabs.com.br\/wp-json\/wp\/v2\/categories?post=9431"},{"taxonomy":"post_tag","embeddable":true,"href":"https:\/\/crusoe.audiencelabs.com.br\/wp-json\/wp\/v2\/tags?post=9431"}],"curies":[{"name":"wp","href":"https:\/\/api.w.org\/{rel}","templated":true}]}}