{"id":9333,"date":"2025-08-16T06:30:00","date_gmt":"2025-08-16T09:30:00","guid":{"rendered":"https:\/\/crusoe.com.br\/variedades\/?p=9333"},"modified":"2025-08-11T11:34:03","modified_gmt":"2025-08-11T14:34:03","slug":"saiba-por-que-voce-fala-dormindo-e-como-interromper-esse-habito","status":"publish","type":"post","link":"https:\/\/crusoe.audiencelabs.com.br\/saiba-por-que-voce-fala-dormindo-e-como-interromper-esse-habito\/","title":{"rendered":"Saiba por que voc\u00ea fala dormindo e como interromper esse h\u00e1bito"},"content":{"rendered":"\n<p>Embora pare\u00e7a algo incomum, a <strong>sonil\u00f3quia ou soniloquismo<\/strong>, que envolve o h\u00e1bito de falar durante o sono, \u00e9 um transtorno considerado normal em muitos casos, que afeta uma grande quantidade de pessoas.<\/p>\n\n\n\n<p>Inclusive, de acordo com um estudo publicado no peri\u00f3dico <em>Sleep Medicine<\/em>, estima-se que mais de dois ter\u00e7os das pessoas ir\u00e3o falar dormindo durante a vida, mas por se tratar de uma ocorr\u00eancia geralmente inofensiva, n\u00e3o h\u00e1 um alerta imediato para preocupa\u00e7\u00e3o.<\/p>\n\n\n\n<p>N\u00e3o existe uma causa exata que justifique esta atitude, mas h\u00e1 fatores que podem n\u00e3o s\u00f3 influenciar seu surgimento como tamb\u00e9m intensificar seus efeitos.<\/p>\n\n\n\n<p>E vale destacar que, se a fala durante o sono for <strong>muito frequente, perturbadora ou acompanhada de outros sintomas<\/strong>, como sonambulismo ou pesadelos recorrentes, \u00e9 essencial interromper este h\u00e1bito.<\/p>\n\n\n\n<p>Para isso, \u00e9 poss\u00edvel adotar medidas simples que podem ajudar a resolver o problema de forma gradual ou imediata, tais como:<\/p>\n\n\n\n<ul class=\"wp-block-list\">\n<li><strong>Praticar a higiene do sono:<\/strong> estabelecer uma rotina regular pode ajudar a reduzir a sonil\u00f3quia;<\/li>\n\n\n\n<li><strong>Evitar \u00e1lcool, refei\u00e7\u00f5es pesadas e cafe\u00edna antes de dormir:<\/strong> estas subst\u00e2ncias podem prejudicar o descanso e aumentar a ocorr\u00eancia de fala durante o sono;<\/li>\n\n\n\n<li><strong>Controlar o estresse:<\/strong> pr\u00e1ticas como medita\u00e7\u00e3o e yoga podem aliviar a tens\u00e3o do dia a dia, e garantir um sono mais tranquilo;<\/li>\n\n\n\n<li><strong>Consultar um especialista em sono: <\/strong>caso a sonil\u00f3quia se torne muito frequente, este tipo de profissional pode ajudar a identificar a causa e recomendar tratamentos.<\/li>\n<\/ul>\n\n\n\n<h2 class=\"wp-block-heading\">Principais causas da sonil\u00f3quia<\/h2>\n\n\n\n<p>Conforme mencionado anteriormente, especialistas ainda n\u00e3o conseguiram determinar um motivo espec\u00edfico para definir porque muitas pessoas falam dormindo. No entanto, dentre os principais fatores, destacam-se:<\/p>\n\n\n\n<ul class=\"wp-block-list\">\n<li>Predisposi\u00e7\u00e3o gen\u00e9tica;<\/li>\n\n\n\n<li>Priva\u00e7\u00e3o de sono;<\/li>\n\n\n\n<li>Estresse e ansiedade;<\/li>\n\n\n\n<li>Febre;<\/li>\n\n\n\n<li>Consumo de subst\u00e2ncias, como \u00e1lcool e drogas.<\/li>\n<\/ul>\n\n\n\n<p>Al\u00e9m disso, a sonil\u00f3quia tamb\u00e9m pode ocorrer em conjunto com outros dist\u00farbios do sono, como sonambulismo e bruxismo.\u00a0Mas em casos como estes, tratamento m\u00e9dico pode ser fundamental.<\/p>\n","protected":false},"excerpt":{"rendered":"<p>Embora pare\u00e7a algo incomum, a sonil\u00f3quia ou soniloquismo, que envolve o h\u00e1bito de falar durante o sono, \u00e9 um transtorno considerado normal em muitos casos, que afeta uma grande quantidade de pessoas. Inclusive, de acordo com um estudo publicado no peri\u00f3dico Sleep Medicine, estima-se que mais de dois ter\u00e7os das pessoas ir\u00e3o falar dormindo durante [&hellip;]<\/p>\n","protected":false},"author":7,"featured_media":9334,"comment_status":"open","ping_status":"open","sticky":false,"template":"","format":"standard","meta":{"jnews-multi-image_gallery":[],"jnews_single_post":{"format":"standard"},"jnews_primary_category":[],"jnews_override_counter":[],"jnews_post_split":[],"footnotes":""},"categories":[1],"tags":[],"class_list":["post-9333","post","type-post","status-publish","format-standard","has-post-thumbnail","hentry","category-geral"],"yoast_head":"<!-- This site is optimized with the Yoast SEO plugin v25.0 - https:\/\/yoast.com\/wordpress\/plugins\/seo\/ -->\n<title>Saiba por que voc\u00ea fala dormindo e como interromper esse h\u00e1bito<\/title>\n<meta name=\"robots\" content=\"index, follow, max-snippet:-1, max-image-preview:large, max-video-preview:-1\" \/>\n<link rel=\"canonical\" href=\"https:\/\/crusoe.audiencelabs.com.br\/saiba-por-que-voce-fala-dormindo-e-como-interromper-esse-habito\/\" \/>\n<meta property=\"og:locale\" content=\"pt_BR\" \/>\n<meta property=\"og:type\" content=\"article\" \/>\n<meta property=\"og:title\" content=\"Saiba por que voc\u00ea fala dormindo e como interromper esse h\u00e1bito\" \/>\n<meta property=\"og:description\" content=\"Embora pare\u00e7a algo incomum, a sonil\u00f3quia ou soniloquismo, que envolve o h\u00e1bito de falar durante o sono, \u00e9 um transtorno considerado normal em muitos casos, que afeta uma grande quantidade de pessoas. Inclusive, de acordo com um estudo publicado no peri\u00f3dico Sleep Medicine, estima-se que mais de dois ter\u00e7os das pessoas ir\u00e3o falar dormindo durante [&hellip;]\" \/>\n<meta property=\"og:url\" content=\"https:\/\/crusoe.audiencelabs.com.br\/saiba-por-que-voce-fala-dormindo-e-como-interromper-esse-habito\/\" \/>\n<meta property=\"og:site_name\" content=\"Variedades - Cruso\u00e9\" \/>\n<meta property=\"article:published_time\" content=\"2025-08-16T09:30:00+00:00\" \/>\n<meta property=\"og:image\" content=\"https:\/\/cdn.crusoe.com.br\/uploads\/2025\/08\/fala-dormindo-como-interromper-habito.jpg\" \/>\n\t<meta property=\"og:image:width\" content=\"1500\" \/>\n\t<meta property=\"og:image:height\" content=\"844\" \/>\n\t<meta property=\"og:image:type\" content=\"image\/jpeg\" \/>\n<meta name=\"author\" content=\"Jo\u00e3o Carlos Gomes\" \/>\n<meta name=\"twitter:card\" content=\"summary_large_image\" \/>\n<meta name=\"twitter:label1\" content=\"Escrito por\" \/>\n\t<meta name=\"twitter:data1\" content=\"Jo\u00e3o Carlos Gomes\" \/>\n\t<meta name=\"twitter:label2\" content=\"Est. tempo de leitura\" \/>\n\t<meta name=\"twitter:data2\" content=\"2 minutos\" \/>\n<script type=\"application\/ld+json\" class=\"yoast-schema-graph\">{\"@context\":\"https:\/\/schema.org\",\"@graph\":[{\"@type\":\"WebPage\",\"@id\":\"https:\/\/crusoe.audiencelabs.com.br\/saiba-por-que-voce-fala-dormindo-e-como-interromper-esse-habito\/\",\"url\":\"https:\/\/crusoe.audiencelabs.com.br\/saiba-por-que-voce-fala-dormindo-e-como-interromper-esse-habito\/\",\"name\":\"Saiba por que voc\u00ea fala dormindo e como interromper esse h\u00e1bito\",\"isPartOf\":{\"@id\":\"https:\/\/crusoe.audiencelabs.com.br\/#website\"},\"primaryImageOfPage\":{\"@id\":\"https:\/\/crusoe.audiencelabs.com.br\/saiba-por-que-voce-fala-dormindo-e-como-interromper-esse-habito\/#primaryimage\"},\"image\":{\"@id\":\"https:\/\/crusoe.audiencelabs.com.br\/saiba-por-que-voce-fala-dormindo-e-como-interromper-esse-habito\/#primaryimage\"},\"thumbnailUrl\":\"https:\/\/cdn.crusoe.com.br\/uploads\/2025\/08\/fala-dormindo-como-interromper-habito.jpg\",\"datePublished\":\"2025-08-16T09:30:00+00:00\",\"author\":{\"@id\":\"https:\/\/crusoe.audiencelabs.com.br\/#\/schema\/person\/4a23399b23149df2eab6637fd2fd2bfc\"},\"breadcrumb\":{\"@id\":\"https:\/\/crusoe.audiencelabs.com.br\/saiba-por-que-voce-fala-dormindo-e-como-interromper-esse-habito\/#breadcrumb\"},\"inLanguage\":\"pt-BR\",\"potentialAction\":[{\"@type\":\"ReadAction\",\"target\":[\"https:\/\/crusoe.audiencelabs.com.br\/saiba-por-que-voce-fala-dormindo-e-como-interromper-esse-habito\/\"]}]},{\"@type\":\"ImageObject\",\"inLanguage\":\"pt-BR\",\"@id\":\"https:\/\/crusoe.audiencelabs.com.br\/saiba-por-que-voce-fala-dormindo-e-como-interromper-esse-habito\/#primaryimage\",\"url\":\"https:\/\/cdn.crusoe.com.br\/uploads\/2025\/08\/fala-dormindo-como-interromper-habito.jpg\",\"contentUrl\":\"https:\/\/cdn.crusoe.com.br\/uploads\/2025\/08\/fala-dormindo-como-interromper-habito.jpg\",\"width\":1500,\"height\":844,\"caption\":\"Foto: Freepik\"},{\"@type\":\"BreadcrumbList\",\"@id\":\"https:\/\/crusoe.audiencelabs.com.br\/saiba-por-que-voce-fala-dormindo-e-como-interromper-esse-habito\/#breadcrumb\",\"itemListElement\":[{\"@type\":\"ListItem\",\"position\":1,\"name\":\"Home\",\"item\":\"https:\/\/crusoe.audiencelabs.com.br\/\"},{\"@type\":\"ListItem\",\"position\":2,\"name\":\"Saiba por que voc\u00ea fala dormindo e como interromper esse h\u00e1bito\"}]},{\"@type\":\"WebSite\",\"@id\":\"https:\/\/crusoe.audiencelabs.com.br\/#website\",\"url\":\"https:\/\/crusoe.audiencelabs.com.br\/\",\"name\":\"Variedades - Cruso\u00e9\",\"description\":\"\",\"potentialAction\":[{\"@type\":\"SearchAction\",\"target\":{\"@type\":\"EntryPoint\",\"urlTemplate\":\"https:\/\/crusoe.audiencelabs.com.br\/?s={search_term_string}\"},\"query-input\":{\"@type\":\"PropertyValueSpecification\",\"valueRequired\":true,\"valueName\":\"search_term_string\"}}],\"inLanguage\":\"pt-BR\"},{\"@type\":\"Person\",\"@id\":\"https:\/\/crusoe.audiencelabs.com.br\/#\/schema\/person\/4a23399b23149df2eab6637fd2fd2bfc\",\"name\":\"Jo\u00e3o Carlos Gomes\",\"image\":{\"@type\":\"ImageObject\",\"inLanguage\":\"pt-BR\",\"@id\":\"https:\/\/crusoe.audiencelabs.com.br\/#\/schema\/person\/image\/\",\"url\":\"https:\/\/secure.gravatar.com\/avatar\/4ce4672dbdd694b329cd6fdb51bee7d1409be1f0ff76a537e4c4a737b2c7d1a9?s=96&d=mm&r=g\",\"contentUrl\":\"https:\/\/secure.gravatar.com\/avatar\/4ce4672dbdd694b329cd6fdb51bee7d1409be1f0ff76a537e4c4a737b2c7d1a9?s=96&d=mm&r=g\",\"caption\":\"Jo\u00e3o Carlos Gomes\"},\"description\":\"Jornalista, criador de conte\u00fado e m\u00fasico independente nas horas vagas.\",\"url\":\"https:\/\/crusoe.audiencelabs.com.br\/author\/joaoc-junior66\/\"}]}<\/script>\n<!-- \/ Yoast SEO plugin. -->","yoast_head_json":{"title":"Saiba por que voc\u00ea fala dormindo e como interromper esse h\u00e1bito","robots":{"index":"index","follow":"follow","max-snippet":"max-snippet:-1","max-image-preview":"max-image-preview:large","max-video-preview":"max-video-preview:-1"},"canonical":"https:\/\/crusoe.audiencelabs.com.br\/saiba-por-que-voce-fala-dormindo-e-como-interromper-esse-habito\/","og_locale":"pt_BR","og_type":"article","og_title":"Saiba por que voc\u00ea fala dormindo e como interromper esse h\u00e1bito","og_description":"Embora pare\u00e7a algo incomum, a sonil\u00f3quia ou soniloquismo, que envolve o h\u00e1bito de falar durante o sono, \u00e9 um transtorno considerado normal em muitos casos, que afeta uma grande quantidade de pessoas. Inclusive, de acordo com um estudo publicado no peri\u00f3dico Sleep Medicine, estima-se que mais de dois ter\u00e7os das pessoas ir\u00e3o falar dormindo durante [&hellip;]","og_url":"https:\/\/crusoe.audiencelabs.com.br\/saiba-por-que-voce-fala-dormindo-e-como-interromper-esse-habito\/","og_site_name":"Variedades - Cruso\u00e9","article_published_time":"2025-08-16T09:30:00+00:00","og_image":[{"width":1500,"height":844,"url":"https:\/\/cdn.crusoe.com.br\/uploads\/2025\/08\/fala-dormindo-como-interromper-habito.jpg","type":"image\/jpeg"}],"author":"Jo\u00e3o Carlos Gomes","twitter_card":"summary_large_image","twitter_misc":{"Escrito por":"Jo\u00e3o Carlos Gomes","Est. tempo de leitura":"2 minutos"},"schema":{"@context":"https:\/\/schema.org","@graph":[{"@type":"WebPage","@id":"https:\/\/crusoe.audiencelabs.com.br\/saiba-por-que-voce-fala-dormindo-e-como-interromper-esse-habito\/","url":"https:\/\/crusoe.audiencelabs.com.br\/saiba-por-que-voce-fala-dormindo-e-como-interromper-esse-habito\/","name":"Saiba por que voc\u00ea fala dormindo e como interromper esse h\u00e1bito","isPartOf":{"@id":"https:\/\/crusoe.audiencelabs.com.br\/#website"},"primaryImageOfPage":{"@id":"https:\/\/crusoe.audiencelabs.com.br\/saiba-por-que-voce-fala-dormindo-e-como-interromper-esse-habito\/#primaryimage"},"image":{"@id":"https:\/\/crusoe.audiencelabs.com.br\/saiba-por-que-voce-fala-dormindo-e-como-interromper-esse-habito\/#primaryimage"},"thumbnailUrl":"https:\/\/cdn.crusoe.com.br\/uploads\/2025\/08\/fala-dormindo-como-interromper-habito.jpg","datePublished":"2025-08-16T09:30:00+00:00","author":{"@id":"https:\/\/crusoe.audiencelabs.com.br\/#\/schema\/person\/4a23399b23149df2eab6637fd2fd2bfc"},"breadcrumb":{"@id":"https:\/\/crusoe.audiencelabs.com.br\/saiba-por-que-voce-fala-dormindo-e-como-interromper-esse-habito\/#breadcrumb"},"inLanguage":"pt-BR","potentialAction":[{"@type":"ReadAction","target":["https:\/\/crusoe.audiencelabs.com.br\/saiba-por-que-voce-fala-dormindo-e-como-interromper-esse-habito\/"]}]},{"@type":"ImageObject","inLanguage":"pt-BR","@id":"https:\/\/crusoe.audiencelabs.com.br\/saiba-por-que-voce-fala-dormindo-e-como-interromper-esse-habito\/#primaryimage","url":"https:\/\/cdn.crusoe.com.br\/uploads\/2025\/08\/fala-dormindo-como-interromper-habito.jpg","contentUrl":"https:\/\/cdn.crusoe.com.br\/uploads\/2025\/08\/fala-dormindo-como-interromper-habito.jpg","width":1500,"height":844,"caption":"Foto: Freepik"},{"@type":"BreadcrumbList","@id":"https:\/\/crusoe.audiencelabs.com.br\/saiba-por-que-voce-fala-dormindo-e-como-interromper-esse-habito\/#breadcrumb","itemListElement":[{"@type":"ListItem","position":1,"name":"Home","item":"https:\/\/crusoe.audiencelabs.com.br\/"},{"@type":"ListItem","position":2,"name":"Saiba por que voc\u00ea fala dormindo e como interromper esse h\u00e1bito"}]},{"@type":"WebSite","@id":"https:\/\/crusoe.audiencelabs.com.br\/#website","url":"https:\/\/crusoe.audiencelabs.com.br\/","name":"Variedades - Cruso\u00e9","description":"","potentialAction":[{"@type":"SearchAction","target":{"@type":"EntryPoint","urlTemplate":"https:\/\/crusoe.audiencelabs.com.br\/?s={search_term_string}"},"query-input":{"@type":"PropertyValueSpecification","valueRequired":true,"valueName":"search_term_string"}}],"inLanguage":"pt-BR"},{"@type":"Person","@id":"https:\/\/crusoe.audiencelabs.com.br\/#\/schema\/person\/4a23399b23149df2eab6637fd2fd2bfc","name":"Jo\u00e3o Carlos Gomes","image":{"@type":"ImageObject","inLanguage":"pt-BR","@id":"https:\/\/crusoe.audiencelabs.com.br\/#\/schema\/person\/image\/","url":"https:\/\/secure.gravatar.com\/avatar\/4ce4672dbdd694b329cd6fdb51bee7d1409be1f0ff76a537e4c4a737b2c7d1a9?s=96&d=mm&r=g","contentUrl":"https:\/\/secure.gravatar.com\/avatar\/4ce4672dbdd694b329cd6fdb51bee7d1409be1f0ff76a537e4c4a737b2c7d1a9?s=96&d=mm&r=g","caption":"Jo\u00e3o Carlos Gomes"},"description":"Jornalista, criador de conte\u00fado e m\u00fasico independente nas horas vagas.","url":"https:\/\/crusoe.audiencelabs.com.br\/author\/joaoc-junior66\/"}]}},"_links":{"self":[{"href":"https:\/\/crusoe.audiencelabs.com.br\/wp-json\/wp\/v2\/posts\/9333","targetHints":{"allow":["GET"]}}],"collection":[{"href":"https:\/\/crusoe.audiencelabs.com.br\/wp-json\/wp\/v2\/posts"}],"about":[{"href":"https:\/\/crusoe.audiencelabs.com.br\/wp-json\/wp\/v2\/types\/post"}],"author":[{"embeddable":true,"href":"https:\/\/crusoe.audiencelabs.com.br\/wp-json\/wp\/v2\/users\/7"}],"replies":[{"embeddable":true,"href":"https:\/\/crusoe.audiencelabs.com.br\/wp-json\/wp\/v2\/comments?post=9333"}],"version-history":[{"count":1,"href":"https:\/\/crusoe.audiencelabs.com.br\/wp-json\/wp\/v2\/posts\/9333\/revisions"}],"predecessor-version":[{"id":9353,"href":"https:\/\/crusoe.audiencelabs.com.br\/wp-json\/wp\/v2\/posts\/9333\/revisions\/9353"}],"wp:featuredmedia":[{"embeddable":true,"href":"https:\/\/crusoe.audiencelabs.com.br\/wp-json\/wp\/v2\/media\/9334"}],"wp:attachment":[{"href":"https:\/\/crusoe.audiencelabs.com.br\/wp-json\/wp\/v2\/media?parent=9333"}],"wp:term":[{"taxonomy":"category","embeddable":true,"href":"https:\/\/crusoe.audiencelabs.com.br\/wp-json\/wp\/v2\/categories?post=9333"},{"taxonomy":"post_tag","embeddable":true,"href":"https:\/\/crusoe.audiencelabs.com.br\/wp-json\/wp\/v2\/tags?post=9333"}],"curies":[{"name":"wp","href":"https:\/\/api.w.org\/{rel}","templated":true}]}}