{"id":897,"date":"2025-05-22T15:26:55","date_gmt":"2025-05-22T18:26:55","guid":{"rendered":"https:\/\/crusoe.com.br\/variedades\/?p=897"},"modified":"2025-05-22T15:27:02","modified_gmt":"2025-05-22T18:27:02","slug":"reeleicao-para-presidente-pode-virar-coisa-do-passado-no-brasil","status":"publish","type":"post","link":"https:\/\/crusoe.audiencelabs.com.br\/reeleicao-para-presidente-pode-virar-coisa-do-passado-no-brasil\/","title":{"rendered":"Reelei\u00e7\u00e3o para presidente pode virar coisa do passado no Brasil"},"content":{"rendered":"\n<p>Por conta de uma PEC que deve entrar em vota\u00e7\u00e3o na pr\u00f3xima semana no Senado, candidatos a cargos executivos, incluindo o de presidente da Rep\u00fablica, n\u00e3o poder\u00e3o mais se reeleger.<\/p>\n\n\n\n<p>Embora a data ainda n\u00e3o tenha sido definida, o presidente do Senado, Davi Alcolumbre (Uni\u00e3o Brasil-AP), afirmou que, embora ainda queira conversar com os l\u00edderes partid\u00e1rios, todos devem concordar com a ideia.<\/p>\n\n\n\n<p>O texto, que foi aprovado pela Comiss\u00e3o de Constitui\u00e7\u00e3o e Justica (CCJ) do Senado nesta quarta-feira (21), prop\u00f5e fixar o tempo de mandato para todas as fun\u00e7\u00f5es eletivas em 5 anos.<\/p>\n\n\n\n<p>Al\u00e9m disso, a PEC tamb\u00e9m visa reduzir os mandatos de senadores para 5 anos a partir de 2034, bem como unificar a data das elei\u00e7\u00f5es municipais e gerais no mesmo ano.<\/p>\n\n\n\n<p>Para que ela seja aprovada no plen\u00e1rio principal, ser\u00e3o necess\u00e1rios pelo menso 49 votos favor\u00e1veis em dois turnos de vota\u00e7\u00e3o. Depois disso, a PEC ser\u00e1 enviada para an\u00e1lise na C\u00e2mara.<\/p>\n\n\n\n<h2 class=\"wp-block-heading\">O que diz a PEC que pode dar fim \u00e0 reelei\u00e7\u00e3o?<\/h2>\n\n\n\n<p>Conforme citado anteriormente, o foco da PEC causar\u00e1 mudan\u00e7as no poder executivo, afetando principalmente prefeitos, governadores e presidentes. Confira as altera\u00e7\u00f5es (via G1):<\/p>\n\n\n\n<ul class=\"wp-block-list\">\n<li><strong>Prefeitos:<\/strong> poder\u00e3o se candidatar \u00e0 reelei\u00e7\u00e3o pela \u00faltima vez em 2028, desde que tenham sido eleitos para um primeiro mandato em 2024. A partir de 2028, a reelei\u00e7\u00e3o n\u00e3o ser\u00e1 mais permitida para novos eleitos.<\/li>\n\n\n\n<li><strong>Governadores:<\/strong> poder\u00e3o se candidatar \u00e0 reelei\u00e7\u00e3o pela \u00faltima vez em 2030, desde que sejam eleitos para um primeiro mandato em 2026. De 2030 em diante, n\u00e3o haver\u00e1 recondu\u00e7\u00e3o para novos eleitos.<\/li>\n\n\n\n<li><strong>Presidente da Rep\u00fablica:<\/strong> tamb\u00e9m poder\u00e1 se candidatar \u00e0 reelei\u00e7\u00e3o pela \u00faltima vez em 2030, desde que seja eleito para um primeiro mandato em 2026. De 2030 para frente, novos eleitos n\u00e3o poder\u00e3o mais se reeleger.<\/li>\n<\/ul>\n\n\n\n<p>Quanto aos <strong>vereadores, deputados e senadores<\/strong>, n\u00e3o foi definida nenhuma restri\u00e7\u00e3o para reelei\u00e7\u00e3o.<\/p>\n","protected":false},"excerpt":{"rendered":"<p>Por conta de uma PEC que deve entrar em vota\u00e7\u00e3o na pr\u00f3xima semana no Senado, candidatos a cargos executivos, incluindo o de presidente da Rep\u00fablica, n\u00e3o poder\u00e3o mais se reeleger. Embora a data ainda n\u00e3o tenha sido definida, o presidente do Senado, Davi Alcolumbre (Uni\u00e3o Brasil-AP), afirmou que, embora ainda queira conversar com os l\u00edderes [&hellip;]<\/p>\n","protected":false},"author":7,"featured_media":898,"comment_status":"open","ping_status":"open","sticky":false,"template":"","format":"standard","meta":{"jnews-multi-image_gallery":[],"jnews_single_post":{"format":"standard"},"jnews_primary_category":[],"jnews_override_counter":[],"jnews_post_split":[],"footnotes":""},"categories":[1],"tags":[],"class_list":["post-897","post","type-post","status-publish","format-standard","has-post-thumbnail","hentry","category-geral"],"yoast_head":"<!-- This site is optimized with the Yoast SEO plugin v25.0 - https:\/\/yoast.com\/wordpress\/plugins\/seo\/ -->\n<title>Reelei\u00e7\u00e3o para presidente pode virar coisa do passado no Brasil<\/title>\n<meta name=\"robots\" content=\"index, follow, max-snippet:-1, max-image-preview:large, max-video-preview:-1\" \/>\n<link rel=\"canonical\" href=\"https:\/\/crusoe.audiencelabs.com.br\/reeleicao-para-presidente-pode-virar-coisa-do-passado-no-brasil\/\" \/>\n<meta property=\"og:locale\" content=\"pt_BR\" \/>\n<meta property=\"og:type\" content=\"article\" \/>\n<meta property=\"og:title\" content=\"Reelei\u00e7\u00e3o para presidente pode virar coisa do passado no Brasil\" \/>\n<meta property=\"og:description\" content=\"Por conta de uma PEC que deve entrar em vota\u00e7\u00e3o na pr\u00f3xima semana no Senado, candidatos a cargos executivos, incluindo o de presidente da Rep\u00fablica, n\u00e3o poder\u00e3o mais se reeleger. Embora a data ainda n\u00e3o tenha sido definida, o presidente do Senado, Davi Alcolumbre (Uni\u00e3o Brasil-AP), afirmou que, embora ainda queira conversar com os l\u00edderes [&hellip;]\" \/>\n<meta property=\"og:url\" content=\"https:\/\/crusoe.audiencelabs.com.br\/reeleicao-para-presidente-pode-virar-coisa-do-passado-no-brasil\/\" \/>\n<meta property=\"og:site_name\" content=\"Variedades - Cruso\u00e9\" \/>\n<meta property=\"article:published_time\" content=\"2025-05-22T18:26:55+00:00\" \/>\n<meta property=\"article:modified_time\" content=\"2025-05-22T18:27:02+00:00\" \/>\n<meta property=\"og:image\" content=\"https:\/\/cdn.crusoe.com.br\/uploads\/2025\/05\/reeleicao-presidente.webp\" \/>\n\t<meta property=\"og:image:width\" content=\"1280\" \/>\n\t<meta property=\"og:image:height\" content=\"720\" \/>\n\t<meta property=\"og:image:type\" content=\"image\/webp\" \/>\n<meta name=\"author\" content=\"Jo\u00e3o Carlos Gomes\" \/>\n<meta name=\"twitter:card\" content=\"summary_large_image\" \/>\n<meta name=\"twitter:label1\" content=\"Escrito por\" \/>\n\t<meta name=\"twitter:data1\" content=\"Jo\u00e3o Carlos Gomes\" \/>\n\t<meta name=\"twitter:label2\" content=\"Est. tempo de leitura\" \/>\n\t<meta name=\"twitter:data2\" content=\"2 minutos\" \/>\n<script type=\"application\/ld+json\" class=\"yoast-schema-graph\">{\"@context\":\"https:\/\/schema.org\",\"@graph\":[{\"@type\":\"WebPage\",\"@id\":\"https:\/\/crusoe.audiencelabs.com.br\/reeleicao-para-presidente-pode-virar-coisa-do-passado-no-brasil\/\",\"url\":\"https:\/\/crusoe.audiencelabs.com.br\/reeleicao-para-presidente-pode-virar-coisa-do-passado-no-brasil\/\",\"name\":\"Reelei\u00e7\u00e3o para presidente pode virar coisa do passado no Brasil\",\"isPartOf\":{\"@id\":\"https:\/\/crusoe.audiencelabs.com.br\/#website\"},\"primaryImageOfPage\":{\"@id\":\"https:\/\/crusoe.audiencelabs.com.br\/reeleicao-para-presidente-pode-virar-coisa-do-passado-no-brasil\/#primaryimage\"},\"image\":{\"@id\":\"https:\/\/crusoe.audiencelabs.com.br\/reeleicao-para-presidente-pode-virar-coisa-do-passado-no-brasil\/#primaryimage\"},\"thumbnailUrl\":\"https:\/\/cdn.crusoe.com.br\/uploads\/2025\/05\/reeleicao-presidente.webp\",\"datePublished\":\"2025-05-22T18:26:55+00:00\",\"dateModified\":\"2025-05-22T18:27:02+00:00\",\"author\":{\"@id\":\"https:\/\/crusoe.audiencelabs.com.br\/#\/schema\/person\/4a23399b23149df2eab6637fd2fd2bfc\"},\"breadcrumb\":{\"@id\":\"https:\/\/crusoe.audiencelabs.com.br\/reeleicao-para-presidente-pode-virar-coisa-do-passado-no-brasil\/#breadcrumb\"},\"inLanguage\":\"pt-BR\",\"potentialAction\":[{\"@type\":\"ReadAction\",\"target\":[\"https:\/\/crusoe.audiencelabs.com.br\/reeleicao-para-presidente-pode-virar-coisa-do-passado-no-brasil\/\"]}]},{\"@type\":\"ImageObject\",\"inLanguage\":\"pt-BR\",\"@id\":\"https:\/\/crusoe.audiencelabs.com.br\/reeleicao-para-presidente-pode-virar-coisa-do-passado-no-brasil\/#primaryimage\",\"url\":\"https:\/\/cdn.crusoe.com.br\/uploads\/2025\/05\/reeleicao-presidente.webp\",\"contentUrl\":\"https:\/\/cdn.crusoe.com.br\/uploads\/2025\/05\/reeleicao-presidente.webp\",\"width\":1280,\"height\":720,\"caption\":\"Foto: Marcelo Camargo\/Ag\u00eancia Brasil\"},{\"@type\":\"BreadcrumbList\",\"@id\":\"https:\/\/crusoe.audiencelabs.com.br\/reeleicao-para-presidente-pode-virar-coisa-do-passado-no-brasil\/#breadcrumb\",\"itemListElement\":[{\"@type\":\"ListItem\",\"position\":1,\"name\":\"Home\",\"item\":\"https:\/\/crusoe.audiencelabs.com.br\/\"},{\"@type\":\"ListItem\",\"position\":2,\"name\":\"Reelei\u00e7\u00e3o para presidente pode virar coisa do passado no Brasil\"}]},{\"@type\":\"WebSite\",\"@id\":\"https:\/\/crusoe.audiencelabs.com.br\/#website\",\"url\":\"https:\/\/crusoe.audiencelabs.com.br\/\",\"name\":\"Variedades - Cruso\u00e9\",\"description\":\"\",\"potentialAction\":[{\"@type\":\"SearchAction\",\"target\":{\"@type\":\"EntryPoint\",\"urlTemplate\":\"https:\/\/crusoe.audiencelabs.com.br\/?s={search_term_string}\"},\"query-input\":{\"@type\":\"PropertyValueSpecification\",\"valueRequired\":true,\"valueName\":\"search_term_string\"}}],\"inLanguage\":\"pt-BR\"},{\"@type\":\"Person\",\"@id\":\"https:\/\/crusoe.audiencelabs.com.br\/#\/schema\/person\/4a23399b23149df2eab6637fd2fd2bfc\",\"name\":\"Jo\u00e3o Carlos Gomes\",\"image\":{\"@type\":\"ImageObject\",\"inLanguage\":\"pt-BR\",\"@id\":\"https:\/\/crusoe.audiencelabs.com.br\/#\/schema\/person\/image\/\",\"url\":\"https:\/\/secure.gravatar.com\/avatar\/4ce4672dbdd694b329cd6fdb51bee7d1409be1f0ff76a537e4c4a737b2c7d1a9?s=96&d=mm&r=g\",\"contentUrl\":\"https:\/\/secure.gravatar.com\/avatar\/4ce4672dbdd694b329cd6fdb51bee7d1409be1f0ff76a537e4c4a737b2c7d1a9?s=96&d=mm&r=g\",\"caption\":\"Jo\u00e3o Carlos Gomes\"},\"description\":\"Jornalista, criador de conte\u00fado e m\u00fasico independente nas horas vagas.\",\"url\":\"https:\/\/crusoe.audiencelabs.com.br\/author\/joaoc-junior66\/\"}]}<\/script>\n<!-- \/ Yoast SEO plugin. -->","yoast_head_json":{"title":"Reelei\u00e7\u00e3o para presidente pode virar coisa do passado no Brasil","robots":{"index":"index","follow":"follow","max-snippet":"max-snippet:-1","max-image-preview":"max-image-preview:large","max-video-preview":"max-video-preview:-1"},"canonical":"https:\/\/crusoe.audiencelabs.com.br\/reeleicao-para-presidente-pode-virar-coisa-do-passado-no-brasil\/","og_locale":"pt_BR","og_type":"article","og_title":"Reelei\u00e7\u00e3o para presidente pode virar coisa do passado no Brasil","og_description":"Por conta de uma PEC que deve entrar em vota\u00e7\u00e3o na pr\u00f3xima semana no Senado, candidatos a cargos executivos, incluindo o de presidente da Rep\u00fablica, n\u00e3o poder\u00e3o mais se reeleger. Embora a data ainda n\u00e3o tenha sido definida, o presidente do Senado, Davi Alcolumbre (Uni\u00e3o Brasil-AP), afirmou que, embora ainda queira conversar com os l\u00edderes [&hellip;]","og_url":"https:\/\/crusoe.audiencelabs.com.br\/reeleicao-para-presidente-pode-virar-coisa-do-passado-no-brasil\/","og_site_name":"Variedades - Cruso\u00e9","article_published_time":"2025-05-22T18:26:55+00:00","article_modified_time":"2025-05-22T18:27:02+00:00","og_image":[{"width":1280,"height":720,"url":"https:\/\/cdn.crusoe.com.br\/uploads\/2025\/05\/reeleicao-presidente.webp","type":"image\/webp"}],"author":"Jo\u00e3o Carlos Gomes","twitter_card":"summary_large_image","twitter_misc":{"Escrito por":"Jo\u00e3o Carlos Gomes","Est. tempo de leitura":"2 minutos"},"schema":{"@context":"https:\/\/schema.org","@graph":[{"@type":"WebPage","@id":"https:\/\/crusoe.audiencelabs.com.br\/reeleicao-para-presidente-pode-virar-coisa-do-passado-no-brasil\/","url":"https:\/\/crusoe.audiencelabs.com.br\/reeleicao-para-presidente-pode-virar-coisa-do-passado-no-brasil\/","name":"Reelei\u00e7\u00e3o para presidente pode virar coisa do passado no Brasil","isPartOf":{"@id":"https:\/\/crusoe.audiencelabs.com.br\/#website"},"primaryImageOfPage":{"@id":"https:\/\/crusoe.audiencelabs.com.br\/reeleicao-para-presidente-pode-virar-coisa-do-passado-no-brasil\/#primaryimage"},"image":{"@id":"https:\/\/crusoe.audiencelabs.com.br\/reeleicao-para-presidente-pode-virar-coisa-do-passado-no-brasil\/#primaryimage"},"thumbnailUrl":"https:\/\/cdn.crusoe.com.br\/uploads\/2025\/05\/reeleicao-presidente.webp","datePublished":"2025-05-22T18:26:55+00:00","dateModified":"2025-05-22T18:27:02+00:00","author":{"@id":"https:\/\/crusoe.audiencelabs.com.br\/#\/schema\/person\/4a23399b23149df2eab6637fd2fd2bfc"},"breadcrumb":{"@id":"https:\/\/crusoe.audiencelabs.com.br\/reeleicao-para-presidente-pode-virar-coisa-do-passado-no-brasil\/#breadcrumb"},"inLanguage":"pt-BR","potentialAction":[{"@type":"ReadAction","target":["https:\/\/crusoe.audiencelabs.com.br\/reeleicao-para-presidente-pode-virar-coisa-do-passado-no-brasil\/"]}]},{"@type":"ImageObject","inLanguage":"pt-BR","@id":"https:\/\/crusoe.audiencelabs.com.br\/reeleicao-para-presidente-pode-virar-coisa-do-passado-no-brasil\/#primaryimage","url":"https:\/\/cdn.crusoe.com.br\/uploads\/2025\/05\/reeleicao-presidente.webp","contentUrl":"https:\/\/cdn.crusoe.com.br\/uploads\/2025\/05\/reeleicao-presidente.webp","width":1280,"height":720,"caption":"Foto: Marcelo Camargo\/Ag\u00eancia Brasil"},{"@type":"BreadcrumbList","@id":"https:\/\/crusoe.audiencelabs.com.br\/reeleicao-para-presidente-pode-virar-coisa-do-passado-no-brasil\/#breadcrumb","itemListElement":[{"@type":"ListItem","position":1,"name":"Home","item":"https:\/\/crusoe.audiencelabs.com.br\/"},{"@type":"ListItem","position":2,"name":"Reelei\u00e7\u00e3o para presidente pode virar coisa do passado no Brasil"}]},{"@type":"WebSite","@id":"https:\/\/crusoe.audiencelabs.com.br\/#website","url":"https:\/\/crusoe.audiencelabs.com.br\/","name":"Variedades - Cruso\u00e9","description":"","potentialAction":[{"@type":"SearchAction","target":{"@type":"EntryPoint","urlTemplate":"https:\/\/crusoe.audiencelabs.com.br\/?s={search_term_string}"},"query-input":{"@type":"PropertyValueSpecification","valueRequired":true,"valueName":"search_term_string"}}],"inLanguage":"pt-BR"},{"@type":"Person","@id":"https:\/\/crusoe.audiencelabs.com.br\/#\/schema\/person\/4a23399b23149df2eab6637fd2fd2bfc","name":"Jo\u00e3o Carlos Gomes","image":{"@type":"ImageObject","inLanguage":"pt-BR","@id":"https:\/\/crusoe.audiencelabs.com.br\/#\/schema\/person\/image\/","url":"https:\/\/secure.gravatar.com\/avatar\/4ce4672dbdd694b329cd6fdb51bee7d1409be1f0ff76a537e4c4a737b2c7d1a9?s=96&d=mm&r=g","contentUrl":"https:\/\/secure.gravatar.com\/avatar\/4ce4672dbdd694b329cd6fdb51bee7d1409be1f0ff76a537e4c4a737b2c7d1a9?s=96&d=mm&r=g","caption":"Jo\u00e3o Carlos Gomes"},"description":"Jornalista, criador de conte\u00fado e m\u00fasico independente nas horas vagas.","url":"https:\/\/crusoe.audiencelabs.com.br\/author\/joaoc-junior66\/"}]}},"_links":{"self":[{"href":"https:\/\/crusoe.audiencelabs.com.br\/wp-json\/wp\/v2\/posts\/897","targetHints":{"allow":["GET"]}}],"collection":[{"href":"https:\/\/crusoe.audiencelabs.com.br\/wp-json\/wp\/v2\/posts"}],"about":[{"href":"https:\/\/crusoe.audiencelabs.com.br\/wp-json\/wp\/v2\/types\/post"}],"author":[{"embeddable":true,"href":"https:\/\/crusoe.audiencelabs.com.br\/wp-json\/wp\/v2\/users\/7"}],"replies":[{"embeddable":true,"href":"https:\/\/crusoe.audiencelabs.com.br\/wp-json\/wp\/v2\/comments?post=897"}],"version-history":[{"count":1,"href":"https:\/\/crusoe.audiencelabs.com.br\/wp-json\/wp\/v2\/posts\/897\/revisions"}],"predecessor-version":[{"id":899,"href":"https:\/\/crusoe.audiencelabs.com.br\/wp-json\/wp\/v2\/posts\/897\/revisions\/899"}],"wp:featuredmedia":[{"embeddable":true,"href":"https:\/\/crusoe.audiencelabs.com.br\/wp-json\/wp\/v2\/media\/898"}],"wp:attachment":[{"href":"https:\/\/crusoe.audiencelabs.com.br\/wp-json\/wp\/v2\/media?parent=897"}],"wp:term":[{"taxonomy":"category","embeddable":true,"href":"https:\/\/crusoe.audiencelabs.com.br\/wp-json\/wp\/v2\/categories?post=897"},{"taxonomy":"post_tag","embeddable":true,"href":"https:\/\/crusoe.audiencelabs.com.br\/wp-json\/wp\/v2\/tags?post=897"}],"curies":[{"name":"wp","href":"https:\/\/api.w.org\/{rel}","templated":true}]}}