{"id":8773,"date":"2025-08-07T09:30:00","date_gmt":"2025-08-07T12:30:00","guid":{"rendered":"https:\/\/crusoe.com.br\/variedades\/?p=8773"},"modified":"2025-08-06T17:19:02","modified_gmt":"2025-08-06T20:19:02","slug":"erros-comuns-ao-usar-protetor-solar-que-podem-comprometer-sua-protecao","status":"publish","type":"post","link":"https:\/\/crusoe.audiencelabs.com.br\/erros-comuns-ao-usar-protetor-solar-que-podem-comprometer-sua-protecao\/","title":{"rendered":"Erros comuns ao usar protetor solar que podem comprometer sua prote\u00e7\u00e3o"},"content":{"rendered":"\n<p>Sendo usado hoje com ainda mais frequ\u00eancia, o protetor solar \u00e9 essencial at\u00e9 para quem trabalha de casa. Isso se d\u00e1 principalmente por conta da luz natural que entra pelas janelas, incluindo a das telas de celular e computador.<\/p>\n\n\n\n<p>No ver\u00e3o, o uso dele deve ser ainda mais adequado, com o produto sendo reaplicado no rosto com certa frequ\u00eancia durante o dia.<\/p>\n\n\n\n<p>Por isso, profissionais ainda falam a respeito do uso correto do protetor solar, em que algumas pessoas n\u00e3o o aplicam devidamente.<\/p>\n\n\n\n<h2 class=\"wp-block-heading\"><strong>A recomenda\u00e7\u00e3o necess\u00e1ria<\/strong><\/h2>\n\n\n\n<p>A dermatologista Dra. Lu\u00edsa Vitoi concedeu entrevista ao Alto Astral, na qual ela explicou como o protetor solar deve ser passado: <em>&#8220;\u00c9 preciso aplicar cerca de 20 minutos antes da exposi\u00e7\u00e3o solar e reaplicar a cada 2 horas ou sempre que sair da \u00e1gua ou se tiver muito suor\u201d.<\/em><\/p>\n\n\n\n<p>Indo al\u00e9m, o protetor solar apresenta diferen\u00e7as em determinadas \u00e1reas do corpo. Quando se trata do rosto e da regi\u00e3o do pesco\u00e7o, a propor\u00e7\u00e3o deve ser de aproximadamente uma colher de ch\u00e1. Um m\u00e9todo que ajuda na aplica\u00e7\u00e3o do produto \u00e9 distribuir ele em dois dedos, especialmente para servir de base nas pr\u00f3ximas vezes.<\/p>\n\n\n\n<p>Mesmo que as pessoas pensem que s\u00f3 \u00e9 preciso usar o protetor solar em dias ensolarados, elas podem cometer um erro. Servindo para todas as idades, ele \u00e9 necess\u00e1rio para bloquear os raios solares, especialmente para quem anda com frequ\u00eancia pelas ruas, onde a exposi\u00e7\u00e3o \u00e9 maior.<\/p>\n\n\n\n<p>Vitoi ainda complementa sobre a aplica\u00e7\u00e3o do protetor solar em diversas circunst\u00e2ncias: <em>\u201cPessoas com pele, cabelo e olhos claros; familiares com hist\u00f3rico de c\u00e2ncer de pele; pessoas com facilidade de apresentar queimaduras solares e que possuem manchas, pintas ou sardas\u201d<\/em>.<\/p>\n\n\n\n<p>Al\u00e9m do uso do protetor solar, \u00e9 poss\u00edvel evitar o contato direito usando alguns itens. Sendo assim, eles podem ser len\u00e7os, bon\u00e9s, chap\u00e9us, incluindo at\u00e9 pe\u00e7as que contenham especifica\u00e7\u00e3o de prote\u00e7\u00e3o UV. Os hor\u00e1rios em que o sol est\u00e1 mais forte referem-se ao per\u00edodo entre 09h e 15h.<\/p>\n","protected":false},"excerpt":{"rendered":"<p>Falhas podem ser cometidas ao aplicar o protetor solar. <\/p>\n","protected":false},"author":8,"featured_media":8783,"comment_status":"open","ping_status":"open","sticky":false,"template":"","format":"standard","meta":{"jnews-multi-image_gallery":[],"jnews_single_post":{"format":"standard"},"jnews_primary_category":[],"jnews_override_counter":[],"jnews_post_split":[],"footnotes":""},"categories":[1],"tags":[],"class_list":["post-8773","post","type-post","status-publish","format-standard","has-post-thumbnail","hentry","category-geral"],"yoast_head":"<!-- This site is optimized with the Yoast SEO plugin v25.0 - https:\/\/yoast.com\/wordpress\/plugins\/seo\/ -->\n<title>Erros comuns ao usar protetor solar que podem comprometer sua prote\u00e7\u00e3o<\/title>\n<meta name=\"robots\" content=\"index, follow, max-snippet:-1, max-image-preview:large, max-video-preview:-1\" \/>\n<link rel=\"canonical\" href=\"https:\/\/crusoe.audiencelabs.com.br\/erros-comuns-ao-usar-protetor-solar-que-podem-comprometer-sua-protecao\/\" \/>\n<meta property=\"og:locale\" content=\"pt_BR\" \/>\n<meta property=\"og:type\" content=\"article\" \/>\n<meta property=\"og:title\" content=\"Erros comuns ao usar protetor solar que podem comprometer sua prote\u00e7\u00e3o\" \/>\n<meta property=\"og:description\" content=\"Falhas podem ser cometidas ao aplicar o protetor solar.\" \/>\n<meta property=\"og:url\" content=\"https:\/\/crusoe.audiencelabs.com.br\/erros-comuns-ao-usar-protetor-solar-que-podem-comprometer-sua-protecao\/\" \/>\n<meta property=\"og:site_name\" content=\"Variedades - Cruso\u00e9\" \/>\n<meta property=\"article:published_time\" content=\"2025-08-07T12:30:00+00:00\" \/>\n<meta property=\"og:image\" content=\"https:\/\/cdn.crusoe.com.br\/uploads\/2025\/08\/2149207934.jpg\" \/>\n\t<meta property=\"og:image:width\" content=\"1500\" \/>\n\t<meta property=\"og:image:height\" content=\"1000\" \/>\n\t<meta property=\"og:image:type\" content=\"image\/jpeg\" \/>\n<meta name=\"author\" content=\"Gabriela Santos\" \/>\n<meta name=\"twitter:card\" content=\"summary_large_image\" \/>\n<meta name=\"twitter:label1\" content=\"Escrito por\" \/>\n\t<meta name=\"twitter:data1\" content=\"Gabriela Santos\" \/>\n\t<meta name=\"twitter:label2\" content=\"Est. tempo de leitura\" \/>\n\t<meta name=\"twitter:data2\" content=\"2 minutos\" \/>\n<script type=\"application\/ld+json\" class=\"yoast-schema-graph\">{\"@context\":\"https:\/\/schema.org\",\"@graph\":[{\"@type\":\"WebPage\",\"@id\":\"https:\/\/crusoe.audiencelabs.com.br\/erros-comuns-ao-usar-protetor-solar-que-podem-comprometer-sua-protecao\/\",\"url\":\"https:\/\/crusoe.audiencelabs.com.br\/erros-comuns-ao-usar-protetor-solar-que-podem-comprometer-sua-protecao\/\",\"name\":\"Erros comuns ao usar protetor solar que podem comprometer sua prote\u00e7\u00e3o\",\"isPartOf\":{\"@id\":\"https:\/\/crusoe.audiencelabs.com.br\/#website\"},\"primaryImageOfPage\":{\"@id\":\"https:\/\/crusoe.audiencelabs.com.br\/erros-comuns-ao-usar-protetor-solar-que-podem-comprometer-sua-protecao\/#primaryimage\"},\"image\":{\"@id\":\"https:\/\/crusoe.audiencelabs.com.br\/erros-comuns-ao-usar-protetor-solar-que-podem-comprometer-sua-protecao\/#primaryimage\"},\"thumbnailUrl\":\"https:\/\/cdn.crusoe.com.br\/uploads\/2025\/08\/2149207934.jpg\",\"datePublished\":\"2025-08-07T12:30:00+00:00\",\"author\":{\"@id\":\"https:\/\/crusoe.audiencelabs.com.br\/#\/schema\/person\/be66e7e59ad3bc2a7c0833132c5c8c00\"},\"breadcrumb\":{\"@id\":\"https:\/\/crusoe.audiencelabs.com.br\/erros-comuns-ao-usar-protetor-solar-que-podem-comprometer-sua-protecao\/#breadcrumb\"},\"inLanguage\":\"pt-BR\",\"potentialAction\":[{\"@type\":\"ReadAction\",\"target\":[\"https:\/\/crusoe.audiencelabs.com.br\/erros-comuns-ao-usar-protetor-solar-que-podem-comprometer-sua-protecao\/\"]}]},{\"@type\":\"ImageObject\",\"inLanguage\":\"pt-BR\",\"@id\":\"https:\/\/crusoe.audiencelabs.com.br\/erros-comuns-ao-usar-protetor-solar-que-podem-comprometer-sua-protecao\/#primaryimage\",\"url\":\"https:\/\/cdn.crusoe.com.br\/uploads\/2025\/08\/2149207934.jpg\",\"contentUrl\":\"https:\/\/cdn.crusoe.com.br\/uploads\/2025\/08\/2149207934.jpg\",\"width\":1500,\"height\":1000,\"caption\":\"Reprodu\u00e7\u00e3o: Freepik\"},{\"@type\":\"BreadcrumbList\",\"@id\":\"https:\/\/crusoe.audiencelabs.com.br\/erros-comuns-ao-usar-protetor-solar-que-podem-comprometer-sua-protecao\/#breadcrumb\",\"itemListElement\":[{\"@type\":\"ListItem\",\"position\":1,\"name\":\"Home\",\"item\":\"https:\/\/crusoe.audiencelabs.com.br\/\"},{\"@type\":\"ListItem\",\"position\":2,\"name\":\"Erros comuns ao usar protetor solar que podem comprometer sua prote\u00e7\u00e3o\"}]},{\"@type\":\"WebSite\",\"@id\":\"https:\/\/crusoe.audiencelabs.com.br\/#website\",\"url\":\"https:\/\/crusoe.audiencelabs.com.br\/\",\"name\":\"Variedades - Cruso\u00e9\",\"description\":\"\",\"potentialAction\":[{\"@type\":\"SearchAction\",\"target\":{\"@type\":\"EntryPoint\",\"urlTemplate\":\"https:\/\/crusoe.audiencelabs.com.br\/?s={search_term_string}\"},\"query-input\":{\"@type\":\"PropertyValueSpecification\",\"valueRequired\":true,\"valueName\":\"search_term_string\"}}],\"inLanguage\":\"pt-BR\"},{\"@type\":\"Person\",\"@id\":\"https:\/\/crusoe.audiencelabs.com.br\/#\/schema\/person\/be66e7e59ad3bc2a7c0833132c5c8c00\",\"name\":\"Gabriela Santos\",\"image\":{\"@type\":\"ImageObject\",\"inLanguage\":\"pt-BR\",\"@id\":\"https:\/\/crusoe.audiencelabs.com.br\/#\/schema\/person\/image\/\",\"url\":\"https:\/\/secure.gravatar.com\/avatar\/d58b244b5f316c2ae218c4fd7fd0fdf0fbcf215931ac50c70906d65db85b6002?s=96&d=mm&r=g\",\"contentUrl\":\"https:\/\/secure.gravatar.com\/avatar\/d58b244b5f316c2ae218c4fd7fd0fdf0fbcf215931ac50c70906d65db85b6002?s=96&d=mm&r=g\",\"caption\":\"Gabriela Santos\"},\"description\":\"Jornalista que atua com a produ\u00e7\u00e3o de conte\u00fado em temas diversos, aproximando o leitor por meio de informa\u00e7\u00f5es que refletem o cotidiano.\",\"url\":\"https:\/\/crusoe.audiencelabs.com.br\/author\/gabrielasantos\/\"}]}<\/script>\n<!-- \/ Yoast SEO plugin. -->","yoast_head_json":{"title":"Erros comuns ao usar protetor solar que podem comprometer sua prote\u00e7\u00e3o","robots":{"index":"index","follow":"follow","max-snippet":"max-snippet:-1","max-image-preview":"max-image-preview:large","max-video-preview":"max-video-preview:-1"},"canonical":"https:\/\/crusoe.audiencelabs.com.br\/erros-comuns-ao-usar-protetor-solar-que-podem-comprometer-sua-protecao\/","og_locale":"pt_BR","og_type":"article","og_title":"Erros comuns ao usar protetor solar que podem comprometer sua prote\u00e7\u00e3o","og_description":"Falhas podem ser cometidas ao aplicar o protetor solar.","og_url":"https:\/\/crusoe.audiencelabs.com.br\/erros-comuns-ao-usar-protetor-solar-que-podem-comprometer-sua-protecao\/","og_site_name":"Variedades - Cruso\u00e9","article_published_time":"2025-08-07T12:30:00+00:00","og_image":[{"width":1500,"height":1000,"url":"https:\/\/cdn.crusoe.com.br\/uploads\/2025\/08\/2149207934.jpg","type":"image\/jpeg"}],"author":"Gabriela Santos","twitter_card":"summary_large_image","twitter_misc":{"Escrito por":"Gabriela Santos","Est. tempo de leitura":"2 minutos"},"schema":{"@context":"https:\/\/schema.org","@graph":[{"@type":"WebPage","@id":"https:\/\/crusoe.audiencelabs.com.br\/erros-comuns-ao-usar-protetor-solar-que-podem-comprometer-sua-protecao\/","url":"https:\/\/crusoe.audiencelabs.com.br\/erros-comuns-ao-usar-protetor-solar-que-podem-comprometer-sua-protecao\/","name":"Erros comuns ao usar protetor solar que podem comprometer sua prote\u00e7\u00e3o","isPartOf":{"@id":"https:\/\/crusoe.audiencelabs.com.br\/#website"},"primaryImageOfPage":{"@id":"https:\/\/crusoe.audiencelabs.com.br\/erros-comuns-ao-usar-protetor-solar-que-podem-comprometer-sua-protecao\/#primaryimage"},"image":{"@id":"https:\/\/crusoe.audiencelabs.com.br\/erros-comuns-ao-usar-protetor-solar-que-podem-comprometer-sua-protecao\/#primaryimage"},"thumbnailUrl":"https:\/\/cdn.crusoe.com.br\/uploads\/2025\/08\/2149207934.jpg","datePublished":"2025-08-07T12:30:00+00:00","author":{"@id":"https:\/\/crusoe.audiencelabs.com.br\/#\/schema\/person\/be66e7e59ad3bc2a7c0833132c5c8c00"},"breadcrumb":{"@id":"https:\/\/crusoe.audiencelabs.com.br\/erros-comuns-ao-usar-protetor-solar-que-podem-comprometer-sua-protecao\/#breadcrumb"},"inLanguage":"pt-BR","potentialAction":[{"@type":"ReadAction","target":["https:\/\/crusoe.audiencelabs.com.br\/erros-comuns-ao-usar-protetor-solar-que-podem-comprometer-sua-protecao\/"]}]},{"@type":"ImageObject","inLanguage":"pt-BR","@id":"https:\/\/crusoe.audiencelabs.com.br\/erros-comuns-ao-usar-protetor-solar-que-podem-comprometer-sua-protecao\/#primaryimage","url":"https:\/\/cdn.crusoe.com.br\/uploads\/2025\/08\/2149207934.jpg","contentUrl":"https:\/\/cdn.crusoe.com.br\/uploads\/2025\/08\/2149207934.jpg","width":1500,"height":1000,"caption":"Reprodu\u00e7\u00e3o: Freepik"},{"@type":"BreadcrumbList","@id":"https:\/\/crusoe.audiencelabs.com.br\/erros-comuns-ao-usar-protetor-solar-que-podem-comprometer-sua-protecao\/#breadcrumb","itemListElement":[{"@type":"ListItem","position":1,"name":"Home","item":"https:\/\/crusoe.audiencelabs.com.br\/"},{"@type":"ListItem","position":2,"name":"Erros comuns ao usar protetor solar que podem comprometer sua prote\u00e7\u00e3o"}]},{"@type":"WebSite","@id":"https:\/\/crusoe.audiencelabs.com.br\/#website","url":"https:\/\/crusoe.audiencelabs.com.br\/","name":"Variedades - Cruso\u00e9","description":"","potentialAction":[{"@type":"SearchAction","target":{"@type":"EntryPoint","urlTemplate":"https:\/\/crusoe.audiencelabs.com.br\/?s={search_term_string}"},"query-input":{"@type":"PropertyValueSpecification","valueRequired":true,"valueName":"search_term_string"}}],"inLanguage":"pt-BR"},{"@type":"Person","@id":"https:\/\/crusoe.audiencelabs.com.br\/#\/schema\/person\/be66e7e59ad3bc2a7c0833132c5c8c00","name":"Gabriela Santos","image":{"@type":"ImageObject","inLanguage":"pt-BR","@id":"https:\/\/crusoe.audiencelabs.com.br\/#\/schema\/person\/image\/","url":"https:\/\/secure.gravatar.com\/avatar\/d58b244b5f316c2ae218c4fd7fd0fdf0fbcf215931ac50c70906d65db85b6002?s=96&d=mm&r=g","contentUrl":"https:\/\/secure.gravatar.com\/avatar\/d58b244b5f316c2ae218c4fd7fd0fdf0fbcf215931ac50c70906d65db85b6002?s=96&d=mm&r=g","caption":"Gabriela Santos"},"description":"Jornalista que atua com a produ\u00e7\u00e3o de conte\u00fado em temas diversos, aproximando o leitor por meio de informa\u00e7\u00f5es que refletem o cotidiano.","url":"https:\/\/crusoe.audiencelabs.com.br\/author\/gabrielasantos\/"}]}},"_links":{"self":[{"href":"https:\/\/crusoe.audiencelabs.com.br\/wp-json\/wp\/v2\/posts\/8773","targetHints":{"allow":["GET"]}}],"collection":[{"href":"https:\/\/crusoe.audiencelabs.com.br\/wp-json\/wp\/v2\/posts"}],"about":[{"href":"https:\/\/crusoe.audiencelabs.com.br\/wp-json\/wp\/v2\/types\/post"}],"author":[{"embeddable":true,"href":"https:\/\/crusoe.audiencelabs.com.br\/wp-json\/wp\/v2\/users\/8"}],"replies":[{"embeddable":true,"href":"https:\/\/crusoe.audiencelabs.com.br\/wp-json\/wp\/v2\/comments?post=8773"}],"version-history":[{"count":7,"href":"https:\/\/crusoe.audiencelabs.com.br\/wp-json\/wp\/v2\/posts\/8773\/revisions"}],"predecessor-version":[{"id":8784,"href":"https:\/\/crusoe.audiencelabs.com.br\/wp-json\/wp\/v2\/posts\/8773\/revisions\/8784"}],"wp:featuredmedia":[{"embeddable":true,"href":"https:\/\/crusoe.audiencelabs.com.br\/wp-json\/wp\/v2\/media\/8783"}],"wp:attachment":[{"href":"https:\/\/crusoe.audiencelabs.com.br\/wp-json\/wp\/v2\/media?parent=8773"}],"wp:term":[{"taxonomy":"category","embeddable":true,"href":"https:\/\/crusoe.audiencelabs.com.br\/wp-json\/wp\/v2\/categories?post=8773"},{"taxonomy":"post_tag","embeddable":true,"href":"https:\/\/crusoe.audiencelabs.com.br\/wp-json\/wp\/v2\/tags?post=8773"}],"curies":[{"name":"wp","href":"https:\/\/api.w.org\/{rel}","templated":true}]}}