{"id":8324,"date":"2025-08-09T08:30:00","date_gmt":"2025-08-09T11:30:00","guid":{"rendered":"https:\/\/crusoe.com.br\/variedades\/?p=8324"},"modified":"2025-08-04T17:56:00","modified_gmt":"2025-08-04T20:56:00","slug":"especialistas-cravam-temperatura-certa-para-o-ar-condicionado-nao-prejudicar-a-saude","status":"publish","type":"post","link":"https:\/\/crusoe.audiencelabs.com.br\/especialistas-cravam-temperatura-certa-para-o-ar-condicionado-nao-prejudicar-a-saude\/","title":{"rendered":"Especialistas cravam temperatura certa para o ar-condicionado n\u00e3o prejudicar a sa\u00fade"},"content":{"rendered":"\n<p>Embora <strong>ajustar a temperatura do ar-condicionado<\/strong> tamb\u00e9m influencie no consumo de energia, se engana quem acredita que esta a\u00e7\u00e3o atende apenas \u00e0 este objetivo.<\/p>\n\n\n\n<p>Na realidade, regular o aparelho adequadamente tamb\u00e9m pode <strong>influenciar diretamente na sa\u00fade<\/strong>. E para isso, \u00e9 preciso entender que o ar-condicionado n\u00e3o foi feito para operar somente com baixas temperaturas.<\/p>\n\n\n\n<p>Estudos indicam que manter a temperatura<strong> entre 23\u00b0C e 26\u00b0C <\/strong>promove o conforto da maioria das pessoas. E inclusive, essa \u00e9 a faixa recomendada por \u00f3rg\u00e3os como a Ag\u00eancia Nacional de Vigil\u00e2ncia Sanit\u00e1ria (Anvisa) para o uso adequado do ar-condicionado.<\/p>\n\n\n\n<p>Vale lembrar que o ar muito frio pode causar <strong>arrepios, dores de cabe\u00e7a e at\u00e9 mesmo dificuldade para se concentrar.<\/strong>\u00a0Al\u00e9m disso, tamb\u00e9m ocorre o <strong>ressecamento das vias respirat\u00f3rias<\/strong>.<\/p>\n\n\n\n<p>Por conta disso, o sistema imunol\u00f3gico fica enfraquecido, e o corpo fica mais suscet\u00edvel \u00e0 manifesta\u00e7\u00e3o de diversas doen\u00e7as, incluindo <strong>gripes, resfriados e at\u00e9 mesmo pneumonia<\/strong>.<\/p>\n\n\n\n<p>Portanto, fica evidente que manter o ar-condicionado em temperaturas mais razo\u00e1veis impacta n\u00e3o apenas no conforto, mas tamb\u00e9m no bem-estar dos usu\u00e1rios.<\/p>\n\n\n\n<h2 class=\"wp-block-heading\">Outros benef\u00edcios do uso consciente do ar-condicionado<\/h2>\n\n\n\n<p>Para refor\u00e7ar que o uso correto do ar-condicionado traz exclusivamente benef\u00edcios, \u00e9 importante destacar tamb\u00e9m as seguintes vantagens:<\/p>\n\n\n\n<ul class=\"wp-block-list\">\n<li><strong>Conforto t\u00e9rmico:<\/strong> temperaturas entre 23\u00b0C e 26\u00b0C costumam manter o ambiente agrad\u00e1vel e fresco, sem comprometer o conforto t\u00e9rmico;<\/li>\n\n\n\n<li><strong>Maior durabilidade do aparelho:<\/strong> evitar temperaturas extremas ajuda a reduzir o desgaste do ar-condicionado, j\u00e1 que o aparelho n\u00e3o precisa ligar e desligar com tanta frequ\u00eancia. Isso aumenta sua durabilidade e diminui a necessidade de manuten\u00e7\u00e3o;<\/li>\n\n\n\n<li><strong>Melhora na qualidade do ar:<\/strong> manter o ar-condicionado em temperaturas moderadas dificulta o ac\u00famulo de umidade excessiva, impedindo o surgimento de mofo e microrganismos nocivos \u00e0 sa\u00fade.<\/li>\n<\/ul>\n\n\n\n<p>Vale destacar que, mesmo com temperaturas externas elevadas, 23 \u00baC continua sendo a temperatura m\u00ednima ideal para o uso do ar-condicionado. Nestes casos, \u00e9 importante tamb\u00e9m prestar aten\u00e7\u00e3o a outros fatores, como a veda\u00e7\u00e3o do ambiente.<\/p>\n","protected":false},"excerpt":{"rendered":"<p>Embora ajustar a temperatura do ar-condicionado tamb\u00e9m influencie no consumo de energia, se engana quem acredita que esta a\u00e7\u00e3o atende apenas \u00e0 este objetivo. Na realidade, regular o aparelho adequadamente tamb\u00e9m pode influenciar diretamente na sa\u00fade. E para isso, \u00e9 preciso entender que o ar-condicionado n\u00e3o foi feito para operar somente com baixas temperaturas. Estudos [&hellip;]<\/p>\n","protected":false},"author":7,"featured_media":8325,"comment_status":"open","ping_status":"open","sticky":false,"template":"","format":"standard","meta":{"jnews-multi-image_gallery":[],"jnews_single_post":{"format":"standard"},"jnews_primary_category":[],"jnews_override_counter":[],"jnews_post_split":[],"footnotes":""},"categories":[1],"tags":[],"class_list":["post-8324","post","type-post","status-publish","format-standard","has-post-thumbnail","hentry","category-geral"],"yoast_head":"<!-- This site is optimized with the Yoast SEO plugin v25.0 - https:\/\/yoast.com\/wordpress\/plugins\/seo\/ -->\n<title>Especialistas cravam temperatura certa para o ar-condicionado n\u00e3o prejudicar a sa\u00fade<\/title>\n<meta name=\"robots\" content=\"index, follow, max-snippet:-1, max-image-preview:large, max-video-preview:-1\" \/>\n<link rel=\"canonical\" href=\"https:\/\/crusoe.audiencelabs.com.br\/especialistas-cravam-temperatura-certa-para-o-ar-condicionado-nao-prejudicar-a-saude\/\" \/>\n<meta property=\"og:locale\" content=\"pt_BR\" \/>\n<meta property=\"og:type\" content=\"article\" \/>\n<meta property=\"og:title\" content=\"Especialistas cravam temperatura certa para o ar-condicionado n\u00e3o prejudicar a sa\u00fade\" \/>\n<meta property=\"og:description\" content=\"Embora ajustar a temperatura do ar-condicionado tamb\u00e9m influencie no consumo de energia, se engana quem acredita que esta a\u00e7\u00e3o atende apenas \u00e0 este objetivo. Na realidade, regular o aparelho adequadamente tamb\u00e9m pode influenciar diretamente na sa\u00fade. E para isso, \u00e9 preciso entender que o ar-condicionado n\u00e3o foi feito para operar somente com baixas temperaturas. Estudos [&hellip;]\" \/>\n<meta property=\"og:url\" content=\"https:\/\/crusoe.audiencelabs.com.br\/especialistas-cravam-temperatura-certa-para-o-ar-condicionado-nao-prejudicar-a-saude\/\" \/>\n<meta property=\"og:site_name\" content=\"Variedades - Cruso\u00e9\" \/>\n<meta property=\"article:published_time\" content=\"2025-08-09T11:30:00+00:00\" \/>\n<meta property=\"og:image\" content=\"https:\/\/cdn.crusoe.com.br\/uploads\/2025\/08\/especialistas-temperatura-certa-ar-condicionado-prejudicar-saude.jpg\" \/>\n\t<meta property=\"og:image:width\" content=\"1500\" \/>\n\t<meta property=\"og:image:height\" content=\"844\" \/>\n\t<meta property=\"og:image:type\" content=\"image\/jpeg\" \/>\n<meta name=\"author\" content=\"Jo\u00e3o Carlos Gomes\" \/>\n<meta name=\"twitter:card\" content=\"summary_large_image\" \/>\n<meta name=\"twitter:label1\" content=\"Escrito por\" \/>\n\t<meta name=\"twitter:data1\" content=\"Jo\u00e3o Carlos Gomes\" \/>\n\t<meta name=\"twitter:label2\" content=\"Est. tempo de leitura\" \/>\n\t<meta name=\"twitter:data2\" content=\"2 minutos\" \/>\n<script type=\"application\/ld+json\" class=\"yoast-schema-graph\">{\"@context\":\"https:\/\/schema.org\",\"@graph\":[{\"@type\":\"WebPage\",\"@id\":\"https:\/\/crusoe.audiencelabs.com.br\/especialistas-cravam-temperatura-certa-para-o-ar-condicionado-nao-prejudicar-a-saude\/\",\"url\":\"https:\/\/crusoe.audiencelabs.com.br\/especialistas-cravam-temperatura-certa-para-o-ar-condicionado-nao-prejudicar-a-saude\/\",\"name\":\"Especialistas cravam temperatura certa para o ar-condicionado n\u00e3o prejudicar a sa\u00fade\",\"isPartOf\":{\"@id\":\"https:\/\/crusoe.audiencelabs.com.br\/#website\"},\"primaryImageOfPage\":{\"@id\":\"https:\/\/crusoe.audiencelabs.com.br\/especialistas-cravam-temperatura-certa-para-o-ar-condicionado-nao-prejudicar-a-saude\/#primaryimage\"},\"image\":{\"@id\":\"https:\/\/crusoe.audiencelabs.com.br\/especialistas-cravam-temperatura-certa-para-o-ar-condicionado-nao-prejudicar-a-saude\/#primaryimage\"},\"thumbnailUrl\":\"https:\/\/cdn.crusoe.com.br\/uploads\/2025\/08\/especialistas-temperatura-certa-ar-condicionado-prejudicar-saude.jpg\",\"datePublished\":\"2025-08-09T11:30:00+00:00\",\"author\":{\"@id\":\"https:\/\/crusoe.audiencelabs.com.br\/#\/schema\/person\/4a23399b23149df2eab6637fd2fd2bfc\"},\"breadcrumb\":{\"@id\":\"https:\/\/crusoe.audiencelabs.com.br\/especialistas-cravam-temperatura-certa-para-o-ar-condicionado-nao-prejudicar-a-saude\/#breadcrumb\"},\"inLanguage\":\"pt-BR\",\"potentialAction\":[{\"@type\":\"ReadAction\",\"target\":[\"https:\/\/crusoe.audiencelabs.com.br\/especialistas-cravam-temperatura-certa-para-o-ar-condicionado-nao-prejudicar-a-saude\/\"]}]},{\"@type\":\"ImageObject\",\"inLanguage\":\"pt-BR\",\"@id\":\"https:\/\/crusoe.audiencelabs.com.br\/especialistas-cravam-temperatura-certa-para-o-ar-condicionado-nao-prejudicar-a-saude\/#primaryimage\",\"url\":\"https:\/\/cdn.crusoe.com.br\/uploads\/2025\/08\/especialistas-temperatura-certa-ar-condicionado-prejudicar-saude.jpg\",\"contentUrl\":\"https:\/\/cdn.crusoe.com.br\/uploads\/2025\/08\/especialistas-temperatura-certa-ar-condicionado-prejudicar-saude.jpg\",\"width\":1500,\"height\":844,\"caption\":\"Foto: Freepik\"},{\"@type\":\"BreadcrumbList\",\"@id\":\"https:\/\/crusoe.audiencelabs.com.br\/especialistas-cravam-temperatura-certa-para-o-ar-condicionado-nao-prejudicar-a-saude\/#breadcrumb\",\"itemListElement\":[{\"@type\":\"ListItem\",\"position\":1,\"name\":\"Home\",\"item\":\"https:\/\/crusoe.audiencelabs.com.br\/\"},{\"@type\":\"ListItem\",\"position\":2,\"name\":\"Especialistas cravam temperatura certa para o ar-condicionado n\u00e3o prejudicar a sa\u00fade\"}]},{\"@type\":\"WebSite\",\"@id\":\"https:\/\/crusoe.audiencelabs.com.br\/#website\",\"url\":\"https:\/\/crusoe.audiencelabs.com.br\/\",\"name\":\"Variedades - Cruso\u00e9\",\"description\":\"\",\"potentialAction\":[{\"@type\":\"SearchAction\",\"target\":{\"@type\":\"EntryPoint\",\"urlTemplate\":\"https:\/\/crusoe.audiencelabs.com.br\/?s={search_term_string}\"},\"query-input\":{\"@type\":\"PropertyValueSpecification\",\"valueRequired\":true,\"valueName\":\"search_term_string\"}}],\"inLanguage\":\"pt-BR\"},{\"@type\":\"Person\",\"@id\":\"https:\/\/crusoe.audiencelabs.com.br\/#\/schema\/person\/4a23399b23149df2eab6637fd2fd2bfc\",\"name\":\"Jo\u00e3o Carlos Gomes\",\"image\":{\"@type\":\"ImageObject\",\"inLanguage\":\"pt-BR\",\"@id\":\"https:\/\/crusoe.audiencelabs.com.br\/#\/schema\/person\/image\/\",\"url\":\"https:\/\/secure.gravatar.com\/avatar\/4ce4672dbdd694b329cd6fdb51bee7d1409be1f0ff76a537e4c4a737b2c7d1a9?s=96&d=mm&r=g\",\"contentUrl\":\"https:\/\/secure.gravatar.com\/avatar\/4ce4672dbdd694b329cd6fdb51bee7d1409be1f0ff76a537e4c4a737b2c7d1a9?s=96&d=mm&r=g\",\"caption\":\"Jo\u00e3o Carlos Gomes\"},\"description\":\"Jornalista, criador de conte\u00fado e m\u00fasico independente nas horas vagas.\",\"url\":\"https:\/\/crusoe.audiencelabs.com.br\/author\/joaoc-junior66\/\"}]}<\/script>\n<!-- \/ Yoast SEO plugin. -->","yoast_head_json":{"title":"Especialistas cravam temperatura certa para o ar-condicionado n\u00e3o prejudicar a sa\u00fade","robots":{"index":"index","follow":"follow","max-snippet":"max-snippet:-1","max-image-preview":"max-image-preview:large","max-video-preview":"max-video-preview:-1"},"canonical":"https:\/\/crusoe.audiencelabs.com.br\/especialistas-cravam-temperatura-certa-para-o-ar-condicionado-nao-prejudicar-a-saude\/","og_locale":"pt_BR","og_type":"article","og_title":"Especialistas cravam temperatura certa para o ar-condicionado n\u00e3o prejudicar a sa\u00fade","og_description":"Embora ajustar a temperatura do ar-condicionado tamb\u00e9m influencie no consumo de energia, se engana quem acredita que esta a\u00e7\u00e3o atende apenas \u00e0 este objetivo. Na realidade, regular o aparelho adequadamente tamb\u00e9m pode influenciar diretamente na sa\u00fade. E para isso, \u00e9 preciso entender que o ar-condicionado n\u00e3o foi feito para operar somente com baixas temperaturas. Estudos [&hellip;]","og_url":"https:\/\/crusoe.audiencelabs.com.br\/especialistas-cravam-temperatura-certa-para-o-ar-condicionado-nao-prejudicar-a-saude\/","og_site_name":"Variedades - Cruso\u00e9","article_published_time":"2025-08-09T11:30:00+00:00","og_image":[{"width":1500,"height":844,"url":"https:\/\/cdn.crusoe.com.br\/uploads\/2025\/08\/especialistas-temperatura-certa-ar-condicionado-prejudicar-saude.jpg","type":"image\/jpeg"}],"author":"Jo\u00e3o Carlos Gomes","twitter_card":"summary_large_image","twitter_misc":{"Escrito por":"Jo\u00e3o Carlos Gomes","Est. tempo de leitura":"2 minutos"},"schema":{"@context":"https:\/\/schema.org","@graph":[{"@type":"WebPage","@id":"https:\/\/crusoe.audiencelabs.com.br\/especialistas-cravam-temperatura-certa-para-o-ar-condicionado-nao-prejudicar-a-saude\/","url":"https:\/\/crusoe.audiencelabs.com.br\/especialistas-cravam-temperatura-certa-para-o-ar-condicionado-nao-prejudicar-a-saude\/","name":"Especialistas cravam temperatura certa para o ar-condicionado n\u00e3o prejudicar a sa\u00fade","isPartOf":{"@id":"https:\/\/crusoe.audiencelabs.com.br\/#website"},"primaryImageOfPage":{"@id":"https:\/\/crusoe.audiencelabs.com.br\/especialistas-cravam-temperatura-certa-para-o-ar-condicionado-nao-prejudicar-a-saude\/#primaryimage"},"image":{"@id":"https:\/\/crusoe.audiencelabs.com.br\/especialistas-cravam-temperatura-certa-para-o-ar-condicionado-nao-prejudicar-a-saude\/#primaryimage"},"thumbnailUrl":"https:\/\/cdn.crusoe.com.br\/uploads\/2025\/08\/especialistas-temperatura-certa-ar-condicionado-prejudicar-saude.jpg","datePublished":"2025-08-09T11:30:00+00:00","author":{"@id":"https:\/\/crusoe.audiencelabs.com.br\/#\/schema\/person\/4a23399b23149df2eab6637fd2fd2bfc"},"breadcrumb":{"@id":"https:\/\/crusoe.audiencelabs.com.br\/especialistas-cravam-temperatura-certa-para-o-ar-condicionado-nao-prejudicar-a-saude\/#breadcrumb"},"inLanguage":"pt-BR","potentialAction":[{"@type":"ReadAction","target":["https:\/\/crusoe.audiencelabs.com.br\/especialistas-cravam-temperatura-certa-para-o-ar-condicionado-nao-prejudicar-a-saude\/"]}]},{"@type":"ImageObject","inLanguage":"pt-BR","@id":"https:\/\/crusoe.audiencelabs.com.br\/especialistas-cravam-temperatura-certa-para-o-ar-condicionado-nao-prejudicar-a-saude\/#primaryimage","url":"https:\/\/cdn.crusoe.com.br\/uploads\/2025\/08\/especialistas-temperatura-certa-ar-condicionado-prejudicar-saude.jpg","contentUrl":"https:\/\/cdn.crusoe.com.br\/uploads\/2025\/08\/especialistas-temperatura-certa-ar-condicionado-prejudicar-saude.jpg","width":1500,"height":844,"caption":"Foto: Freepik"},{"@type":"BreadcrumbList","@id":"https:\/\/crusoe.audiencelabs.com.br\/especialistas-cravam-temperatura-certa-para-o-ar-condicionado-nao-prejudicar-a-saude\/#breadcrumb","itemListElement":[{"@type":"ListItem","position":1,"name":"Home","item":"https:\/\/crusoe.audiencelabs.com.br\/"},{"@type":"ListItem","position":2,"name":"Especialistas cravam temperatura certa para o ar-condicionado n\u00e3o prejudicar a sa\u00fade"}]},{"@type":"WebSite","@id":"https:\/\/crusoe.audiencelabs.com.br\/#website","url":"https:\/\/crusoe.audiencelabs.com.br\/","name":"Variedades - Cruso\u00e9","description":"","potentialAction":[{"@type":"SearchAction","target":{"@type":"EntryPoint","urlTemplate":"https:\/\/crusoe.audiencelabs.com.br\/?s={search_term_string}"},"query-input":{"@type":"PropertyValueSpecification","valueRequired":true,"valueName":"search_term_string"}}],"inLanguage":"pt-BR"},{"@type":"Person","@id":"https:\/\/crusoe.audiencelabs.com.br\/#\/schema\/person\/4a23399b23149df2eab6637fd2fd2bfc","name":"Jo\u00e3o Carlos Gomes","image":{"@type":"ImageObject","inLanguage":"pt-BR","@id":"https:\/\/crusoe.audiencelabs.com.br\/#\/schema\/person\/image\/","url":"https:\/\/secure.gravatar.com\/avatar\/4ce4672dbdd694b329cd6fdb51bee7d1409be1f0ff76a537e4c4a737b2c7d1a9?s=96&d=mm&r=g","contentUrl":"https:\/\/secure.gravatar.com\/avatar\/4ce4672dbdd694b329cd6fdb51bee7d1409be1f0ff76a537e4c4a737b2c7d1a9?s=96&d=mm&r=g","caption":"Jo\u00e3o Carlos Gomes"},"description":"Jornalista, criador de conte\u00fado e m\u00fasico independente nas horas vagas.","url":"https:\/\/crusoe.audiencelabs.com.br\/author\/joaoc-junior66\/"}]}},"_links":{"self":[{"href":"https:\/\/crusoe.audiencelabs.com.br\/wp-json\/wp\/v2\/posts\/8324","targetHints":{"allow":["GET"]}}],"collection":[{"href":"https:\/\/crusoe.audiencelabs.com.br\/wp-json\/wp\/v2\/posts"}],"about":[{"href":"https:\/\/crusoe.audiencelabs.com.br\/wp-json\/wp\/v2\/types\/post"}],"author":[{"embeddable":true,"href":"https:\/\/crusoe.audiencelabs.com.br\/wp-json\/wp\/v2\/users\/7"}],"replies":[{"embeddable":true,"href":"https:\/\/crusoe.audiencelabs.com.br\/wp-json\/wp\/v2\/comments?post=8324"}],"version-history":[{"count":1,"href":"https:\/\/crusoe.audiencelabs.com.br\/wp-json\/wp\/v2\/posts\/8324\/revisions"}],"predecessor-version":[{"id":8334,"href":"https:\/\/crusoe.audiencelabs.com.br\/wp-json\/wp\/v2\/posts\/8324\/revisions\/8334"}],"wp:featuredmedia":[{"embeddable":true,"href":"https:\/\/crusoe.audiencelabs.com.br\/wp-json\/wp\/v2\/media\/8325"}],"wp:attachment":[{"href":"https:\/\/crusoe.audiencelabs.com.br\/wp-json\/wp\/v2\/media?parent=8324"}],"wp:term":[{"taxonomy":"category","embeddable":true,"href":"https:\/\/crusoe.audiencelabs.com.br\/wp-json\/wp\/v2\/categories?post=8324"},{"taxonomy":"post_tag","embeddable":true,"href":"https:\/\/crusoe.audiencelabs.com.br\/wp-json\/wp\/v2\/tags?post=8324"}],"curies":[{"name":"wp","href":"https:\/\/api.w.org\/{rel}","templated":true}]}}