{"id":8237,"date":"2025-08-09T06:00:00","date_gmt":"2025-08-09T09:00:00","guid":{"rendered":"https:\/\/crusoe.com.br\/variedades\/?p=8237"},"modified":"2025-08-04T13:54:34","modified_gmt":"2025-08-04T16:54:34","slug":"nesse-restaurante-elegante-de-sao-paulo-qualquer-prato-sai-por-so-r49","status":"publish","type":"post","link":"https:\/\/crusoe.audiencelabs.com.br\/nesse-restaurante-elegante-de-sao-paulo-qualquer-prato-sai-por-so-r49\/","title":{"rendered":"Nesse restaurante elegante de S\u00e3o Paulo, qualquer prato sai por s\u00f3 R$49"},"content":{"rendered":"\n<p>No cora\u00e7\u00e3o da cidade de S\u00e3o Paulo, existe uma op\u00e7\u00e3o gastron\u00f4mica acess\u00edvel que proporciona a experi\u00eancia de quem busca a cozinha francesa sem gastar muito.&nbsp;<\/p>\n\n\n\n<p>O Merenda da Cidade, localizado na Rua Epit\u00e1cio Pessoa, n\u00famero 98, abriu suas portas em junho de 2023. Criado pelos renomados chefs Jana\u00edna e Jefferson Rueda, o bistr\u00f4 re\u00fane tradi\u00e7\u00e3o culin\u00e1ria e inova\u00e7\u00e3o em um ambiente acolhedor.<\/p>\n\n\n\n<h2 class=\"wp-block-heading\">Qualidade a pre\u00e7o justo<\/h2>\n\n\n\n<p>O principal atrativo do Merenda da Cidade \u00e9 seu combo econ\u00f4mico por R$ 49, que inclui salada, prato principal, sobremesa e bebida.&nbsp;<\/p>\n\n\n\n<p>Essa oferta faz parte de um conceito que nasceu do projeto realizado em 2015 por Jana\u00edna, quando treinou mais de 2.000 merendeiras em S\u00e3o Paulo para elevar a qualidade das refei\u00e7\u00f5es a pre\u00e7os populares.&nbsp;<\/p>\n\n\n\n<p>Cada dia da semana traz diferentes pratos inspirados na culin\u00e1ria francesa, combinados com um toque brasileiro que reflete a diversidade cultural da cidade.<\/p>\n\n\n\n<h2 class=\"wp-block-heading\">Ambiente hist\u00f3rico e acolhedor<\/h2>\n\n\n\n<p>O espa\u00e7o onde hoje funciona o Merenda da Cidade \u00e9 repleto de hist\u00f3ria culin\u00e1ria. Decorado com azulejos brancos e florais dos anos 50, o local j\u00e1 abrigou o lend\u00e1rio restaurante Marcel.&nbsp;<\/p>\n\n\n<div class=\"wp-block-image\">\n<figure class=\"aligncenter size-full\"><img loading=\"lazy\" decoding=\"async\" width=\"625\" height=\"762\" src=\"https:\/\/cdn.crusoe.com.br\/uploads\/2025\/08\/Captura-de-tela-2025-08-04-140206.jpg\" alt=\"\" class=\"wp-image-8244\" srcset=\"https:\/\/cdn.crusoe.com.br\/uploads\/2025\/08\/Captura-de-tela-2025-08-04-140206.jpg 625w, https:\/\/cdn.crusoe.com.br\/uploads\/2025\/08\/Captura-de-tela-2025-08-04-140206-246x300.jpg 246w\" sizes=\"auto, (max-width: 625px) 100vw, 625px\" \/><figcaption class=\"wp-element-caption\"><em><strong>Foto: Instagram Merenda da Cidade <\/strong><\/em><\/figcaption><\/figure>\n<\/div>\n\n\n<p>Agora, oferece um cen\u00e1rio perfeito para almo\u00e7os e jantares descontra\u00eddos, permitindo que clientes desfrutem de uma refei\u00e7\u00e3o tranquila no movimentado centro paulistano.<\/p>\n\n\n\n<h2 class=\"wp-block-heading\">Ra\u00edzes francesas<\/h2>\n\n\n\n<p>O diferencial do Merenda da Cidade n\u00e3o est\u00e1 apenas no pre\u00e7o. A casa traz um compromisso com a inova\u00e7\u00e3o, reinterpretando pratos tradicionais.&nbsp;<\/p>\n\n\n\n<p>Um exemplo \u00e9 o virado \u00e0 paulista com um toque de bistr\u00f4 franc\u00eas, criando uma experi\u00eancia \u00fanica de sabores familiares e gourmets. Al\u00e9m disso, o card\u00e1pio inclui op\u00e7\u00f5es veganas, como o &#8220;arroz da terra&#8221;, para atender \u00e0 crescente demanda por refei\u00e7\u00f5es mais inclusivas.<\/p>\n\n\n<div class=\"wp-block-image\">\n<figure class=\"aligncenter size-full is-resized\"><img loading=\"lazy\" decoding=\"async\" width=\"603\" height=\"778\" src=\"https:\/\/cdn.crusoe.com.br\/uploads\/2025\/08\/Captura-de-tela-2025-08-04-140013.jpg\" alt=\"\" class=\"wp-image-8242\" style=\"width:625px;height:auto\" srcset=\"https:\/\/cdn.crusoe.com.br\/uploads\/2025\/08\/Captura-de-tela-2025-08-04-140013.jpg 603w, https:\/\/cdn.crusoe.com.br\/uploads\/2025\/08\/Captura-de-tela-2025-08-04-140013-233x300.jpg 233w\" sizes=\"auto, (max-width: 603px) 100vw, 603px\" \/><figcaption class=\"wp-element-caption\"><em><strong>Card\u00e1pio- Foto: Instagram Merenda da Cidade <\/strong><\/em><\/figcaption><\/figure>\n<\/div>\n\n\n<h2 class=\"wp-block-heading\">Compara\u00e7\u00e3o com cl\u00e1ssicos paulistanos<\/h2>\n\n\n\n<p>S\u00e3o Paulo \u00e9 rica em locais de comida francesa, com estabelecimentos renomados como Bistrot de Paris e Parigi, onde menus degusta\u00e7\u00e3o podem ultrapassar a marca de R$ 1.000.&nbsp;<\/p>\n\n\n\n<p>Com seu conceito inovador e acess\u00edvel, o Merenda da Cidade desponta rapidamente como um favorito entre os apreciadores da boa mesa em S\u00e3o Paulo.&nbsp;<\/p>\n\n\n\n<p>Suas portas est\u00e3o abertas diariamente, oferecendo uma excelente oportunidade para explorar sabores franceses e internacionais em pleno centro da cidade, sem estourar o or\u00e7amento.<\/p>\n","protected":false},"excerpt":{"rendered":"<p>No cora\u00e7\u00e3o da cidade de S\u00e3o Paulo, existe uma op\u00e7\u00e3o gastron\u00f4mica acess\u00edvel que proporciona a experi\u00eancia de quem busca a cozinha francesa sem gastar muito.&nbsp; O Merenda da Cidade, localizado na Rua Epit\u00e1cio Pessoa, n\u00famero 98, abriu suas portas em junho de 2023. Criado pelos renomados chefs Jana\u00edna e Jefferson Rueda, o bistr\u00f4 re\u00fane tradi\u00e7\u00e3o [&hellip;]<\/p>\n","protected":false},"author":5,"featured_media":8239,"comment_status":"open","ping_status":"open","sticky":false,"template":"","format":"standard","meta":{"jnews-multi-image_gallery":[],"jnews_single_post":{"format":"standard"},"jnews_primary_category":[],"jnews_override_counter":[],"jnews_post_split":[],"footnotes":""},"categories":[1],"tags":[1735,1736],"class_list":["post-8237","post","type-post","status-publish","format-standard","has-post-thumbnail","hentry","category-geral","tag-merenda-da-cidade","tag-restaurantes-sao-paulo"],"yoast_head":"<!-- This site is optimized with the Yoast SEO plugin v25.0 - https:\/\/yoast.com\/wordpress\/plugins\/seo\/ -->\n<title>Nesse restaurante elegante de S\u00e3o Paulo, qualquer prato sai por s\u00f3 R$49<\/title>\n<meta name=\"robots\" content=\"index, follow, max-snippet:-1, max-image-preview:large, max-video-preview:-1\" \/>\n<link rel=\"canonical\" href=\"https:\/\/crusoe.audiencelabs.com.br\/nesse-restaurante-elegante-de-sao-paulo-qualquer-prato-sai-por-so-r49\/\" \/>\n<meta property=\"og:locale\" content=\"pt_BR\" \/>\n<meta property=\"og:type\" content=\"article\" \/>\n<meta property=\"og:title\" content=\"Nesse restaurante elegante de S\u00e3o Paulo, qualquer prato sai por s\u00f3 R$49\" \/>\n<meta property=\"og:description\" content=\"No cora\u00e7\u00e3o da cidade de S\u00e3o Paulo, existe uma op\u00e7\u00e3o gastron\u00f4mica acess\u00edvel que proporciona a experi\u00eancia de quem busca a cozinha francesa sem gastar muito.&nbsp; O Merenda da Cidade, localizado na Rua Epit\u00e1cio Pessoa, n\u00famero 98, abriu suas portas em junho de 2023. Criado pelos renomados chefs Jana\u00edna e Jefferson Rueda, o bistr\u00f4 re\u00fane tradi\u00e7\u00e3o [&hellip;]\" \/>\n<meta property=\"og:url\" content=\"https:\/\/crusoe.audiencelabs.com.br\/nesse-restaurante-elegante-de-sao-paulo-qualquer-prato-sai-por-so-r49\/\" \/>\n<meta property=\"og:site_name\" content=\"Variedades - Cruso\u00e9\" \/>\n<meta property=\"article:published_time\" content=\"2025-08-09T09:00:00+00:00\" \/>\n<meta property=\"og:image\" content=\"https:\/\/cdn.crusoe.com.br\/uploads\/2025\/08\/Captura-de-tela-2025-08-04-135444-e1754326469167.jpg\" \/>\n\t<meta property=\"og:image:width\" content=\"831\" \/>\n\t<meta property=\"og:image:height\" content=\"556\" \/>\n\t<meta property=\"og:image:type\" content=\"image\/jpeg\" \/>\n<meta name=\"author\" content=\"Milena Armando\" \/>\n<meta name=\"twitter:card\" content=\"summary_large_image\" \/>\n<meta name=\"twitter:label1\" content=\"Escrito por\" \/>\n\t<meta name=\"twitter:data1\" content=\"Milena Armando\" \/>\n\t<meta name=\"twitter:label2\" content=\"Est. tempo de leitura\" \/>\n\t<meta name=\"twitter:data2\" content=\"3 minutos\" \/>\n<script type=\"application\/ld+json\" class=\"yoast-schema-graph\">{\"@context\":\"https:\/\/schema.org\",\"@graph\":[{\"@type\":\"WebPage\",\"@id\":\"https:\/\/crusoe.audiencelabs.com.br\/nesse-restaurante-elegante-de-sao-paulo-qualquer-prato-sai-por-so-r49\/\",\"url\":\"https:\/\/crusoe.audiencelabs.com.br\/nesse-restaurante-elegante-de-sao-paulo-qualquer-prato-sai-por-so-r49\/\",\"name\":\"Nesse restaurante elegante de S\u00e3o Paulo, qualquer prato sai por s\u00f3 R$49\",\"isPartOf\":{\"@id\":\"https:\/\/crusoe.audiencelabs.com.br\/#website\"},\"primaryImageOfPage\":{\"@id\":\"https:\/\/crusoe.audiencelabs.com.br\/nesse-restaurante-elegante-de-sao-paulo-qualquer-prato-sai-por-so-r49\/#primaryimage\"},\"image\":{\"@id\":\"https:\/\/crusoe.audiencelabs.com.br\/nesse-restaurante-elegante-de-sao-paulo-qualquer-prato-sai-por-so-r49\/#primaryimage\"},\"thumbnailUrl\":\"https:\/\/cdn.crusoe.com.br\/uploads\/2025\/08\/Captura-de-tela-2025-08-04-135444-e1754326469167.jpg\",\"datePublished\":\"2025-08-09T09:00:00+00:00\",\"author\":{\"@id\":\"https:\/\/crusoe.audiencelabs.com.br\/#\/schema\/person\/f87f73cfe89e5360de2c006bd4bd6a74\"},\"breadcrumb\":{\"@id\":\"https:\/\/crusoe.audiencelabs.com.br\/nesse-restaurante-elegante-de-sao-paulo-qualquer-prato-sai-por-so-r49\/#breadcrumb\"},\"inLanguage\":\"pt-BR\",\"potentialAction\":[{\"@type\":\"ReadAction\",\"target\":[\"https:\/\/crusoe.audiencelabs.com.br\/nesse-restaurante-elegante-de-sao-paulo-qualquer-prato-sai-por-so-r49\/\"]}]},{\"@type\":\"ImageObject\",\"inLanguage\":\"pt-BR\",\"@id\":\"https:\/\/crusoe.audiencelabs.com.br\/nesse-restaurante-elegante-de-sao-paulo-qualquer-prato-sai-por-so-r49\/#primaryimage\",\"url\":\"https:\/\/cdn.crusoe.com.br\/uploads\/2025\/08\/Captura-de-tela-2025-08-04-135444-e1754326469167.jpg\",\"contentUrl\":\"https:\/\/cdn.crusoe.com.br\/uploads\/2025\/08\/Captura-de-tela-2025-08-04-135444-e1754326469167.jpg\",\"width\":831,\"height\":556,\"caption\":\"Foto: Integram Merenda da Cidade\"},{\"@type\":\"BreadcrumbList\",\"@id\":\"https:\/\/crusoe.audiencelabs.com.br\/nesse-restaurante-elegante-de-sao-paulo-qualquer-prato-sai-por-so-r49\/#breadcrumb\",\"itemListElement\":[{\"@type\":\"ListItem\",\"position\":1,\"name\":\"Home\",\"item\":\"https:\/\/crusoe.audiencelabs.com.br\/\"},{\"@type\":\"ListItem\",\"position\":2,\"name\":\"Nesse restaurante elegante de S\u00e3o Paulo, qualquer prato sai por s\u00f3 R$49\"}]},{\"@type\":\"WebSite\",\"@id\":\"https:\/\/crusoe.audiencelabs.com.br\/#website\",\"url\":\"https:\/\/crusoe.audiencelabs.com.br\/\",\"name\":\"Variedades - Cruso\u00e9\",\"description\":\"\",\"potentialAction\":[{\"@type\":\"SearchAction\",\"target\":{\"@type\":\"EntryPoint\",\"urlTemplate\":\"https:\/\/crusoe.audiencelabs.com.br\/?s={search_term_string}\"},\"query-input\":{\"@type\":\"PropertyValueSpecification\",\"valueRequired\":true,\"valueName\":\"search_term_string\"}}],\"inLanguage\":\"pt-BR\"},{\"@type\":\"Person\",\"@id\":\"https:\/\/crusoe.audiencelabs.com.br\/#\/schema\/person\/f87f73cfe89e5360de2c006bd4bd6a74\",\"name\":\"Milena Armando\",\"image\":{\"@type\":\"ImageObject\",\"inLanguage\":\"pt-BR\",\"@id\":\"https:\/\/crusoe.audiencelabs.com.br\/#\/schema\/person\/image\/\",\"url\":\"https:\/\/secure.gravatar.com\/avatar\/ea14ecddc9e9d202b698b18f9f69e09c9fd74cfbed5c6008d55f11faefdbdab7?s=96&d=mm&r=g\",\"contentUrl\":\"https:\/\/secure.gravatar.com\/avatar\/ea14ecddc9e9d202b698b18f9f69e09c9fd74cfbed5c6008d55f11faefdbdab7?s=96&d=mm&r=g\",\"caption\":\"Milena Armando\"},\"description\":\"Jornalista, redatora e revisora.\",\"url\":\"https:\/\/crusoe.audiencelabs.com.br\/author\/milena\/\"}]}<\/script>\n<!-- \/ Yoast SEO plugin. -->","yoast_head_json":{"title":"Nesse restaurante elegante de S\u00e3o Paulo, qualquer prato sai por s\u00f3 R$49","robots":{"index":"index","follow":"follow","max-snippet":"max-snippet:-1","max-image-preview":"max-image-preview:large","max-video-preview":"max-video-preview:-1"},"canonical":"https:\/\/crusoe.audiencelabs.com.br\/nesse-restaurante-elegante-de-sao-paulo-qualquer-prato-sai-por-so-r49\/","og_locale":"pt_BR","og_type":"article","og_title":"Nesse restaurante elegante de S\u00e3o Paulo, qualquer prato sai por s\u00f3 R$49","og_description":"No cora\u00e7\u00e3o da cidade de S\u00e3o Paulo, existe uma op\u00e7\u00e3o gastron\u00f4mica acess\u00edvel que proporciona a experi\u00eancia de quem busca a cozinha francesa sem gastar muito.&nbsp; O Merenda da Cidade, localizado na Rua Epit\u00e1cio Pessoa, n\u00famero 98, abriu suas portas em junho de 2023. Criado pelos renomados chefs Jana\u00edna e Jefferson Rueda, o bistr\u00f4 re\u00fane tradi\u00e7\u00e3o [&hellip;]","og_url":"https:\/\/crusoe.audiencelabs.com.br\/nesse-restaurante-elegante-de-sao-paulo-qualquer-prato-sai-por-so-r49\/","og_site_name":"Variedades - Cruso\u00e9","article_published_time":"2025-08-09T09:00:00+00:00","og_image":[{"width":831,"height":556,"url":"https:\/\/cdn.crusoe.com.br\/uploads\/2025\/08\/Captura-de-tela-2025-08-04-135444-e1754326469167.jpg","type":"image\/jpeg"}],"author":"Milena Armando","twitter_card":"summary_large_image","twitter_misc":{"Escrito por":"Milena Armando","Est. tempo de leitura":"3 minutos"},"schema":{"@context":"https:\/\/schema.org","@graph":[{"@type":"WebPage","@id":"https:\/\/crusoe.audiencelabs.com.br\/nesse-restaurante-elegante-de-sao-paulo-qualquer-prato-sai-por-so-r49\/","url":"https:\/\/crusoe.audiencelabs.com.br\/nesse-restaurante-elegante-de-sao-paulo-qualquer-prato-sai-por-so-r49\/","name":"Nesse restaurante elegante de S\u00e3o Paulo, qualquer prato sai por s\u00f3 R$49","isPartOf":{"@id":"https:\/\/crusoe.audiencelabs.com.br\/#website"},"primaryImageOfPage":{"@id":"https:\/\/crusoe.audiencelabs.com.br\/nesse-restaurante-elegante-de-sao-paulo-qualquer-prato-sai-por-so-r49\/#primaryimage"},"image":{"@id":"https:\/\/crusoe.audiencelabs.com.br\/nesse-restaurante-elegante-de-sao-paulo-qualquer-prato-sai-por-so-r49\/#primaryimage"},"thumbnailUrl":"https:\/\/cdn.crusoe.com.br\/uploads\/2025\/08\/Captura-de-tela-2025-08-04-135444-e1754326469167.jpg","datePublished":"2025-08-09T09:00:00+00:00","author":{"@id":"https:\/\/crusoe.audiencelabs.com.br\/#\/schema\/person\/f87f73cfe89e5360de2c006bd4bd6a74"},"breadcrumb":{"@id":"https:\/\/crusoe.audiencelabs.com.br\/nesse-restaurante-elegante-de-sao-paulo-qualquer-prato-sai-por-so-r49\/#breadcrumb"},"inLanguage":"pt-BR","potentialAction":[{"@type":"ReadAction","target":["https:\/\/crusoe.audiencelabs.com.br\/nesse-restaurante-elegante-de-sao-paulo-qualquer-prato-sai-por-so-r49\/"]}]},{"@type":"ImageObject","inLanguage":"pt-BR","@id":"https:\/\/crusoe.audiencelabs.com.br\/nesse-restaurante-elegante-de-sao-paulo-qualquer-prato-sai-por-so-r49\/#primaryimage","url":"https:\/\/cdn.crusoe.com.br\/uploads\/2025\/08\/Captura-de-tela-2025-08-04-135444-e1754326469167.jpg","contentUrl":"https:\/\/cdn.crusoe.com.br\/uploads\/2025\/08\/Captura-de-tela-2025-08-04-135444-e1754326469167.jpg","width":831,"height":556,"caption":"Foto: Integram Merenda da Cidade"},{"@type":"BreadcrumbList","@id":"https:\/\/crusoe.audiencelabs.com.br\/nesse-restaurante-elegante-de-sao-paulo-qualquer-prato-sai-por-so-r49\/#breadcrumb","itemListElement":[{"@type":"ListItem","position":1,"name":"Home","item":"https:\/\/crusoe.audiencelabs.com.br\/"},{"@type":"ListItem","position":2,"name":"Nesse restaurante elegante de S\u00e3o Paulo, qualquer prato sai por s\u00f3 R$49"}]},{"@type":"WebSite","@id":"https:\/\/crusoe.audiencelabs.com.br\/#website","url":"https:\/\/crusoe.audiencelabs.com.br\/","name":"Variedades - Cruso\u00e9","description":"","potentialAction":[{"@type":"SearchAction","target":{"@type":"EntryPoint","urlTemplate":"https:\/\/crusoe.audiencelabs.com.br\/?s={search_term_string}"},"query-input":{"@type":"PropertyValueSpecification","valueRequired":true,"valueName":"search_term_string"}}],"inLanguage":"pt-BR"},{"@type":"Person","@id":"https:\/\/crusoe.audiencelabs.com.br\/#\/schema\/person\/f87f73cfe89e5360de2c006bd4bd6a74","name":"Milena Armando","image":{"@type":"ImageObject","inLanguage":"pt-BR","@id":"https:\/\/crusoe.audiencelabs.com.br\/#\/schema\/person\/image\/","url":"https:\/\/secure.gravatar.com\/avatar\/ea14ecddc9e9d202b698b18f9f69e09c9fd74cfbed5c6008d55f11faefdbdab7?s=96&d=mm&r=g","contentUrl":"https:\/\/secure.gravatar.com\/avatar\/ea14ecddc9e9d202b698b18f9f69e09c9fd74cfbed5c6008d55f11faefdbdab7?s=96&d=mm&r=g","caption":"Milena Armando"},"description":"Jornalista, redatora e revisora.","url":"https:\/\/crusoe.audiencelabs.com.br\/author\/milena\/"}]}},"_links":{"self":[{"href":"https:\/\/crusoe.audiencelabs.com.br\/wp-json\/wp\/v2\/posts\/8237","targetHints":{"allow":["GET"]}}],"collection":[{"href":"https:\/\/crusoe.audiencelabs.com.br\/wp-json\/wp\/v2\/posts"}],"about":[{"href":"https:\/\/crusoe.audiencelabs.com.br\/wp-json\/wp\/v2\/types\/post"}],"author":[{"embeddable":true,"href":"https:\/\/crusoe.audiencelabs.com.br\/wp-json\/wp\/v2\/users\/5"}],"replies":[{"embeddable":true,"href":"https:\/\/crusoe.audiencelabs.com.br\/wp-json\/wp\/v2\/comments?post=8237"}],"version-history":[{"count":1,"href":"https:\/\/crusoe.audiencelabs.com.br\/wp-json\/wp\/v2\/posts\/8237\/revisions"}],"predecessor-version":[{"id":8245,"href":"https:\/\/crusoe.audiencelabs.com.br\/wp-json\/wp\/v2\/posts\/8237\/revisions\/8245"}],"wp:featuredmedia":[{"embeddable":true,"href":"https:\/\/crusoe.audiencelabs.com.br\/wp-json\/wp\/v2\/media\/8239"}],"wp:attachment":[{"href":"https:\/\/crusoe.audiencelabs.com.br\/wp-json\/wp\/v2\/media?parent=8237"}],"wp:term":[{"taxonomy":"category","embeddable":true,"href":"https:\/\/crusoe.audiencelabs.com.br\/wp-json\/wp\/v2\/categories?post=8237"},{"taxonomy":"post_tag","embeddable":true,"href":"https:\/\/crusoe.audiencelabs.com.br\/wp-json\/wp\/v2\/tags?post=8237"}],"curies":[{"name":"wp","href":"https:\/\/api.w.org\/{rel}","templated":true}]}}