{"id":8166,"date":"2025-08-04T18:30:00","date_gmt":"2025-08-04T21:30:00","guid":{"rendered":"https:\/\/crusoe.com.br\/variedades\/?p=8166"},"modified":"2025-08-04T10:36:00","modified_gmt":"2025-08-04T13:36:00","slug":"tubarao-pre-historico-de-340-milhoes-de-anos-foi-encontrado-em-caverna-gigante","status":"publish","type":"post","link":"https:\/\/crusoe.audiencelabs.com.br\/tubarao-pre-historico-de-340-milhoes-de-anos-foi-encontrado-em-caverna-gigante\/","title":{"rendered":"Tubar\u00e3o pr\u00e9-hist\u00f3rico de 340 milh\u00f5es de anos foi encontrado em caverna gigante"},"content":{"rendered":"\n<p>Uma equipe de paleont\u00f3logos desvendou um significativo mist\u00e9rio pr\u00e9-hist\u00f3rico, descobrindo uma nova esp\u00e9cie de tubar\u00e3o, o <strong><em>Macadens olsoni<\/em><\/strong>.&nbsp;<\/p>\n\n\n\n<p>O achado ocorreu no Parque Nacional Mammoth Cave, Kentucky (EUA), em uma \u00e1rea que, h\u00e1 cerca de 340 milh\u00f5es de anos, durante o per\u00edodo Carbon\u00edfero, era coberta por um mar raso e quente.&nbsp;<\/p>\n\n\n<div class=\"wp-block-image\">\n<figure class=\"aligncenter size-full\"><img loading=\"lazy\" decoding=\"async\" width=\"612\" height=\"408\" src=\"https:\/\/cdn.crusoe.com.br\/uploads\/2025\/08\/Parque-Nacional-Mammoth-Cave.jpg\" alt=\"\" class=\"wp-image-8169\" srcset=\"https:\/\/cdn.crusoe.com.br\/uploads\/2025\/08\/Parque-Nacional-Mammoth-Cave.jpg 612w, https:\/\/cdn.crusoe.com.br\/uploads\/2025\/08\/Parque-Nacional-Mammoth-Cave-300x200.jpg 300w\" sizes=\"auto, (max-width: 612px) 100vw, 612px\" \/><figcaption class=\"wp-element-caption\"><em>Parque Nacional Mammoth Cave &#8211; Foto: iStock <\/em><\/figcaption><\/figure>\n<\/div>\n\n\n<p>As escava\u00e7\u00f5es na forma\u00e7\u00e3o Ste. Genevieve trouxeram \u00e0 tona o dente fossilizado, datando do mesmo per\u00edodo, avan\u00e7ando o conhecimento sobre os ecossistemas antigos.<\/p>\n\n\n\n<p>A descoberta foi celebrada pela comunidade cient\u00edfica, pois adiciona ao cat\u00e1logo conhecido das esp\u00e9cies de tubar\u00e3o e fornece novas informa\u00e7\u00f5es sobre a evolu\u00e7\u00e3o dos predadores marinhos. Este f\u00f3ssil representa uma parte crucial da evolu\u00e7\u00e3o das esp\u00e9cies e a rica biodiversidade de uma era j\u00e1 extinta.<\/p>\n\n\n\n<h2 class=\"wp-block-heading\">Detalhes da descoberta<\/h2>\n\n\n\n<p>Enfrentando mares internos que cobriam a Am\u00e9rica do Norte naquele tempo, o Macadens olsoni possu\u00eda uma denti\u00e7\u00e3o curvada, indicada para esmagar pequenas criaturas marinhas, como moluscos e vermes, sinalizando importante adapta\u00e7\u00e3o.&nbsp;<\/p>\n\n\n<div class=\"wp-block-image\">\n<figure class=\"aligncenter size-full\"><img loading=\"lazy\" decoding=\"async\" width=\"1000\" height=\"563\" src=\"https:\/\/cdn.crusoe.com.br\/uploads\/2025\/08\/macadens-olsoni.webp\" alt=\"\" class=\"wp-image-8168\" srcset=\"https:\/\/cdn.crusoe.com.br\/uploads\/2025\/08\/macadens-olsoni.webp 1000w, https:\/\/cdn.crusoe.com.br\/uploads\/2025\/08\/macadens-olsoni-300x169.webp 300w, https:\/\/cdn.crusoe.com.br\/uploads\/2025\/08\/macadens-olsoni-768x432.webp 768w, https:\/\/cdn.crusoe.com.br\/uploads\/2025\/08\/macadens-olsoni-750x422.webp 750w\" sizes=\"auto, (max-width: 1000px) 100vw, 1000px\" \/><figcaption class=\"wp-element-caption\"><em>Macadens olsoni &#8211; Foto: WFMW<\/em><\/figcaption><\/figure>\n<\/div>\n\n\n<p>Com apenas 30 cent\u00edmetros de comprimento, este tubar\u00e3o pequeno \u00e9 uma pista valiosa para a diversidade das formas de vida marinha do passado, ressaltando considera\u00e7\u00f5es evolutivas.<\/p>\n\n\n\n<p>A forma\u00e7\u00e3o Ste. Genevieve, onde o f\u00f3ssil foi encontrado, \u00e9 reconhecida por sua riqueza geol\u00f3gica. Durante o Carbon\u00edfero, abrigava uma profus\u00e3o de vida marinha que inclu\u00eda crinoides e corais. As an\u00e1lises f\u00f3sseis oferecem um vislumbre da vida h\u00e1 centenas de milh\u00f5es de anos, fundamental para reavaliar classifica\u00e7\u00f5es anteriores.<\/p>\n\n\n\n<h2 class=\"wp-block-heading\">Import\u00e2ncia educacional e cient\u00edfica<\/h2>\n\n\n\n<p>A pesquisa paleontol\u00f3gica no Parque Nacional Mammoth Cave demonstra como a investiga\u00e7\u00e3o cient\u00edfica pode enriquecer o entendimento dos ecossistemas marinhos do passado.&nbsp;<\/p>\n\n\n\n<p>As descobertas oferecem oportunidades educativas valiosas para estudantes e o p\u00fablico, conectando o passado remoto com os dias atuais. Esta nova esp\u00e9cie n\u00e3o s\u00f3 \u00e9 uma adi\u00e7\u00e3o ao conhecimento, mas tamb\u00e9m inspira novas explora\u00e7\u00f5es.<\/p>\n\n\n\n<h2 class=\"wp-block-heading\">Relev\u00e2ncia da pesquisa paleontol\u00f3gica<\/h2>\n\n\n\n<p>A descoberta de esp\u00e9cies pr\u00e9-hist\u00f3ricas como o Macadens olsoni sublinha a import\u00e2ncia cont\u00ednua da preserva\u00e7\u00e3o e estudo dos parques nacionais.\u00a0<\/p>\n\n\n\n<p>Ao proporcionar informa\u00e7\u00f5es detalhadas sobre antigos habitats e formas de vida, a paleontologia continua a revolucionar nossa percep\u00e7\u00e3o do mundo natural. <\/p>\n","protected":false},"excerpt":{"rendered":"<p>Uma equipe de paleont\u00f3logos desvendou um significativo mist\u00e9rio pr\u00e9-hist\u00f3rico, descobrindo uma nova esp\u00e9cie de tubar\u00e3o, o Macadens olsoni.&nbsp; O achado ocorreu no Parque Nacional Mammoth Cave, Kentucky (EUA), em uma \u00e1rea que, h\u00e1 cerca de 340 milh\u00f5es de anos, durante o per\u00edodo Carbon\u00edfero, era coberta por um mar raso e quente.&nbsp; As escava\u00e7\u00f5es na forma\u00e7\u00e3o [&hellip;]<\/p>\n","protected":false},"author":5,"featured_media":8167,"comment_status":"open","ping_status":"open","sticky":false,"template":"","format":"standard","meta":{"jnews-multi-image_gallery":[],"jnews_single_post":{"format":"standard"},"jnews_primary_category":[],"jnews_override_counter":[],"jnews_post_split":[],"footnotes":""},"categories":[1],"tags":[718,1723],"class_list":["post-8166","post","type-post","status-publish","format-standard","has-post-thumbnail","hentry","category-geral","tag-descoberta","tag-macadens-olsoni"],"yoast_head":"<!-- This site is optimized with the Yoast SEO plugin v25.0 - https:\/\/yoast.com\/wordpress\/plugins\/seo\/ -->\n<title>Tubar\u00e3o pr\u00e9-hist\u00f3rico de 340 milh\u00f5es de anos foi encontrado em caverna gigante<\/title>\n<meta name=\"robots\" content=\"index, follow, max-snippet:-1, max-image-preview:large, max-video-preview:-1\" \/>\n<link rel=\"canonical\" href=\"https:\/\/crusoe.audiencelabs.com.br\/tubarao-pre-historico-de-340-milhoes-de-anos-foi-encontrado-em-caverna-gigante\/\" \/>\n<meta property=\"og:locale\" content=\"pt_BR\" \/>\n<meta property=\"og:type\" content=\"article\" \/>\n<meta property=\"og:title\" content=\"Tubar\u00e3o pr\u00e9-hist\u00f3rico de 340 milh\u00f5es de anos foi encontrado em caverna gigante\" \/>\n<meta property=\"og:description\" content=\"Uma equipe de paleont\u00f3logos desvendou um significativo mist\u00e9rio pr\u00e9-hist\u00f3rico, descobrindo uma nova esp\u00e9cie de tubar\u00e3o, o Macadens olsoni.&nbsp; O achado ocorreu no Parque Nacional Mammoth Cave, Kentucky (EUA), em uma \u00e1rea que, h\u00e1 cerca de 340 milh\u00f5es de anos, durante o per\u00edodo Carbon\u00edfero, era coberta por um mar raso e quente.&nbsp; As escava\u00e7\u00f5es na forma\u00e7\u00e3o [&hellip;]\" \/>\n<meta property=\"og:url\" content=\"https:\/\/crusoe.audiencelabs.com.br\/tubarao-pre-historico-de-340-milhoes-de-anos-foi-encontrado-em-caverna-gigante\/\" \/>\n<meta property=\"og:site_name\" content=\"Variedades - Cruso\u00e9\" \/>\n<meta property=\"article:published_time\" content=\"2025-08-04T21:30:00+00:00\" \/>\n<meta property=\"og:image\" content=\"https:\/\/cdn.crusoe.com.br\/uploads\/2025\/08\/pexels-george-desipris-726478-scaled.jpg\" \/>\n\t<meta property=\"og:image:width\" content=\"2560\" \/>\n\t<meta property=\"og:image:height\" content=\"1440\" \/>\n\t<meta property=\"og:image:type\" content=\"image\/jpeg\" \/>\n<meta name=\"author\" content=\"Milena Armando\" \/>\n<meta name=\"twitter:card\" content=\"summary_large_image\" \/>\n<meta name=\"twitter:label1\" content=\"Escrito por\" \/>\n\t<meta name=\"twitter:data1\" content=\"Milena Armando\" \/>\n\t<meta name=\"twitter:label2\" content=\"Est. tempo de leitura\" \/>\n\t<meta name=\"twitter:data2\" content=\"3 minutos\" \/>\n<script type=\"application\/ld+json\" class=\"yoast-schema-graph\">{\"@context\":\"https:\/\/schema.org\",\"@graph\":[{\"@type\":\"WebPage\",\"@id\":\"https:\/\/crusoe.audiencelabs.com.br\/tubarao-pre-historico-de-340-milhoes-de-anos-foi-encontrado-em-caverna-gigante\/\",\"url\":\"https:\/\/crusoe.audiencelabs.com.br\/tubarao-pre-historico-de-340-milhoes-de-anos-foi-encontrado-em-caverna-gigante\/\",\"name\":\"Tubar\u00e3o pr\u00e9-hist\u00f3rico de 340 milh\u00f5es de anos foi encontrado em caverna gigante\",\"isPartOf\":{\"@id\":\"https:\/\/crusoe.audiencelabs.com.br\/#website\"},\"primaryImageOfPage\":{\"@id\":\"https:\/\/crusoe.audiencelabs.com.br\/tubarao-pre-historico-de-340-milhoes-de-anos-foi-encontrado-em-caverna-gigante\/#primaryimage\"},\"image\":{\"@id\":\"https:\/\/crusoe.audiencelabs.com.br\/tubarao-pre-historico-de-340-milhoes-de-anos-foi-encontrado-em-caverna-gigante\/#primaryimage\"},\"thumbnailUrl\":\"https:\/\/cdn.crusoe.com.br\/uploads\/2025\/08\/pexels-george-desipris-726478-scaled.jpg\",\"datePublished\":\"2025-08-04T21:30:00+00:00\",\"author\":{\"@id\":\"https:\/\/crusoe.audiencelabs.com.br\/#\/schema\/person\/f87f73cfe89e5360de2c006bd4bd6a74\"},\"breadcrumb\":{\"@id\":\"https:\/\/crusoe.audiencelabs.com.br\/tubarao-pre-historico-de-340-milhoes-de-anos-foi-encontrado-em-caverna-gigante\/#breadcrumb\"},\"inLanguage\":\"pt-BR\",\"potentialAction\":[{\"@type\":\"ReadAction\",\"target\":[\"https:\/\/crusoe.audiencelabs.com.br\/tubarao-pre-historico-de-340-milhoes-de-anos-foi-encontrado-em-caverna-gigante\/\"]}]},{\"@type\":\"ImageObject\",\"inLanguage\":\"pt-BR\",\"@id\":\"https:\/\/crusoe.audiencelabs.com.br\/tubarao-pre-historico-de-340-milhoes-de-anos-foi-encontrado-em-caverna-gigante\/#primaryimage\",\"url\":\"https:\/\/cdn.crusoe.com.br\/uploads\/2025\/08\/pexels-george-desipris-726478-scaled.jpg\",\"contentUrl\":\"https:\/\/cdn.crusoe.com.br\/uploads\/2025\/08\/pexels-george-desipris-726478-scaled.jpg\",\"width\":2560,\"height\":1440,\"caption\":\"Foto: GEORGE DESIPRIS\/Pexels\"},{\"@type\":\"BreadcrumbList\",\"@id\":\"https:\/\/crusoe.audiencelabs.com.br\/tubarao-pre-historico-de-340-milhoes-de-anos-foi-encontrado-em-caverna-gigante\/#breadcrumb\",\"itemListElement\":[{\"@type\":\"ListItem\",\"position\":1,\"name\":\"Home\",\"item\":\"https:\/\/crusoe.audiencelabs.com.br\/\"},{\"@type\":\"ListItem\",\"position\":2,\"name\":\"Tubar\u00e3o pr\u00e9-hist\u00f3rico de 340 milh\u00f5es de anos foi encontrado em caverna gigante\"}]},{\"@type\":\"WebSite\",\"@id\":\"https:\/\/crusoe.audiencelabs.com.br\/#website\",\"url\":\"https:\/\/crusoe.audiencelabs.com.br\/\",\"name\":\"Variedades - Cruso\u00e9\",\"description\":\"\",\"potentialAction\":[{\"@type\":\"SearchAction\",\"target\":{\"@type\":\"EntryPoint\",\"urlTemplate\":\"https:\/\/crusoe.audiencelabs.com.br\/?s={search_term_string}\"},\"query-input\":{\"@type\":\"PropertyValueSpecification\",\"valueRequired\":true,\"valueName\":\"search_term_string\"}}],\"inLanguage\":\"pt-BR\"},{\"@type\":\"Person\",\"@id\":\"https:\/\/crusoe.audiencelabs.com.br\/#\/schema\/person\/f87f73cfe89e5360de2c006bd4bd6a74\",\"name\":\"Milena Armando\",\"image\":{\"@type\":\"ImageObject\",\"inLanguage\":\"pt-BR\",\"@id\":\"https:\/\/crusoe.audiencelabs.com.br\/#\/schema\/person\/image\/\",\"url\":\"https:\/\/secure.gravatar.com\/avatar\/ea14ecddc9e9d202b698b18f9f69e09c9fd74cfbed5c6008d55f11faefdbdab7?s=96&d=mm&r=g\",\"contentUrl\":\"https:\/\/secure.gravatar.com\/avatar\/ea14ecddc9e9d202b698b18f9f69e09c9fd74cfbed5c6008d55f11faefdbdab7?s=96&d=mm&r=g\",\"caption\":\"Milena Armando\"},\"description\":\"Jornalista, redatora e revisora.\",\"url\":\"https:\/\/crusoe.audiencelabs.com.br\/author\/milena\/\"}]}<\/script>\n<!-- \/ Yoast SEO plugin. -->","yoast_head_json":{"title":"Tubar\u00e3o pr\u00e9-hist\u00f3rico de 340 milh\u00f5es de anos foi encontrado em caverna gigante","robots":{"index":"index","follow":"follow","max-snippet":"max-snippet:-1","max-image-preview":"max-image-preview:large","max-video-preview":"max-video-preview:-1"},"canonical":"https:\/\/crusoe.audiencelabs.com.br\/tubarao-pre-historico-de-340-milhoes-de-anos-foi-encontrado-em-caverna-gigante\/","og_locale":"pt_BR","og_type":"article","og_title":"Tubar\u00e3o pr\u00e9-hist\u00f3rico de 340 milh\u00f5es de anos foi encontrado em caverna gigante","og_description":"Uma equipe de paleont\u00f3logos desvendou um significativo mist\u00e9rio pr\u00e9-hist\u00f3rico, descobrindo uma nova esp\u00e9cie de tubar\u00e3o, o Macadens olsoni.&nbsp; O achado ocorreu no Parque Nacional Mammoth Cave, Kentucky (EUA), em uma \u00e1rea que, h\u00e1 cerca de 340 milh\u00f5es de anos, durante o per\u00edodo Carbon\u00edfero, era coberta por um mar raso e quente.&nbsp; As escava\u00e7\u00f5es na forma\u00e7\u00e3o [&hellip;]","og_url":"https:\/\/crusoe.audiencelabs.com.br\/tubarao-pre-historico-de-340-milhoes-de-anos-foi-encontrado-em-caverna-gigante\/","og_site_name":"Variedades - Cruso\u00e9","article_published_time":"2025-08-04T21:30:00+00:00","og_image":[{"width":2560,"height":1440,"url":"https:\/\/cdn.crusoe.com.br\/uploads\/2025\/08\/pexels-george-desipris-726478-scaled.jpg","type":"image\/jpeg"}],"author":"Milena Armando","twitter_card":"summary_large_image","twitter_misc":{"Escrito por":"Milena Armando","Est. tempo de leitura":"3 minutos"},"schema":{"@context":"https:\/\/schema.org","@graph":[{"@type":"WebPage","@id":"https:\/\/crusoe.audiencelabs.com.br\/tubarao-pre-historico-de-340-milhoes-de-anos-foi-encontrado-em-caverna-gigante\/","url":"https:\/\/crusoe.audiencelabs.com.br\/tubarao-pre-historico-de-340-milhoes-de-anos-foi-encontrado-em-caverna-gigante\/","name":"Tubar\u00e3o pr\u00e9-hist\u00f3rico de 340 milh\u00f5es de anos foi encontrado em caverna gigante","isPartOf":{"@id":"https:\/\/crusoe.audiencelabs.com.br\/#website"},"primaryImageOfPage":{"@id":"https:\/\/crusoe.audiencelabs.com.br\/tubarao-pre-historico-de-340-milhoes-de-anos-foi-encontrado-em-caverna-gigante\/#primaryimage"},"image":{"@id":"https:\/\/crusoe.audiencelabs.com.br\/tubarao-pre-historico-de-340-milhoes-de-anos-foi-encontrado-em-caverna-gigante\/#primaryimage"},"thumbnailUrl":"https:\/\/cdn.crusoe.com.br\/uploads\/2025\/08\/pexels-george-desipris-726478-scaled.jpg","datePublished":"2025-08-04T21:30:00+00:00","author":{"@id":"https:\/\/crusoe.audiencelabs.com.br\/#\/schema\/person\/f87f73cfe89e5360de2c006bd4bd6a74"},"breadcrumb":{"@id":"https:\/\/crusoe.audiencelabs.com.br\/tubarao-pre-historico-de-340-milhoes-de-anos-foi-encontrado-em-caverna-gigante\/#breadcrumb"},"inLanguage":"pt-BR","potentialAction":[{"@type":"ReadAction","target":["https:\/\/crusoe.audiencelabs.com.br\/tubarao-pre-historico-de-340-milhoes-de-anos-foi-encontrado-em-caverna-gigante\/"]}]},{"@type":"ImageObject","inLanguage":"pt-BR","@id":"https:\/\/crusoe.audiencelabs.com.br\/tubarao-pre-historico-de-340-milhoes-de-anos-foi-encontrado-em-caverna-gigante\/#primaryimage","url":"https:\/\/cdn.crusoe.com.br\/uploads\/2025\/08\/pexels-george-desipris-726478-scaled.jpg","contentUrl":"https:\/\/cdn.crusoe.com.br\/uploads\/2025\/08\/pexels-george-desipris-726478-scaled.jpg","width":2560,"height":1440,"caption":"Foto: GEORGE DESIPRIS\/Pexels"},{"@type":"BreadcrumbList","@id":"https:\/\/crusoe.audiencelabs.com.br\/tubarao-pre-historico-de-340-milhoes-de-anos-foi-encontrado-em-caverna-gigante\/#breadcrumb","itemListElement":[{"@type":"ListItem","position":1,"name":"Home","item":"https:\/\/crusoe.audiencelabs.com.br\/"},{"@type":"ListItem","position":2,"name":"Tubar\u00e3o pr\u00e9-hist\u00f3rico de 340 milh\u00f5es de anos foi encontrado em caverna gigante"}]},{"@type":"WebSite","@id":"https:\/\/crusoe.audiencelabs.com.br\/#website","url":"https:\/\/crusoe.audiencelabs.com.br\/","name":"Variedades - Cruso\u00e9","description":"","potentialAction":[{"@type":"SearchAction","target":{"@type":"EntryPoint","urlTemplate":"https:\/\/crusoe.audiencelabs.com.br\/?s={search_term_string}"},"query-input":{"@type":"PropertyValueSpecification","valueRequired":true,"valueName":"search_term_string"}}],"inLanguage":"pt-BR"},{"@type":"Person","@id":"https:\/\/crusoe.audiencelabs.com.br\/#\/schema\/person\/f87f73cfe89e5360de2c006bd4bd6a74","name":"Milena Armando","image":{"@type":"ImageObject","inLanguage":"pt-BR","@id":"https:\/\/crusoe.audiencelabs.com.br\/#\/schema\/person\/image\/","url":"https:\/\/secure.gravatar.com\/avatar\/ea14ecddc9e9d202b698b18f9f69e09c9fd74cfbed5c6008d55f11faefdbdab7?s=96&d=mm&r=g","contentUrl":"https:\/\/secure.gravatar.com\/avatar\/ea14ecddc9e9d202b698b18f9f69e09c9fd74cfbed5c6008d55f11faefdbdab7?s=96&d=mm&r=g","caption":"Milena Armando"},"description":"Jornalista, redatora e revisora.","url":"https:\/\/crusoe.audiencelabs.com.br\/author\/milena\/"}]}},"_links":{"self":[{"href":"https:\/\/crusoe.audiencelabs.com.br\/wp-json\/wp\/v2\/posts\/8166","targetHints":{"allow":["GET"]}}],"collection":[{"href":"https:\/\/crusoe.audiencelabs.com.br\/wp-json\/wp\/v2\/posts"}],"about":[{"href":"https:\/\/crusoe.audiencelabs.com.br\/wp-json\/wp\/v2\/types\/post"}],"author":[{"embeddable":true,"href":"https:\/\/crusoe.audiencelabs.com.br\/wp-json\/wp\/v2\/users\/5"}],"replies":[{"embeddable":true,"href":"https:\/\/crusoe.audiencelabs.com.br\/wp-json\/wp\/v2\/comments?post=8166"}],"version-history":[{"count":1,"href":"https:\/\/crusoe.audiencelabs.com.br\/wp-json\/wp\/v2\/posts\/8166\/revisions"}],"predecessor-version":[{"id":8170,"href":"https:\/\/crusoe.audiencelabs.com.br\/wp-json\/wp\/v2\/posts\/8166\/revisions\/8170"}],"wp:featuredmedia":[{"embeddable":true,"href":"https:\/\/crusoe.audiencelabs.com.br\/wp-json\/wp\/v2\/media\/8167"}],"wp:attachment":[{"href":"https:\/\/crusoe.audiencelabs.com.br\/wp-json\/wp\/v2\/media?parent=8166"}],"wp:term":[{"taxonomy":"category","embeddable":true,"href":"https:\/\/crusoe.audiencelabs.com.br\/wp-json\/wp\/v2\/categories?post=8166"},{"taxonomy":"post_tag","embeddable":true,"href":"https:\/\/crusoe.audiencelabs.com.br\/wp-json\/wp\/v2\/tags?post=8166"}],"curies":[{"name":"wp","href":"https:\/\/api.w.org\/{rel}","templated":true}]}}