{"id":8150,"date":"2025-08-04T13:30:00","date_gmt":"2025-08-04T16:30:00","guid":{"rendered":"https:\/\/crusoe.com.br\/variedades\/?p=8150"},"modified":"2025-08-04T07:24:12","modified_gmt":"2025-08-04T10:24:12","slug":"como-solicitar-a-nova-carteira-de-identidade-com-cpf-unificado","status":"publish","type":"post","link":"https:\/\/crusoe.audiencelabs.com.br\/como-solicitar-a-nova-carteira-de-identidade-com-cpf-unificado\/","title":{"rendered":"Como solicitar a nova carteira de identidade com CPF unificado"},"content":{"rendered":"\n<p>O governo federal, em parceria com os estados e o Distrito Federal, implementou a nova Carteira de Identidade Nacional (CIN) que unifica o RG, fazendo uso do CPF como n\u00famero \u00fanico de identifica\u00e7\u00e3o.&nbsp;<\/p>\n\n\n\n<p>Esta medida foi adotada para modernizar o sistema, agilizar o processo de documenta\u00e7\u00e3o, reduzir fraudes e facilitar a intera\u00e7\u00e3o dos cidad\u00e3os com o Estado.<\/p>\n\n\n\n<h2 class=\"wp-block-heading\">Como emitir a CIN?&nbsp;<\/h2>\n\n\n\n<p>Para solicitar a CIN, o cidad\u00e3o precisa apresentar a certid\u00e3o de nascimento ou casamento, tanto em formato f\u00edsico quanto digital.\u00a0A emiss\u00e3o do novo documento pode ser feita em qualquer Instituto de Identifica\u00e7\u00e3o do pa\u00eds, como por exemplo, os Poupatempos em S\u00e3o Paulo.\u00a0<\/p>\n\n\n\n<p>O sistema permite a integra\u00e7\u00e3o de documentos como a Carteira Nacional de Habilita\u00e7\u00e3o (CNH) e o N\u00famero de Identifica\u00e7\u00e3o Social (NIS) \u00e0 vers\u00e3o digital, proporcionando praticidade adicional.&nbsp;<\/p>\n\n\n\n<h2 class=\"wp-block-heading\">Centraliza\u00e7\u00e3o e acessibilidade<\/h2>\n\n\n\n<p>A implementa\u00e7\u00e3o da CIN busca centralizar os dados de identifica\u00e7\u00e3o, evitando a fragmenta\u00e7\u00e3o dos registros pessoais.&nbsp;<\/p>\n\n\n\n<p>Dispon\u00edvel em formato f\u00edsico e digital atrav\u00e9s do aplicativo gov.br, a nova identidade garante que os cidad\u00e3os tenham sempre f\u00e1cil acesso ao documento. A primeira emiss\u00e3o \u00e9 gratuita em ambos os formatos, papel e digital.<\/p>\n\n\n\n<p>Um diferencial \u00e9 o QR Code presente na CIN, que foi validado pelo Minist\u00e9rio da Justi\u00e7a e Seguran\u00e7a P\u00fablica. Este recurso permite verificar a autenticidade do documento offline, representando um avan\u00e7o importante em termos de seguran\u00e7a.<\/p>\n\n\n\n<h2 class=\"wp-block-heading\">Benef\u00edcios da implementa\u00e7\u00e3o<\/h2>\n\n\n\n<p>At\u00e9 agora, mais de 30 milh\u00f5es de unidades da CIN foram emitidas, evidenciando a aceita\u00e7\u00e3o e os benef\u00edcios percebidos pela popula\u00e7\u00e3o. O objetivo \u00e9 que, at\u00e9 2026, cerca de 130 milh\u00f5es de brasileiros possuam o novo documento.<\/p>\n\n\n\n<p>A iniciativa faz parte de um esfor\u00e7o maior do governo para criar um banco de dados populacional robusto, facilitando o direcionamento de pol\u00edticas p\u00fablicas e sociais.<\/p>\n\n\n\n<p>A transi\u00e7\u00e3o completa deve ser conclu\u00edda at\u00e9 fevereiro de 2032, com o novo documento substituindo totalmente o antigo RG. A partir dessa data, a CIN ser\u00e1 obrigat\u00f3ria para todos os cidad\u00e3os.&nbsp;<\/p>\n\n\n\n<p>At\u00e9 l\u00e1, os brasileiros t\u00eam tempo para se adaptar \u00e0 nova identidade, que promete aumentar a seguran\u00e7a e a praticidade no acesso a servi\u00e7os p\u00fablicos e privados.<\/p>\n","protected":false},"excerpt":{"rendered":"<p>O governo federal, em parceria com os estados e o Distrito Federal, implementou a nova Carteira de Identidade Nacional (CIN) que unifica o RG, fazendo uso do CPF como n\u00famero \u00fanico de identifica\u00e7\u00e3o.&nbsp; Esta medida foi adotada para modernizar o sistema, agilizar o processo de documenta\u00e7\u00e3o, reduzir fraudes e facilitar a intera\u00e7\u00e3o dos cidad\u00e3os com [&hellip;]<\/p>\n","protected":false},"author":5,"featured_media":8151,"comment_status":"open","ping_status":"open","sticky":false,"template":"","format":"standard","meta":{"jnews-multi-image_gallery":[],"jnews_single_post":{"format":"standard"},"jnews_primary_category":[],"jnews_override_counter":[],"jnews_post_split":[],"footnotes":""},"categories":[1],"tags":[1717,1718,1716,1715],"class_list":["post-8150","post","type-post","status-publish","format-standard","has-post-thumbnail","hentry","category-geral","tag-cin","tag-como-emitir","tag-novo-rg","tag-rg"],"yoast_head":"<!-- This site is optimized with the Yoast SEO plugin v25.0 - https:\/\/yoast.com\/wordpress\/plugins\/seo\/ -->\n<title>Como solicitar a nova carteira de identidade com CPF unificado<\/title>\n<meta name=\"robots\" content=\"index, follow, max-snippet:-1, max-image-preview:large, max-video-preview:-1\" \/>\n<link rel=\"canonical\" href=\"https:\/\/crusoe.audiencelabs.com.br\/como-solicitar-a-nova-carteira-de-identidade-com-cpf-unificado\/\" \/>\n<meta property=\"og:locale\" content=\"pt_BR\" \/>\n<meta property=\"og:type\" content=\"article\" \/>\n<meta property=\"og:title\" content=\"Como solicitar a nova carteira de identidade com CPF unificado\" \/>\n<meta property=\"og:description\" content=\"O governo federal, em parceria com os estados e o Distrito Federal, implementou a nova Carteira de Identidade Nacional (CIN) que unifica o RG, fazendo uso do CPF como n\u00famero \u00fanico de identifica\u00e7\u00e3o.&nbsp; Esta medida foi adotada para modernizar o sistema, agilizar o processo de documenta\u00e7\u00e3o, reduzir fraudes e facilitar a intera\u00e7\u00e3o dos cidad\u00e3os com [&hellip;]\" \/>\n<meta property=\"og:url\" content=\"https:\/\/crusoe.audiencelabs.com.br\/como-solicitar-a-nova-carteira-de-identidade-com-cpf-unificado\/\" \/>\n<meta property=\"og:site_name\" content=\"Variedades - Cruso\u00e9\" \/>\n<meta property=\"article:published_time\" content=\"2025-08-04T16:30:00+00:00\" \/>\n<meta property=\"og:image\" content=\"https:\/\/cdn.crusoe.com.br\/uploads\/2025\/08\/c7748930-f298-4192-8d9c-083645a53bf7.jpeg\" \/>\n\t<meta property=\"og:image:width\" content=\"768\" \/>\n\t<meta property=\"og:image:height\" content=\"512\" \/>\n\t<meta property=\"og:image:type\" content=\"image\/jpeg\" \/>\n<meta name=\"author\" content=\"Milena Armando\" \/>\n<meta name=\"twitter:card\" content=\"summary_large_image\" \/>\n<meta name=\"twitter:label1\" content=\"Escrito por\" \/>\n\t<meta name=\"twitter:data1\" content=\"Milena Armando\" \/>\n\t<meta name=\"twitter:label2\" content=\"Est. tempo de leitura\" \/>\n\t<meta name=\"twitter:data2\" content=\"3 minutos\" \/>\n<script type=\"application\/ld+json\" class=\"yoast-schema-graph\">{\"@context\":\"https:\/\/schema.org\",\"@graph\":[{\"@type\":\"WebPage\",\"@id\":\"https:\/\/crusoe.audiencelabs.com.br\/como-solicitar-a-nova-carteira-de-identidade-com-cpf-unificado\/\",\"url\":\"https:\/\/crusoe.audiencelabs.com.br\/como-solicitar-a-nova-carteira-de-identidade-com-cpf-unificado\/\",\"name\":\"Como solicitar a nova carteira de identidade com CPF unificado\",\"isPartOf\":{\"@id\":\"https:\/\/crusoe.audiencelabs.com.br\/#website\"},\"primaryImageOfPage\":{\"@id\":\"https:\/\/crusoe.audiencelabs.com.br\/como-solicitar-a-nova-carteira-de-identidade-com-cpf-unificado\/#primaryimage\"},\"image\":{\"@id\":\"https:\/\/crusoe.audiencelabs.com.br\/como-solicitar-a-nova-carteira-de-identidade-com-cpf-unificado\/#primaryimage\"},\"thumbnailUrl\":\"https:\/\/cdn.crusoe.com.br\/uploads\/2025\/08\/c7748930-f298-4192-8d9c-083645a53bf7.jpeg\",\"datePublished\":\"2025-08-04T16:30:00+00:00\",\"author\":{\"@id\":\"https:\/\/crusoe.audiencelabs.com.br\/#\/schema\/person\/f87f73cfe89e5360de2c006bd4bd6a74\"},\"breadcrumb\":{\"@id\":\"https:\/\/crusoe.audiencelabs.com.br\/como-solicitar-a-nova-carteira-de-identidade-com-cpf-unificado\/#breadcrumb\"},\"inLanguage\":\"pt-BR\",\"potentialAction\":[{\"@type\":\"ReadAction\",\"target\":[\"https:\/\/crusoe.audiencelabs.com.br\/como-solicitar-a-nova-carteira-de-identidade-com-cpf-unificado\/\"]}]},{\"@type\":\"ImageObject\",\"inLanguage\":\"pt-BR\",\"@id\":\"https:\/\/crusoe.audiencelabs.com.br\/como-solicitar-a-nova-carteira-de-identidade-com-cpf-unificado\/#primaryimage\",\"url\":\"https:\/\/cdn.crusoe.com.br\/uploads\/2025\/08\/c7748930-f298-4192-8d9c-083645a53bf7.jpeg\",\"contentUrl\":\"https:\/\/cdn.crusoe.com.br\/uploads\/2025\/08\/c7748930-f298-4192-8d9c-083645a53bf7.jpeg\",\"width\":768,\"height\":512,\"caption\":\"Foto: Secretaria de Comunica\u00e7\u00e3o Social - GOV\"},{\"@type\":\"BreadcrumbList\",\"@id\":\"https:\/\/crusoe.audiencelabs.com.br\/como-solicitar-a-nova-carteira-de-identidade-com-cpf-unificado\/#breadcrumb\",\"itemListElement\":[{\"@type\":\"ListItem\",\"position\":1,\"name\":\"Home\",\"item\":\"https:\/\/crusoe.audiencelabs.com.br\/\"},{\"@type\":\"ListItem\",\"position\":2,\"name\":\"Como solicitar a nova carteira de identidade com CPF unificado\"}]},{\"@type\":\"WebSite\",\"@id\":\"https:\/\/crusoe.audiencelabs.com.br\/#website\",\"url\":\"https:\/\/crusoe.audiencelabs.com.br\/\",\"name\":\"Variedades - Cruso\u00e9\",\"description\":\"\",\"potentialAction\":[{\"@type\":\"SearchAction\",\"target\":{\"@type\":\"EntryPoint\",\"urlTemplate\":\"https:\/\/crusoe.audiencelabs.com.br\/?s={search_term_string}\"},\"query-input\":{\"@type\":\"PropertyValueSpecification\",\"valueRequired\":true,\"valueName\":\"search_term_string\"}}],\"inLanguage\":\"pt-BR\"},{\"@type\":\"Person\",\"@id\":\"https:\/\/crusoe.audiencelabs.com.br\/#\/schema\/person\/f87f73cfe89e5360de2c006bd4bd6a74\",\"name\":\"Milena Armando\",\"image\":{\"@type\":\"ImageObject\",\"inLanguage\":\"pt-BR\",\"@id\":\"https:\/\/crusoe.audiencelabs.com.br\/#\/schema\/person\/image\/\",\"url\":\"https:\/\/secure.gravatar.com\/avatar\/ea14ecddc9e9d202b698b18f9f69e09c9fd74cfbed5c6008d55f11faefdbdab7?s=96&d=mm&r=g\",\"contentUrl\":\"https:\/\/secure.gravatar.com\/avatar\/ea14ecddc9e9d202b698b18f9f69e09c9fd74cfbed5c6008d55f11faefdbdab7?s=96&d=mm&r=g\",\"caption\":\"Milena Armando\"},\"description\":\"Jornalista, redatora e revisora.\",\"url\":\"https:\/\/crusoe.audiencelabs.com.br\/author\/milena\/\"}]}<\/script>\n<!-- \/ Yoast SEO plugin. -->","yoast_head_json":{"title":"Como solicitar a nova carteira de identidade com CPF unificado","robots":{"index":"index","follow":"follow","max-snippet":"max-snippet:-1","max-image-preview":"max-image-preview:large","max-video-preview":"max-video-preview:-1"},"canonical":"https:\/\/crusoe.audiencelabs.com.br\/como-solicitar-a-nova-carteira-de-identidade-com-cpf-unificado\/","og_locale":"pt_BR","og_type":"article","og_title":"Como solicitar a nova carteira de identidade com CPF unificado","og_description":"O governo federal, em parceria com os estados e o Distrito Federal, implementou a nova Carteira de Identidade Nacional (CIN) que unifica o RG, fazendo uso do CPF como n\u00famero \u00fanico de identifica\u00e7\u00e3o.&nbsp; Esta medida foi adotada para modernizar o sistema, agilizar o processo de documenta\u00e7\u00e3o, reduzir fraudes e facilitar a intera\u00e7\u00e3o dos cidad\u00e3os com [&hellip;]","og_url":"https:\/\/crusoe.audiencelabs.com.br\/como-solicitar-a-nova-carteira-de-identidade-com-cpf-unificado\/","og_site_name":"Variedades - Cruso\u00e9","article_published_time":"2025-08-04T16:30:00+00:00","og_image":[{"width":768,"height":512,"url":"https:\/\/cdn.crusoe.com.br\/uploads\/2025\/08\/c7748930-f298-4192-8d9c-083645a53bf7.jpeg","type":"image\/jpeg"}],"author":"Milena Armando","twitter_card":"summary_large_image","twitter_misc":{"Escrito por":"Milena Armando","Est. tempo de leitura":"3 minutos"},"schema":{"@context":"https:\/\/schema.org","@graph":[{"@type":"WebPage","@id":"https:\/\/crusoe.audiencelabs.com.br\/como-solicitar-a-nova-carteira-de-identidade-com-cpf-unificado\/","url":"https:\/\/crusoe.audiencelabs.com.br\/como-solicitar-a-nova-carteira-de-identidade-com-cpf-unificado\/","name":"Como solicitar a nova carteira de identidade com CPF unificado","isPartOf":{"@id":"https:\/\/crusoe.audiencelabs.com.br\/#website"},"primaryImageOfPage":{"@id":"https:\/\/crusoe.audiencelabs.com.br\/como-solicitar-a-nova-carteira-de-identidade-com-cpf-unificado\/#primaryimage"},"image":{"@id":"https:\/\/crusoe.audiencelabs.com.br\/como-solicitar-a-nova-carteira-de-identidade-com-cpf-unificado\/#primaryimage"},"thumbnailUrl":"https:\/\/cdn.crusoe.com.br\/uploads\/2025\/08\/c7748930-f298-4192-8d9c-083645a53bf7.jpeg","datePublished":"2025-08-04T16:30:00+00:00","author":{"@id":"https:\/\/crusoe.audiencelabs.com.br\/#\/schema\/person\/f87f73cfe89e5360de2c006bd4bd6a74"},"breadcrumb":{"@id":"https:\/\/crusoe.audiencelabs.com.br\/como-solicitar-a-nova-carteira-de-identidade-com-cpf-unificado\/#breadcrumb"},"inLanguage":"pt-BR","potentialAction":[{"@type":"ReadAction","target":["https:\/\/crusoe.audiencelabs.com.br\/como-solicitar-a-nova-carteira-de-identidade-com-cpf-unificado\/"]}]},{"@type":"ImageObject","inLanguage":"pt-BR","@id":"https:\/\/crusoe.audiencelabs.com.br\/como-solicitar-a-nova-carteira-de-identidade-com-cpf-unificado\/#primaryimage","url":"https:\/\/cdn.crusoe.com.br\/uploads\/2025\/08\/c7748930-f298-4192-8d9c-083645a53bf7.jpeg","contentUrl":"https:\/\/cdn.crusoe.com.br\/uploads\/2025\/08\/c7748930-f298-4192-8d9c-083645a53bf7.jpeg","width":768,"height":512,"caption":"Foto: Secretaria de Comunica\u00e7\u00e3o Social - GOV"},{"@type":"BreadcrumbList","@id":"https:\/\/crusoe.audiencelabs.com.br\/como-solicitar-a-nova-carteira-de-identidade-com-cpf-unificado\/#breadcrumb","itemListElement":[{"@type":"ListItem","position":1,"name":"Home","item":"https:\/\/crusoe.audiencelabs.com.br\/"},{"@type":"ListItem","position":2,"name":"Como solicitar a nova carteira de identidade com CPF unificado"}]},{"@type":"WebSite","@id":"https:\/\/crusoe.audiencelabs.com.br\/#website","url":"https:\/\/crusoe.audiencelabs.com.br\/","name":"Variedades - Cruso\u00e9","description":"","potentialAction":[{"@type":"SearchAction","target":{"@type":"EntryPoint","urlTemplate":"https:\/\/crusoe.audiencelabs.com.br\/?s={search_term_string}"},"query-input":{"@type":"PropertyValueSpecification","valueRequired":true,"valueName":"search_term_string"}}],"inLanguage":"pt-BR"},{"@type":"Person","@id":"https:\/\/crusoe.audiencelabs.com.br\/#\/schema\/person\/f87f73cfe89e5360de2c006bd4bd6a74","name":"Milena Armando","image":{"@type":"ImageObject","inLanguage":"pt-BR","@id":"https:\/\/crusoe.audiencelabs.com.br\/#\/schema\/person\/image\/","url":"https:\/\/secure.gravatar.com\/avatar\/ea14ecddc9e9d202b698b18f9f69e09c9fd74cfbed5c6008d55f11faefdbdab7?s=96&d=mm&r=g","contentUrl":"https:\/\/secure.gravatar.com\/avatar\/ea14ecddc9e9d202b698b18f9f69e09c9fd74cfbed5c6008d55f11faefdbdab7?s=96&d=mm&r=g","caption":"Milena Armando"},"description":"Jornalista, redatora e revisora.","url":"https:\/\/crusoe.audiencelabs.com.br\/author\/milena\/"}]}},"_links":{"self":[{"href":"https:\/\/crusoe.audiencelabs.com.br\/wp-json\/wp\/v2\/posts\/8150","targetHints":{"allow":["GET"]}}],"collection":[{"href":"https:\/\/crusoe.audiencelabs.com.br\/wp-json\/wp\/v2\/posts"}],"about":[{"href":"https:\/\/crusoe.audiencelabs.com.br\/wp-json\/wp\/v2\/types\/post"}],"author":[{"embeddable":true,"href":"https:\/\/crusoe.audiencelabs.com.br\/wp-json\/wp\/v2\/users\/5"}],"replies":[{"embeddable":true,"href":"https:\/\/crusoe.audiencelabs.com.br\/wp-json\/wp\/v2\/comments?post=8150"}],"version-history":[{"count":1,"href":"https:\/\/crusoe.audiencelabs.com.br\/wp-json\/wp\/v2\/posts\/8150\/revisions"}],"predecessor-version":[{"id":8152,"href":"https:\/\/crusoe.audiencelabs.com.br\/wp-json\/wp\/v2\/posts\/8150\/revisions\/8152"}],"wp:featuredmedia":[{"embeddable":true,"href":"https:\/\/crusoe.audiencelabs.com.br\/wp-json\/wp\/v2\/media\/8151"}],"wp:attachment":[{"href":"https:\/\/crusoe.audiencelabs.com.br\/wp-json\/wp\/v2\/media?parent=8150"}],"wp:term":[{"taxonomy":"category","embeddable":true,"href":"https:\/\/crusoe.audiencelabs.com.br\/wp-json\/wp\/v2\/categories?post=8150"},{"taxonomy":"post_tag","embeddable":true,"href":"https:\/\/crusoe.audiencelabs.com.br\/wp-json\/wp\/v2\/tags?post=8150"}],"curies":[{"name":"wp","href":"https:\/\/api.w.org\/{rel}","templated":true}]}}