{"id":7554,"date":"2025-07-31T12:30:00","date_gmt":"2025-07-31T15:30:00","guid":{"rendered":"https:\/\/crusoe.com.br\/variedades\/?p=7554"},"modified":"2025-07-30T16:04:48","modified_gmt":"2025-07-30T19:04:48","slug":"pacientes-do-sus-poderao-ser-atendidos-por-planos-de-saude-a-partir-de-agosto","status":"publish","type":"post","link":"https:\/\/crusoe.audiencelabs.com.br\/pacientes-do-sus-poderao-ser-atendidos-por-planos-de-saude-a-partir-de-agosto\/","title":{"rendered":"Pacientes do SUS poder\u00e3o ser atendidos por planos de sa\u00fade a partir de agosto"},"content":{"rendered":"\n<p>Para possibilitar que planos de sa\u00fade convertam as d\u00edvidas que t\u00eam com o Sistema \u00danico de Sa\u00fade (SUS) e reduzir filas da rede p\u00fablica, o governo federal anunciou o programa <strong>Agora Tem Especialistas<\/strong>, que entra em vigor a partir do pr\u00f3ximo m\u00eas.<\/p>\n\n\n\n<p>A iniciativa permitir\u00e1 que pacientes do SUS recebam atendimento na rede particular, podendo realizar consultas, exames e cirurgias sem nenhum custo.<\/p>\n\n\n\n<p>Neste primeiro momento as operadoras de sa\u00fade atender\u00e3o especialidades como <strong>oncologia, oftalmologia, ortopedia, otorrinolaringologia, cardiologia e ginecologia<\/strong>. Contudo, as demandas de servi\u00e7o podem variar de acordo com a necessidade  de cada regi\u00e3o.<\/p>\n\n\n\n<p>Ao aderirem ao programa, as operadoras de planos de sa\u00fade n\u00e3o apenas garantem o abatimento das d\u00edvidas, como tamb\u00e9m obt\u00eam benef\u00edcios como a regulariza\u00e7\u00e3o fiscal e a amplia\u00e7\u00e3o do uso da rede de hospitais conveniados.<\/p>\n\n\n\n<h2 class=\"wp-block-heading\">Como funcionar\u00e1 o atendimento dos pacientes do SUS?<\/h2>\n\n\n\n<p>De acordo com o ministro da Sa\u00fade, Alexandre Padilha, o Agora Tem Especialistas tamb\u00e9m tem como objetivo direcionar os pacientes do SUS para os locais mais adequados ao tipo de atendimento necess\u00e1rio.<\/p>\n\n\n\n<p>Para isso, o encaminhamento para a rede conveniada ser\u00e1 feito com base nas decis\u00f5es das equipes do SUS, que analisar\u00e3o a necessidade de cada caso.<\/p>\n\n\n\n<h2 class=\"wp-block-heading\">Crit\u00e9rios de ades\u00e3o do programa Agora Tem Especialistas<\/h2>\n\n\n\n<p>Para participar do programa, as operadoras de planos de sa\u00fade devem aderir voluntariamente ao edital. Al\u00e9m disso, ser\u00e1 necess\u00e1rio comprovar a exist\u00eancia de estrutura t\u00e9cnica e operacional, bem como apresentar uma proposta de servi\u00e7os que atenda \u00e0s demandas do SUS em cada localidade.<\/p>\n\n\n\n<p>A capacidade m\u00ednima de atendimento deve ser de 100 mil por m\u00eas, podendo ser reduzida, de forma excepcional, para 50 mil em regi\u00f5es com baixa cobertura.<\/p>\n\n\n\n<p>Nenhum paciente poder\u00e1 ser priorizado, seja do SUS ou dos planos de sa\u00fade. E segundo a Ag\u00eancia Nacional de Sa\u00fade Suplementar (ANS), as operadoras estar\u00e3o sujeitas \u00e0 fiscaliza\u00e7\u00e3o e a penalidades.<\/p>\n","protected":false},"excerpt":{"rendered":"<p>Para possibilitar que planos de sa\u00fade convertam as d\u00edvidas que t\u00eam com o Sistema \u00danico de Sa\u00fade (SUS) e reduzir filas da rede p\u00fablica, o governo federal anunciou o programa Agora Tem Especialistas, que entra em vigor a partir do pr\u00f3ximo m\u00eas. A iniciativa permitir\u00e1 que pacientes do SUS recebam atendimento na rede particular, podendo [&hellip;]<\/p>\n","protected":false},"author":7,"featured_media":7555,"comment_status":"open","ping_status":"open","sticky":false,"template":"","format":"standard","meta":{"jnews-multi-image_gallery":[],"jnews_single_post":{"format":"standard"},"jnews_primary_category":[],"jnews_override_counter":[],"jnews_post_split":[],"footnotes":""},"categories":[1],"tags":[],"class_list":["post-7554","post","type-post","status-publish","format-standard","has-post-thumbnail","hentry","category-geral"],"yoast_head":"<!-- This site is optimized with the Yoast SEO plugin v25.0 - https:\/\/yoast.com\/wordpress\/plugins\/seo\/ -->\n<title>Pacientes do SUS poder\u00e3o ser atendidos por planos de sa\u00fade a partir de agosto<\/title>\n<meta name=\"robots\" content=\"index, follow, max-snippet:-1, max-image-preview:large, max-video-preview:-1\" \/>\n<link rel=\"canonical\" href=\"https:\/\/crusoe.audiencelabs.com.br\/pacientes-do-sus-poderao-ser-atendidos-por-planos-de-saude-a-partir-de-agosto\/\" \/>\n<meta property=\"og:locale\" content=\"pt_BR\" \/>\n<meta property=\"og:type\" content=\"article\" \/>\n<meta property=\"og:title\" content=\"Pacientes do SUS poder\u00e3o ser atendidos por planos de sa\u00fade a partir de agosto\" \/>\n<meta property=\"og:description\" content=\"Para possibilitar que planos de sa\u00fade convertam as d\u00edvidas que t\u00eam com o Sistema \u00danico de Sa\u00fade (SUS) e reduzir filas da rede p\u00fablica, o governo federal anunciou o programa Agora Tem Especialistas, que entra em vigor a partir do pr\u00f3ximo m\u00eas. A iniciativa permitir\u00e1 que pacientes do SUS recebam atendimento na rede particular, podendo [&hellip;]\" \/>\n<meta property=\"og:url\" content=\"https:\/\/crusoe.audiencelabs.com.br\/pacientes-do-sus-poderao-ser-atendidos-por-planos-de-saude-a-partir-de-agosto\/\" \/>\n<meta property=\"og:site_name\" content=\"Variedades - Cruso\u00e9\" \/>\n<meta property=\"article:published_time\" content=\"2025-07-31T15:30:00+00:00\" \/>\n<meta property=\"og:image\" content=\"https:\/\/cdn.crusoe.com.br\/uploads\/2025\/07\/pacientes-sus-atendidos-planos-de-saude.jpg\" \/>\n\t<meta property=\"og:image:width\" content=\"1500\" \/>\n\t<meta property=\"og:image:height\" content=\"844\" \/>\n\t<meta property=\"og:image:type\" content=\"image\/jpeg\" \/>\n<meta name=\"author\" content=\"Jo\u00e3o Carlos Gomes\" \/>\n<meta name=\"twitter:card\" content=\"summary_large_image\" \/>\n<meta name=\"twitter:label1\" content=\"Escrito por\" \/>\n\t<meta name=\"twitter:data1\" content=\"Jo\u00e3o Carlos Gomes\" \/>\n\t<meta name=\"twitter:label2\" content=\"Est. tempo de leitura\" \/>\n\t<meta name=\"twitter:data2\" content=\"2 minutos\" \/>\n<script type=\"application\/ld+json\" class=\"yoast-schema-graph\">{\"@context\":\"https:\/\/schema.org\",\"@graph\":[{\"@type\":\"WebPage\",\"@id\":\"https:\/\/crusoe.audiencelabs.com.br\/pacientes-do-sus-poderao-ser-atendidos-por-planos-de-saude-a-partir-de-agosto\/\",\"url\":\"https:\/\/crusoe.audiencelabs.com.br\/pacientes-do-sus-poderao-ser-atendidos-por-planos-de-saude-a-partir-de-agosto\/\",\"name\":\"Pacientes do SUS poder\u00e3o ser atendidos por planos de sa\u00fade a partir de agosto\",\"isPartOf\":{\"@id\":\"https:\/\/crusoe.audiencelabs.com.br\/#website\"},\"primaryImageOfPage\":{\"@id\":\"https:\/\/crusoe.audiencelabs.com.br\/pacientes-do-sus-poderao-ser-atendidos-por-planos-de-saude-a-partir-de-agosto\/#primaryimage\"},\"image\":{\"@id\":\"https:\/\/crusoe.audiencelabs.com.br\/pacientes-do-sus-poderao-ser-atendidos-por-planos-de-saude-a-partir-de-agosto\/#primaryimage\"},\"thumbnailUrl\":\"https:\/\/cdn.crusoe.com.br\/uploads\/2025\/07\/pacientes-sus-atendidos-planos-de-saude.jpg\",\"datePublished\":\"2025-07-31T15:30:00+00:00\",\"author\":{\"@id\":\"https:\/\/crusoe.audiencelabs.com.br\/#\/schema\/person\/4a23399b23149df2eab6637fd2fd2bfc\"},\"breadcrumb\":{\"@id\":\"https:\/\/crusoe.audiencelabs.com.br\/pacientes-do-sus-poderao-ser-atendidos-por-planos-de-saude-a-partir-de-agosto\/#breadcrumb\"},\"inLanguage\":\"pt-BR\",\"potentialAction\":[{\"@type\":\"ReadAction\",\"target\":[\"https:\/\/crusoe.audiencelabs.com.br\/pacientes-do-sus-poderao-ser-atendidos-por-planos-de-saude-a-partir-de-agosto\/\"]}]},{\"@type\":\"ImageObject\",\"inLanguage\":\"pt-BR\",\"@id\":\"https:\/\/crusoe.audiencelabs.com.br\/pacientes-do-sus-poderao-ser-atendidos-por-planos-de-saude-a-partir-de-agosto\/#primaryimage\",\"url\":\"https:\/\/cdn.crusoe.com.br\/uploads\/2025\/07\/pacientes-sus-atendidos-planos-de-saude.jpg\",\"contentUrl\":\"https:\/\/cdn.crusoe.com.br\/uploads\/2025\/07\/pacientes-sus-atendidos-planos-de-saude.jpg\",\"width\":1500,\"height\":844,\"caption\":\"Foto: senivpetro\/Freepik\"},{\"@type\":\"BreadcrumbList\",\"@id\":\"https:\/\/crusoe.audiencelabs.com.br\/pacientes-do-sus-poderao-ser-atendidos-por-planos-de-saude-a-partir-de-agosto\/#breadcrumb\",\"itemListElement\":[{\"@type\":\"ListItem\",\"position\":1,\"name\":\"Home\",\"item\":\"https:\/\/crusoe.audiencelabs.com.br\/\"},{\"@type\":\"ListItem\",\"position\":2,\"name\":\"Pacientes do SUS poder\u00e3o ser atendidos por planos de sa\u00fade a partir de agosto\"}]},{\"@type\":\"WebSite\",\"@id\":\"https:\/\/crusoe.audiencelabs.com.br\/#website\",\"url\":\"https:\/\/crusoe.audiencelabs.com.br\/\",\"name\":\"Variedades - Cruso\u00e9\",\"description\":\"\",\"potentialAction\":[{\"@type\":\"SearchAction\",\"target\":{\"@type\":\"EntryPoint\",\"urlTemplate\":\"https:\/\/crusoe.audiencelabs.com.br\/?s={search_term_string}\"},\"query-input\":{\"@type\":\"PropertyValueSpecification\",\"valueRequired\":true,\"valueName\":\"search_term_string\"}}],\"inLanguage\":\"pt-BR\"},{\"@type\":\"Person\",\"@id\":\"https:\/\/crusoe.audiencelabs.com.br\/#\/schema\/person\/4a23399b23149df2eab6637fd2fd2bfc\",\"name\":\"Jo\u00e3o Carlos Gomes\",\"image\":{\"@type\":\"ImageObject\",\"inLanguage\":\"pt-BR\",\"@id\":\"https:\/\/crusoe.audiencelabs.com.br\/#\/schema\/person\/image\/\",\"url\":\"https:\/\/secure.gravatar.com\/avatar\/4ce4672dbdd694b329cd6fdb51bee7d1409be1f0ff76a537e4c4a737b2c7d1a9?s=96&d=mm&r=g\",\"contentUrl\":\"https:\/\/secure.gravatar.com\/avatar\/4ce4672dbdd694b329cd6fdb51bee7d1409be1f0ff76a537e4c4a737b2c7d1a9?s=96&d=mm&r=g\",\"caption\":\"Jo\u00e3o Carlos Gomes\"},\"description\":\"Jornalista, criador de conte\u00fado e m\u00fasico independente nas horas vagas.\",\"url\":\"https:\/\/crusoe.audiencelabs.com.br\/author\/joaoc-junior66\/\"}]}<\/script>\n<!-- \/ Yoast SEO plugin. -->","yoast_head_json":{"title":"Pacientes do SUS poder\u00e3o ser atendidos por planos de sa\u00fade a partir de agosto","robots":{"index":"index","follow":"follow","max-snippet":"max-snippet:-1","max-image-preview":"max-image-preview:large","max-video-preview":"max-video-preview:-1"},"canonical":"https:\/\/crusoe.audiencelabs.com.br\/pacientes-do-sus-poderao-ser-atendidos-por-planos-de-saude-a-partir-de-agosto\/","og_locale":"pt_BR","og_type":"article","og_title":"Pacientes do SUS poder\u00e3o ser atendidos por planos de sa\u00fade a partir de agosto","og_description":"Para possibilitar que planos de sa\u00fade convertam as d\u00edvidas que t\u00eam com o Sistema \u00danico de Sa\u00fade (SUS) e reduzir filas da rede p\u00fablica, o governo federal anunciou o programa Agora Tem Especialistas, que entra em vigor a partir do pr\u00f3ximo m\u00eas. A iniciativa permitir\u00e1 que pacientes do SUS recebam atendimento na rede particular, podendo [&hellip;]","og_url":"https:\/\/crusoe.audiencelabs.com.br\/pacientes-do-sus-poderao-ser-atendidos-por-planos-de-saude-a-partir-de-agosto\/","og_site_name":"Variedades - Cruso\u00e9","article_published_time":"2025-07-31T15:30:00+00:00","og_image":[{"width":1500,"height":844,"url":"https:\/\/cdn.crusoe.com.br\/uploads\/2025\/07\/pacientes-sus-atendidos-planos-de-saude.jpg","type":"image\/jpeg"}],"author":"Jo\u00e3o Carlos Gomes","twitter_card":"summary_large_image","twitter_misc":{"Escrito por":"Jo\u00e3o Carlos Gomes","Est. tempo de leitura":"2 minutos"},"schema":{"@context":"https:\/\/schema.org","@graph":[{"@type":"WebPage","@id":"https:\/\/crusoe.audiencelabs.com.br\/pacientes-do-sus-poderao-ser-atendidos-por-planos-de-saude-a-partir-de-agosto\/","url":"https:\/\/crusoe.audiencelabs.com.br\/pacientes-do-sus-poderao-ser-atendidos-por-planos-de-saude-a-partir-de-agosto\/","name":"Pacientes do SUS poder\u00e3o ser atendidos por planos de sa\u00fade a partir de agosto","isPartOf":{"@id":"https:\/\/crusoe.audiencelabs.com.br\/#website"},"primaryImageOfPage":{"@id":"https:\/\/crusoe.audiencelabs.com.br\/pacientes-do-sus-poderao-ser-atendidos-por-planos-de-saude-a-partir-de-agosto\/#primaryimage"},"image":{"@id":"https:\/\/crusoe.audiencelabs.com.br\/pacientes-do-sus-poderao-ser-atendidos-por-planos-de-saude-a-partir-de-agosto\/#primaryimage"},"thumbnailUrl":"https:\/\/cdn.crusoe.com.br\/uploads\/2025\/07\/pacientes-sus-atendidos-planos-de-saude.jpg","datePublished":"2025-07-31T15:30:00+00:00","author":{"@id":"https:\/\/crusoe.audiencelabs.com.br\/#\/schema\/person\/4a23399b23149df2eab6637fd2fd2bfc"},"breadcrumb":{"@id":"https:\/\/crusoe.audiencelabs.com.br\/pacientes-do-sus-poderao-ser-atendidos-por-planos-de-saude-a-partir-de-agosto\/#breadcrumb"},"inLanguage":"pt-BR","potentialAction":[{"@type":"ReadAction","target":["https:\/\/crusoe.audiencelabs.com.br\/pacientes-do-sus-poderao-ser-atendidos-por-planos-de-saude-a-partir-de-agosto\/"]}]},{"@type":"ImageObject","inLanguage":"pt-BR","@id":"https:\/\/crusoe.audiencelabs.com.br\/pacientes-do-sus-poderao-ser-atendidos-por-planos-de-saude-a-partir-de-agosto\/#primaryimage","url":"https:\/\/cdn.crusoe.com.br\/uploads\/2025\/07\/pacientes-sus-atendidos-planos-de-saude.jpg","contentUrl":"https:\/\/cdn.crusoe.com.br\/uploads\/2025\/07\/pacientes-sus-atendidos-planos-de-saude.jpg","width":1500,"height":844,"caption":"Foto: senivpetro\/Freepik"},{"@type":"BreadcrumbList","@id":"https:\/\/crusoe.audiencelabs.com.br\/pacientes-do-sus-poderao-ser-atendidos-por-planos-de-saude-a-partir-de-agosto\/#breadcrumb","itemListElement":[{"@type":"ListItem","position":1,"name":"Home","item":"https:\/\/crusoe.audiencelabs.com.br\/"},{"@type":"ListItem","position":2,"name":"Pacientes do SUS poder\u00e3o ser atendidos por planos de sa\u00fade a partir de agosto"}]},{"@type":"WebSite","@id":"https:\/\/crusoe.audiencelabs.com.br\/#website","url":"https:\/\/crusoe.audiencelabs.com.br\/","name":"Variedades - Cruso\u00e9","description":"","potentialAction":[{"@type":"SearchAction","target":{"@type":"EntryPoint","urlTemplate":"https:\/\/crusoe.audiencelabs.com.br\/?s={search_term_string}"},"query-input":{"@type":"PropertyValueSpecification","valueRequired":true,"valueName":"search_term_string"}}],"inLanguage":"pt-BR"},{"@type":"Person","@id":"https:\/\/crusoe.audiencelabs.com.br\/#\/schema\/person\/4a23399b23149df2eab6637fd2fd2bfc","name":"Jo\u00e3o Carlos Gomes","image":{"@type":"ImageObject","inLanguage":"pt-BR","@id":"https:\/\/crusoe.audiencelabs.com.br\/#\/schema\/person\/image\/","url":"https:\/\/secure.gravatar.com\/avatar\/4ce4672dbdd694b329cd6fdb51bee7d1409be1f0ff76a537e4c4a737b2c7d1a9?s=96&d=mm&r=g","contentUrl":"https:\/\/secure.gravatar.com\/avatar\/4ce4672dbdd694b329cd6fdb51bee7d1409be1f0ff76a537e4c4a737b2c7d1a9?s=96&d=mm&r=g","caption":"Jo\u00e3o Carlos Gomes"},"description":"Jornalista, criador de conte\u00fado e m\u00fasico independente nas horas vagas.","url":"https:\/\/crusoe.audiencelabs.com.br\/author\/joaoc-junior66\/"}]}},"_links":{"self":[{"href":"https:\/\/crusoe.audiencelabs.com.br\/wp-json\/wp\/v2\/posts\/7554","targetHints":{"allow":["GET"]}}],"collection":[{"href":"https:\/\/crusoe.audiencelabs.com.br\/wp-json\/wp\/v2\/posts"}],"about":[{"href":"https:\/\/crusoe.audiencelabs.com.br\/wp-json\/wp\/v2\/types\/post"}],"author":[{"embeddable":true,"href":"https:\/\/crusoe.audiencelabs.com.br\/wp-json\/wp\/v2\/users\/7"}],"replies":[{"embeddable":true,"href":"https:\/\/crusoe.audiencelabs.com.br\/wp-json\/wp\/v2\/comments?post=7554"}],"version-history":[{"count":1,"href":"https:\/\/crusoe.audiencelabs.com.br\/wp-json\/wp\/v2\/posts\/7554\/revisions"}],"predecessor-version":[{"id":7562,"href":"https:\/\/crusoe.audiencelabs.com.br\/wp-json\/wp\/v2\/posts\/7554\/revisions\/7562"}],"wp:featuredmedia":[{"embeddable":true,"href":"https:\/\/crusoe.audiencelabs.com.br\/wp-json\/wp\/v2\/media\/7555"}],"wp:attachment":[{"href":"https:\/\/crusoe.audiencelabs.com.br\/wp-json\/wp\/v2\/media?parent=7554"}],"wp:term":[{"taxonomy":"category","embeddable":true,"href":"https:\/\/crusoe.audiencelabs.com.br\/wp-json\/wp\/v2\/categories?post=7554"},{"taxonomy":"post_tag","embeddable":true,"href":"https:\/\/crusoe.audiencelabs.com.br\/wp-json\/wp\/v2\/tags?post=7554"}],"curies":[{"name":"wp","href":"https:\/\/api.w.org\/{rel}","templated":true}]}}