{"id":6697,"date":"2025-07-25T14:30:00","date_gmt":"2025-07-25T17:30:00","guid":{"rendered":"https:\/\/crusoe.com.br\/variedades\/?p=6697"},"modified":"2025-07-25T12:35:02","modified_gmt":"2025-07-25T15:35:02","slug":"menos-banho-no-frio-o-que-a-ciencia-diz-sobre-isso","status":"publish","type":"post","link":"https:\/\/crusoe.audiencelabs.com.br\/menos-banho-no-frio-o-que-a-ciencia-diz-sobre-isso\/","title":{"rendered":"Menos banho no frio: o que a ci\u00eancia diz sobre isso?"},"content":{"rendered":"\n<p>Com a frente fria que se faz presente, as pessoas se sentem menos dispostas para tomar banho. Resistir ao chuveiro pode ser uma boa alternativa, mas com ressalvas.<\/p>\n\n\n\n<p>Diminuir a quantidade de banhos durante o inverno \u00e9 uma maneira de dar um amparo \u00e0 pele. Nesse per\u00edodo de frio intenso, ela tende a ficar mais sens\u00edvel.<\/p>\n\n\n\n<p>Um banho com \u00e1gua muito quente, incluindo sabonetes que podem agredir, remove \u00f3leos naturais. Esses costumam deixar a pele cuidada e hidratada.<\/p>\n\n\n\n<h2 class=\"wp-block-heading\"><strong>Os impactos<\/strong><\/h2>\n\n\n\n<p>Com a pele irritada e ressecada, o ideal \u00e9 tomar menos banho no frio, mas com aten\u00e7\u00e3o. Segundo a dermatologista Juliana Piquet, da Sociedade Brasileira de Dermatologia:<em> &#8220;As c\u00e9lulas s\u00e3o os tijolos, e os lip\u00eddeos \u2014 \u00f3leos e sebos \u2014 funcionam como o cimento. Quando tomamos muitos banhos, podemos remover essa camada essencial&#8221;<\/em>, disse ela ao G1.<\/p>\n\n\n\n<p>Ao indicar menos banho, n\u00e3o quer dizer que n\u00e3o se tome nenhum. M\u00e9dicos e especialistas falam que o certo \u00e9 um por dia, mas podendo variar, especialmente ao praticar exerc\u00edcios f\u00edsicos. Ainda de acordo com Juliana, mesmo que as pessoas suem menos durante o frio, o corpo necessita ser lavado justamente pelas secre\u00e7\u00f5es que produz.<\/p>\n\n\n\n<p>Mesmo que seja dif\u00edcil tomar banho no frio, todos devem assim o fazer. Apesar de ter complica\u00e7\u00e3o para entrar debaixo do chuveiro, sair dele para se secar \u00e9 ainda mais dif\u00edcil. Com \u00e1gua quente ou morna, o ato de tomar banho proporciona relaxamento, tornando o momento \u00fanico.<\/p>\n\n\n\n<p>A dermatologista comentou: <em>\u201cQuando usamos o hidratante logo que sa\u00edmos do banho, com a pele ainda \u00famida, isso ajuda a pele a guardar umidade, n\u00e3o perdendo para o ambiente. J\u00e1 que o inverno \u00e9, tamb\u00e9m, uma esta\u00e7\u00e3o seca.\u201d <\/em>N\u00e3o s\u00f3 para manter a higiene, como fazendo o autocuidado, a pele poder\u00e1 encarar o frio bem protegida.<\/p>\n\n\n\n<p>\u00c9 essencial que, ao tomar banho no frio, se evite uma \u00e1gua muito quente. Banhos demorados n\u00e3o s\u00e3o ideais, n\u00e3o somente pelo desperd\u00edcio de \u00e1gua, mas tamb\u00e9m pelo ressecamento da pele. No caso dos sabonetes, o ideal \u00e9 passar a usar os l\u00edquidos, acompanhados de \u00f3leos prop\u00edcios. Os em barra devem ser evitados. Logo ap\u00f3s sair do chuveiro, hidrate bem a pele com o creme de sua prefer\u00eancia.<\/p>\n","protected":false},"excerpt":{"rendered":"<p>Cuidados que se deve ter ao tomar banho no frio.<\/p>\n","protected":false},"author":8,"featured_media":6711,"comment_status":"open","ping_status":"open","sticky":false,"template":"","format":"standard","meta":{"jnews-multi-image_gallery":[],"jnews_single_post":{"format":"standard"},"jnews_primary_category":[],"jnews_override_counter":[],"jnews_post_split":[],"footnotes":""},"categories":[1],"tags":[],"class_list":["post-6697","post","type-post","status-publish","format-standard","has-post-thumbnail","hentry","category-geral"],"yoast_head":"<!-- This site is optimized with the Yoast SEO plugin v25.0 - https:\/\/yoast.com\/wordpress\/plugins\/seo\/ -->\n<title>Menos banho no frio: o que a ci\u00eancia diz sobre isso?<\/title>\n<meta name=\"robots\" content=\"index, follow, max-snippet:-1, max-image-preview:large, max-video-preview:-1\" \/>\n<link rel=\"canonical\" href=\"https:\/\/crusoe.audiencelabs.com.br\/menos-banho-no-frio-o-que-a-ciencia-diz-sobre-isso\/\" \/>\n<meta property=\"og:locale\" content=\"pt_BR\" \/>\n<meta property=\"og:type\" content=\"article\" \/>\n<meta property=\"og:title\" content=\"Menos banho no frio: o que a ci\u00eancia diz sobre isso?\" \/>\n<meta property=\"og:description\" content=\"Cuidados que se deve ter ao tomar banho no frio.\" \/>\n<meta property=\"og:url\" content=\"https:\/\/crusoe.audiencelabs.com.br\/menos-banho-no-frio-o-que-a-ciencia-diz-sobre-isso\/\" \/>\n<meta property=\"og:site_name\" content=\"Variedades - Cruso\u00e9\" \/>\n<meta property=\"article:published_time\" content=\"2025-07-25T17:30:00+00:00\" \/>\n<meta property=\"og:image\" content=\"https:\/\/cdn.crusoe.com.br\/uploads\/2025\/07\/20446.jpg\" \/>\n\t<meta property=\"og:image:width\" content=\"1500\" \/>\n\t<meta property=\"og:image:height\" content=\"1000\" \/>\n\t<meta property=\"og:image:type\" content=\"image\/jpeg\" \/>\n<meta name=\"author\" content=\"Gabriela Santos\" \/>\n<meta name=\"twitter:card\" content=\"summary_large_image\" \/>\n<meta name=\"twitter:label1\" content=\"Escrito por\" \/>\n\t<meta name=\"twitter:data1\" content=\"Gabriela Santos\" \/>\n\t<meta name=\"twitter:label2\" content=\"Est. tempo de leitura\" \/>\n\t<meta name=\"twitter:data2\" content=\"3 minutos\" \/>\n<script type=\"application\/ld+json\" class=\"yoast-schema-graph\">{\"@context\":\"https:\/\/schema.org\",\"@graph\":[{\"@type\":\"WebPage\",\"@id\":\"https:\/\/crusoe.audiencelabs.com.br\/menos-banho-no-frio-o-que-a-ciencia-diz-sobre-isso\/\",\"url\":\"https:\/\/crusoe.audiencelabs.com.br\/menos-banho-no-frio-o-que-a-ciencia-diz-sobre-isso\/\",\"name\":\"Menos banho no frio: o que a ci\u00eancia diz sobre isso?\",\"isPartOf\":{\"@id\":\"https:\/\/crusoe.audiencelabs.com.br\/#website\"},\"primaryImageOfPage\":{\"@id\":\"https:\/\/crusoe.audiencelabs.com.br\/menos-banho-no-frio-o-que-a-ciencia-diz-sobre-isso\/#primaryimage\"},\"image\":{\"@id\":\"https:\/\/crusoe.audiencelabs.com.br\/menos-banho-no-frio-o-que-a-ciencia-diz-sobre-isso\/#primaryimage\"},\"thumbnailUrl\":\"https:\/\/cdn.crusoe.com.br\/uploads\/2025\/07\/20446.jpg\",\"datePublished\":\"2025-07-25T17:30:00+00:00\",\"author\":{\"@id\":\"https:\/\/crusoe.audiencelabs.com.br\/#\/schema\/person\/be66e7e59ad3bc2a7c0833132c5c8c00\"},\"breadcrumb\":{\"@id\":\"https:\/\/crusoe.audiencelabs.com.br\/menos-banho-no-frio-o-que-a-ciencia-diz-sobre-isso\/#breadcrumb\"},\"inLanguage\":\"pt-BR\",\"potentialAction\":[{\"@type\":\"ReadAction\",\"target\":[\"https:\/\/crusoe.audiencelabs.com.br\/menos-banho-no-frio-o-que-a-ciencia-diz-sobre-isso\/\"]}]},{\"@type\":\"ImageObject\",\"inLanguage\":\"pt-BR\",\"@id\":\"https:\/\/crusoe.audiencelabs.com.br\/menos-banho-no-frio-o-que-a-ciencia-diz-sobre-isso\/#primaryimage\",\"url\":\"https:\/\/cdn.crusoe.com.br\/uploads\/2025\/07\/20446.jpg\",\"contentUrl\":\"https:\/\/cdn.crusoe.com.br\/uploads\/2025\/07\/20446.jpg\",\"width\":1500,\"height\":1000,\"caption\":\"Reprodu\u00e7\u00e3o: Freepik\"},{\"@type\":\"BreadcrumbList\",\"@id\":\"https:\/\/crusoe.audiencelabs.com.br\/menos-banho-no-frio-o-que-a-ciencia-diz-sobre-isso\/#breadcrumb\",\"itemListElement\":[{\"@type\":\"ListItem\",\"position\":1,\"name\":\"Home\",\"item\":\"https:\/\/crusoe.audiencelabs.com.br\/\"},{\"@type\":\"ListItem\",\"position\":2,\"name\":\"Menos banho no frio: o que a ci\u00eancia diz sobre isso?\"}]},{\"@type\":\"WebSite\",\"@id\":\"https:\/\/crusoe.audiencelabs.com.br\/#website\",\"url\":\"https:\/\/crusoe.audiencelabs.com.br\/\",\"name\":\"Variedades - Cruso\u00e9\",\"description\":\"\",\"potentialAction\":[{\"@type\":\"SearchAction\",\"target\":{\"@type\":\"EntryPoint\",\"urlTemplate\":\"https:\/\/crusoe.audiencelabs.com.br\/?s={search_term_string}\"},\"query-input\":{\"@type\":\"PropertyValueSpecification\",\"valueRequired\":true,\"valueName\":\"search_term_string\"}}],\"inLanguage\":\"pt-BR\"},{\"@type\":\"Person\",\"@id\":\"https:\/\/crusoe.audiencelabs.com.br\/#\/schema\/person\/be66e7e59ad3bc2a7c0833132c5c8c00\",\"name\":\"Gabriela Santos\",\"image\":{\"@type\":\"ImageObject\",\"inLanguage\":\"pt-BR\",\"@id\":\"https:\/\/crusoe.audiencelabs.com.br\/#\/schema\/person\/image\/\",\"url\":\"https:\/\/secure.gravatar.com\/avatar\/d58b244b5f316c2ae218c4fd7fd0fdf0fbcf215931ac50c70906d65db85b6002?s=96&d=mm&r=g\",\"contentUrl\":\"https:\/\/secure.gravatar.com\/avatar\/d58b244b5f316c2ae218c4fd7fd0fdf0fbcf215931ac50c70906d65db85b6002?s=96&d=mm&r=g\",\"caption\":\"Gabriela Santos\"},\"description\":\"Jornalista que atua com a produ\u00e7\u00e3o de conte\u00fado em temas diversos, aproximando o leitor por meio de informa\u00e7\u00f5es que refletem o cotidiano.\",\"url\":\"https:\/\/crusoe.audiencelabs.com.br\/author\/gabrielasantos\/\"}]}<\/script>\n<!-- \/ Yoast SEO plugin. -->","yoast_head_json":{"title":"Menos banho no frio: o que a ci\u00eancia diz sobre isso?","robots":{"index":"index","follow":"follow","max-snippet":"max-snippet:-1","max-image-preview":"max-image-preview:large","max-video-preview":"max-video-preview:-1"},"canonical":"https:\/\/crusoe.audiencelabs.com.br\/menos-banho-no-frio-o-que-a-ciencia-diz-sobre-isso\/","og_locale":"pt_BR","og_type":"article","og_title":"Menos banho no frio: o que a ci\u00eancia diz sobre isso?","og_description":"Cuidados que se deve ter ao tomar banho no frio.","og_url":"https:\/\/crusoe.audiencelabs.com.br\/menos-banho-no-frio-o-que-a-ciencia-diz-sobre-isso\/","og_site_name":"Variedades - Cruso\u00e9","article_published_time":"2025-07-25T17:30:00+00:00","og_image":[{"width":1500,"height":1000,"url":"https:\/\/cdn.crusoe.com.br\/uploads\/2025\/07\/20446.jpg","type":"image\/jpeg"}],"author":"Gabriela Santos","twitter_card":"summary_large_image","twitter_misc":{"Escrito por":"Gabriela Santos","Est. tempo de leitura":"3 minutos"},"schema":{"@context":"https:\/\/schema.org","@graph":[{"@type":"WebPage","@id":"https:\/\/crusoe.audiencelabs.com.br\/menos-banho-no-frio-o-que-a-ciencia-diz-sobre-isso\/","url":"https:\/\/crusoe.audiencelabs.com.br\/menos-banho-no-frio-o-que-a-ciencia-diz-sobre-isso\/","name":"Menos banho no frio: o que a ci\u00eancia diz sobre isso?","isPartOf":{"@id":"https:\/\/crusoe.audiencelabs.com.br\/#website"},"primaryImageOfPage":{"@id":"https:\/\/crusoe.audiencelabs.com.br\/menos-banho-no-frio-o-que-a-ciencia-diz-sobre-isso\/#primaryimage"},"image":{"@id":"https:\/\/crusoe.audiencelabs.com.br\/menos-banho-no-frio-o-que-a-ciencia-diz-sobre-isso\/#primaryimage"},"thumbnailUrl":"https:\/\/cdn.crusoe.com.br\/uploads\/2025\/07\/20446.jpg","datePublished":"2025-07-25T17:30:00+00:00","author":{"@id":"https:\/\/crusoe.audiencelabs.com.br\/#\/schema\/person\/be66e7e59ad3bc2a7c0833132c5c8c00"},"breadcrumb":{"@id":"https:\/\/crusoe.audiencelabs.com.br\/menos-banho-no-frio-o-que-a-ciencia-diz-sobre-isso\/#breadcrumb"},"inLanguage":"pt-BR","potentialAction":[{"@type":"ReadAction","target":["https:\/\/crusoe.audiencelabs.com.br\/menos-banho-no-frio-o-que-a-ciencia-diz-sobre-isso\/"]}]},{"@type":"ImageObject","inLanguage":"pt-BR","@id":"https:\/\/crusoe.audiencelabs.com.br\/menos-banho-no-frio-o-que-a-ciencia-diz-sobre-isso\/#primaryimage","url":"https:\/\/cdn.crusoe.com.br\/uploads\/2025\/07\/20446.jpg","contentUrl":"https:\/\/cdn.crusoe.com.br\/uploads\/2025\/07\/20446.jpg","width":1500,"height":1000,"caption":"Reprodu\u00e7\u00e3o: Freepik"},{"@type":"BreadcrumbList","@id":"https:\/\/crusoe.audiencelabs.com.br\/menos-banho-no-frio-o-que-a-ciencia-diz-sobre-isso\/#breadcrumb","itemListElement":[{"@type":"ListItem","position":1,"name":"Home","item":"https:\/\/crusoe.audiencelabs.com.br\/"},{"@type":"ListItem","position":2,"name":"Menos banho no frio: o que a ci\u00eancia diz sobre isso?"}]},{"@type":"WebSite","@id":"https:\/\/crusoe.audiencelabs.com.br\/#website","url":"https:\/\/crusoe.audiencelabs.com.br\/","name":"Variedades - Cruso\u00e9","description":"","potentialAction":[{"@type":"SearchAction","target":{"@type":"EntryPoint","urlTemplate":"https:\/\/crusoe.audiencelabs.com.br\/?s={search_term_string}"},"query-input":{"@type":"PropertyValueSpecification","valueRequired":true,"valueName":"search_term_string"}}],"inLanguage":"pt-BR"},{"@type":"Person","@id":"https:\/\/crusoe.audiencelabs.com.br\/#\/schema\/person\/be66e7e59ad3bc2a7c0833132c5c8c00","name":"Gabriela Santos","image":{"@type":"ImageObject","inLanguage":"pt-BR","@id":"https:\/\/crusoe.audiencelabs.com.br\/#\/schema\/person\/image\/","url":"https:\/\/secure.gravatar.com\/avatar\/d58b244b5f316c2ae218c4fd7fd0fdf0fbcf215931ac50c70906d65db85b6002?s=96&d=mm&r=g","contentUrl":"https:\/\/secure.gravatar.com\/avatar\/d58b244b5f316c2ae218c4fd7fd0fdf0fbcf215931ac50c70906d65db85b6002?s=96&d=mm&r=g","caption":"Gabriela Santos"},"description":"Jornalista que atua com a produ\u00e7\u00e3o de conte\u00fado em temas diversos, aproximando o leitor por meio de informa\u00e7\u00f5es que refletem o cotidiano.","url":"https:\/\/crusoe.audiencelabs.com.br\/author\/gabrielasantos\/"}]}},"_links":{"self":[{"href":"https:\/\/crusoe.audiencelabs.com.br\/wp-json\/wp\/v2\/posts\/6697","targetHints":{"allow":["GET"]}}],"collection":[{"href":"https:\/\/crusoe.audiencelabs.com.br\/wp-json\/wp\/v2\/posts"}],"about":[{"href":"https:\/\/crusoe.audiencelabs.com.br\/wp-json\/wp\/v2\/types\/post"}],"author":[{"embeddable":true,"href":"https:\/\/crusoe.audiencelabs.com.br\/wp-json\/wp\/v2\/users\/8"}],"replies":[{"embeddable":true,"href":"https:\/\/crusoe.audiencelabs.com.br\/wp-json\/wp\/v2\/comments?post=6697"}],"version-history":[{"count":10,"href":"https:\/\/crusoe.audiencelabs.com.br\/wp-json\/wp\/v2\/posts\/6697\/revisions"}],"predecessor-version":[{"id":6710,"href":"https:\/\/crusoe.audiencelabs.com.br\/wp-json\/wp\/v2\/posts\/6697\/revisions\/6710"}],"wp:featuredmedia":[{"embeddable":true,"href":"https:\/\/crusoe.audiencelabs.com.br\/wp-json\/wp\/v2\/media\/6711"}],"wp:attachment":[{"href":"https:\/\/crusoe.audiencelabs.com.br\/wp-json\/wp\/v2\/media?parent=6697"}],"wp:term":[{"taxonomy":"category","embeddable":true,"href":"https:\/\/crusoe.audiencelabs.com.br\/wp-json\/wp\/v2\/categories?post=6697"},{"taxonomy":"post_tag","embeddable":true,"href":"https:\/\/crusoe.audiencelabs.com.br\/wp-json\/wp\/v2\/tags?post=6697"}],"curies":[{"name":"wp","href":"https:\/\/api.w.org\/{rel}","templated":true}]}}