{"id":6452,"date":"2025-07-26T20:30:00","date_gmt":"2025-07-26T23:30:00","guid":{"rendered":"https:\/\/crusoe.com.br\/variedades\/?p=6452"},"modified":"2025-07-23T18:30:50","modified_gmt":"2025-07-23T21:30:50","slug":"cientistas-alertam-para-o-fim-do-ar-que-respiramos-na-terra","status":"publish","type":"post","link":"https:\/\/crusoe.audiencelabs.com.br\/cientistas-alertam-para-o-fim-do-ar-que-respiramos-na-terra\/","title":{"rendered":"Cientistas alertam para o fim do ar que respiramos na Terra"},"content":{"rendered":"\n<p>Uma simula\u00e7\u00e3o da Universidade de Bristol prev\u00ea que, em 250 milh\u00f5es de anos, a Terra poder\u00e1 enfrentar condi\u00e7\u00f5es extremas que podem levar \u00e0 extin\u00e7\u00e3o de mam\u00edferos, incluindo humanos.<\/p>\n\n\n\n<p>A fus\u00e3o dos continentes criaria \u201cPangea Ultima\u201d, que seria sobre calor intenso, com temperaturas pr\u00f3ximas de 50 \u00b0C em v\u00e1rias regi\u00f5es.<\/p>\n\n\n\n<p>Com o fim do ar que respiramos, o aumento da atividade vulc\u00e2nica tamb\u00e9m tornaria o planeta inabit\u00e1vel. O estudo foi publicado na revista cient\u00edfica Nature.<\/p>\n\n\n\n<h2 class=\"wp-block-heading\"><strong>Amea\u00e7ando a vida no planeta<\/strong><\/h2>\n\n\n\n<p>Segundo a pesquisa, 92% da superf\u00edcie terrestre se tornaria impr\u00f3pria para a vida, restando somente \u00e1reas polares e litor\u00e2neas. Como ref\u00fagio, n\u00e3o teria oceanos para regular o clima, onde a Terra enfrentaria superaquecimento agravado pela libera\u00e7\u00e3o de di\u00f3xido dos vulc\u00f5es.<\/p>\n\n\n\n<p>O cientista Alexander Farnsworth alertou para um &#8220;triplo golpe&#8221; causado pelo calor extremo, al\u00e9m de alta umidade e intensa atividade vulc\u00e2nica. Sendo assim, criando um cen\u00e1rio mortal para os mam\u00edferos. Apesar do futuro hostil, os humanos poderiam sobreviver por meio da adapta\u00e7\u00e3o ao calor.<\/p>\n\n\n\n<p>Tendo apoio da tecnologia ao longo de milh\u00f5es de anos, as estrat\u00e9gias est\u00e3o na cria\u00e7\u00e3o de cidades subterr\u00e2neas e no desenvolvimento de h\u00e1bitos noturnos, com semelhan\u00e7a aos de animais do deserto. Outra alternativa seria a coloniza\u00e7\u00e3o de outros planetas, como Marte. N\u00e3o oferecendo nenhum al\u00edvio, a escassez do ar se tornaria uma combina\u00e7\u00e3o fatal.<\/p>\n\n\n\n<p>Acreditando que, mesmo diante das adversidades, a vida encontrar\u00e1 meios de persistir, cientistas relatam. Podendo causar transforma\u00e7\u00f5es severas na Terra, as temperaturas se agravariam pela aus\u00eancia tamb\u00e9m de mares que ajudam a manter o equil\u00edbrio do clima. Liberando gases estufa, comprometeria ainda mais a atmosfera.<\/p>\n\n\n\n<p>Diante desse futuro poss\u00edvel, cientistas consideram que a sobreviv\u00eancia depender\u00e1 de transforma\u00e7\u00f5es profundas. Recorrendo \u00e0 inova\u00e7\u00e3o, a humanidade poder\u00e1 explorar outros ambientes ou at\u00e9 migrar para outros planetas. Mesmo sob riscos t\u00e3o elevados, a vida tende a se reinventar com o passar dos tempos.<\/p>\n","protected":false},"excerpt":{"rendered":"<p>Terra poder\u00e1 se tornar inabit\u00e1vel em 250 milh\u00f5es de anos pela falta de oxig\u00eanio.<\/p>\n","protected":false},"author":8,"featured_media":6459,"comment_status":"open","ping_status":"open","sticky":false,"template":"","format":"standard","meta":{"jnews-multi-image_gallery":[],"jnews_single_post":{"format":"standard"},"jnews_primary_category":[],"jnews_override_counter":[],"jnews_post_split":[],"footnotes":""},"categories":[1],"tags":[],"class_list":["post-6452","post","type-post","status-publish","format-standard","has-post-thumbnail","hentry","category-geral"],"yoast_head":"<!-- This site is optimized with the Yoast SEO plugin v25.0 - https:\/\/yoast.com\/wordpress\/plugins\/seo\/ -->\n<title>Cientistas alertam para o fim do ar que respiramos na Terra<\/title>\n<meta name=\"robots\" content=\"index, follow, max-snippet:-1, max-image-preview:large, max-video-preview:-1\" \/>\n<link rel=\"canonical\" href=\"https:\/\/crusoe.audiencelabs.com.br\/cientistas-alertam-para-o-fim-do-ar-que-respiramos-na-terra\/\" \/>\n<meta property=\"og:locale\" content=\"pt_BR\" \/>\n<meta property=\"og:type\" content=\"article\" \/>\n<meta property=\"og:title\" content=\"Cientistas alertam para o fim do ar que respiramos na Terra\" \/>\n<meta property=\"og:description\" content=\"Terra poder\u00e1 se tornar inabit\u00e1vel em 250 milh\u00f5es de anos pela falta de oxig\u00eanio.\" \/>\n<meta property=\"og:url\" content=\"https:\/\/crusoe.audiencelabs.com.br\/cientistas-alertam-para-o-fim-do-ar-que-respiramos-na-terra\/\" \/>\n<meta property=\"og:site_name\" content=\"Variedades - Cruso\u00e9\" \/>\n<meta property=\"article:published_time\" content=\"2025-07-26T23:30:00+00:00\" \/>\n<meta property=\"og:image\" content=\"https:\/\/cdn.crusoe.com.br\/uploads\/2025\/07\/bernd-dittrich-9PV-GfluguI-unsplash.jpg\" \/>\n\t<meta property=\"og:image:width\" content=\"1920\" \/>\n\t<meta property=\"og:image:height\" content=\"1280\" \/>\n\t<meta property=\"og:image:type\" content=\"image\/jpeg\" \/>\n<meta name=\"author\" content=\"Gabriela Santos\" \/>\n<meta name=\"twitter:card\" content=\"summary_large_image\" \/>\n<meta name=\"twitter:label1\" content=\"Escrito por\" \/>\n\t<meta name=\"twitter:data1\" content=\"Gabriela Santos\" \/>\n\t<meta name=\"twitter:label2\" content=\"Est. tempo de leitura\" \/>\n\t<meta name=\"twitter:data2\" content=\"2 minutos\" \/>\n<script type=\"application\/ld+json\" class=\"yoast-schema-graph\">{\"@context\":\"https:\/\/schema.org\",\"@graph\":[{\"@type\":\"WebPage\",\"@id\":\"https:\/\/crusoe.audiencelabs.com.br\/cientistas-alertam-para-o-fim-do-ar-que-respiramos-na-terra\/\",\"url\":\"https:\/\/crusoe.audiencelabs.com.br\/cientistas-alertam-para-o-fim-do-ar-que-respiramos-na-terra\/\",\"name\":\"Cientistas alertam para o fim do ar que respiramos na Terra\",\"isPartOf\":{\"@id\":\"https:\/\/crusoe.audiencelabs.com.br\/#website\"},\"primaryImageOfPage\":{\"@id\":\"https:\/\/crusoe.audiencelabs.com.br\/cientistas-alertam-para-o-fim-do-ar-que-respiramos-na-terra\/#primaryimage\"},\"image\":{\"@id\":\"https:\/\/crusoe.audiencelabs.com.br\/cientistas-alertam-para-o-fim-do-ar-que-respiramos-na-terra\/#primaryimage\"},\"thumbnailUrl\":\"https:\/\/cdn.crusoe.com.br\/uploads\/2025\/07\/bernd-dittrich-9PV-GfluguI-unsplash.jpg\",\"datePublished\":\"2025-07-26T23:30:00+00:00\",\"author\":{\"@id\":\"https:\/\/crusoe.audiencelabs.com.br\/#\/schema\/person\/be66e7e59ad3bc2a7c0833132c5c8c00\"},\"breadcrumb\":{\"@id\":\"https:\/\/crusoe.audiencelabs.com.br\/cientistas-alertam-para-o-fim-do-ar-que-respiramos-na-terra\/#breadcrumb\"},\"inLanguage\":\"pt-BR\",\"potentialAction\":[{\"@type\":\"ReadAction\",\"target\":[\"https:\/\/crusoe.audiencelabs.com.br\/cientistas-alertam-para-o-fim-do-ar-que-respiramos-na-terra\/\"]}]},{\"@type\":\"ImageObject\",\"inLanguage\":\"pt-BR\",\"@id\":\"https:\/\/crusoe.audiencelabs.com.br\/cientistas-alertam-para-o-fim-do-ar-que-respiramos-na-terra\/#primaryimage\",\"url\":\"https:\/\/cdn.crusoe.com.br\/uploads\/2025\/07\/bernd-dittrich-9PV-GfluguI-unsplash.jpg\",\"contentUrl\":\"https:\/\/cdn.crusoe.com.br\/uploads\/2025\/07\/bernd-dittrich-9PV-GfluguI-unsplash.jpg\",\"width\":1920,\"height\":1280,\"caption\":\"Reprodu\u00e7\u00e3o: Unsplash\"},{\"@type\":\"BreadcrumbList\",\"@id\":\"https:\/\/crusoe.audiencelabs.com.br\/cientistas-alertam-para-o-fim-do-ar-que-respiramos-na-terra\/#breadcrumb\",\"itemListElement\":[{\"@type\":\"ListItem\",\"position\":1,\"name\":\"Home\",\"item\":\"https:\/\/crusoe.audiencelabs.com.br\/\"},{\"@type\":\"ListItem\",\"position\":2,\"name\":\"Cientistas alertam para o fim do ar que respiramos na Terra\"}]},{\"@type\":\"WebSite\",\"@id\":\"https:\/\/crusoe.audiencelabs.com.br\/#website\",\"url\":\"https:\/\/crusoe.audiencelabs.com.br\/\",\"name\":\"Variedades - Cruso\u00e9\",\"description\":\"\",\"potentialAction\":[{\"@type\":\"SearchAction\",\"target\":{\"@type\":\"EntryPoint\",\"urlTemplate\":\"https:\/\/crusoe.audiencelabs.com.br\/?s={search_term_string}\"},\"query-input\":{\"@type\":\"PropertyValueSpecification\",\"valueRequired\":true,\"valueName\":\"search_term_string\"}}],\"inLanguage\":\"pt-BR\"},{\"@type\":\"Person\",\"@id\":\"https:\/\/crusoe.audiencelabs.com.br\/#\/schema\/person\/be66e7e59ad3bc2a7c0833132c5c8c00\",\"name\":\"Gabriela Santos\",\"image\":{\"@type\":\"ImageObject\",\"inLanguage\":\"pt-BR\",\"@id\":\"https:\/\/crusoe.audiencelabs.com.br\/#\/schema\/person\/image\/\",\"url\":\"https:\/\/secure.gravatar.com\/avatar\/d58b244b5f316c2ae218c4fd7fd0fdf0fbcf215931ac50c70906d65db85b6002?s=96&d=mm&r=g\",\"contentUrl\":\"https:\/\/secure.gravatar.com\/avatar\/d58b244b5f316c2ae218c4fd7fd0fdf0fbcf215931ac50c70906d65db85b6002?s=96&d=mm&r=g\",\"caption\":\"Gabriela Santos\"},\"description\":\"Jornalista que atua com a produ\u00e7\u00e3o de conte\u00fado em temas diversos, aproximando o leitor por meio de informa\u00e7\u00f5es que refletem o cotidiano.\",\"url\":\"https:\/\/crusoe.audiencelabs.com.br\/author\/gabrielasantos\/\"}]}<\/script>\n<!-- \/ Yoast SEO plugin. -->","yoast_head_json":{"title":"Cientistas alertam para o fim do ar que respiramos na Terra","robots":{"index":"index","follow":"follow","max-snippet":"max-snippet:-1","max-image-preview":"max-image-preview:large","max-video-preview":"max-video-preview:-1"},"canonical":"https:\/\/crusoe.audiencelabs.com.br\/cientistas-alertam-para-o-fim-do-ar-que-respiramos-na-terra\/","og_locale":"pt_BR","og_type":"article","og_title":"Cientistas alertam para o fim do ar que respiramos na Terra","og_description":"Terra poder\u00e1 se tornar inabit\u00e1vel em 250 milh\u00f5es de anos pela falta de oxig\u00eanio.","og_url":"https:\/\/crusoe.audiencelabs.com.br\/cientistas-alertam-para-o-fim-do-ar-que-respiramos-na-terra\/","og_site_name":"Variedades - Cruso\u00e9","article_published_time":"2025-07-26T23:30:00+00:00","og_image":[{"width":1920,"height":1280,"url":"https:\/\/cdn.crusoe.com.br\/uploads\/2025\/07\/bernd-dittrich-9PV-GfluguI-unsplash.jpg","type":"image\/jpeg"}],"author":"Gabriela Santos","twitter_card":"summary_large_image","twitter_misc":{"Escrito por":"Gabriela Santos","Est. tempo de leitura":"2 minutos"},"schema":{"@context":"https:\/\/schema.org","@graph":[{"@type":"WebPage","@id":"https:\/\/crusoe.audiencelabs.com.br\/cientistas-alertam-para-o-fim-do-ar-que-respiramos-na-terra\/","url":"https:\/\/crusoe.audiencelabs.com.br\/cientistas-alertam-para-o-fim-do-ar-que-respiramos-na-terra\/","name":"Cientistas alertam para o fim do ar que respiramos na Terra","isPartOf":{"@id":"https:\/\/crusoe.audiencelabs.com.br\/#website"},"primaryImageOfPage":{"@id":"https:\/\/crusoe.audiencelabs.com.br\/cientistas-alertam-para-o-fim-do-ar-que-respiramos-na-terra\/#primaryimage"},"image":{"@id":"https:\/\/crusoe.audiencelabs.com.br\/cientistas-alertam-para-o-fim-do-ar-que-respiramos-na-terra\/#primaryimage"},"thumbnailUrl":"https:\/\/cdn.crusoe.com.br\/uploads\/2025\/07\/bernd-dittrich-9PV-GfluguI-unsplash.jpg","datePublished":"2025-07-26T23:30:00+00:00","author":{"@id":"https:\/\/crusoe.audiencelabs.com.br\/#\/schema\/person\/be66e7e59ad3bc2a7c0833132c5c8c00"},"breadcrumb":{"@id":"https:\/\/crusoe.audiencelabs.com.br\/cientistas-alertam-para-o-fim-do-ar-que-respiramos-na-terra\/#breadcrumb"},"inLanguage":"pt-BR","potentialAction":[{"@type":"ReadAction","target":["https:\/\/crusoe.audiencelabs.com.br\/cientistas-alertam-para-o-fim-do-ar-que-respiramos-na-terra\/"]}]},{"@type":"ImageObject","inLanguage":"pt-BR","@id":"https:\/\/crusoe.audiencelabs.com.br\/cientistas-alertam-para-o-fim-do-ar-que-respiramos-na-terra\/#primaryimage","url":"https:\/\/cdn.crusoe.com.br\/uploads\/2025\/07\/bernd-dittrich-9PV-GfluguI-unsplash.jpg","contentUrl":"https:\/\/cdn.crusoe.com.br\/uploads\/2025\/07\/bernd-dittrich-9PV-GfluguI-unsplash.jpg","width":1920,"height":1280,"caption":"Reprodu\u00e7\u00e3o: Unsplash"},{"@type":"BreadcrumbList","@id":"https:\/\/crusoe.audiencelabs.com.br\/cientistas-alertam-para-o-fim-do-ar-que-respiramos-na-terra\/#breadcrumb","itemListElement":[{"@type":"ListItem","position":1,"name":"Home","item":"https:\/\/crusoe.audiencelabs.com.br\/"},{"@type":"ListItem","position":2,"name":"Cientistas alertam para o fim do ar que respiramos na Terra"}]},{"@type":"WebSite","@id":"https:\/\/crusoe.audiencelabs.com.br\/#website","url":"https:\/\/crusoe.audiencelabs.com.br\/","name":"Variedades - Cruso\u00e9","description":"","potentialAction":[{"@type":"SearchAction","target":{"@type":"EntryPoint","urlTemplate":"https:\/\/crusoe.audiencelabs.com.br\/?s={search_term_string}"},"query-input":{"@type":"PropertyValueSpecification","valueRequired":true,"valueName":"search_term_string"}}],"inLanguage":"pt-BR"},{"@type":"Person","@id":"https:\/\/crusoe.audiencelabs.com.br\/#\/schema\/person\/be66e7e59ad3bc2a7c0833132c5c8c00","name":"Gabriela Santos","image":{"@type":"ImageObject","inLanguage":"pt-BR","@id":"https:\/\/crusoe.audiencelabs.com.br\/#\/schema\/person\/image\/","url":"https:\/\/secure.gravatar.com\/avatar\/d58b244b5f316c2ae218c4fd7fd0fdf0fbcf215931ac50c70906d65db85b6002?s=96&d=mm&r=g","contentUrl":"https:\/\/secure.gravatar.com\/avatar\/d58b244b5f316c2ae218c4fd7fd0fdf0fbcf215931ac50c70906d65db85b6002?s=96&d=mm&r=g","caption":"Gabriela Santos"},"description":"Jornalista que atua com a produ\u00e7\u00e3o de conte\u00fado em temas diversos, aproximando o leitor por meio de informa\u00e7\u00f5es que refletem o cotidiano.","url":"https:\/\/crusoe.audiencelabs.com.br\/author\/gabrielasantos\/"}]}},"_links":{"self":[{"href":"https:\/\/crusoe.audiencelabs.com.br\/wp-json\/wp\/v2\/posts\/6452","targetHints":{"allow":["GET"]}}],"collection":[{"href":"https:\/\/crusoe.audiencelabs.com.br\/wp-json\/wp\/v2\/posts"}],"about":[{"href":"https:\/\/crusoe.audiencelabs.com.br\/wp-json\/wp\/v2\/types\/post"}],"author":[{"embeddable":true,"href":"https:\/\/crusoe.audiencelabs.com.br\/wp-json\/wp\/v2\/users\/8"}],"replies":[{"embeddable":true,"href":"https:\/\/crusoe.audiencelabs.com.br\/wp-json\/wp\/v2\/comments?post=6452"}],"version-history":[{"count":6,"href":"https:\/\/crusoe.audiencelabs.com.br\/wp-json\/wp\/v2\/posts\/6452\/revisions"}],"predecessor-version":[{"id":6460,"href":"https:\/\/crusoe.audiencelabs.com.br\/wp-json\/wp\/v2\/posts\/6452\/revisions\/6460"}],"wp:featuredmedia":[{"embeddable":true,"href":"https:\/\/crusoe.audiencelabs.com.br\/wp-json\/wp\/v2\/media\/6459"}],"wp:attachment":[{"href":"https:\/\/crusoe.audiencelabs.com.br\/wp-json\/wp\/v2\/media?parent=6452"}],"wp:term":[{"taxonomy":"category","embeddable":true,"href":"https:\/\/crusoe.audiencelabs.com.br\/wp-json\/wp\/v2\/categories?post=6452"},{"taxonomy":"post_tag","embeddable":true,"href":"https:\/\/crusoe.audiencelabs.com.br\/wp-json\/wp\/v2\/tags?post=6452"}],"curies":[{"name":"wp","href":"https:\/\/api.w.org\/{rel}","templated":true}]}}