{"id":5832,"date":"2025-07-18T16:17:11","date_gmt":"2025-07-18T19:17:11","guid":{"rendered":"https:\/\/crusoe.com.br\/variedades\/?p=5832"},"modified":"2025-07-18T16:17:12","modified_gmt":"2025-07-18T19:17:12","slug":"azul-surpreende-com-decisao-e-cancela-voos-em-2025","status":"publish","type":"post","link":"https:\/\/crusoe.audiencelabs.com.br\/azul-surpreende-com-decisao-e-cancela-voos-em-2025\/","title":{"rendered":"Azul surpreende com decis\u00e3o e cancela voos em 2025"},"content":{"rendered":"\n<p>Suspendendo voos regulares para o Aeroporto de Jericoacoara, no Cear\u00e1, a Azul implementar\u00e1 a partir de setembro de 2025.<\/p>\n\n\n\n<p>Com a rota saindo de Belo Horizonte, come\u00e7ar\u00e1 a ser sazonal. Operando apenas nos meses de alta demanda, como em julho, dezembro e janeiro.<\/p>\n\n\n\n<p>A decis\u00e3o da Azul retrata um impasse econ\u00f4mico, onde o alto custo operacional pressiona o setor a\u00e9reo. Sendo eles sobre aumento do d\u00f3lar e instabilidades na cadeia de suprimentos.<\/p>\n\n\n\n<h2 class=\"wp-block-heading\"><strong>Os desafios <\/strong><\/h2>\n\n\n\n<p>De acordo com a companhia Azul, os ajustes tamb\u00e9m s\u00e3o baseados em crit\u00e9rios t\u00e9cnicos. Dando destaque para o aumento das despesas, retrata combust\u00edvel, manuten\u00e7\u00e3o e infraestrutura. Tendo desvaloriza\u00e7\u00e3o cambial, outro fator crucial para a interrup\u00e7\u00e3o de voos para Jericoacoara \u00e9 a baixa ocupa\u00e7\u00e3o fora da alta temporada.<\/p>\n\n\n\n<p>Se tornando invi\u00e1vel manter voos regulares durante o ano inteiro, a Azul mant\u00e9m uma malha a\u00e9rea robusta no Cear\u00e1. Contendo 80 voos semanais para destinos como Fortaleza, Juazeiro do Norte e Aracati. Preocupando o setor tur\u00edstico local, esse depende fortemente do fluxo a\u00e9reo ao sustentar pousadas, restaurantes e servi\u00e7os de turismo.<\/p>\n\n\n\n<p>A barrada da Azul assegura que passageiros com passagens em per\u00edodos fora da opera\u00e7\u00e3o sazonal tenham assist\u00eancia. Conforme a Resolu\u00e7\u00e3o da ANAC, essa \u00e9 sobre reembolso ou remarca\u00e7\u00e3o gratuita. Tomando medidas para minimizar impactos aos clientes afetados, alternativas servem para conduzir o processo.\u00a0<\/p>\n\n\n\n<p>Jericoacoara segue como um destino tur\u00edstico relevante, onde se tem seus meses de pico. Enquanto isso, alternativas terrestres a partir de Fortaleza continuam dispon\u00edveis para o acesso local. Nesse cen\u00e1rio, a opera\u00e7\u00e3o da Azul \u00e9 considerada dif\u00edcil, mesmo que o lugar seja consolidado.<\/p>\n\n\n\n<p>Embora a decis\u00e3o imponha desafios ao turismo, os meses de maior movimento permanecem. A vila de Jericoacoara, por sua vez, continua sendo um dos destinos mais procurados do Brasil. Com apelo tur\u00edstico e suas paisagens \u00fanicas, \u00e9 uma op\u00e7\u00e3o para f\u00e9rias e outros feriados.<\/p>\n","protected":false},"excerpt":{"rendered":"<p>Suspendendo, a Azul manter\u00e1 somente voos regulares para Jericoacoara.<\/p>\n","protected":false},"author":8,"featured_media":5850,"comment_status":"open","ping_status":"open","sticky":false,"template":"","format":"standard","meta":{"jnews-multi-image_gallery":[],"jnews_single_post":{"format":"standard"},"jnews_primary_category":[],"jnews_override_counter":[],"jnews_post_split":[],"footnotes":""},"categories":[1],"tags":[],"class_list":["post-5832","post","type-post","status-publish","format-standard","has-post-thumbnail","hentry","category-geral"],"yoast_head":"<!-- This site is optimized with the Yoast SEO plugin v25.0 - https:\/\/yoast.com\/wordpress\/plugins\/seo\/ -->\n<title>Azul surpreende com decis\u00e3o e cancela voos em 2025<\/title>\n<meta name=\"robots\" content=\"index, follow, max-snippet:-1, max-image-preview:large, max-video-preview:-1\" \/>\n<link rel=\"canonical\" href=\"https:\/\/crusoe.audiencelabs.com.br\/azul-surpreende-com-decisao-e-cancela-voos-em-2025\/\" \/>\n<meta property=\"og:locale\" content=\"pt_BR\" \/>\n<meta property=\"og:type\" content=\"article\" \/>\n<meta property=\"og:title\" content=\"Azul surpreende com decis\u00e3o e cancela voos em 2025\" \/>\n<meta property=\"og:description\" content=\"Suspendendo, a Azul manter\u00e1 somente voos regulares para Jericoacoara.\" \/>\n<meta property=\"og:url\" content=\"https:\/\/crusoe.audiencelabs.com.br\/azul-surpreende-com-decisao-e-cancela-voos-em-2025\/\" \/>\n<meta property=\"og:site_name\" content=\"Variedades - Cruso\u00e9\" \/>\n<meta property=\"article:published_time\" content=\"2025-07-18T19:17:11+00:00\" \/>\n<meta property=\"article:modified_time\" content=\"2025-07-18T19:17:12+00:00\" \/>\n<meta property=\"og:image\" content=\"https:\/\/cdn.crusoe.com.br\/uploads\/2025\/07\/Azul.webp\" \/>\n\t<meta property=\"og:image:width\" content=\"1170\" \/>\n\t<meta property=\"og:image:height\" content=\"700\" \/>\n\t<meta property=\"og:image:type\" content=\"image\/webp\" \/>\n<meta name=\"author\" content=\"Gabriela Santos\" \/>\n<meta name=\"twitter:card\" content=\"summary_large_image\" \/>\n<meta name=\"twitter:label1\" content=\"Escrito por\" \/>\n\t<meta name=\"twitter:data1\" content=\"Gabriela Santos\" \/>\n\t<meta name=\"twitter:label2\" content=\"Est. tempo de leitura\" \/>\n\t<meta name=\"twitter:data2\" content=\"2 minutos\" \/>\n<script type=\"application\/ld+json\" class=\"yoast-schema-graph\">{\"@context\":\"https:\/\/schema.org\",\"@graph\":[{\"@type\":\"WebPage\",\"@id\":\"https:\/\/crusoe.audiencelabs.com.br\/azul-surpreende-com-decisao-e-cancela-voos-em-2025\/\",\"url\":\"https:\/\/crusoe.audiencelabs.com.br\/azul-surpreende-com-decisao-e-cancela-voos-em-2025\/\",\"name\":\"Azul surpreende com decis\u00e3o e cancela voos em 2025\",\"isPartOf\":{\"@id\":\"https:\/\/crusoe.audiencelabs.com.br\/#website\"},\"primaryImageOfPage\":{\"@id\":\"https:\/\/crusoe.audiencelabs.com.br\/azul-surpreende-com-decisao-e-cancela-voos-em-2025\/#primaryimage\"},\"image\":{\"@id\":\"https:\/\/crusoe.audiencelabs.com.br\/azul-surpreende-com-decisao-e-cancela-voos-em-2025\/#primaryimage\"},\"thumbnailUrl\":\"https:\/\/cdn.crusoe.com.br\/uploads\/2025\/07\/Azul.webp\",\"datePublished\":\"2025-07-18T19:17:11+00:00\",\"dateModified\":\"2025-07-18T19:17:12+00:00\",\"author\":{\"@id\":\"https:\/\/crusoe.audiencelabs.com.br\/#\/schema\/person\/be66e7e59ad3bc2a7c0833132c5c8c00\"},\"breadcrumb\":{\"@id\":\"https:\/\/crusoe.audiencelabs.com.br\/azul-surpreende-com-decisao-e-cancela-voos-em-2025\/#breadcrumb\"},\"inLanguage\":\"pt-BR\",\"potentialAction\":[{\"@type\":\"ReadAction\",\"target\":[\"https:\/\/crusoe.audiencelabs.com.br\/azul-surpreende-com-decisao-e-cancela-voos-em-2025\/\"]}]},{\"@type\":\"ImageObject\",\"inLanguage\":\"pt-BR\",\"@id\":\"https:\/\/crusoe.audiencelabs.com.br\/azul-surpreende-com-decisao-e-cancela-voos-em-2025\/#primaryimage\",\"url\":\"https:\/\/cdn.crusoe.com.br\/uploads\/2025\/07\/Azul.webp\",\"contentUrl\":\"https:\/\/cdn.crusoe.com.br\/uploads\/2025\/07\/Azul.webp\",\"width\":1170,\"height\":700,\"caption\":\"Reprodu\u00e7\u00e3o: Ag\u00eancia Brasil (Valter Campanato)\"},{\"@type\":\"BreadcrumbList\",\"@id\":\"https:\/\/crusoe.audiencelabs.com.br\/azul-surpreende-com-decisao-e-cancela-voos-em-2025\/#breadcrumb\",\"itemListElement\":[{\"@type\":\"ListItem\",\"position\":1,\"name\":\"Home\",\"item\":\"https:\/\/crusoe.audiencelabs.com.br\/\"},{\"@type\":\"ListItem\",\"position\":2,\"name\":\"Azul surpreende com decis\u00e3o e cancela voos em 2025\"}]},{\"@type\":\"WebSite\",\"@id\":\"https:\/\/crusoe.audiencelabs.com.br\/#website\",\"url\":\"https:\/\/crusoe.audiencelabs.com.br\/\",\"name\":\"Variedades - Cruso\u00e9\",\"description\":\"\",\"potentialAction\":[{\"@type\":\"SearchAction\",\"target\":{\"@type\":\"EntryPoint\",\"urlTemplate\":\"https:\/\/crusoe.audiencelabs.com.br\/?s={search_term_string}\"},\"query-input\":{\"@type\":\"PropertyValueSpecification\",\"valueRequired\":true,\"valueName\":\"search_term_string\"}}],\"inLanguage\":\"pt-BR\"},{\"@type\":\"Person\",\"@id\":\"https:\/\/crusoe.audiencelabs.com.br\/#\/schema\/person\/be66e7e59ad3bc2a7c0833132c5c8c00\",\"name\":\"Gabriela Santos\",\"image\":{\"@type\":\"ImageObject\",\"inLanguage\":\"pt-BR\",\"@id\":\"https:\/\/crusoe.audiencelabs.com.br\/#\/schema\/person\/image\/\",\"url\":\"https:\/\/secure.gravatar.com\/avatar\/d58b244b5f316c2ae218c4fd7fd0fdf0fbcf215931ac50c70906d65db85b6002?s=96&d=mm&r=g\",\"contentUrl\":\"https:\/\/secure.gravatar.com\/avatar\/d58b244b5f316c2ae218c4fd7fd0fdf0fbcf215931ac50c70906d65db85b6002?s=96&d=mm&r=g\",\"caption\":\"Gabriela Santos\"},\"description\":\"Jornalista que atua com a produ\u00e7\u00e3o de conte\u00fado em temas diversos, aproximando o leitor por meio de informa\u00e7\u00f5es que refletem o cotidiano.\",\"url\":\"https:\/\/crusoe.audiencelabs.com.br\/author\/gabrielasantos\/\"}]}<\/script>\n<!-- \/ Yoast SEO plugin. -->","yoast_head_json":{"title":"Azul surpreende com decis\u00e3o e cancela voos em 2025","robots":{"index":"index","follow":"follow","max-snippet":"max-snippet:-1","max-image-preview":"max-image-preview:large","max-video-preview":"max-video-preview:-1"},"canonical":"https:\/\/crusoe.audiencelabs.com.br\/azul-surpreende-com-decisao-e-cancela-voos-em-2025\/","og_locale":"pt_BR","og_type":"article","og_title":"Azul surpreende com decis\u00e3o e cancela voos em 2025","og_description":"Suspendendo, a Azul manter\u00e1 somente voos regulares para Jericoacoara.","og_url":"https:\/\/crusoe.audiencelabs.com.br\/azul-surpreende-com-decisao-e-cancela-voos-em-2025\/","og_site_name":"Variedades - Cruso\u00e9","article_published_time":"2025-07-18T19:17:11+00:00","article_modified_time":"2025-07-18T19:17:12+00:00","og_image":[{"width":1170,"height":700,"url":"https:\/\/cdn.crusoe.com.br\/uploads\/2025\/07\/Azul.webp","type":"image\/webp"}],"author":"Gabriela Santos","twitter_card":"summary_large_image","twitter_misc":{"Escrito por":"Gabriela Santos","Est. tempo de leitura":"2 minutos"},"schema":{"@context":"https:\/\/schema.org","@graph":[{"@type":"WebPage","@id":"https:\/\/crusoe.audiencelabs.com.br\/azul-surpreende-com-decisao-e-cancela-voos-em-2025\/","url":"https:\/\/crusoe.audiencelabs.com.br\/azul-surpreende-com-decisao-e-cancela-voos-em-2025\/","name":"Azul surpreende com decis\u00e3o e cancela voos em 2025","isPartOf":{"@id":"https:\/\/crusoe.audiencelabs.com.br\/#website"},"primaryImageOfPage":{"@id":"https:\/\/crusoe.audiencelabs.com.br\/azul-surpreende-com-decisao-e-cancela-voos-em-2025\/#primaryimage"},"image":{"@id":"https:\/\/crusoe.audiencelabs.com.br\/azul-surpreende-com-decisao-e-cancela-voos-em-2025\/#primaryimage"},"thumbnailUrl":"https:\/\/cdn.crusoe.com.br\/uploads\/2025\/07\/Azul.webp","datePublished":"2025-07-18T19:17:11+00:00","dateModified":"2025-07-18T19:17:12+00:00","author":{"@id":"https:\/\/crusoe.audiencelabs.com.br\/#\/schema\/person\/be66e7e59ad3bc2a7c0833132c5c8c00"},"breadcrumb":{"@id":"https:\/\/crusoe.audiencelabs.com.br\/azul-surpreende-com-decisao-e-cancela-voos-em-2025\/#breadcrumb"},"inLanguage":"pt-BR","potentialAction":[{"@type":"ReadAction","target":["https:\/\/crusoe.audiencelabs.com.br\/azul-surpreende-com-decisao-e-cancela-voos-em-2025\/"]}]},{"@type":"ImageObject","inLanguage":"pt-BR","@id":"https:\/\/crusoe.audiencelabs.com.br\/azul-surpreende-com-decisao-e-cancela-voos-em-2025\/#primaryimage","url":"https:\/\/cdn.crusoe.com.br\/uploads\/2025\/07\/Azul.webp","contentUrl":"https:\/\/cdn.crusoe.com.br\/uploads\/2025\/07\/Azul.webp","width":1170,"height":700,"caption":"Reprodu\u00e7\u00e3o: Ag\u00eancia Brasil (Valter Campanato)"},{"@type":"BreadcrumbList","@id":"https:\/\/crusoe.audiencelabs.com.br\/azul-surpreende-com-decisao-e-cancela-voos-em-2025\/#breadcrumb","itemListElement":[{"@type":"ListItem","position":1,"name":"Home","item":"https:\/\/crusoe.audiencelabs.com.br\/"},{"@type":"ListItem","position":2,"name":"Azul surpreende com decis\u00e3o e cancela voos em 2025"}]},{"@type":"WebSite","@id":"https:\/\/crusoe.audiencelabs.com.br\/#website","url":"https:\/\/crusoe.audiencelabs.com.br\/","name":"Variedades - Cruso\u00e9","description":"","potentialAction":[{"@type":"SearchAction","target":{"@type":"EntryPoint","urlTemplate":"https:\/\/crusoe.audiencelabs.com.br\/?s={search_term_string}"},"query-input":{"@type":"PropertyValueSpecification","valueRequired":true,"valueName":"search_term_string"}}],"inLanguage":"pt-BR"},{"@type":"Person","@id":"https:\/\/crusoe.audiencelabs.com.br\/#\/schema\/person\/be66e7e59ad3bc2a7c0833132c5c8c00","name":"Gabriela Santos","image":{"@type":"ImageObject","inLanguage":"pt-BR","@id":"https:\/\/crusoe.audiencelabs.com.br\/#\/schema\/person\/image\/","url":"https:\/\/secure.gravatar.com\/avatar\/d58b244b5f316c2ae218c4fd7fd0fdf0fbcf215931ac50c70906d65db85b6002?s=96&d=mm&r=g","contentUrl":"https:\/\/secure.gravatar.com\/avatar\/d58b244b5f316c2ae218c4fd7fd0fdf0fbcf215931ac50c70906d65db85b6002?s=96&d=mm&r=g","caption":"Gabriela Santos"},"description":"Jornalista que atua com a produ\u00e7\u00e3o de conte\u00fado em temas diversos, aproximando o leitor por meio de informa\u00e7\u00f5es que refletem o cotidiano.","url":"https:\/\/crusoe.audiencelabs.com.br\/author\/gabrielasantos\/"}]}},"_links":{"self":[{"href":"https:\/\/crusoe.audiencelabs.com.br\/wp-json\/wp\/v2\/posts\/5832","targetHints":{"allow":["GET"]}}],"collection":[{"href":"https:\/\/crusoe.audiencelabs.com.br\/wp-json\/wp\/v2\/posts"}],"about":[{"href":"https:\/\/crusoe.audiencelabs.com.br\/wp-json\/wp\/v2\/types\/post"}],"author":[{"embeddable":true,"href":"https:\/\/crusoe.audiencelabs.com.br\/wp-json\/wp\/v2\/users\/8"}],"replies":[{"embeddable":true,"href":"https:\/\/crusoe.audiencelabs.com.br\/wp-json\/wp\/v2\/comments?post=5832"}],"version-history":[{"count":3,"href":"https:\/\/crusoe.audiencelabs.com.br\/wp-json\/wp\/v2\/posts\/5832\/revisions"}],"predecessor-version":[{"id":5856,"href":"https:\/\/crusoe.audiencelabs.com.br\/wp-json\/wp\/v2\/posts\/5832\/revisions\/5856"}],"wp:featuredmedia":[{"embeddable":true,"href":"https:\/\/crusoe.audiencelabs.com.br\/wp-json\/wp\/v2\/media\/5850"}],"wp:attachment":[{"href":"https:\/\/crusoe.audiencelabs.com.br\/wp-json\/wp\/v2\/media?parent=5832"}],"wp:term":[{"taxonomy":"category","embeddable":true,"href":"https:\/\/crusoe.audiencelabs.com.br\/wp-json\/wp\/v2\/categories?post=5832"},{"taxonomy":"post_tag","embeddable":true,"href":"https:\/\/crusoe.audiencelabs.com.br\/wp-json\/wp\/v2\/tags?post=5832"}],"curies":[{"name":"wp","href":"https:\/\/api.w.org\/{rel}","templated":true}]}}