{"id":5801,"date":"2025-07-18T15:41:26","date_gmt":"2025-07-18T18:41:26","guid":{"rendered":"https:\/\/crusoe.com.br\/variedades\/?p=5801"},"modified":"2025-07-18T15:41:28","modified_gmt":"2025-07-18T18:41:28","slug":"vai-ter-13o-salario-no-bolsa-familia-em-2025","status":"publish","type":"post","link":"https:\/\/crusoe.audiencelabs.com.br\/vai-ter-13o-salario-no-bolsa-familia-em-2025\/","title":{"rendered":"Vai ter 13\u00ba sal\u00e1rio no Bolsa Fam\u00edlia em 2025?"},"content":{"rendered":"\n<p>Com o Governo Federal n\u00e3o prevendo o pagamento do 13\u00ba sal\u00e1rio aos benefici\u00e1rios do Bolsa Fam\u00edlia, o foco est\u00e1 nos repasses mensais regulares e adicionais.<\/p>\n\n\n\n<p>O valor m\u00ednimo da parcela segue em R$ 600, onde a m\u00e9dia gira em torno de R$ 680. Podendo variar conforme a composi\u00e7\u00e3o familiar.<\/p>\n\n\n\n<p>Por mais que se tenha descartado o abono extra no Bolsa Fam\u00edlia, alguns estados mant\u00eam iniciativas pr\u00f3prias. Bancado em Pernambuco, eles oferecem um 13\u00ba estadual de R$ 150.<\/p>\n\n\n\n<h2 class=\"wp-block-heading\"><strong>A prioridade<\/strong><\/h2>\n\n\n\n<p>Considerando que um pagamento do 13\u00ba custaria mais de R$ 13 bilh\u00f5es, os pagamentos do Bolsa Fam\u00edlia que s\u00e3o mensais devem continuar. O que inviabiliza a medida, no cen\u00e1rio atual, \u00e9 a conten\u00e7\u00e3o de gastos para a cria\u00e7\u00e3o de novos benef\u00edcios. A previsibilidade nos pagamentos que j\u00e1 ocorrem \u00e9 essencial para a seguran\u00e7a financeira das fam\u00edlias.<\/p>\n\n\n\n<p>\u00c9 importante se planejar conforme o calend\u00e1rio do Bolsa Fam\u00edlia, cujos repasses come\u00e7aram em julho e v\u00e3o at\u00e9 o fim do m\u00eas. Com os pagamentos de acordo com o final do NIS, as informa\u00e7\u00f5es podem ser consultadas no aplicativo do programa, sendo tamb\u00e9m no Caixa Tem.<\/p>\n\n\n\n<p>Valores e datas de pagamentos s\u00e3o sempre atualizados no Bolsa Fam\u00edlia. O MDS, por sua vez, continua investindo no combate a fraudes e na efici\u00eancia do programa. Planejamentos cont\u00ednuos devem ser feitos, onde os recursos j\u00e1 oferecidos precisam se adequar para cada perfil familiar.<\/p>\n\n\n\n<p>Direcionando para pessoas que realmente precisam, o Bolsa Fam\u00edlia concentra esfor\u00e7os. Medidas como auditorias, visitas domiciliares e cruzamento de dados nos cadastros servem para otimizar o alcance do benef\u00edcio. Tendo essa estrat\u00e9gia, \u00e9 refor\u00e7ada a prioridade da gest\u00e3o em efici\u00eancia e transpar\u00eancia.<\/p>\n\n\n\n<p>Mesmo com a aus\u00eancia do 13\u00ba do Bolsa Fam\u00edlia, repasses obrigat\u00f3rios continuar\u00e3o. Essencial para pessoas de baixa renda, o recebimento \u00e9 importante. Para evitar desinforma\u00e7\u00f5es, \u00e9 necess\u00e1rio se manter atualizado, onde frustra\u00e7\u00f5es n\u00e3o ser\u00e3o vistas. Por isso, a melhor forma \u00e9 seguir o calend\u00e1rio oficial, que \u00e9 uma fonte confi\u00e1vel.<\/p>\n","protected":false},"excerpt":{"rendered":"<p>Com foco em repasses regulares, o Bolsa Fam\u00edlia n\u00e3o ter\u00e1 13\u00ba como pagamento.<\/p>\n","protected":false},"author":8,"featured_media":5819,"comment_status":"open","ping_status":"open","sticky":false,"template":"","format":"standard","meta":{"jnews-multi-image_gallery":[],"jnews_single_post":{"format":"standard"},"jnews_primary_category":[],"jnews_override_counter":[],"jnews_post_split":[],"footnotes":""},"categories":[1],"tags":[],"class_list":["post-5801","post","type-post","status-publish","format-standard","has-post-thumbnail","hentry","category-geral"],"yoast_head":"<!-- This site is optimized with the Yoast SEO plugin v25.0 - https:\/\/yoast.com\/wordpress\/plugins\/seo\/ -->\n<title>Vai ter 13\u00ba sal\u00e1rio no Bolsa Fam\u00edlia em 2025?<\/title>\n<meta name=\"robots\" content=\"index, follow, max-snippet:-1, max-image-preview:large, max-video-preview:-1\" \/>\n<link rel=\"canonical\" href=\"https:\/\/crusoe.audiencelabs.com.br\/vai-ter-13o-salario-no-bolsa-familia-em-2025\/\" \/>\n<meta property=\"og:locale\" content=\"pt_BR\" \/>\n<meta property=\"og:type\" content=\"article\" \/>\n<meta property=\"og:title\" content=\"Vai ter 13\u00ba sal\u00e1rio no Bolsa Fam\u00edlia em 2025?\" \/>\n<meta property=\"og:description\" content=\"Com foco em repasses regulares, o Bolsa Fam\u00edlia n\u00e3o ter\u00e1 13\u00ba como pagamento.\" \/>\n<meta property=\"og:url\" content=\"https:\/\/crusoe.audiencelabs.com.br\/vai-ter-13o-salario-no-bolsa-familia-em-2025\/\" \/>\n<meta property=\"og:site_name\" content=\"Variedades - Cruso\u00e9\" \/>\n<meta property=\"article:published_time\" content=\"2025-07-18T18:41:26+00:00\" \/>\n<meta property=\"article:modified_time\" content=\"2025-07-18T18:41:28+00:00\" \/>\n<meta property=\"og:image\" content=\"https:\/\/cdn.crusoe.com.br\/uploads\/2025\/07\/Bolsa-Familia.jpg\" \/>\n\t<meta property=\"og:image:width\" content=\"1200\" \/>\n\t<meta property=\"og:image:height\" content=\"675\" \/>\n\t<meta property=\"og:image:type\" content=\"image\/jpeg\" \/>\n<meta name=\"author\" content=\"Gabriela Santos\" \/>\n<meta name=\"twitter:card\" content=\"summary_large_image\" \/>\n<meta name=\"twitter:label1\" content=\"Escrito por\" \/>\n\t<meta name=\"twitter:data1\" content=\"Gabriela Santos\" \/>\n\t<meta name=\"twitter:label2\" content=\"Est. tempo de leitura\" \/>\n\t<meta name=\"twitter:data2\" content=\"2 minutos\" \/>\n<script type=\"application\/ld+json\" class=\"yoast-schema-graph\">{\"@context\":\"https:\/\/schema.org\",\"@graph\":[{\"@type\":\"WebPage\",\"@id\":\"https:\/\/crusoe.audiencelabs.com.br\/vai-ter-13o-salario-no-bolsa-familia-em-2025\/\",\"url\":\"https:\/\/crusoe.audiencelabs.com.br\/vai-ter-13o-salario-no-bolsa-familia-em-2025\/\",\"name\":\"Vai ter 13\u00ba sal\u00e1rio no Bolsa Fam\u00edlia em 2025?\",\"isPartOf\":{\"@id\":\"https:\/\/crusoe.audiencelabs.com.br\/#website\"},\"primaryImageOfPage\":{\"@id\":\"https:\/\/crusoe.audiencelabs.com.br\/vai-ter-13o-salario-no-bolsa-familia-em-2025\/#primaryimage\"},\"image\":{\"@id\":\"https:\/\/crusoe.audiencelabs.com.br\/vai-ter-13o-salario-no-bolsa-familia-em-2025\/#primaryimage\"},\"thumbnailUrl\":\"https:\/\/cdn.crusoe.com.br\/uploads\/2025\/07\/Bolsa-Familia.jpg\",\"datePublished\":\"2025-07-18T18:41:26+00:00\",\"dateModified\":\"2025-07-18T18:41:28+00:00\",\"author\":{\"@id\":\"https:\/\/crusoe.audiencelabs.com.br\/#\/schema\/person\/be66e7e59ad3bc2a7c0833132c5c8c00\"},\"breadcrumb\":{\"@id\":\"https:\/\/crusoe.audiencelabs.com.br\/vai-ter-13o-salario-no-bolsa-familia-em-2025\/#breadcrumb\"},\"inLanguage\":\"pt-BR\",\"potentialAction\":[{\"@type\":\"ReadAction\",\"target\":[\"https:\/\/crusoe.audiencelabs.com.br\/vai-ter-13o-salario-no-bolsa-familia-em-2025\/\"]}]},{\"@type\":\"ImageObject\",\"inLanguage\":\"pt-BR\",\"@id\":\"https:\/\/crusoe.audiencelabs.com.br\/vai-ter-13o-salario-no-bolsa-familia-em-2025\/#primaryimage\",\"url\":\"https:\/\/cdn.crusoe.com.br\/uploads\/2025\/07\/Bolsa-Familia.jpg\",\"contentUrl\":\"https:\/\/cdn.crusoe.com.br\/uploads\/2025\/07\/Bolsa-Familia.jpg\",\"width\":1200,\"height\":675,\"caption\":\"Reprodu\u00e7\u00e3o: FDR (Jeane de Oliveira)\"},{\"@type\":\"BreadcrumbList\",\"@id\":\"https:\/\/crusoe.audiencelabs.com.br\/vai-ter-13o-salario-no-bolsa-familia-em-2025\/#breadcrumb\",\"itemListElement\":[{\"@type\":\"ListItem\",\"position\":1,\"name\":\"Home\",\"item\":\"https:\/\/crusoe.audiencelabs.com.br\/\"},{\"@type\":\"ListItem\",\"position\":2,\"name\":\"Vai ter 13\u00ba sal\u00e1rio no Bolsa Fam\u00edlia em 2025?\"}]},{\"@type\":\"WebSite\",\"@id\":\"https:\/\/crusoe.audiencelabs.com.br\/#website\",\"url\":\"https:\/\/crusoe.audiencelabs.com.br\/\",\"name\":\"Variedades - Cruso\u00e9\",\"description\":\"\",\"potentialAction\":[{\"@type\":\"SearchAction\",\"target\":{\"@type\":\"EntryPoint\",\"urlTemplate\":\"https:\/\/crusoe.audiencelabs.com.br\/?s={search_term_string}\"},\"query-input\":{\"@type\":\"PropertyValueSpecification\",\"valueRequired\":true,\"valueName\":\"search_term_string\"}}],\"inLanguage\":\"pt-BR\"},{\"@type\":\"Person\",\"@id\":\"https:\/\/crusoe.audiencelabs.com.br\/#\/schema\/person\/be66e7e59ad3bc2a7c0833132c5c8c00\",\"name\":\"Gabriela Santos\",\"image\":{\"@type\":\"ImageObject\",\"inLanguage\":\"pt-BR\",\"@id\":\"https:\/\/crusoe.audiencelabs.com.br\/#\/schema\/person\/image\/\",\"url\":\"https:\/\/secure.gravatar.com\/avatar\/d58b244b5f316c2ae218c4fd7fd0fdf0fbcf215931ac50c70906d65db85b6002?s=96&d=mm&r=g\",\"contentUrl\":\"https:\/\/secure.gravatar.com\/avatar\/d58b244b5f316c2ae218c4fd7fd0fdf0fbcf215931ac50c70906d65db85b6002?s=96&d=mm&r=g\",\"caption\":\"Gabriela Santos\"},\"description\":\"Jornalista que atua com a produ\u00e7\u00e3o de conte\u00fado em temas diversos, aproximando o leitor por meio de informa\u00e7\u00f5es que refletem o cotidiano.\",\"url\":\"https:\/\/crusoe.audiencelabs.com.br\/author\/gabrielasantos\/\"}]}<\/script>\n<!-- \/ Yoast SEO plugin. -->","yoast_head_json":{"title":"Vai ter 13\u00ba sal\u00e1rio no Bolsa Fam\u00edlia em 2025?","robots":{"index":"index","follow":"follow","max-snippet":"max-snippet:-1","max-image-preview":"max-image-preview:large","max-video-preview":"max-video-preview:-1"},"canonical":"https:\/\/crusoe.audiencelabs.com.br\/vai-ter-13o-salario-no-bolsa-familia-em-2025\/","og_locale":"pt_BR","og_type":"article","og_title":"Vai ter 13\u00ba sal\u00e1rio no Bolsa Fam\u00edlia em 2025?","og_description":"Com foco em repasses regulares, o Bolsa Fam\u00edlia n\u00e3o ter\u00e1 13\u00ba como pagamento.","og_url":"https:\/\/crusoe.audiencelabs.com.br\/vai-ter-13o-salario-no-bolsa-familia-em-2025\/","og_site_name":"Variedades - Cruso\u00e9","article_published_time":"2025-07-18T18:41:26+00:00","article_modified_time":"2025-07-18T18:41:28+00:00","og_image":[{"width":1200,"height":675,"url":"https:\/\/cdn.crusoe.com.br\/uploads\/2025\/07\/Bolsa-Familia.jpg","type":"image\/jpeg"}],"author":"Gabriela Santos","twitter_card":"summary_large_image","twitter_misc":{"Escrito por":"Gabriela Santos","Est. tempo de leitura":"2 minutos"},"schema":{"@context":"https:\/\/schema.org","@graph":[{"@type":"WebPage","@id":"https:\/\/crusoe.audiencelabs.com.br\/vai-ter-13o-salario-no-bolsa-familia-em-2025\/","url":"https:\/\/crusoe.audiencelabs.com.br\/vai-ter-13o-salario-no-bolsa-familia-em-2025\/","name":"Vai ter 13\u00ba sal\u00e1rio no Bolsa Fam\u00edlia em 2025?","isPartOf":{"@id":"https:\/\/crusoe.audiencelabs.com.br\/#website"},"primaryImageOfPage":{"@id":"https:\/\/crusoe.audiencelabs.com.br\/vai-ter-13o-salario-no-bolsa-familia-em-2025\/#primaryimage"},"image":{"@id":"https:\/\/crusoe.audiencelabs.com.br\/vai-ter-13o-salario-no-bolsa-familia-em-2025\/#primaryimage"},"thumbnailUrl":"https:\/\/cdn.crusoe.com.br\/uploads\/2025\/07\/Bolsa-Familia.jpg","datePublished":"2025-07-18T18:41:26+00:00","dateModified":"2025-07-18T18:41:28+00:00","author":{"@id":"https:\/\/crusoe.audiencelabs.com.br\/#\/schema\/person\/be66e7e59ad3bc2a7c0833132c5c8c00"},"breadcrumb":{"@id":"https:\/\/crusoe.audiencelabs.com.br\/vai-ter-13o-salario-no-bolsa-familia-em-2025\/#breadcrumb"},"inLanguage":"pt-BR","potentialAction":[{"@type":"ReadAction","target":["https:\/\/crusoe.audiencelabs.com.br\/vai-ter-13o-salario-no-bolsa-familia-em-2025\/"]}]},{"@type":"ImageObject","inLanguage":"pt-BR","@id":"https:\/\/crusoe.audiencelabs.com.br\/vai-ter-13o-salario-no-bolsa-familia-em-2025\/#primaryimage","url":"https:\/\/cdn.crusoe.com.br\/uploads\/2025\/07\/Bolsa-Familia.jpg","contentUrl":"https:\/\/cdn.crusoe.com.br\/uploads\/2025\/07\/Bolsa-Familia.jpg","width":1200,"height":675,"caption":"Reprodu\u00e7\u00e3o: FDR (Jeane de Oliveira)"},{"@type":"BreadcrumbList","@id":"https:\/\/crusoe.audiencelabs.com.br\/vai-ter-13o-salario-no-bolsa-familia-em-2025\/#breadcrumb","itemListElement":[{"@type":"ListItem","position":1,"name":"Home","item":"https:\/\/crusoe.audiencelabs.com.br\/"},{"@type":"ListItem","position":2,"name":"Vai ter 13\u00ba sal\u00e1rio no Bolsa Fam\u00edlia em 2025?"}]},{"@type":"WebSite","@id":"https:\/\/crusoe.audiencelabs.com.br\/#website","url":"https:\/\/crusoe.audiencelabs.com.br\/","name":"Variedades - Cruso\u00e9","description":"","potentialAction":[{"@type":"SearchAction","target":{"@type":"EntryPoint","urlTemplate":"https:\/\/crusoe.audiencelabs.com.br\/?s={search_term_string}"},"query-input":{"@type":"PropertyValueSpecification","valueRequired":true,"valueName":"search_term_string"}}],"inLanguage":"pt-BR"},{"@type":"Person","@id":"https:\/\/crusoe.audiencelabs.com.br\/#\/schema\/person\/be66e7e59ad3bc2a7c0833132c5c8c00","name":"Gabriela Santos","image":{"@type":"ImageObject","inLanguage":"pt-BR","@id":"https:\/\/crusoe.audiencelabs.com.br\/#\/schema\/person\/image\/","url":"https:\/\/secure.gravatar.com\/avatar\/d58b244b5f316c2ae218c4fd7fd0fdf0fbcf215931ac50c70906d65db85b6002?s=96&d=mm&r=g","contentUrl":"https:\/\/secure.gravatar.com\/avatar\/d58b244b5f316c2ae218c4fd7fd0fdf0fbcf215931ac50c70906d65db85b6002?s=96&d=mm&r=g","caption":"Gabriela Santos"},"description":"Jornalista que atua com a produ\u00e7\u00e3o de conte\u00fado em temas diversos, aproximando o leitor por meio de informa\u00e7\u00f5es que refletem o cotidiano.","url":"https:\/\/crusoe.audiencelabs.com.br\/author\/gabrielasantos\/"}]}},"_links":{"self":[{"href":"https:\/\/crusoe.audiencelabs.com.br\/wp-json\/wp\/v2\/posts\/5801","targetHints":{"allow":["GET"]}}],"collection":[{"href":"https:\/\/crusoe.audiencelabs.com.br\/wp-json\/wp\/v2\/posts"}],"about":[{"href":"https:\/\/crusoe.audiencelabs.com.br\/wp-json\/wp\/v2\/types\/post"}],"author":[{"embeddable":true,"href":"https:\/\/crusoe.audiencelabs.com.br\/wp-json\/wp\/v2\/users\/8"}],"replies":[{"embeddable":true,"href":"https:\/\/crusoe.audiencelabs.com.br\/wp-json\/wp\/v2\/comments?post=5801"}],"version-history":[{"count":6,"href":"https:\/\/crusoe.audiencelabs.com.br\/wp-json\/wp\/v2\/posts\/5801\/revisions"}],"predecessor-version":[{"id":5829,"href":"https:\/\/crusoe.audiencelabs.com.br\/wp-json\/wp\/v2\/posts\/5801\/revisions\/5829"}],"wp:featuredmedia":[{"embeddable":true,"href":"https:\/\/crusoe.audiencelabs.com.br\/wp-json\/wp\/v2\/media\/5819"}],"wp:attachment":[{"href":"https:\/\/crusoe.audiencelabs.com.br\/wp-json\/wp\/v2\/media?parent=5801"}],"wp:term":[{"taxonomy":"category","embeddable":true,"href":"https:\/\/crusoe.audiencelabs.com.br\/wp-json\/wp\/v2\/categories?post=5801"},{"taxonomy":"post_tag","embeddable":true,"href":"https:\/\/crusoe.audiencelabs.com.br\/wp-json\/wp\/v2\/tags?post=5801"}],"curies":[{"name":"wp","href":"https:\/\/api.w.org\/{rel}","templated":true}]}}