{"id":5430,"date":"2025-07-16T15:03:32","date_gmt":"2025-07-16T18:03:32","guid":{"rendered":"https:\/\/crusoe.com.br\/variedades\/?p=5430"},"modified":"2025-07-16T15:03:34","modified_gmt":"2025-07-16T18:03:34","slug":"nova-tarifa-pode-aumentar-o-desemprego-no-brasil","status":"publish","type":"post","link":"https:\/\/crusoe.audiencelabs.com.br\/nova-tarifa-pode-aumentar-o-desemprego-no-brasil\/","title":{"rendered":"Nova tarifa pode aumentar o desemprego no Brasil"},"content":{"rendered":"\n<p>Desde que foram anunciadas, as novas tarifas impostas pelos Estados Unidos sobre produtos brasileiros v\u00eam gerando preocupa\u00e7\u00e3o e repercuss\u00f5es em diversos setores da economia nacional.<\/p>\n\n\n\n<p>Afinal, as medidas podem gerar uma s\u00e9rie de consequ\u00eancias negativas, incluindo a retra\u00e7\u00e3o da produ\u00e7\u00e3o nacional, o que, por sua vez, pode desencadear um cen\u00e1rio de desemprego em massa.<\/p>\n\n\n\n<p>\u00c9 prov\u00e1vel que o impacto seja mais significativo nos setores que mais exportam para os EUA, como siderurgia, aeron\u00e1utica, petr\u00f3leo, caf\u00e9 e carne bovina fresca, uma vez que o aumento efetivo de tributa\u00e7\u00e3o pode chegar a cerca de 35 pontos percentuais.<\/p>\n\n\n\n<p>Embora a magnitude exata do impacto do &#8220;tarifa\u00e7o&#8221; dos EUA sobre os produtos brasileiros ainda n\u00e3o tenha sido determinada, muitos especialistas estimam que o mercado de trabalho certamente ser\u00e1 afetado.<\/p>\n\n\n\n<h2 class=\"wp-block-heading\">Alternativas para evitar maiores impactos das tarifas<\/h2>\n\n\n\n<p>De acordo com especialistas, a \u00fanica alternativa vi\u00e1vel para evitar uma cat\u00e1strofe nestes segmentos inclui a transfer\u00eancia do fornecimento de mercadorias para outros pa\u00edses. <\/p>\n\n\n\n<p>Mas apesar de estar sendo reiterada por ministros e vista com bons olhos por empres\u00e1rios, a medida n\u00e3o representa uma solu\u00e7\u00e3o de curto ou m\u00e9dio prazo.<\/p>\n\n\n\n<p>Por conta disso, entidades como a Confedera\u00e7\u00e3o Nacional da Ind\u00fastria (CNI) e a Federa\u00e7\u00e3o das Ind\u00fastrias do Rio de Janeiro (Firjan) defendem a intensifica\u00e7\u00e3o das negocia\u00e7\u00f5es diplom\u00e1ticas visando minimizar os impactos das novas tarifas impostas pelos EUA.<\/p>\n\n\n\n<p>Nesta ter\u00e7a-feira (15), representantes do agroneg\u00f3cio e da ind\u00fastria nacionalse reuniram com o governo federal, e pediram\u00a0cautela e tom moderado nas tratativas com Donald Trump.<\/p>\n\n\n\n<p>Vale lembrar que as tarifas est\u00e3o previstas para entrar em vigor a partir de 1\u00ba de agosto. At\u00e9 l\u00e1, alternativas est\u00e3o sendo avaliadas, e estima-se que uma decis\u00e3o ser\u00e1 tomada em breve, uma vez que o vice-presidente Geraldo Alckmin negou, em declara\u00e7\u00e3o concedida na segunda-feira (14), que o Brasil tenha solicitado aos EUA a redu\u00e7\u00e3o da tarifa anunciada ou a prorroga\u00e7\u00e3o do prazo para sua implementa\u00e7\u00e3o.<\/p>\n","protected":false},"excerpt":{"rendered":"<p>Desde que foram anunciadas, as novas tarifas impostas pelos Estados Unidos sobre produtos brasileiros v\u00eam gerando preocupa\u00e7\u00e3o e repercuss\u00f5es em diversos setores da economia nacional. Afinal, as medidas podem gerar uma s\u00e9rie de consequ\u00eancias negativas, incluindo a retra\u00e7\u00e3o da produ\u00e7\u00e3o nacional, o que, por sua vez, pode desencadear um cen\u00e1rio de desemprego em massa. \u00c9 [&hellip;]<\/p>\n","protected":false},"author":7,"featured_media":5431,"comment_status":"open","ping_status":"open","sticky":false,"template":"","format":"standard","meta":{"jnews-multi-image_gallery":[],"jnews_single_post":{"format":"standard"},"jnews_primary_category":[],"jnews_override_counter":[],"jnews_post_split":[],"footnotes":""},"categories":[1],"tags":[],"class_list":["post-5430","post","type-post","status-publish","format-standard","has-post-thumbnail","hentry","category-geral"],"yoast_head":"<!-- This site is optimized with the Yoast SEO plugin v25.0 - https:\/\/yoast.com\/wordpress\/plugins\/seo\/ -->\n<title>Nova tarifa pode aumentar o desemprego no Brasil<\/title>\n<meta name=\"robots\" content=\"index, follow, max-snippet:-1, max-image-preview:large, max-video-preview:-1\" \/>\n<link rel=\"canonical\" href=\"https:\/\/crusoe.audiencelabs.com.br\/nova-tarifa-pode-aumentar-o-desemprego-no-brasil\/\" \/>\n<meta property=\"og:locale\" content=\"pt_BR\" \/>\n<meta property=\"og:type\" content=\"article\" \/>\n<meta property=\"og:title\" content=\"Nova tarifa pode aumentar o desemprego no Brasil\" \/>\n<meta property=\"og:description\" content=\"Desde que foram anunciadas, as novas tarifas impostas pelos Estados Unidos sobre produtos brasileiros v\u00eam gerando preocupa\u00e7\u00e3o e repercuss\u00f5es em diversos setores da economia nacional. Afinal, as medidas podem gerar uma s\u00e9rie de consequ\u00eancias negativas, incluindo a retra\u00e7\u00e3o da produ\u00e7\u00e3o nacional, o que, por sua vez, pode desencadear um cen\u00e1rio de desemprego em massa. \u00c9 [&hellip;]\" \/>\n<meta property=\"og:url\" content=\"https:\/\/crusoe.audiencelabs.com.br\/nova-tarifa-pode-aumentar-o-desemprego-no-brasil\/\" \/>\n<meta property=\"og:site_name\" content=\"Variedades - Cruso\u00e9\" \/>\n<meta property=\"article:published_time\" content=\"2025-07-16T18:03:32+00:00\" \/>\n<meta property=\"article:modified_time\" content=\"2025-07-16T18:03:34+00:00\" \/>\n<meta property=\"og:image\" content=\"https:\/\/cdn.crusoe.com.br\/uploads\/2025\/07\/tarifa-desemprego-brasil.jpg\" \/>\n\t<meta property=\"og:image:width\" content=\"1280\" \/>\n\t<meta property=\"og:image:height\" content=\"720\" \/>\n\t<meta property=\"og:image:type\" content=\"image\/jpeg\" \/>\n<meta name=\"author\" content=\"Jo\u00e3o Carlos Gomes\" \/>\n<meta name=\"twitter:card\" content=\"summary_large_image\" \/>\n<meta name=\"twitter:label1\" content=\"Escrito por\" \/>\n\t<meta name=\"twitter:data1\" content=\"Jo\u00e3o Carlos Gomes\" \/>\n\t<meta name=\"twitter:label2\" content=\"Est. tempo de leitura\" \/>\n\t<meta name=\"twitter:data2\" content=\"2 minutos\" \/>\n<script type=\"application\/ld+json\" class=\"yoast-schema-graph\">{\"@context\":\"https:\/\/schema.org\",\"@graph\":[{\"@type\":\"WebPage\",\"@id\":\"https:\/\/crusoe.audiencelabs.com.br\/nova-tarifa-pode-aumentar-o-desemprego-no-brasil\/\",\"url\":\"https:\/\/crusoe.audiencelabs.com.br\/nova-tarifa-pode-aumentar-o-desemprego-no-brasil\/\",\"name\":\"Nova tarifa pode aumentar o desemprego no Brasil\",\"isPartOf\":{\"@id\":\"https:\/\/crusoe.audiencelabs.com.br\/#website\"},\"primaryImageOfPage\":{\"@id\":\"https:\/\/crusoe.audiencelabs.com.br\/nova-tarifa-pode-aumentar-o-desemprego-no-brasil\/#primaryimage\"},\"image\":{\"@id\":\"https:\/\/crusoe.audiencelabs.com.br\/nova-tarifa-pode-aumentar-o-desemprego-no-brasil\/#primaryimage\"},\"thumbnailUrl\":\"https:\/\/cdn.crusoe.com.br\/uploads\/2025\/07\/tarifa-desemprego-brasil.jpg\",\"datePublished\":\"2025-07-16T18:03:32+00:00\",\"dateModified\":\"2025-07-16T18:03:34+00:00\",\"author\":{\"@id\":\"https:\/\/crusoe.audiencelabs.com.br\/#\/schema\/person\/4a23399b23149df2eab6637fd2fd2bfc\"},\"breadcrumb\":{\"@id\":\"https:\/\/crusoe.audiencelabs.com.br\/nova-tarifa-pode-aumentar-o-desemprego-no-brasil\/#breadcrumb\"},\"inLanguage\":\"pt-BR\",\"potentialAction\":[{\"@type\":\"ReadAction\",\"target\":[\"https:\/\/crusoe.audiencelabs.com.br\/nova-tarifa-pode-aumentar-o-desemprego-no-brasil\/\"]}]},{\"@type\":\"ImageObject\",\"inLanguage\":\"pt-BR\",\"@id\":\"https:\/\/crusoe.audiencelabs.com.br\/nova-tarifa-pode-aumentar-o-desemprego-no-brasil\/#primaryimage\",\"url\":\"https:\/\/cdn.crusoe.com.br\/uploads\/2025\/07\/tarifa-desemprego-brasil.jpg\",\"contentUrl\":\"https:\/\/cdn.crusoe.com.br\/uploads\/2025\/07\/tarifa-desemprego-brasil.jpg\",\"width\":1280,\"height\":720,\"caption\":\"Foto: Andrea Piacquadio\/Pexels\"},{\"@type\":\"BreadcrumbList\",\"@id\":\"https:\/\/crusoe.audiencelabs.com.br\/nova-tarifa-pode-aumentar-o-desemprego-no-brasil\/#breadcrumb\",\"itemListElement\":[{\"@type\":\"ListItem\",\"position\":1,\"name\":\"Home\",\"item\":\"https:\/\/crusoe.audiencelabs.com.br\/\"},{\"@type\":\"ListItem\",\"position\":2,\"name\":\"Nova tarifa pode aumentar o desemprego no Brasil\"}]},{\"@type\":\"WebSite\",\"@id\":\"https:\/\/crusoe.audiencelabs.com.br\/#website\",\"url\":\"https:\/\/crusoe.audiencelabs.com.br\/\",\"name\":\"Variedades - Cruso\u00e9\",\"description\":\"\",\"potentialAction\":[{\"@type\":\"SearchAction\",\"target\":{\"@type\":\"EntryPoint\",\"urlTemplate\":\"https:\/\/crusoe.audiencelabs.com.br\/?s={search_term_string}\"},\"query-input\":{\"@type\":\"PropertyValueSpecification\",\"valueRequired\":true,\"valueName\":\"search_term_string\"}}],\"inLanguage\":\"pt-BR\"},{\"@type\":\"Person\",\"@id\":\"https:\/\/crusoe.audiencelabs.com.br\/#\/schema\/person\/4a23399b23149df2eab6637fd2fd2bfc\",\"name\":\"Jo\u00e3o Carlos Gomes\",\"image\":{\"@type\":\"ImageObject\",\"inLanguage\":\"pt-BR\",\"@id\":\"https:\/\/crusoe.audiencelabs.com.br\/#\/schema\/person\/image\/\",\"url\":\"https:\/\/secure.gravatar.com\/avatar\/4ce4672dbdd694b329cd6fdb51bee7d1409be1f0ff76a537e4c4a737b2c7d1a9?s=96&d=mm&r=g\",\"contentUrl\":\"https:\/\/secure.gravatar.com\/avatar\/4ce4672dbdd694b329cd6fdb51bee7d1409be1f0ff76a537e4c4a737b2c7d1a9?s=96&d=mm&r=g\",\"caption\":\"Jo\u00e3o Carlos Gomes\"},\"description\":\"Jornalista, criador de conte\u00fado e m\u00fasico independente nas horas vagas.\",\"url\":\"https:\/\/crusoe.audiencelabs.com.br\/author\/joaoc-junior66\/\"}]}<\/script>\n<!-- \/ Yoast SEO plugin. -->","yoast_head_json":{"title":"Nova tarifa pode aumentar o desemprego no Brasil","robots":{"index":"index","follow":"follow","max-snippet":"max-snippet:-1","max-image-preview":"max-image-preview:large","max-video-preview":"max-video-preview:-1"},"canonical":"https:\/\/crusoe.audiencelabs.com.br\/nova-tarifa-pode-aumentar-o-desemprego-no-brasil\/","og_locale":"pt_BR","og_type":"article","og_title":"Nova tarifa pode aumentar o desemprego no Brasil","og_description":"Desde que foram anunciadas, as novas tarifas impostas pelos Estados Unidos sobre produtos brasileiros v\u00eam gerando preocupa\u00e7\u00e3o e repercuss\u00f5es em diversos setores da economia nacional. Afinal, as medidas podem gerar uma s\u00e9rie de consequ\u00eancias negativas, incluindo a retra\u00e7\u00e3o da produ\u00e7\u00e3o nacional, o que, por sua vez, pode desencadear um cen\u00e1rio de desemprego em massa. \u00c9 [&hellip;]","og_url":"https:\/\/crusoe.audiencelabs.com.br\/nova-tarifa-pode-aumentar-o-desemprego-no-brasil\/","og_site_name":"Variedades - Cruso\u00e9","article_published_time":"2025-07-16T18:03:32+00:00","article_modified_time":"2025-07-16T18:03:34+00:00","og_image":[{"width":1280,"height":720,"url":"https:\/\/cdn.crusoe.com.br\/uploads\/2025\/07\/tarifa-desemprego-brasil.jpg","type":"image\/jpeg"}],"author":"Jo\u00e3o Carlos Gomes","twitter_card":"summary_large_image","twitter_misc":{"Escrito por":"Jo\u00e3o Carlos Gomes","Est. tempo de leitura":"2 minutos"},"schema":{"@context":"https:\/\/schema.org","@graph":[{"@type":"WebPage","@id":"https:\/\/crusoe.audiencelabs.com.br\/nova-tarifa-pode-aumentar-o-desemprego-no-brasil\/","url":"https:\/\/crusoe.audiencelabs.com.br\/nova-tarifa-pode-aumentar-o-desemprego-no-brasil\/","name":"Nova tarifa pode aumentar o desemprego no Brasil","isPartOf":{"@id":"https:\/\/crusoe.audiencelabs.com.br\/#website"},"primaryImageOfPage":{"@id":"https:\/\/crusoe.audiencelabs.com.br\/nova-tarifa-pode-aumentar-o-desemprego-no-brasil\/#primaryimage"},"image":{"@id":"https:\/\/crusoe.audiencelabs.com.br\/nova-tarifa-pode-aumentar-o-desemprego-no-brasil\/#primaryimage"},"thumbnailUrl":"https:\/\/cdn.crusoe.com.br\/uploads\/2025\/07\/tarifa-desemprego-brasil.jpg","datePublished":"2025-07-16T18:03:32+00:00","dateModified":"2025-07-16T18:03:34+00:00","author":{"@id":"https:\/\/crusoe.audiencelabs.com.br\/#\/schema\/person\/4a23399b23149df2eab6637fd2fd2bfc"},"breadcrumb":{"@id":"https:\/\/crusoe.audiencelabs.com.br\/nova-tarifa-pode-aumentar-o-desemprego-no-brasil\/#breadcrumb"},"inLanguage":"pt-BR","potentialAction":[{"@type":"ReadAction","target":["https:\/\/crusoe.audiencelabs.com.br\/nova-tarifa-pode-aumentar-o-desemprego-no-brasil\/"]}]},{"@type":"ImageObject","inLanguage":"pt-BR","@id":"https:\/\/crusoe.audiencelabs.com.br\/nova-tarifa-pode-aumentar-o-desemprego-no-brasil\/#primaryimage","url":"https:\/\/cdn.crusoe.com.br\/uploads\/2025\/07\/tarifa-desemprego-brasil.jpg","contentUrl":"https:\/\/cdn.crusoe.com.br\/uploads\/2025\/07\/tarifa-desemprego-brasil.jpg","width":1280,"height":720,"caption":"Foto: Andrea Piacquadio\/Pexels"},{"@type":"BreadcrumbList","@id":"https:\/\/crusoe.audiencelabs.com.br\/nova-tarifa-pode-aumentar-o-desemprego-no-brasil\/#breadcrumb","itemListElement":[{"@type":"ListItem","position":1,"name":"Home","item":"https:\/\/crusoe.audiencelabs.com.br\/"},{"@type":"ListItem","position":2,"name":"Nova tarifa pode aumentar o desemprego no Brasil"}]},{"@type":"WebSite","@id":"https:\/\/crusoe.audiencelabs.com.br\/#website","url":"https:\/\/crusoe.audiencelabs.com.br\/","name":"Variedades - Cruso\u00e9","description":"","potentialAction":[{"@type":"SearchAction","target":{"@type":"EntryPoint","urlTemplate":"https:\/\/crusoe.audiencelabs.com.br\/?s={search_term_string}"},"query-input":{"@type":"PropertyValueSpecification","valueRequired":true,"valueName":"search_term_string"}}],"inLanguage":"pt-BR"},{"@type":"Person","@id":"https:\/\/crusoe.audiencelabs.com.br\/#\/schema\/person\/4a23399b23149df2eab6637fd2fd2bfc","name":"Jo\u00e3o Carlos Gomes","image":{"@type":"ImageObject","inLanguage":"pt-BR","@id":"https:\/\/crusoe.audiencelabs.com.br\/#\/schema\/person\/image\/","url":"https:\/\/secure.gravatar.com\/avatar\/4ce4672dbdd694b329cd6fdb51bee7d1409be1f0ff76a537e4c4a737b2c7d1a9?s=96&d=mm&r=g","contentUrl":"https:\/\/secure.gravatar.com\/avatar\/4ce4672dbdd694b329cd6fdb51bee7d1409be1f0ff76a537e4c4a737b2c7d1a9?s=96&d=mm&r=g","caption":"Jo\u00e3o Carlos Gomes"},"description":"Jornalista, criador de conte\u00fado e m\u00fasico independente nas horas vagas.","url":"https:\/\/crusoe.audiencelabs.com.br\/author\/joaoc-junior66\/"}]}},"_links":{"self":[{"href":"https:\/\/crusoe.audiencelabs.com.br\/wp-json\/wp\/v2\/posts\/5430","targetHints":{"allow":["GET"]}}],"collection":[{"href":"https:\/\/crusoe.audiencelabs.com.br\/wp-json\/wp\/v2\/posts"}],"about":[{"href":"https:\/\/crusoe.audiencelabs.com.br\/wp-json\/wp\/v2\/types\/post"}],"author":[{"embeddable":true,"href":"https:\/\/crusoe.audiencelabs.com.br\/wp-json\/wp\/v2\/users\/7"}],"replies":[{"embeddable":true,"href":"https:\/\/crusoe.audiencelabs.com.br\/wp-json\/wp\/v2\/comments?post=5430"}],"version-history":[{"count":1,"href":"https:\/\/crusoe.audiencelabs.com.br\/wp-json\/wp\/v2\/posts\/5430\/revisions"}],"predecessor-version":[{"id":5457,"href":"https:\/\/crusoe.audiencelabs.com.br\/wp-json\/wp\/v2\/posts\/5430\/revisions\/5457"}],"wp:featuredmedia":[{"embeddable":true,"href":"https:\/\/crusoe.audiencelabs.com.br\/wp-json\/wp\/v2\/media\/5431"}],"wp:attachment":[{"href":"https:\/\/crusoe.audiencelabs.com.br\/wp-json\/wp\/v2\/media?parent=5430"}],"wp:term":[{"taxonomy":"category","embeddable":true,"href":"https:\/\/crusoe.audiencelabs.com.br\/wp-json\/wp\/v2\/categories?post=5430"},{"taxonomy":"post_tag","embeddable":true,"href":"https:\/\/crusoe.audiencelabs.com.br\/wp-json\/wp\/v2\/tags?post=5430"}],"curies":[{"name":"wp","href":"https:\/\/api.w.org\/{rel}","templated":true}]}}