{"id":5424,"date":"2025-07-16T14:34:13","date_gmt":"2025-07-16T17:34:13","guid":{"rendered":"https:\/\/crusoe.com.br\/variedades\/?p=5424"},"modified":"2025-07-16T14:34:15","modified_gmt":"2025-07-16T17:34:15","slug":"quem-nasceu-em-setembro-e-outubro-ja-pode-sacar-o-pis-pasep","status":"publish","type":"post","link":"https:\/\/crusoe.audiencelabs.com.br\/quem-nasceu-em-setembro-e-outubro-ja-pode-sacar-o-pis-pasep\/","title":{"rendered":"Quem nasceu em setembro e outubro j\u00e1 pode sacar o PIS\/Pasep"},"content":{"rendered":"\n<p>Trabalhadores com carteira assinada que nasceram em setembro ou outubro podem come\u00e7ar a receber o abono salarial PIS\/Pasep.<\/p>\n\n\n\n<p>Se referindo ao ano-base de 2023, o pagamento seguir\u00e1 at\u00e9 29 de dezembro. Os valores est\u00e3o entre R$ 127,00 e R$ 1.518.<\/p>\n\n\n\n<p>Conforme os meses trabalhados, o PIS \u00e9 voltado ao setor privado, enquanto o Pasep \u00e9 destinado a servidores p\u00fablicos.<\/p>\n\n\n\n<h2 class=\"wp-block-heading\"><strong>As exig\u00eancias<\/strong><\/h2>\n\n\n\n<p>Para ter direito, o trabalhador deve ter atuado formalmente por pelo menos 30 dias em 2023. Al\u00e9m disso, ter recebido at\u00e9 dois sal\u00e1rios m\u00ednimos por m\u00eas. Nos crit\u00e9rios exigidos, ele precisa estar inscrito h\u00e1 pelo menos cinco anos no PIS\/Pasep. O valor do abono \u00e9 proporcional ao tempo de servi\u00e7o.<\/p>\n\n\n\n<p>Tendo o c\u00e1lculo baseado no sal\u00e1rio m\u00ednimo dividido por 12, ele \u00e9 multiplicado pelos meses trabalhados. Para quem trabalhou o ano completo, receber\u00e1 R$ 1.518, e quem atuou por apenas um m\u00eas ter\u00e1 direito a R$ 127,00. O calend\u00e1rio segue conforme o m\u00eas de nascimento, onde ser\u00e1 setembro e outubro a partir do dia 15 de julho.<\/p>\n\n\n\n<p>Os trabalhadores que nasceram entre novembro e dezembro ser\u00e3o a partir de 15 de agosto. Ao consultar o direito do benef\u00edcio, o trabalhador deve acessar o aplicativo Carteira de Trabalho Digital. Verificando a aba&#8221; Abono Salarial&#8221;, o pagamento do PIS \u00e9 feito pela Caixa.<\/p>\n\n\n\n<p>Sendo por meio de contas ou aplicativo Caixa Tem, tamb\u00e9m pode ser sacado em ag\u00eancias, lot\u00e9ricas e terminais. Quanto ao Pasep, ele \u00e9 pago pelo Banco do Brasil, tendo a op\u00e7\u00e3o TED, Pix ou presencialmente. \u00c9 estimado que R$ 30,7 bilh\u00f5es ser\u00e3o repassados a 25,8 milh\u00f5es de trabalhadores.<\/p>\n\n\n\n<p>Essencial para complementar renda, tamb\u00e9m move a economia. O abono salarial do PIS\/Pasep contribui com pagamentos iniciando em julho, onde o impacto ser\u00e1 positivo para o com\u00e9rcio e inclus\u00e3o social. Al\u00e9m disso, o governo facilita a consulta e saque dos benef\u00edcios. Garantindo a transpar\u00eancia, conta com acesso aos recursos de forma simples e eficiente.<\/p>\n","protected":false},"excerpt":{"rendered":"<p>Com pagamentos a partir desse m\u00eas, PIS e Pasep come\u00e7aram a ser distribu\u00eddos.<\/p>\n","protected":false},"author":8,"featured_media":5433,"comment_status":"open","ping_status":"open","sticky":false,"template":"","format":"standard","meta":{"jnews-multi-image_gallery":[],"jnews_single_post":{"format":"standard"},"jnews_primary_category":[],"jnews_override_counter":[],"jnews_post_split":[],"footnotes":""},"categories":[1],"tags":[],"class_list":["post-5424","post","type-post","status-publish","format-standard","has-post-thumbnail","hentry","category-geral"],"yoast_head":"<!-- This site is optimized with the Yoast SEO plugin v25.0 - https:\/\/yoast.com\/wordpress\/plugins\/seo\/ -->\n<title>Quem nasceu em setembro e outubro j\u00e1 pode sacar o PIS\/Pasep<\/title>\n<meta name=\"robots\" content=\"index, follow, max-snippet:-1, max-image-preview:large, max-video-preview:-1\" \/>\n<link rel=\"canonical\" href=\"https:\/\/crusoe.audiencelabs.com.br\/quem-nasceu-em-setembro-e-outubro-ja-pode-sacar-o-pis-pasep\/\" \/>\n<meta property=\"og:locale\" content=\"pt_BR\" \/>\n<meta property=\"og:type\" content=\"article\" \/>\n<meta property=\"og:title\" content=\"Quem nasceu em setembro e outubro j\u00e1 pode sacar o PIS\/Pasep\" \/>\n<meta property=\"og:description\" content=\"Com pagamentos a partir desse m\u00eas, PIS e Pasep come\u00e7aram a ser distribu\u00eddos.\" \/>\n<meta property=\"og:url\" content=\"https:\/\/crusoe.audiencelabs.com.br\/quem-nasceu-em-setembro-e-outubro-ja-pode-sacar-o-pis-pasep\/\" \/>\n<meta property=\"og:site_name\" content=\"Variedades - Cruso\u00e9\" \/>\n<meta property=\"article:published_time\" content=\"2025-07-16T17:34:13+00:00\" \/>\n<meta property=\"article:modified_time\" content=\"2025-07-16T17:34:15+00:00\" \/>\n<meta property=\"og:image\" content=\"https:\/\/cdn.crusoe.com.br\/uploads\/2025\/07\/PIS-e-Pasep.webp\" \/>\n\t<meta property=\"og:image:width\" content=\"1170\" \/>\n\t<meta property=\"og:image:height\" content=\"700\" \/>\n\t<meta property=\"og:image:type\" content=\"image\/webp\" \/>\n<meta name=\"author\" content=\"Gabriela Santos\" \/>\n<meta name=\"twitter:card\" content=\"summary_large_image\" \/>\n<meta name=\"twitter:label1\" content=\"Escrito por\" \/>\n\t<meta name=\"twitter:data1\" content=\"Gabriela Santos\" \/>\n\t<meta name=\"twitter:label2\" content=\"Est. tempo de leitura\" \/>\n\t<meta name=\"twitter:data2\" content=\"2 minutos\" \/>\n<script type=\"application\/ld+json\" class=\"yoast-schema-graph\">{\"@context\":\"https:\/\/schema.org\",\"@graph\":[{\"@type\":\"WebPage\",\"@id\":\"https:\/\/crusoe.audiencelabs.com.br\/quem-nasceu-em-setembro-e-outubro-ja-pode-sacar-o-pis-pasep\/\",\"url\":\"https:\/\/crusoe.audiencelabs.com.br\/quem-nasceu-em-setembro-e-outubro-ja-pode-sacar-o-pis-pasep\/\",\"name\":\"Quem nasceu em setembro e outubro j\u00e1 pode sacar o PIS\/Pasep\",\"isPartOf\":{\"@id\":\"https:\/\/crusoe.audiencelabs.com.br\/#website\"},\"primaryImageOfPage\":{\"@id\":\"https:\/\/crusoe.audiencelabs.com.br\/quem-nasceu-em-setembro-e-outubro-ja-pode-sacar-o-pis-pasep\/#primaryimage\"},\"image\":{\"@id\":\"https:\/\/crusoe.audiencelabs.com.br\/quem-nasceu-em-setembro-e-outubro-ja-pode-sacar-o-pis-pasep\/#primaryimage\"},\"thumbnailUrl\":\"https:\/\/cdn.crusoe.com.br\/uploads\/2025\/07\/PIS-e-Pasep.webp\",\"datePublished\":\"2025-07-16T17:34:13+00:00\",\"dateModified\":\"2025-07-16T17:34:15+00:00\",\"author\":{\"@id\":\"https:\/\/crusoe.audiencelabs.com.br\/#\/schema\/person\/be66e7e59ad3bc2a7c0833132c5c8c00\"},\"breadcrumb\":{\"@id\":\"https:\/\/crusoe.audiencelabs.com.br\/quem-nasceu-em-setembro-e-outubro-ja-pode-sacar-o-pis-pasep\/#breadcrumb\"},\"inLanguage\":\"pt-BR\",\"potentialAction\":[{\"@type\":\"ReadAction\",\"target\":[\"https:\/\/crusoe.audiencelabs.com.br\/quem-nasceu-em-setembro-e-outubro-ja-pode-sacar-o-pis-pasep\/\"]}]},{\"@type\":\"ImageObject\",\"inLanguage\":\"pt-BR\",\"@id\":\"https:\/\/crusoe.audiencelabs.com.br\/quem-nasceu-em-setembro-e-outubro-ja-pode-sacar-o-pis-pasep\/#primaryimage\",\"url\":\"https:\/\/cdn.crusoe.com.br\/uploads\/2025\/07\/PIS-e-Pasep.webp\",\"contentUrl\":\"https:\/\/cdn.crusoe.com.br\/uploads\/2025\/07\/PIS-e-Pasep.webp\",\"width\":1170,\"height\":700,\"caption\":\"Reprodu\u00e7\u00e3o: Ag\u00eancia Brasil (Marcelo Camargo)\"},{\"@type\":\"BreadcrumbList\",\"@id\":\"https:\/\/crusoe.audiencelabs.com.br\/quem-nasceu-em-setembro-e-outubro-ja-pode-sacar-o-pis-pasep\/#breadcrumb\",\"itemListElement\":[{\"@type\":\"ListItem\",\"position\":1,\"name\":\"Home\",\"item\":\"https:\/\/crusoe.audiencelabs.com.br\/\"},{\"@type\":\"ListItem\",\"position\":2,\"name\":\"Quem nasceu em setembro e outubro j\u00e1 pode sacar o PIS\/Pasep\"}]},{\"@type\":\"WebSite\",\"@id\":\"https:\/\/crusoe.audiencelabs.com.br\/#website\",\"url\":\"https:\/\/crusoe.audiencelabs.com.br\/\",\"name\":\"Variedades - Cruso\u00e9\",\"description\":\"\",\"potentialAction\":[{\"@type\":\"SearchAction\",\"target\":{\"@type\":\"EntryPoint\",\"urlTemplate\":\"https:\/\/crusoe.audiencelabs.com.br\/?s={search_term_string}\"},\"query-input\":{\"@type\":\"PropertyValueSpecification\",\"valueRequired\":true,\"valueName\":\"search_term_string\"}}],\"inLanguage\":\"pt-BR\"},{\"@type\":\"Person\",\"@id\":\"https:\/\/crusoe.audiencelabs.com.br\/#\/schema\/person\/be66e7e59ad3bc2a7c0833132c5c8c00\",\"name\":\"Gabriela Santos\",\"image\":{\"@type\":\"ImageObject\",\"inLanguage\":\"pt-BR\",\"@id\":\"https:\/\/crusoe.audiencelabs.com.br\/#\/schema\/person\/image\/\",\"url\":\"https:\/\/secure.gravatar.com\/avatar\/d58b244b5f316c2ae218c4fd7fd0fdf0fbcf215931ac50c70906d65db85b6002?s=96&d=mm&r=g\",\"contentUrl\":\"https:\/\/secure.gravatar.com\/avatar\/d58b244b5f316c2ae218c4fd7fd0fdf0fbcf215931ac50c70906d65db85b6002?s=96&d=mm&r=g\",\"caption\":\"Gabriela Santos\"},\"description\":\"Jornalista que atua com a produ\u00e7\u00e3o de conte\u00fado em temas diversos, aproximando o leitor por meio de informa\u00e7\u00f5es que refletem o cotidiano.\",\"url\":\"https:\/\/crusoe.audiencelabs.com.br\/author\/gabrielasantos\/\"}]}<\/script>\n<!-- \/ Yoast SEO plugin. -->","yoast_head_json":{"title":"Quem nasceu em setembro e outubro j\u00e1 pode sacar o PIS\/Pasep","robots":{"index":"index","follow":"follow","max-snippet":"max-snippet:-1","max-image-preview":"max-image-preview:large","max-video-preview":"max-video-preview:-1"},"canonical":"https:\/\/crusoe.audiencelabs.com.br\/quem-nasceu-em-setembro-e-outubro-ja-pode-sacar-o-pis-pasep\/","og_locale":"pt_BR","og_type":"article","og_title":"Quem nasceu em setembro e outubro j\u00e1 pode sacar o PIS\/Pasep","og_description":"Com pagamentos a partir desse m\u00eas, PIS e Pasep come\u00e7aram a ser distribu\u00eddos.","og_url":"https:\/\/crusoe.audiencelabs.com.br\/quem-nasceu-em-setembro-e-outubro-ja-pode-sacar-o-pis-pasep\/","og_site_name":"Variedades - Cruso\u00e9","article_published_time":"2025-07-16T17:34:13+00:00","article_modified_time":"2025-07-16T17:34:15+00:00","og_image":[{"width":1170,"height":700,"url":"https:\/\/cdn.crusoe.com.br\/uploads\/2025\/07\/PIS-e-Pasep.webp","type":"image\/webp"}],"author":"Gabriela Santos","twitter_card":"summary_large_image","twitter_misc":{"Escrito por":"Gabriela Santos","Est. tempo de leitura":"2 minutos"},"schema":{"@context":"https:\/\/schema.org","@graph":[{"@type":"WebPage","@id":"https:\/\/crusoe.audiencelabs.com.br\/quem-nasceu-em-setembro-e-outubro-ja-pode-sacar-o-pis-pasep\/","url":"https:\/\/crusoe.audiencelabs.com.br\/quem-nasceu-em-setembro-e-outubro-ja-pode-sacar-o-pis-pasep\/","name":"Quem nasceu em setembro e outubro j\u00e1 pode sacar o PIS\/Pasep","isPartOf":{"@id":"https:\/\/crusoe.audiencelabs.com.br\/#website"},"primaryImageOfPage":{"@id":"https:\/\/crusoe.audiencelabs.com.br\/quem-nasceu-em-setembro-e-outubro-ja-pode-sacar-o-pis-pasep\/#primaryimage"},"image":{"@id":"https:\/\/crusoe.audiencelabs.com.br\/quem-nasceu-em-setembro-e-outubro-ja-pode-sacar-o-pis-pasep\/#primaryimage"},"thumbnailUrl":"https:\/\/cdn.crusoe.com.br\/uploads\/2025\/07\/PIS-e-Pasep.webp","datePublished":"2025-07-16T17:34:13+00:00","dateModified":"2025-07-16T17:34:15+00:00","author":{"@id":"https:\/\/crusoe.audiencelabs.com.br\/#\/schema\/person\/be66e7e59ad3bc2a7c0833132c5c8c00"},"breadcrumb":{"@id":"https:\/\/crusoe.audiencelabs.com.br\/quem-nasceu-em-setembro-e-outubro-ja-pode-sacar-o-pis-pasep\/#breadcrumb"},"inLanguage":"pt-BR","potentialAction":[{"@type":"ReadAction","target":["https:\/\/crusoe.audiencelabs.com.br\/quem-nasceu-em-setembro-e-outubro-ja-pode-sacar-o-pis-pasep\/"]}]},{"@type":"ImageObject","inLanguage":"pt-BR","@id":"https:\/\/crusoe.audiencelabs.com.br\/quem-nasceu-em-setembro-e-outubro-ja-pode-sacar-o-pis-pasep\/#primaryimage","url":"https:\/\/cdn.crusoe.com.br\/uploads\/2025\/07\/PIS-e-Pasep.webp","contentUrl":"https:\/\/cdn.crusoe.com.br\/uploads\/2025\/07\/PIS-e-Pasep.webp","width":1170,"height":700,"caption":"Reprodu\u00e7\u00e3o: Ag\u00eancia Brasil (Marcelo Camargo)"},{"@type":"BreadcrumbList","@id":"https:\/\/crusoe.audiencelabs.com.br\/quem-nasceu-em-setembro-e-outubro-ja-pode-sacar-o-pis-pasep\/#breadcrumb","itemListElement":[{"@type":"ListItem","position":1,"name":"Home","item":"https:\/\/crusoe.audiencelabs.com.br\/"},{"@type":"ListItem","position":2,"name":"Quem nasceu em setembro e outubro j\u00e1 pode sacar o PIS\/Pasep"}]},{"@type":"WebSite","@id":"https:\/\/crusoe.audiencelabs.com.br\/#website","url":"https:\/\/crusoe.audiencelabs.com.br\/","name":"Variedades - Cruso\u00e9","description":"","potentialAction":[{"@type":"SearchAction","target":{"@type":"EntryPoint","urlTemplate":"https:\/\/crusoe.audiencelabs.com.br\/?s={search_term_string}"},"query-input":{"@type":"PropertyValueSpecification","valueRequired":true,"valueName":"search_term_string"}}],"inLanguage":"pt-BR"},{"@type":"Person","@id":"https:\/\/crusoe.audiencelabs.com.br\/#\/schema\/person\/be66e7e59ad3bc2a7c0833132c5c8c00","name":"Gabriela Santos","image":{"@type":"ImageObject","inLanguage":"pt-BR","@id":"https:\/\/crusoe.audiencelabs.com.br\/#\/schema\/person\/image\/","url":"https:\/\/secure.gravatar.com\/avatar\/d58b244b5f316c2ae218c4fd7fd0fdf0fbcf215931ac50c70906d65db85b6002?s=96&d=mm&r=g","contentUrl":"https:\/\/secure.gravatar.com\/avatar\/d58b244b5f316c2ae218c4fd7fd0fdf0fbcf215931ac50c70906d65db85b6002?s=96&d=mm&r=g","caption":"Gabriela Santos"},"description":"Jornalista que atua com a produ\u00e7\u00e3o de conte\u00fado em temas diversos, aproximando o leitor por meio de informa\u00e7\u00f5es que refletem o cotidiano.","url":"https:\/\/crusoe.audiencelabs.com.br\/author\/gabrielasantos\/"}]}},"_links":{"self":[{"href":"https:\/\/crusoe.audiencelabs.com.br\/wp-json\/wp\/v2\/posts\/5424","targetHints":{"allow":["GET"]}}],"collection":[{"href":"https:\/\/crusoe.audiencelabs.com.br\/wp-json\/wp\/v2\/posts"}],"about":[{"href":"https:\/\/crusoe.audiencelabs.com.br\/wp-json\/wp\/v2\/types\/post"}],"author":[{"embeddable":true,"href":"https:\/\/crusoe.audiencelabs.com.br\/wp-json\/wp\/v2\/users\/8"}],"replies":[{"embeddable":true,"href":"https:\/\/crusoe.audiencelabs.com.br\/wp-json\/wp\/v2\/comments?post=5424"}],"version-history":[{"count":5,"href":"https:\/\/crusoe.audiencelabs.com.br\/wp-json\/wp\/v2\/posts\/5424\/revisions"}],"predecessor-version":[{"id":5437,"href":"https:\/\/crusoe.audiencelabs.com.br\/wp-json\/wp\/v2\/posts\/5424\/revisions\/5437"}],"wp:featuredmedia":[{"embeddable":true,"href":"https:\/\/crusoe.audiencelabs.com.br\/wp-json\/wp\/v2\/media\/5433"}],"wp:attachment":[{"href":"https:\/\/crusoe.audiencelabs.com.br\/wp-json\/wp\/v2\/media?parent=5424"}],"wp:term":[{"taxonomy":"category","embeddable":true,"href":"https:\/\/crusoe.audiencelabs.com.br\/wp-json\/wp\/v2\/categories?post=5424"},{"taxonomy":"post_tag","embeddable":true,"href":"https:\/\/crusoe.audiencelabs.com.br\/wp-json\/wp\/v2\/tags?post=5424"}],"curies":[{"name":"wp","href":"https:\/\/api.w.org\/{rel}","templated":true}]}}