{"id":542,"date":"2025-05-19T18:15:00","date_gmt":"2025-05-19T21:15:00","guid":{"rendered":"https:\/\/crusoe.com.br\/variedades\/?p=542"},"modified":"2025-05-19T09:40:21","modified_gmt":"2025-05-19T12:40:21","slug":"bolsa-familia-vai-subir-para-r-700-governo-emite-comunicado-oficial","status":"publish","type":"post","link":"https:\/\/crusoe.audiencelabs.com.br\/bolsa-familia-vai-subir-para-r-700-governo-emite-comunicado-oficial\/","title":{"rendered":"Bolsa Fam\u00edlia vai subir para R$ 700? Governo emite comunicado oficial"},"content":{"rendered":"\n<p>O governo federal esclareceu rumores recentes sobre um poss\u00edvel aumento no valor do Bolsa Fam\u00edlia para R$ 700. De acordo com o governo essa informa\u00e7\u00e3o \u00e9 falsa.&nbsp;<\/p>\n\n\n\n<p>Atualmente, o valor base do programa \u00e9 de R$ 600, com acr\u00e9scimos para crian\u00e7as de at\u00e9 sete anos, gestantes e adolescentes em situa\u00e7\u00f5es espec\u00edficas.<\/p>\n\n\n\n<h2 class=\"wp-block-heading\">Raz\u00f5es por tr\u00e1s dos rumores<\/h2>\n\n\n\n<p>Desde a reformula\u00e7\u00e3o do Bolsa Fam\u00edlia, ocorrida em 2023, o programa avan\u00e7ou para um modelo progressivo.\u00a0Este modelo visa ajustar os valores conforme a estrutura familiar, oferecendo aux\u00edlios adicionais que variam entre R$ 50 e R$ 150, para fam\u00edlias com crian\u00e7as pequenas e gestantes.\u00a0<\/p>\n\n\n\n<p>Contudo, n\u00e3o h\u00e1 previs\u00e3o de aumento no valor total para o pr\u00f3ximo ano, mantendo-se o foco na adequa\u00e7\u00e3o do benef\u00edcio para atender as necessidades reais dos benefici\u00e1rios.<\/p>\n\n\n\n<h2 class=\"wp-block-heading\">Calend\u00e1rio de maio do Bolsa Fam\u00edlia&nbsp;<\/h2>\n\n\n\n<p>O calend\u00e1rio de pagamentos do programa para maio segue um padr\u00e3o estabelecido, com as datas variando de acordo com o \u00faltimo d\u00edgito do NIS. Confira:&nbsp;<\/p>\n\n\n\n<ul class=\"wp-block-list\">\n<li><strong>NIS final 1: Pagamento no dia 19 de maio<\/strong><\/li>\n\n\n\n<li>NIS final 2: Pagamento no dia 20 de maio<\/li>\n\n\n\n<li>NIS final 3: Pagamento no dia 21 de maio<\/li>\n\n\n\n<li>NIS final 4: Pagamento no dia 22 de maio<\/li>\n\n\n\n<li>NIS final 5: Pagamento no dia 23 de maio<\/li>\n\n\n\n<li>NIS final 6: Pagamento no dia 26 de maio<\/li>\n\n\n\n<li>NIS final 7: Pagamento no dia 27 de maio<\/li>\n\n\n\n<li>NIS final 8: Pagamento no dia 28 de maio<\/li>\n\n\n\n<li>NIS final 9: Pagamento no dia 29 de maio<\/li>\n\n\n\n<li>NIS final 0: Pagamento no dia 30 de maio<\/li>\n<\/ul>\n\n\n\n<p>Com o calend\u00e1rio de maio j\u00e1 definido e confirma\u00e7\u00e3o da manuten\u00e7\u00e3o dos valores, as fam\u00edlias podem se organizar melhor e planejar suas despesas mensais.<\/p>\n","protected":false},"excerpt":{"rendered":"<p>O governo federal esclareceu rumores recentes sobre um poss\u00edvel aumento no valor do Bolsa Fam\u00edlia para R$ 700. De acordo com o governo essa informa\u00e7\u00e3o \u00e9 falsa.&nbsp; Atualmente, o valor base do programa \u00e9 de R$ 600, com acr\u00e9scimos para crian\u00e7as de at\u00e9 sete anos, gestantes e adolescentes em situa\u00e7\u00f5es espec\u00edficas. Raz\u00f5es por tr\u00e1s dos [&hellip;]<\/p>\n","protected":false},"author":5,"featured_media":543,"comment_status":"open","ping_status":"open","sticky":false,"template":"","format":"standard","meta":{"jnews-multi-image_gallery":[],"jnews_single_post":{"format":"standard"},"jnews_primary_category":[],"jnews_override_counter":[],"jnews_post_split":[],"footnotes":""},"categories":[1],"tags":[246],"class_list":["post-542","post","type-post","status-publish","format-standard","has-post-thumbnail","hentry","category-geral","tag-bolsa-familia"],"yoast_head":"<!-- This site is optimized with the Yoast SEO plugin v25.0 - https:\/\/yoast.com\/wordpress\/plugins\/seo\/ -->\n<title>Bolsa Fam\u00edlia vai subir para R$ 700? Governo emite comunicado oficial<\/title>\n<meta name=\"robots\" content=\"index, follow, max-snippet:-1, max-image-preview:large, max-video-preview:-1\" \/>\n<link rel=\"canonical\" href=\"https:\/\/crusoe.audiencelabs.com.br\/bolsa-familia-vai-subir-para-r-700-governo-emite-comunicado-oficial\/\" \/>\n<meta property=\"og:locale\" content=\"pt_BR\" \/>\n<meta property=\"og:type\" content=\"article\" \/>\n<meta property=\"og:title\" content=\"Bolsa Fam\u00edlia vai subir para R$ 700? Governo emite comunicado oficial\" \/>\n<meta property=\"og:description\" content=\"O governo federal esclareceu rumores recentes sobre um poss\u00edvel aumento no valor do Bolsa Fam\u00edlia para R$ 700. De acordo com o governo essa informa\u00e7\u00e3o \u00e9 falsa.&nbsp; Atualmente, o valor base do programa \u00e9 de R$ 600, com acr\u00e9scimos para crian\u00e7as de at\u00e9 sete anos, gestantes e adolescentes em situa\u00e7\u00f5es espec\u00edficas. Raz\u00f5es por tr\u00e1s dos [&hellip;]\" \/>\n<meta property=\"og:url\" content=\"https:\/\/crusoe.audiencelabs.com.br\/bolsa-familia-vai-subir-para-r-700-governo-emite-comunicado-oficial\/\" \/>\n<meta property=\"og:site_name\" content=\"Variedades - Cruso\u00e9\" \/>\n<meta property=\"article:published_time\" content=\"2025-05-19T21:15:00+00:00\" \/>\n<meta property=\"og:image\" content=\"https:\/\/cdn.crusoe.com.br\/uploads\/2025\/05\/22mar2023-nova-versao-do-aplicativo-bolsa-familia-ja-esta-disponivel-para-download-1679491539204_v2_900x506.jpg\" \/>\n\t<meta property=\"og:image:width\" content=\"900\" \/>\n\t<meta property=\"og:image:height\" content=\"506\" \/>\n\t<meta property=\"og:image:type\" content=\"image\/jpeg\" \/>\n<meta name=\"author\" content=\"Milena Armando\" \/>\n<meta name=\"twitter:card\" content=\"summary_large_image\" \/>\n<meta name=\"twitter:label1\" content=\"Escrito por\" \/>\n\t<meta name=\"twitter:data1\" content=\"Milena Armando\" \/>\n\t<meta name=\"twitter:label2\" content=\"Est. tempo de leitura\" \/>\n\t<meta name=\"twitter:data2\" content=\"2 minutos\" \/>\n<script type=\"application\/ld+json\" class=\"yoast-schema-graph\">{\"@context\":\"https:\/\/schema.org\",\"@graph\":[{\"@type\":\"WebPage\",\"@id\":\"https:\/\/crusoe.audiencelabs.com.br\/bolsa-familia-vai-subir-para-r-700-governo-emite-comunicado-oficial\/\",\"url\":\"https:\/\/crusoe.audiencelabs.com.br\/bolsa-familia-vai-subir-para-r-700-governo-emite-comunicado-oficial\/\",\"name\":\"Bolsa Fam\u00edlia vai subir para R$ 700? Governo emite comunicado oficial\",\"isPartOf\":{\"@id\":\"https:\/\/crusoe.audiencelabs.com.br\/#website\"},\"primaryImageOfPage\":{\"@id\":\"https:\/\/crusoe.audiencelabs.com.br\/bolsa-familia-vai-subir-para-r-700-governo-emite-comunicado-oficial\/#primaryimage\"},\"image\":{\"@id\":\"https:\/\/crusoe.audiencelabs.com.br\/bolsa-familia-vai-subir-para-r-700-governo-emite-comunicado-oficial\/#primaryimage\"},\"thumbnailUrl\":\"https:\/\/cdn.crusoe.com.br\/uploads\/2025\/05\/22mar2023-nova-versao-do-aplicativo-bolsa-familia-ja-esta-disponivel-para-download-1679491539204_v2_900x506.jpg\",\"datePublished\":\"2025-05-19T21:15:00+00:00\",\"author\":{\"@id\":\"https:\/\/crusoe.audiencelabs.com.br\/#\/schema\/person\/f87f73cfe89e5360de2c006bd4bd6a74\"},\"breadcrumb\":{\"@id\":\"https:\/\/crusoe.audiencelabs.com.br\/bolsa-familia-vai-subir-para-r-700-governo-emite-comunicado-oficial\/#breadcrumb\"},\"inLanguage\":\"pt-BR\",\"potentialAction\":[{\"@type\":\"ReadAction\",\"target\":[\"https:\/\/crusoe.audiencelabs.com.br\/bolsa-familia-vai-subir-para-r-700-governo-emite-comunicado-oficial\/\"]}]},{\"@type\":\"ImageObject\",\"inLanguage\":\"pt-BR\",\"@id\":\"https:\/\/crusoe.audiencelabs.com.br\/bolsa-familia-vai-subir-para-r-700-governo-emite-comunicado-oficial\/#primaryimage\",\"url\":\"https:\/\/cdn.crusoe.com.br\/uploads\/2025\/05\/22mar2023-nova-versao-do-aplicativo-bolsa-familia-ja-esta-disponivel-para-download-1679491539204_v2_900x506.jpg\",\"contentUrl\":\"https:\/\/cdn.crusoe.com.br\/uploads\/2025\/05\/22mar2023-nova-versao-do-aplicativo-bolsa-familia-ja-esta-disponivel-para-download-1679491539204_v2_900x506.jpg\",\"width\":900,\"height\":506,\"caption\":\"Foto: UOL Economia\"},{\"@type\":\"BreadcrumbList\",\"@id\":\"https:\/\/crusoe.audiencelabs.com.br\/bolsa-familia-vai-subir-para-r-700-governo-emite-comunicado-oficial\/#breadcrumb\",\"itemListElement\":[{\"@type\":\"ListItem\",\"position\":1,\"name\":\"Home\",\"item\":\"https:\/\/crusoe.audiencelabs.com.br\/\"},{\"@type\":\"ListItem\",\"position\":2,\"name\":\"Bolsa Fam\u00edlia vai subir para R$ 700? Governo emite comunicado oficial\"}]},{\"@type\":\"WebSite\",\"@id\":\"https:\/\/crusoe.audiencelabs.com.br\/#website\",\"url\":\"https:\/\/crusoe.audiencelabs.com.br\/\",\"name\":\"Variedades - Cruso\u00e9\",\"description\":\"\",\"potentialAction\":[{\"@type\":\"SearchAction\",\"target\":{\"@type\":\"EntryPoint\",\"urlTemplate\":\"https:\/\/crusoe.audiencelabs.com.br\/?s={search_term_string}\"},\"query-input\":{\"@type\":\"PropertyValueSpecification\",\"valueRequired\":true,\"valueName\":\"search_term_string\"}}],\"inLanguage\":\"pt-BR\"},{\"@type\":\"Person\",\"@id\":\"https:\/\/crusoe.audiencelabs.com.br\/#\/schema\/person\/f87f73cfe89e5360de2c006bd4bd6a74\",\"name\":\"Milena Armando\",\"image\":{\"@type\":\"ImageObject\",\"inLanguage\":\"pt-BR\",\"@id\":\"https:\/\/crusoe.audiencelabs.com.br\/#\/schema\/person\/image\/\",\"url\":\"https:\/\/secure.gravatar.com\/avatar\/ea14ecddc9e9d202b698b18f9f69e09c9fd74cfbed5c6008d55f11faefdbdab7?s=96&d=mm&r=g\",\"contentUrl\":\"https:\/\/secure.gravatar.com\/avatar\/ea14ecddc9e9d202b698b18f9f69e09c9fd74cfbed5c6008d55f11faefdbdab7?s=96&d=mm&r=g\",\"caption\":\"Milena Armando\"},\"description\":\"Jornalista, redatora e revisora.\",\"url\":\"https:\/\/crusoe.audiencelabs.com.br\/author\/milena\/\"}]}<\/script>\n<!-- \/ Yoast SEO plugin. -->","yoast_head_json":{"title":"Bolsa Fam\u00edlia vai subir para R$ 700? Governo emite comunicado oficial","robots":{"index":"index","follow":"follow","max-snippet":"max-snippet:-1","max-image-preview":"max-image-preview:large","max-video-preview":"max-video-preview:-1"},"canonical":"https:\/\/crusoe.audiencelabs.com.br\/bolsa-familia-vai-subir-para-r-700-governo-emite-comunicado-oficial\/","og_locale":"pt_BR","og_type":"article","og_title":"Bolsa Fam\u00edlia vai subir para R$ 700? Governo emite comunicado oficial","og_description":"O governo federal esclareceu rumores recentes sobre um poss\u00edvel aumento no valor do Bolsa Fam\u00edlia para R$ 700. De acordo com o governo essa informa\u00e7\u00e3o \u00e9 falsa.&nbsp; Atualmente, o valor base do programa \u00e9 de R$ 600, com acr\u00e9scimos para crian\u00e7as de at\u00e9 sete anos, gestantes e adolescentes em situa\u00e7\u00f5es espec\u00edficas. Raz\u00f5es por tr\u00e1s dos [&hellip;]","og_url":"https:\/\/crusoe.audiencelabs.com.br\/bolsa-familia-vai-subir-para-r-700-governo-emite-comunicado-oficial\/","og_site_name":"Variedades - Cruso\u00e9","article_published_time":"2025-05-19T21:15:00+00:00","og_image":[{"width":900,"height":506,"url":"https:\/\/cdn.crusoe.com.br\/uploads\/2025\/05\/22mar2023-nova-versao-do-aplicativo-bolsa-familia-ja-esta-disponivel-para-download-1679491539204_v2_900x506.jpg","type":"image\/jpeg"}],"author":"Milena Armando","twitter_card":"summary_large_image","twitter_misc":{"Escrito por":"Milena Armando","Est. tempo de leitura":"2 minutos"},"schema":{"@context":"https:\/\/schema.org","@graph":[{"@type":"WebPage","@id":"https:\/\/crusoe.audiencelabs.com.br\/bolsa-familia-vai-subir-para-r-700-governo-emite-comunicado-oficial\/","url":"https:\/\/crusoe.audiencelabs.com.br\/bolsa-familia-vai-subir-para-r-700-governo-emite-comunicado-oficial\/","name":"Bolsa Fam\u00edlia vai subir para R$ 700? Governo emite comunicado oficial","isPartOf":{"@id":"https:\/\/crusoe.audiencelabs.com.br\/#website"},"primaryImageOfPage":{"@id":"https:\/\/crusoe.audiencelabs.com.br\/bolsa-familia-vai-subir-para-r-700-governo-emite-comunicado-oficial\/#primaryimage"},"image":{"@id":"https:\/\/crusoe.audiencelabs.com.br\/bolsa-familia-vai-subir-para-r-700-governo-emite-comunicado-oficial\/#primaryimage"},"thumbnailUrl":"https:\/\/cdn.crusoe.com.br\/uploads\/2025\/05\/22mar2023-nova-versao-do-aplicativo-bolsa-familia-ja-esta-disponivel-para-download-1679491539204_v2_900x506.jpg","datePublished":"2025-05-19T21:15:00+00:00","author":{"@id":"https:\/\/crusoe.audiencelabs.com.br\/#\/schema\/person\/f87f73cfe89e5360de2c006bd4bd6a74"},"breadcrumb":{"@id":"https:\/\/crusoe.audiencelabs.com.br\/bolsa-familia-vai-subir-para-r-700-governo-emite-comunicado-oficial\/#breadcrumb"},"inLanguage":"pt-BR","potentialAction":[{"@type":"ReadAction","target":["https:\/\/crusoe.audiencelabs.com.br\/bolsa-familia-vai-subir-para-r-700-governo-emite-comunicado-oficial\/"]}]},{"@type":"ImageObject","inLanguage":"pt-BR","@id":"https:\/\/crusoe.audiencelabs.com.br\/bolsa-familia-vai-subir-para-r-700-governo-emite-comunicado-oficial\/#primaryimage","url":"https:\/\/cdn.crusoe.com.br\/uploads\/2025\/05\/22mar2023-nova-versao-do-aplicativo-bolsa-familia-ja-esta-disponivel-para-download-1679491539204_v2_900x506.jpg","contentUrl":"https:\/\/cdn.crusoe.com.br\/uploads\/2025\/05\/22mar2023-nova-versao-do-aplicativo-bolsa-familia-ja-esta-disponivel-para-download-1679491539204_v2_900x506.jpg","width":900,"height":506,"caption":"Foto: UOL Economia"},{"@type":"BreadcrumbList","@id":"https:\/\/crusoe.audiencelabs.com.br\/bolsa-familia-vai-subir-para-r-700-governo-emite-comunicado-oficial\/#breadcrumb","itemListElement":[{"@type":"ListItem","position":1,"name":"Home","item":"https:\/\/crusoe.audiencelabs.com.br\/"},{"@type":"ListItem","position":2,"name":"Bolsa Fam\u00edlia vai subir para R$ 700? Governo emite comunicado oficial"}]},{"@type":"WebSite","@id":"https:\/\/crusoe.audiencelabs.com.br\/#website","url":"https:\/\/crusoe.audiencelabs.com.br\/","name":"Variedades - Cruso\u00e9","description":"","potentialAction":[{"@type":"SearchAction","target":{"@type":"EntryPoint","urlTemplate":"https:\/\/crusoe.audiencelabs.com.br\/?s={search_term_string}"},"query-input":{"@type":"PropertyValueSpecification","valueRequired":true,"valueName":"search_term_string"}}],"inLanguage":"pt-BR"},{"@type":"Person","@id":"https:\/\/crusoe.audiencelabs.com.br\/#\/schema\/person\/f87f73cfe89e5360de2c006bd4bd6a74","name":"Milena Armando","image":{"@type":"ImageObject","inLanguage":"pt-BR","@id":"https:\/\/crusoe.audiencelabs.com.br\/#\/schema\/person\/image\/","url":"https:\/\/secure.gravatar.com\/avatar\/ea14ecddc9e9d202b698b18f9f69e09c9fd74cfbed5c6008d55f11faefdbdab7?s=96&d=mm&r=g","contentUrl":"https:\/\/secure.gravatar.com\/avatar\/ea14ecddc9e9d202b698b18f9f69e09c9fd74cfbed5c6008d55f11faefdbdab7?s=96&d=mm&r=g","caption":"Milena Armando"},"description":"Jornalista, redatora e revisora.","url":"https:\/\/crusoe.audiencelabs.com.br\/author\/milena\/"}]}},"_links":{"self":[{"href":"https:\/\/crusoe.audiencelabs.com.br\/wp-json\/wp\/v2\/posts\/542","targetHints":{"allow":["GET"]}}],"collection":[{"href":"https:\/\/crusoe.audiencelabs.com.br\/wp-json\/wp\/v2\/posts"}],"about":[{"href":"https:\/\/crusoe.audiencelabs.com.br\/wp-json\/wp\/v2\/types\/post"}],"author":[{"embeddable":true,"href":"https:\/\/crusoe.audiencelabs.com.br\/wp-json\/wp\/v2\/users\/5"}],"replies":[{"embeddable":true,"href":"https:\/\/crusoe.audiencelabs.com.br\/wp-json\/wp\/v2\/comments?post=542"}],"version-history":[{"count":2,"href":"https:\/\/crusoe.audiencelabs.com.br\/wp-json\/wp\/v2\/posts\/542\/revisions"}],"predecessor-version":[{"id":546,"href":"https:\/\/crusoe.audiencelabs.com.br\/wp-json\/wp\/v2\/posts\/542\/revisions\/546"}],"wp:featuredmedia":[{"embeddable":true,"href":"https:\/\/crusoe.audiencelabs.com.br\/wp-json\/wp\/v2\/media\/543"}],"wp:attachment":[{"href":"https:\/\/crusoe.audiencelabs.com.br\/wp-json\/wp\/v2\/media?parent=542"}],"wp:term":[{"taxonomy":"category","embeddable":true,"href":"https:\/\/crusoe.audiencelabs.com.br\/wp-json\/wp\/v2\/categories?post=542"},{"taxonomy":"post_tag","embeddable":true,"href":"https:\/\/crusoe.audiencelabs.com.br\/wp-json\/wp\/v2\/tags?post=542"}],"curies":[{"name":"wp","href":"https:\/\/api.w.org\/{rel}","templated":true}]}}