{"id":5278,"date":"2025-07-15T16:02:57","date_gmt":"2025-07-15T19:02:57","guid":{"rendered":"https:\/\/crusoe.com.br\/variedades\/?p=5278"},"modified":"2025-07-15T16:02:59","modified_gmt":"2025-07-15T19:02:59","slug":"fenomeno-raro-vai-deixar-o-mundo-em-completa-escuridao","status":"publish","type":"post","link":"https:\/\/crusoe.audiencelabs.com.br\/fenomeno-raro-vai-deixar-o-mundo-em-completa-escuridao\/","title":{"rendered":"Fen\u00f4meno raro vai deixar o mundo em completa escurid\u00e3o"},"content":{"rendered":"\n<p>Um eclipse solar deixar\u00e1 o mundo na escurid\u00e3o no dia 2 de agosto de 2027. Por mais de seis minutos, ele ser\u00e1 o mais longo vis\u00edvel desde 1991.<\/p>\n\n\n\n<p>Sem repeti\u00e7\u00e3o do fen\u00f4meno at\u00e9 2114, ele poder\u00e1 ser observado em tr\u00eas continentes. Resultando em uma rara combina\u00e7\u00e3o, ter\u00e1 a Terra no af\u00e9lio e a Lua no perigeu, onde a sombra cruzar\u00e1 o Equador.<\/p>\n\n\n\n<p>Prolongando sua dura\u00e7\u00e3o para mais do dobro habitual, o fen\u00f4meno ser\u00e1 visualizado ao longo de um estreito corredor de 270 km, passando por Marrocos, Espanha, Egito e Ar\u00e1bia Saudita.<\/p>\n\n\n\n<h2 class=\"wp-block-heading\"><strong>Condi\u00e7\u00e3o astron\u00f4mica  <\/strong><\/h2>\n\n\n\n<p>Luxor ser\u00e1 uma das cidades, onde \u00e1reas pr\u00f3ximas com o sul da It\u00e1lia v\u00e3o testemunhar o fen\u00f4meno apenas de maneira parcial. Indo al\u00e9m de um espet\u00e1culo visual, o eclipse \u00e9 um evento global. Com iniciativas culturais e cient\u00edficas em v\u00e1rios lugares, algumas organizar\u00e3o oficinas educativas.<\/p>\n\n\n\n<p>Tamb\u00e9m oferecendo pacotes tur\u00edsticos, o fen\u00f4meno mobilizar\u00e1. Para aproveitar com seguran\u00e7a, \u00e9 importante estar em uma rota da totalidade, al\u00e9m de usar \u00f3culos de prote\u00e7\u00e3o apropriados. O eclipse n\u00e3o se destacar\u00e1 somente pela sua dura\u00e7\u00e3o, mas tamb\u00e9m pela precis\u00e3o do alinhamento celestial.<\/p>\n\n\n\n<p>Permitindo uma experi\u00eancia \u00fanica, a proximidade da Lua \u00e0 Terra, combinadas, ter\u00e1 dist\u00e2ncia maior ao Sol. Criando uma sombra lunar, o fen\u00f4meno se mover\u00e1 lentamente, dando amplia\u00e7\u00e3o em locais privilegiados. Sendo considerado raro, o eclipse traz a complexidade e as dist\u00e2ncias c\u00f3smicas.<\/p>\n\n\n\n<p>O trajeto do fen\u00f4meno ser\u00e1 em grandes centros urbanos, onde as regi\u00f5es hist\u00f3ricas facilitar\u00e3o o acesso para a observa\u00e7\u00e3o. Promovendo uma maior compreens\u00e3o do fen\u00f4meno, seu impacto ser\u00e1 no conhecimento astron\u00f4mico. Al\u00e9m disso, o eclipse movimentar\u00e1 a economia local, atraindo diversos observadores.<\/p>\n\n\n\n<p>Sendo uma oportunidade excepcional, o fen\u00f4meno envolver\u00e1 ci\u00eancia, turismo e cultura. A combina\u00e7\u00e3o de fatores ser\u00e1 de vasta \u00e1rea de visibilidade, onde um marco ser\u00e1 lembrado por gera\u00e7\u00f5es. Dando aten\u00e7\u00e3o \u00e0 rota, e \u00e0s recomenda\u00e7\u00f5es de seguran\u00e7a, \u00e9 fundamental aproveitar o m\u00e1ximo dessa experi\u00eancia inesquec\u00edvel.<\/p>\n","protected":false},"excerpt":{"rendered":"<p>Proporcionando um espet\u00e1culo, um raro fen\u00f4meno poder\u00e1 ser visto em 2027.<\/p>\n","protected":false},"author":8,"featured_media":5285,"comment_status":"open","ping_status":"open","sticky":false,"template":"","format":"standard","meta":{"jnews-multi-image_gallery":[],"jnews_single_post":{"format":"standard"},"jnews_primary_category":[],"jnews_override_counter":[],"jnews_post_split":[],"footnotes":""},"categories":[1],"tags":[],"class_list":["post-5278","post","type-post","status-publish","format-standard","has-post-thumbnail","hentry","category-geral"],"yoast_head":"<!-- This site is optimized with the Yoast SEO plugin v25.0 - https:\/\/yoast.com\/wordpress\/plugins\/seo\/ -->\n<title>Fen\u00f4meno raro vai deixar o mundo em completa escurid\u00e3o<\/title>\n<meta name=\"robots\" content=\"index, follow, max-snippet:-1, max-image-preview:large, max-video-preview:-1\" \/>\n<link rel=\"canonical\" href=\"https:\/\/crusoe.audiencelabs.com.br\/fenomeno-raro-vai-deixar-o-mundo-em-completa-escuridao\/\" \/>\n<meta property=\"og:locale\" content=\"pt_BR\" \/>\n<meta property=\"og:type\" content=\"article\" \/>\n<meta property=\"og:title\" content=\"Fen\u00f4meno raro vai deixar o mundo em completa escurid\u00e3o\" \/>\n<meta property=\"og:description\" content=\"Proporcionando um espet\u00e1culo, um raro fen\u00f4meno poder\u00e1 ser visto em 2027.\" \/>\n<meta property=\"og:url\" content=\"https:\/\/crusoe.audiencelabs.com.br\/fenomeno-raro-vai-deixar-o-mundo-em-completa-escuridao\/\" \/>\n<meta property=\"og:site_name\" content=\"Variedades - Cruso\u00e9\" \/>\n<meta property=\"article:published_time\" content=\"2025-07-15T19:02:57+00:00\" \/>\n<meta property=\"article:modified_time\" content=\"2025-07-15T19:02:59+00:00\" \/>\n<meta property=\"og:image\" content=\"https:\/\/cdn.crusoe.com.br\/uploads\/2025\/07\/carol-fung-TH6wxeOIg4-unsplash.jpg\" \/>\n\t<meta property=\"og:image:width\" content=\"1920\" \/>\n\t<meta property=\"og:image:height\" content=\"1280\" \/>\n\t<meta property=\"og:image:type\" content=\"image\/jpeg\" \/>\n<meta name=\"author\" content=\"Gabriela Santos\" \/>\n<meta name=\"twitter:card\" content=\"summary_large_image\" \/>\n<meta name=\"twitter:label1\" content=\"Escrito por\" \/>\n\t<meta name=\"twitter:data1\" content=\"Gabriela Santos\" \/>\n\t<meta name=\"twitter:label2\" content=\"Est. tempo de leitura\" \/>\n\t<meta name=\"twitter:data2\" content=\"2 minutos\" \/>\n<script type=\"application\/ld+json\" class=\"yoast-schema-graph\">{\"@context\":\"https:\/\/schema.org\",\"@graph\":[{\"@type\":\"WebPage\",\"@id\":\"https:\/\/crusoe.audiencelabs.com.br\/fenomeno-raro-vai-deixar-o-mundo-em-completa-escuridao\/\",\"url\":\"https:\/\/crusoe.audiencelabs.com.br\/fenomeno-raro-vai-deixar-o-mundo-em-completa-escuridao\/\",\"name\":\"Fen\u00f4meno raro vai deixar o mundo em completa escurid\u00e3o\",\"isPartOf\":{\"@id\":\"https:\/\/crusoe.audiencelabs.com.br\/#website\"},\"primaryImageOfPage\":{\"@id\":\"https:\/\/crusoe.audiencelabs.com.br\/fenomeno-raro-vai-deixar-o-mundo-em-completa-escuridao\/#primaryimage\"},\"image\":{\"@id\":\"https:\/\/crusoe.audiencelabs.com.br\/fenomeno-raro-vai-deixar-o-mundo-em-completa-escuridao\/#primaryimage\"},\"thumbnailUrl\":\"https:\/\/cdn.crusoe.com.br\/uploads\/2025\/07\/carol-fung-TH6wxeOIg4-unsplash.jpg\",\"datePublished\":\"2025-07-15T19:02:57+00:00\",\"dateModified\":\"2025-07-15T19:02:59+00:00\",\"author\":{\"@id\":\"https:\/\/crusoe.audiencelabs.com.br\/#\/schema\/person\/be66e7e59ad3bc2a7c0833132c5c8c00\"},\"breadcrumb\":{\"@id\":\"https:\/\/crusoe.audiencelabs.com.br\/fenomeno-raro-vai-deixar-o-mundo-em-completa-escuridao\/#breadcrumb\"},\"inLanguage\":\"pt-BR\",\"potentialAction\":[{\"@type\":\"ReadAction\",\"target\":[\"https:\/\/crusoe.audiencelabs.com.br\/fenomeno-raro-vai-deixar-o-mundo-em-completa-escuridao\/\"]}]},{\"@type\":\"ImageObject\",\"inLanguage\":\"pt-BR\",\"@id\":\"https:\/\/crusoe.audiencelabs.com.br\/fenomeno-raro-vai-deixar-o-mundo-em-completa-escuridao\/#primaryimage\",\"url\":\"https:\/\/cdn.crusoe.com.br\/uploads\/2025\/07\/carol-fung-TH6wxeOIg4-unsplash.jpg\",\"contentUrl\":\"https:\/\/cdn.crusoe.com.br\/uploads\/2025\/07\/carol-fung-TH6wxeOIg4-unsplash.jpg\",\"width\":1920,\"height\":1280,\"caption\":\"Reprodu\u00e7\u00e3o: Unsplash\"},{\"@type\":\"BreadcrumbList\",\"@id\":\"https:\/\/crusoe.audiencelabs.com.br\/fenomeno-raro-vai-deixar-o-mundo-em-completa-escuridao\/#breadcrumb\",\"itemListElement\":[{\"@type\":\"ListItem\",\"position\":1,\"name\":\"Home\",\"item\":\"https:\/\/crusoe.audiencelabs.com.br\/\"},{\"@type\":\"ListItem\",\"position\":2,\"name\":\"Fen\u00f4meno raro vai deixar o mundo em completa escurid\u00e3o\"}]},{\"@type\":\"WebSite\",\"@id\":\"https:\/\/crusoe.audiencelabs.com.br\/#website\",\"url\":\"https:\/\/crusoe.audiencelabs.com.br\/\",\"name\":\"Variedades - Cruso\u00e9\",\"description\":\"\",\"potentialAction\":[{\"@type\":\"SearchAction\",\"target\":{\"@type\":\"EntryPoint\",\"urlTemplate\":\"https:\/\/crusoe.audiencelabs.com.br\/?s={search_term_string}\"},\"query-input\":{\"@type\":\"PropertyValueSpecification\",\"valueRequired\":true,\"valueName\":\"search_term_string\"}}],\"inLanguage\":\"pt-BR\"},{\"@type\":\"Person\",\"@id\":\"https:\/\/crusoe.audiencelabs.com.br\/#\/schema\/person\/be66e7e59ad3bc2a7c0833132c5c8c00\",\"name\":\"Gabriela Santos\",\"image\":{\"@type\":\"ImageObject\",\"inLanguage\":\"pt-BR\",\"@id\":\"https:\/\/crusoe.audiencelabs.com.br\/#\/schema\/person\/image\/\",\"url\":\"https:\/\/secure.gravatar.com\/avatar\/d58b244b5f316c2ae218c4fd7fd0fdf0fbcf215931ac50c70906d65db85b6002?s=96&d=mm&r=g\",\"contentUrl\":\"https:\/\/secure.gravatar.com\/avatar\/d58b244b5f316c2ae218c4fd7fd0fdf0fbcf215931ac50c70906d65db85b6002?s=96&d=mm&r=g\",\"caption\":\"Gabriela Santos\"},\"description\":\"Jornalista que atua com a produ\u00e7\u00e3o de conte\u00fado em temas diversos, aproximando o leitor por meio de informa\u00e7\u00f5es que refletem o cotidiano.\",\"url\":\"https:\/\/crusoe.audiencelabs.com.br\/author\/gabrielasantos\/\"}]}<\/script>\n<!-- \/ Yoast SEO plugin. -->","yoast_head_json":{"title":"Fen\u00f4meno raro vai deixar o mundo em completa escurid\u00e3o","robots":{"index":"index","follow":"follow","max-snippet":"max-snippet:-1","max-image-preview":"max-image-preview:large","max-video-preview":"max-video-preview:-1"},"canonical":"https:\/\/crusoe.audiencelabs.com.br\/fenomeno-raro-vai-deixar-o-mundo-em-completa-escuridao\/","og_locale":"pt_BR","og_type":"article","og_title":"Fen\u00f4meno raro vai deixar o mundo em completa escurid\u00e3o","og_description":"Proporcionando um espet\u00e1culo, um raro fen\u00f4meno poder\u00e1 ser visto em 2027.","og_url":"https:\/\/crusoe.audiencelabs.com.br\/fenomeno-raro-vai-deixar-o-mundo-em-completa-escuridao\/","og_site_name":"Variedades - Cruso\u00e9","article_published_time":"2025-07-15T19:02:57+00:00","article_modified_time":"2025-07-15T19:02:59+00:00","og_image":[{"width":1920,"height":1280,"url":"https:\/\/cdn.crusoe.com.br\/uploads\/2025\/07\/carol-fung-TH6wxeOIg4-unsplash.jpg","type":"image\/jpeg"}],"author":"Gabriela Santos","twitter_card":"summary_large_image","twitter_misc":{"Escrito por":"Gabriela Santos","Est. tempo de leitura":"2 minutos"},"schema":{"@context":"https:\/\/schema.org","@graph":[{"@type":"WebPage","@id":"https:\/\/crusoe.audiencelabs.com.br\/fenomeno-raro-vai-deixar-o-mundo-em-completa-escuridao\/","url":"https:\/\/crusoe.audiencelabs.com.br\/fenomeno-raro-vai-deixar-o-mundo-em-completa-escuridao\/","name":"Fen\u00f4meno raro vai deixar o mundo em completa escurid\u00e3o","isPartOf":{"@id":"https:\/\/crusoe.audiencelabs.com.br\/#website"},"primaryImageOfPage":{"@id":"https:\/\/crusoe.audiencelabs.com.br\/fenomeno-raro-vai-deixar-o-mundo-em-completa-escuridao\/#primaryimage"},"image":{"@id":"https:\/\/crusoe.audiencelabs.com.br\/fenomeno-raro-vai-deixar-o-mundo-em-completa-escuridao\/#primaryimage"},"thumbnailUrl":"https:\/\/cdn.crusoe.com.br\/uploads\/2025\/07\/carol-fung-TH6wxeOIg4-unsplash.jpg","datePublished":"2025-07-15T19:02:57+00:00","dateModified":"2025-07-15T19:02:59+00:00","author":{"@id":"https:\/\/crusoe.audiencelabs.com.br\/#\/schema\/person\/be66e7e59ad3bc2a7c0833132c5c8c00"},"breadcrumb":{"@id":"https:\/\/crusoe.audiencelabs.com.br\/fenomeno-raro-vai-deixar-o-mundo-em-completa-escuridao\/#breadcrumb"},"inLanguage":"pt-BR","potentialAction":[{"@type":"ReadAction","target":["https:\/\/crusoe.audiencelabs.com.br\/fenomeno-raro-vai-deixar-o-mundo-em-completa-escuridao\/"]}]},{"@type":"ImageObject","inLanguage":"pt-BR","@id":"https:\/\/crusoe.audiencelabs.com.br\/fenomeno-raro-vai-deixar-o-mundo-em-completa-escuridao\/#primaryimage","url":"https:\/\/cdn.crusoe.com.br\/uploads\/2025\/07\/carol-fung-TH6wxeOIg4-unsplash.jpg","contentUrl":"https:\/\/cdn.crusoe.com.br\/uploads\/2025\/07\/carol-fung-TH6wxeOIg4-unsplash.jpg","width":1920,"height":1280,"caption":"Reprodu\u00e7\u00e3o: Unsplash"},{"@type":"BreadcrumbList","@id":"https:\/\/crusoe.audiencelabs.com.br\/fenomeno-raro-vai-deixar-o-mundo-em-completa-escuridao\/#breadcrumb","itemListElement":[{"@type":"ListItem","position":1,"name":"Home","item":"https:\/\/crusoe.audiencelabs.com.br\/"},{"@type":"ListItem","position":2,"name":"Fen\u00f4meno raro vai deixar o mundo em completa escurid\u00e3o"}]},{"@type":"WebSite","@id":"https:\/\/crusoe.audiencelabs.com.br\/#website","url":"https:\/\/crusoe.audiencelabs.com.br\/","name":"Variedades - Cruso\u00e9","description":"","potentialAction":[{"@type":"SearchAction","target":{"@type":"EntryPoint","urlTemplate":"https:\/\/crusoe.audiencelabs.com.br\/?s={search_term_string}"},"query-input":{"@type":"PropertyValueSpecification","valueRequired":true,"valueName":"search_term_string"}}],"inLanguage":"pt-BR"},{"@type":"Person","@id":"https:\/\/crusoe.audiencelabs.com.br\/#\/schema\/person\/be66e7e59ad3bc2a7c0833132c5c8c00","name":"Gabriela Santos","image":{"@type":"ImageObject","inLanguage":"pt-BR","@id":"https:\/\/crusoe.audiencelabs.com.br\/#\/schema\/person\/image\/","url":"https:\/\/secure.gravatar.com\/avatar\/d58b244b5f316c2ae218c4fd7fd0fdf0fbcf215931ac50c70906d65db85b6002?s=96&d=mm&r=g","contentUrl":"https:\/\/secure.gravatar.com\/avatar\/d58b244b5f316c2ae218c4fd7fd0fdf0fbcf215931ac50c70906d65db85b6002?s=96&d=mm&r=g","caption":"Gabriela Santos"},"description":"Jornalista que atua com a produ\u00e7\u00e3o de conte\u00fado em temas diversos, aproximando o leitor por meio de informa\u00e7\u00f5es que refletem o cotidiano.","url":"https:\/\/crusoe.audiencelabs.com.br\/author\/gabrielasantos\/"}]}},"_links":{"self":[{"href":"https:\/\/crusoe.audiencelabs.com.br\/wp-json\/wp\/v2\/posts\/5278","targetHints":{"allow":["GET"]}}],"collection":[{"href":"https:\/\/crusoe.audiencelabs.com.br\/wp-json\/wp\/v2\/posts"}],"about":[{"href":"https:\/\/crusoe.audiencelabs.com.br\/wp-json\/wp\/v2\/types\/post"}],"author":[{"embeddable":true,"href":"https:\/\/crusoe.audiencelabs.com.br\/wp-json\/wp\/v2\/users\/8"}],"replies":[{"embeddable":true,"href":"https:\/\/crusoe.audiencelabs.com.br\/wp-json\/wp\/v2\/comments?post=5278"}],"version-history":[{"count":5,"href":"https:\/\/crusoe.audiencelabs.com.br\/wp-json\/wp\/v2\/posts\/5278\/revisions"}],"predecessor-version":[{"id":5288,"href":"https:\/\/crusoe.audiencelabs.com.br\/wp-json\/wp\/v2\/posts\/5278\/revisions\/5288"}],"wp:featuredmedia":[{"embeddable":true,"href":"https:\/\/crusoe.audiencelabs.com.br\/wp-json\/wp\/v2\/media\/5285"}],"wp:attachment":[{"href":"https:\/\/crusoe.audiencelabs.com.br\/wp-json\/wp\/v2\/media?parent=5278"}],"wp:term":[{"taxonomy":"category","embeddable":true,"href":"https:\/\/crusoe.audiencelabs.com.br\/wp-json\/wp\/v2\/categories?post=5278"},{"taxonomy":"post_tag","embeddable":true,"href":"https:\/\/crusoe.audiencelabs.com.br\/wp-json\/wp\/v2\/tags?post=5278"}],"curies":[{"name":"wp","href":"https:\/\/api.w.org\/{rel}","templated":true}]}}