{"id":5266,"date":"2025-07-15T15:33:35","date_gmt":"2025-07-15T18:33:35","guid":{"rendered":"https:\/\/crusoe.com.br\/variedades\/?p=5266"},"modified":"2025-07-15T15:33:37","modified_gmt":"2025-07-15T18:33:37","slug":"novos-semaforos-inteligentes-podem-transformar-o-transito-nas-cidades-brasileiras","status":"publish","type":"post","link":"https:\/\/crusoe.audiencelabs.com.br\/novos-semaforos-inteligentes-podem-transformar-o-transito-nas-cidades-brasileiras\/","title":{"rendered":"Novos sem\u00e1foros inteligentes podem transformar o tr\u00e2nsito nas cidades brasileiras"},"content":{"rendered":"\n<p>A mobilidade e a seguran\u00e7a vi\u00e1ria est\u00e3o entre os principais desafios enfrentados pelos centros urbanos atualmente, sobretudo diante do crescimento constante da frota de ve\u00edculos em circula\u00e7\u00e3o no pa\u00eds.<\/p>\n\n\n\n<p>Segundo dados do Senatran\u00a0entre maio de 2023 e maio de 2024, houve um aumento de cerca de 3,7%, impulsionado principalmente pelos autom\u00f3veis e utilit\u00e1rios.<\/p>\n\n\n\n<p>Pensando nisso, algumas cidades do pa\u00eds j\u00e1 come\u00e7aram a aderir ao uso de <strong>sem\u00e1foros inteligentes<\/strong>, uma tecnologia que integra diversos sistemas avan\u00e7ados para tornar mais eficiente a gest\u00e3o do fluxo de ve\u00edculos e pedestres.<\/p>\n\n\n\n<p>Diferenciando-se totalmente dos sem\u00e1foros tradicionais, estes modelos modernos conseguem analisar, em tempo real, as condi\u00e7\u00f5es do tr\u00e2nsito, e assim garantir mais fluidez e evitar riscos. Para isso, os seguintes recursos s\u00e3o utilizados (via Seu Cr\u00e9dito Digital):<\/p>\n\n\n\n<ul class=\"wp-block-list\">\n<li><strong>Sensores de fluxo veicular<\/strong> instalados no asfalto;<\/li>\n\n\n\n<li><strong>C\u00e2meras inteligentes<\/strong> com leitura de placas e contagem de ve\u00edculos;<\/li>\n\n\n\n<li><strong>Sistemas integrados de gest\u00e3o de tr\u00e1fego<\/strong> nos Centros de Controle Operacional (CCO);<\/li>\n\n\n\n<li><strong>Prioridade autom\u00e1tica <\/strong>para ve\u00edculos de transporte p\u00fablico e emerg\u00eancia;<\/li>\n\n\n\n<li><strong>Ajuste din\u00e2mico dos tempos de sinaliza\u00e7\u00e3o<\/strong> com base no volume de tr\u00e1fego.<\/li>\n<\/ul>\n\n\n\n<h2 class=\"wp-block-heading\">Cidades brasileiras que j\u00e1 adotam sem\u00e1foros inteligentes<\/h2>\n\n\n\n<p>Conforme citado anteriormente, os sem\u00e1foros inteligentes j\u00e1 s\u00e3o uma realidade no Brasil, e est\u00e3o presentes em diversas capitais de pelo menos tr\u00eas regi\u00f5es do pa\u00eds.<\/p>\n\n\n\n<p>No Sudeste, <strong>S\u00e3o Paulo e Belo Horizonte<\/strong> foram as primeiras a aderir. J\u00e1 na regi\u00e3o Nordeste, <strong>Fortaleza e Recife<\/strong> foram as pioneiras. Enquanto isso, no Sul, <strong>Curitiba<\/strong> refor\u00e7ou seu t\u00edtulo de &#8220;cidade inteligente&#8221; ao incluir a tecnologia no tr\u00e1fego local.<\/p>\n\n\n\n<h2 class=\"wp-block-heading\">Etapas para implanta\u00e7\u00e3o dos sem\u00e1foros inteligentes<\/h2>\n\n\n\n<p>Levando em considera\u00e7\u00e3o que o Brasil possui mais de 5 mil munic\u00edpios, a ado\u00e7\u00e3o dos sem\u00e1foros inteligentes em escala nacional ainda pode demandar um certo tempo.<\/p>\n\n\n\n<p>At\u00e9 porque o processo ainda envolve diversas etapas, tanto t\u00e9cnicas quanto administrativas, que exigem a articula\u00e7\u00e3o entre o setor p\u00fablico e a iniciativa privada. S\u00e3o elas:<\/p>\n\n\n\n<ul class=\"wp-block-list\">\n<li><strong>Estudo e planejamento t\u00e9cnico;<\/strong><\/li>\n\n\n\n<li><strong>Capta\u00e7\u00e3o de recursos e licita\u00e7\u00e3o;<\/strong><\/li>\n\n\n\n<li><strong>Instala\u00e7\u00e3o dos equipamentos e integra\u00e7\u00e3o com centrais de controle;<\/strong><\/li>\n\n\n\n<li><strong>Testes e ajustes operacionais;<\/strong><\/li>\n\n\n\n<li><strong>Capacita\u00e7\u00e3o e manuten\u00e7\u00e3o cont\u00ednua.<\/strong><\/li>\n<\/ul>\n\n\n\n<p>Mas apesar da complexidade processo, os resultados positivos que a nova tecnologia pode garantir certamente far\u00e3o valer o investimento.<\/p>\n","protected":false},"excerpt":{"rendered":"<p>A mobilidade e a seguran\u00e7a vi\u00e1ria est\u00e3o entre os principais desafios enfrentados pelos centros urbanos atualmente, sobretudo diante do crescimento constante da frota de ve\u00edculos em circula\u00e7\u00e3o no pa\u00eds. Segundo dados do Senatran\u00a0entre maio de 2023 e maio de 2024, houve um aumento de cerca de 3,7%, impulsionado principalmente pelos autom\u00f3veis e utilit\u00e1rios. Pensando nisso, [&hellip;]<\/p>\n","protected":false},"author":7,"featured_media":5267,"comment_status":"open","ping_status":"open","sticky":false,"template":"","format":"standard","meta":{"jnews-multi-image_gallery":[],"jnews_single_post":{"format":"standard"},"jnews_primary_category":[],"jnews_override_counter":[],"jnews_post_split":[],"footnotes":""},"categories":[1],"tags":[],"class_list":["post-5266","post","type-post","status-publish","format-standard","has-post-thumbnail","hentry","category-geral"],"yoast_head":"<!-- This site is optimized with the Yoast SEO plugin v25.0 - https:\/\/yoast.com\/wordpress\/plugins\/seo\/ -->\n<title>Novos sem\u00e1foros inteligentes podem transformar o tr\u00e2nsito nas cidades brasileiras<\/title>\n<meta name=\"robots\" content=\"index, follow, max-snippet:-1, max-image-preview:large, max-video-preview:-1\" \/>\n<link rel=\"canonical\" href=\"https:\/\/crusoe.audiencelabs.com.br\/novos-semaforos-inteligentes-podem-transformar-o-transito-nas-cidades-brasileiras\/\" \/>\n<meta property=\"og:locale\" content=\"pt_BR\" \/>\n<meta property=\"og:type\" content=\"article\" \/>\n<meta property=\"og:title\" content=\"Novos sem\u00e1foros inteligentes podem transformar o tr\u00e2nsito nas cidades brasileiras\" \/>\n<meta property=\"og:description\" content=\"A mobilidade e a seguran\u00e7a vi\u00e1ria est\u00e3o entre os principais desafios enfrentados pelos centros urbanos atualmente, sobretudo diante do crescimento constante da frota de ve\u00edculos em circula\u00e7\u00e3o no pa\u00eds. Segundo dados do Senatran\u00a0entre maio de 2023 e maio de 2024, houve um aumento de cerca de 3,7%, impulsionado principalmente pelos autom\u00f3veis e utilit\u00e1rios. Pensando nisso, [&hellip;]\" \/>\n<meta property=\"og:url\" content=\"https:\/\/crusoe.audiencelabs.com.br\/novos-semaforos-inteligentes-podem-transformar-o-transito-nas-cidades-brasileiras\/\" \/>\n<meta property=\"og:site_name\" content=\"Variedades - Cruso\u00e9\" \/>\n<meta property=\"article:published_time\" content=\"2025-07-15T18:33:35+00:00\" \/>\n<meta property=\"article:modified_time\" content=\"2025-07-15T18:33:37+00:00\" \/>\n<meta property=\"og:image\" content=\"https:\/\/cdn.crusoe.com.br\/uploads\/2025\/07\/semaforos-inteligentes-transito.jpg\" \/>\n\t<meta property=\"og:image:width\" content=\"1920\" \/>\n\t<meta property=\"og:image:height\" content=\"1080\" \/>\n\t<meta property=\"og:image:type\" content=\"image\/jpeg\" \/>\n<meta name=\"author\" content=\"Jo\u00e3o Carlos Gomes\" \/>\n<meta name=\"twitter:card\" content=\"summary_large_image\" \/>\n<meta name=\"twitter:label1\" content=\"Escrito por\" \/>\n\t<meta name=\"twitter:data1\" content=\"Jo\u00e3o Carlos Gomes\" \/>\n\t<meta name=\"twitter:label2\" content=\"Est. tempo de leitura\" \/>\n\t<meta name=\"twitter:data2\" content=\"3 minutos\" \/>\n<script type=\"application\/ld+json\" class=\"yoast-schema-graph\">{\"@context\":\"https:\/\/schema.org\",\"@graph\":[{\"@type\":\"WebPage\",\"@id\":\"https:\/\/crusoe.audiencelabs.com.br\/novos-semaforos-inteligentes-podem-transformar-o-transito-nas-cidades-brasileiras\/\",\"url\":\"https:\/\/crusoe.audiencelabs.com.br\/novos-semaforos-inteligentes-podem-transformar-o-transito-nas-cidades-brasileiras\/\",\"name\":\"Novos sem\u00e1foros inteligentes podem transformar o tr\u00e2nsito nas cidades brasileiras\",\"isPartOf\":{\"@id\":\"https:\/\/crusoe.audiencelabs.com.br\/#website\"},\"primaryImageOfPage\":{\"@id\":\"https:\/\/crusoe.audiencelabs.com.br\/novos-semaforos-inteligentes-podem-transformar-o-transito-nas-cidades-brasileiras\/#primaryimage\"},\"image\":{\"@id\":\"https:\/\/crusoe.audiencelabs.com.br\/novos-semaforos-inteligentes-podem-transformar-o-transito-nas-cidades-brasileiras\/#primaryimage\"},\"thumbnailUrl\":\"https:\/\/cdn.crusoe.com.br\/uploads\/2025\/07\/semaforos-inteligentes-transito.jpg\",\"datePublished\":\"2025-07-15T18:33:35+00:00\",\"dateModified\":\"2025-07-15T18:33:37+00:00\",\"author\":{\"@id\":\"https:\/\/crusoe.audiencelabs.com.br\/#\/schema\/person\/4a23399b23149df2eab6637fd2fd2bfc\"},\"breadcrumb\":{\"@id\":\"https:\/\/crusoe.audiencelabs.com.br\/novos-semaforos-inteligentes-podem-transformar-o-transito-nas-cidades-brasileiras\/#breadcrumb\"},\"inLanguage\":\"pt-BR\",\"potentialAction\":[{\"@type\":\"ReadAction\",\"target\":[\"https:\/\/crusoe.audiencelabs.com.br\/novos-semaforos-inteligentes-podem-transformar-o-transito-nas-cidades-brasileiras\/\"]}]},{\"@type\":\"ImageObject\",\"inLanguage\":\"pt-BR\",\"@id\":\"https:\/\/crusoe.audiencelabs.com.br\/novos-semaforos-inteligentes-podem-transformar-o-transito-nas-cidades-brasileiras\/#primaryimage\",\"url\":\"https:\/\/cdn.crusoe.com.br\/uploads\/2025\/07\/semaforos-inteligentes-transito.jpg\",\"contentUrl\":\"https:\/\/cdn.crusoe.com.br\/uploads\/2025\/07\/semaforos-inteligentes-transito.jpg\",\"width\":1920,\"height\":1080,\"caption\":\"Foto: Tsvetoslav Hristov\/Unsplash\"},{\"@type\":\"BreadcrumbList\",\"@id\":\"https:\/\/crusoe.audiencelabs.com.br\/novos-semaforos-inteligentes-podem-transformar-o-transito-nas-cidades-brasileiras\/#breadcrumb\",\"itemListElement\":[{\"@type\":\"ListItem\",\"position\":1,\"name\":\"Home\",\"item\":\"https:\/\/crusoe.audiencelabs.com.br\/\"},{\"@type\":\"ListItem\",\"position\":2,\"name\":\"Novos sem\u00e1foros inteligentes podem transformar o tr\u00e2nsito nas cidades brasileiras\"}]},{\"@type\":\"WebSite\",\"@id\":\"https:\/\/crusoe.audiencelabs.com.br\/#website\",\"url\":\"https:\/\/crusoe.audiencelabs.com.br\/\",\"name\":\"Variedades - Cruso\u00e9\",\"description\":\"\",\"potentialAction\":[{\"@type\":\"SearchAction\",\"target\":{\"@type\":\"EntryPoint\",\"urlTemplate\":\"https:\/\/crusoe.audiencelabs.com.br\/?s={search_term_string}\"},\"query-input\":{\"@type\":\"PropertyValueSpecification\",\"valueRequired\":true,\"valueName\":\"search_term_string\"}}],\"inLanguage\":\"pt-BR\"},{\"@type\":\"Person\",\"@id\":\"https:\/\/crusoe.audiencelabs.com.br\/#\/schema\/person\/4a23399b23149df2eab6637fd2fd2bfc\",\"name\":\"Jo\u00e3o Carlos Gomes\",\"image\":{\"@type\":\"ImageObject\",\"inLanguage\":\"pt-BR\",\"@id\":\"https:\/\/crusoe.audiencelabs.com.br\/#\/schema\/person\/image\/\",\"url\":\"https:\/\/secure.gravatar.com\/avatar\/4ce4672dbdd694b329cd6fdb51bee7d1409be1f0ff76a537e4c4a737b2c7d1a9?s=96&d=mm&r=g\",\"contentUrl\":\"https:\/\/secure.gravatar.com\/avatar\/4ce4672dbdd694b329cd6fdb51bee7d1409be1f0ff76a537e4c4a737b2c7d1a9?s=96&d=mm&r=g\",\"caption\":\"Jo\u00e3o Carlos Gomes\"},\"description\":\"Jornalista, criador de conte\u00fado e m\u00fasico independente nas horas vagas.\",\"url\":\"https:\/\/crusoe.audiencelabs.com.br\/author\/joaoc-junior66\/\"}]}<\/script>\n<!-- \/ Yoast SEO plugin. -->","yoast_head_json":{"title":"Novos sem\u00e1foros inteligentes podem transformar o tr\u00e2nsito nas cidades brasileiras","robots":{"index":"index","follow":"follow","max-snippet":"max-snippet:-1","max-image-preview":"max-image-preview:large","max-video-preview":"max-video-preview:-1"},"canonical":"https:\/\/crusoe.audiencelabs.com.br\/novos-semaforos-inteligentes-podem-transformar-o-transito-nas-cidades-brasileiras\/","og_locale":"pt_BR","og_type":"article","og_title":"Novos sem\u00e1foros inteligentes podem transformar o tr\u00e2nsito nas cidades brasileiras","og_description":"A mobilidade e a seguran\u00e7a vi\u00e1ria est\u00e3o entre os principais desafios enfrentados pelos centros urbanos atualmente, sobretudo diante do crescimento constante da frota de ve\u00edculos em circula\u00e7\u00e3o no pa\u00eds. Segundo dados do Senatran\u00a0entre maio de 2023 e maio de 2024, houve um aumento de cerca de 3,7%, impulsionado principalmente pelos autom\u00f3veis e utilit\u00e1rios. Pensando nisso, [&hellip;]","og_url":"https:\/\/crusoe.audiencelabs.com.br\/novos-semaforos-inteligentes-podem-transformar-o-transito-nas-cidades-brasileiras\/","og_site_name":"Variedades - Cruso\u00e9","article_published_time":"2025-07-15T18:33:35+00:00","article_modified_time":"2025-07-15T18:33:37+00:00","og_image":[{"width":1920,"height":1080,"url":"https:\/\/cdn.crusoe.com.br\/uploads\/2025\/07\/semaforos-inteligentes-transito.jpg","type":"image\/jpeg"}],"author":"Jo\u00e3o Carlos Gomes","twitter_card":"summary_large_image","twitter_misc":{"Escrito por":"Jo\u00e3o Carlos Gomes","Est. tempo de leitura":"3 minutos"},"schema":{"@context":"https:\/\/schema.org","@graph":[{"@type":"WebPage","@id":"https:\/\/crusoe.audiencelabs.com.br\/novos-semaforos-inteligentes-podem-transformar-o-transito-nas-cidades-brasileiras\/","url":"https:\/\/crusoe.audiencelabs.com.br\/novos-semaforos-inteligentes-podem-transformar-o-transito-nas-cidades-brasileiras\/","name":"Novos sem\u00e1foros inteligentes podem transformar o tr\u00e2nsito nas cidades brasileiras","isPartOf":{"@id":"https:\/\/crusoe.audiencelabs.com.br\/#website"},"primaryImageOfPage":{"@id":"https:\/\/crusoe.audiencelabs.com.br\/novos-semaforos-inteligentes-podem-transformar-o-transito-nas-cidades-brasileiras\/#primaryimage"},"image":{"@id":"https:\/\/crusoe.audiencelabs.com.br\/novos-semaforos-inteligentes-podem-transformar-o-transito-nas-cidades-brasileiras\/#primaryimage"},"thumbnailUrl":"https:\/\/cdn.crusoe.com.br\/uploads\/2025\/07\/semaforos-inteligentes-transito.jpg","datePublished":"2025-07-15T18:33:35+00:00","dateModified":"2025-07-15T18:33:37+00:00","author":{"@id":"https:\/\/crusoe.audiencelabs.com.br\/#\/schema\/person\/4a23399b23149df2eab6637fd2fd2bfc"},"breadcrumb":{"@id":"https:\/\/crusoe.audiencelabs.com.br\/novos-semaforos-inteligentes-podem-transformar-o-transito-nas-cidades-brasileiras\/#breadcrumb"},"inLanguage":"pt-BR","potentialAction":[{"@type":"ReadAction","target":["https:\/\/crusoe.audiencelabs.com.br\/novos-semaforos-inteligentes-podem-transformar-o-transito-nas-cidades-brasileiras\/"]}]},{"@type":"ImageObject","inLanguage":"pt-BR","@id":"https:\/\/crusoe.audiencelabs.com.br\/novos-semaforos-inteligentes-podem-transformar-o-transito-nas-cidades-brasileiras\/#primaryimage","url":"https:\/\/cdn.crusoe.com.br\/uploads\/2025\/07\/semaforos-inteligentes-transito.jpg","contentUrl":"https:\/\/cdn.crusoe.com.br\/uploads\/2025\/07\/semaforos-inteligentes-transito.jpg","width":1920,"height":1080,"caption":"Foto: Tsvetoslav Hristov\/Unsplash"},{"@type":"BreadcrumbList","@id":"https:\/\/crusoe.audiencelabs.com.br\/novos-semaforos-inteligentes-podem-transformar-o-transito-nas-cidades-brasileiras\/#breadcrumb","itemListElement":[{"@type":"ListItem","position":1,"name":"Home","item":"https:\/\/crusoe.audiencelabs.com.br\/"},{"@type":"ListItem","position":2,"name":"Novos sem\u00e1foros inteligentes podem transformar o tr\u00e2nsito nas cidades brasileiras"}]},{"@type":"WebSite","@id":"https:\/\/crusoe.audiencelabs.com.br\/#website","url":"https:\/\/crusoe.audiencelabs.com.br\/","name":"Variedades - Cruso\u00e9","description":"","potentialAction":[{"@type":"SearchAction","target":{"@type":"EntryPoint","urlTemplate":"https:\/\/crusoe.audiencelabs.com.br\/?s={search_term_string}"},"query-input":{"@type":"PropertyValueSpecification","valueRequired":true,"valueName":"search_term_string"}}],"inLanguage":"pt-BR"},{"@type":"Person","@id":"https:\/\/crusoe.audiencelabs.com.br\/#\/schema\/person\/4a23399b23149df2eab6637fd2fd2bfc","name":"Jo\u00e3o Carlos Gomes","image":{"@type":"ImageObject","inLanguage":"pt-BR","@id":"https:\/\/crusoe.audiencelabs.com.br\/#\/schema\/person\/image\/","url":"https:\/\/secure.gravatar.com\/avatar\/4ce4672dbdd694b329cd6fdb51bee7d1409be1f0ff76a537e4c4a737b2c7d1a9?s=96&d=mm&r=g","contentUrl":"https:\/\/secure.gravatar.com\/avatar\/4ce4672dbdd694b329cd6fdb51bee7d1409be1f0ff76a537e4c4a737b2c7d1a9?s=96&d=mm&r=g","caption":"Jo\u00e3o Carlos Gomes"},"description":"Jornalista, criador de conte\u00fado e m\u00fasico independente nas horas vagas.","url":"https:\/\/crusoe.audiencelabs.com.br\/author\/joaoc-junior66\/"}]}},"_links":{"self":[{"href":"https:\/\/crusoe.audiencelabs.com.br\/wp-json\/wp\/v2\/posts\/5266","targetHints":{"allow":["GET"]}}],"collection":[{"href":"https:\/\/crusoe.audiencelabs.com.br\/wp-json\/wp\/v2\/posts"}],"about":[{"href":"https:\/\/crusoe.audiencelabs.com.br\/wp-json\/wp\/v2\/types\/post"}],"author":[{"embeddable":true,"href":"https:\/\/crusoe.audiencelabs.com.br\/wp-json\/wp\/v2\/users\/7"}],"replies":[{"embeddable":true,"href":"https:\/\/crusoe.audiencelabs.com.br\/wp-json\/wp\/v2\/comments?post=5266"}],"version-history":[{"count":1,"href":"https:\/\/crusoe.audiencelabs.com.br\/wp-json\/wp\/v2\/posts\/5266\/revisions"}],"predecessor-version":[{"id":5277,"href":"https:\/\/crusoe.audiencelabs.com.br\/wp-json\/wp\/v2\/posts\/5266\/revisions\/5277"}],"wp:featuredmedia":[{"embeddable":true,"href":"https:\/\/crusoe.audiencelabs.com.br\/wp-json\/wp\/v2\/media\/5267"}],"wp:attachment":[{"href":"https:\/\/crusoe.audiencelabs.com.br\/wp-json\/wp\/v2\/media?parent=5266"}],"wp:term":[{"taxonomy":"category","embeddable":true,"href":"https:\/\/crusoe.audiencelabs.com.br\/wp-json\/wp\/v2\/categories?post=5266"},{"taxonomy":"post_tag","embeddable":true,"href":"https:\/\/crusoe.audiencelabs.com.br\/wp-json\/wp\/v2\/tags?post=5266"}],"curies":[{"name":"wp","href":"https:\/\/api.w.org\/{rel}","templated":true}]}}