{"id":5134,"date":"2025-07-15T10:40:00","date_gmt":"2025-07-15T13:40:00","guid":{"rendered":"https:\/\/crusoe.com.br\/variedades\/?p=5134"},"modified":"2025-07-14T17:09:08","modified_gmt":"2025-07-14T20:09:08","slug":"mudancas-climaticas-aumentam-risco-de-doenca-grave-no-brasil","status":"publish","type":"post","link":"https:\/\/crusoe.audiencelabs.com.br\/mudancas-climaticas-aumentam-risco-de-doenca-grave-no-brasil\/","title":{"rendered":"Mudan\u00e7as clim\u00e1ticas aumentam risco de doen\u00e7a grave no Brasil"},"content":{"rendered":"\n<p>Um estudo recente, conduzido por pesquisadores da Universidade Federal do Mato Grosso (UFMT) e por colaboradores de outras institui\u00e7\u00f5es, destaca que as altera\u00e7\u00f5es ambientais podem aumentar o risco de transmiss\u00e3o da Doen\u00e7a de Chagas no Brasil.\u00a0<\/p>\n\n\n\n<p>O estudo, publicado na revista<em> Medical and Veterinary Entomology,<\/em> utiliza modelagem de nicho ecol\u00f3gico para prever o deslocamento dos vetores at\u00e9 2080. Este fen\u00f4meno ocorre intensamente na Amaz\u00f4nia, regi\u00e3o j\u00e1 sobrecarregada por desafios ambientais.<\/p>\n\n\n\n<p>As enchentes e secas frequentes, impulsionadas pelas mudan\u00e7as clim\u00e1ticas, destroem o equil\u00edbrio do ecossistema amaz\u00f4nico. Isso cria um ambiente prop\u00edcio para que vetores como os barbeiros, transmissor da Chagas, ampliem sua presen\u00e7a.\u00a0<\/p>\n\n\n\n<h2 class=\"wp-block-heading\">Desafios do sistema de sa\u00fade na Amaz\u00f4nia<\/h2>\n\n\n\n<p>O sistema de sa\u00fade na Amaz\u00f4nia enfrenta dificuldades significativas para lidar com surtos de doen\u00e7as, agravadas por condi\u00e7\u00f5es prec\u00e1rias de infraestrutura e moradia.&nbsp;<\/p>\n\n\n\n<p>A poss\u00edvel expans\u00e3o dos barbeiros exige uma resposta eficaz que, em muitas localidades, ainda \u00e9 limitada. A desigualdade na distribui\u00e7\u00e3o dos servi\u00e7os de sa\u00fade piora o cen\u00e1rio, atingindo fortemente comunidades mais afastadas e vulner\u00e1veis.<\/p>\n\n\n\n<h2 class=\"wp-block-heading\">Impactos das mudan\u00e7as clim\u00e1ticas na sa\u00fade p\u00fablica<\/h2>\n\n\n\n<p>As mudan\u00e7as clim\u00e1ticas v\u00e3o al\u00e9m do aquecimento global, afetando as condi\u00e7\u00f5es de vida das popula\u00e7\u00f5es. As comunidades locais enfrentam inseguran\u00e7a alimentar e falta de \u00e1gua pot\u00e1vel, aumentando a exposi\u00e7\u00e3o a doen\u00e7as infecciosas.&nbsp;<\/p>\n\n\n\n<p>Al\u00e9m disso, proje\u00e7\u00f5es indicam que at\u00e9 2080, a Amaz\u00f4nia pode ver uma redu\u00e7\u00e3o de at\u00e9 45% nas chuvas e aumento de at\u00e9 6\u00b0C na temperatura m\u00e9dia, alterando ainda mais os habitats dos barbeiros.<\/p>\n\n\n\n<h2 class=\"wp-block-heading\">Estrat\u00e9gias de preven\u00e7\u00e3o e mitiga\u00e7\u00e3o<\/h2>\n\n\n\n<p>Para enfrentar essa potencial crise de sa\u00fade, \u00e9 essencial implementar pol\u00edticas de controle dos vetores, como o uso de inseticidas e a promo\u00e7\u00e3o de campanhas educativas. Al\u00e9m disso, melhorias nas condi\u00e7\u00f5es habitacionais e na infraestrutura b\u00e1sica s\u00e3o necess\u00e1rias para reduzir a prolifera\u00e7\u00e3o dos barbeiros.&nbsp;<\/p>\n\n\n\n<p>O fortalecimento da vigil\u00e2ncia entomol\u00f3gica permitir\u00e1 uma resposta r\u00e1pida a novos focos de infesta\u00e7\u00e3o, enquanto o mapeamento de riscos ajudar\u00e1 a direcionar os esfor\u00e7os para \u00e1reas vulner\u00e1veis.<\/p>\n","protected":false},"excerpt":{"rendered":"<p>Um estudo recente, conduzido por pesquisadores da Universidade Federal do Mato Grosso (UFMT) e por colaboradores de outras institui\u00e7\u00f5es, destaca que as altera\u00e7\u00f5es ambientais podem aumentar o risco de transmiss\u00e3o da Doen\u00e7a de Chagas no Brasil.\u00a0 O estudo, publicado na revista Medical and Veterinary Entomology, utiliza modelagem de nicho ecol\u00f3gico para prever o deslocamento dos [&hellip;]<\/p>\n","protected":false},"author":5,"featured_media":5137,"comment_status":"open","ping_status":"open","sticky":false,"template":"","format":"standard","meta":{"jnews-multi-image_gallery":[],"jnews_single_post":{"format":"standard"},"jnews_primary_category":[],"jnews_override_counter":[],"jnews_post_split":[],"footnotes":""},"categories":[1],"tags":[1105,1273,234],"class_list":["post-5134","post","type-post","status-publish","format-standard","has-post-thumbnail","hentry","category-geral","tag-clima","tag-doenca-de-chagas","tag-saude"],"yoast_head":"<!-- This site is optimized with the Yoast SEO plugin v25.0 - https:\/\/yoast.com\/wordpress\/plugins\/seo\/ -->\n<title>Mudan\u00e7as clim\u00e1ticas aumentam risco de doen\u00e7a grave no Brasil<\/title>\n<meta name=\"robots\" content=\"index, follow, max-snippet:-1, max-image-preview:large, max-video-preview:-1\" \/>\n<link rel=\"canonical\" href=\"https:\/\/crusoe.audiencelabs.com.br\/mudancas-climaticas-aumentam-risco-de-doenca-grave-no-brasil\/\" \/>\n<meta property=\"og:locale\" content=\"pt_BR\" \/>\n<meta property=\"og:type\" content=\"article\" \/>\n<meta property=\"og:title\" content=\"Mudan\u00e7as clim\u00e1ticas aumentam risco de doen\u00e7a grave no Brasil\" \/>\n<meta property=\"og:description\" content=\"Um estudo recente, conduzido por pesquisadores da Universidade Federal do Mato Grosso (UFMT) e por colaboradores de outras institui\u00e7\u00f5es, destaca que as altera\u00e7\u00f5es ambientais podem aumentar o risco de transmiss\u00e3o da Doen\u00e7a de Chagas no Brasil.\u00a0 O estudo, publicado na revista Medical and Veterinary Entomology, utiliza modelagem de nicho ecol\u00f3gico para prever o deslocamento dos [&hellip;]\" \/>\n<meta property=\"og:url\" content=\"https:\/\/crusoe.audiencelabs.com.br\/mudancas-climaticas-aumentam-risco-de-doenca-grave-no-brasil\/\" \/>\n<meta property=\"og:site_name\" content=\"Variedades - Cruso\u00e9\" \/>\n<meta property=\"article:published_time\" content=\"2025-07-15T13:40:00+00:00\" \/>\n<meta property=\"og:image\" content=\"https:\/\/cdn.crusoe.com.br\/uploads\/2025\/07\/Captura-de-tela-2025-07-14-171155.jpg\" \/>\n\t<meta property=\"og:image:width\" content=\"663\" \/>\n\t<meta property=\"og:image:height\" content=\"415\" \/>\n\t<meta property=\"og:image:type\" content=\"image\/jpeg\" \/>\n<meta name=\"author\" content=\"Milena Armando\" \/>\n<meta name=\"twitter:card\" content=\"summary_large_image\" \/>\n<meta name=\"twitter:label1\" content=\"Escrito por\" \/>\n\t<meta name=\"twitter:data1\" content=\"Milena Armando\" \/>\n\t<meta name=\"twitter:label2\" content=\"Est. tempo de leitura\" \/>\n\t<meta name=\"twitter:data2\" content=\"2 minutos\" \/>\n<script type=\"application\/ld+json\" class=\"yoast-schema-graph\">{\"@context\":\"https:\/\/schema.org\",\"@graph\":[{\"@type\":\"WebPage\",\"@id\":\"https:\/\/crusoe.audiencelabs.com.br\/mudancas-climaticas-aumentam-risco-de-doenca-grave-no-brasil\/\",\"url\":\"https:\/\/crusoe.audiencelabs.com.br\/mudancas-climaticas-aumentam-risco-de-doenca-grave-no-brasil\/\",\"name\":\"Mudan\u00e7as clim\u00e1ticas aumentam risco de doen\u00e7a grave no Brasil\",\"isPartOf\":{\"@id\":\"https:\/\/crusoe.audiencelabs.com.br\/#website\"},\"primaryImageOfPage\":{\"@id\":\"https:\/\/crusoe.audiencelabs.com.br\/mudancas-climaticas-aumentam-risco-de-doenca-grave-no-brasil\/#primaryimage\"},\"image\":{\"@id\":\"https:\/\/crusoe.audiencelabs.com.br\/mudancas-climaticas-aumentam-risco-de-doenca-grave-no-brasil\/#primaryimage\"},\"thumbnailUrl\":\"https:\/\/cdn.crusoe.com.br\/uploads\/2025\/07\/Captura-de-tela-2025-07-14-171155.jpg\",\"datePublished\":\"2025-07-15T13:40:00+00:00\",\"author\":{\"@id\":\"https:\/\/crusoe.audiencelabs.com.br\/#\/schema\/person\/f87f73cfe89e5360de2c006bd4bd6a74\"},\"breadcrumb\":{\"@id\":\"https:\/\/crusoe.audiencelabs.com.br\/mudancas-climaticas-aumentam-risco-de-doenca-grave-no-brasil\/#breadcrumb\"},\"inLanguage\":\"pt-BR\",\"potentialAction\":[{\"@type\":\"ReadAction\",\"target\":[\"https:\/\/crusoe.audiencelabs.com.br\/mudancas-climaticas-aumentam-risco-de-doenca-grave-no-brasil\/\"]}]},{\"@type\":\"ImageObject\",\"inLanguage\":\"pt-BR\",\"@id\":\"https:\/\/crusoe.audiencelabs.com.br\/mudancas-climaticas-aumentam-risco-de-doenca-grave-no-brasil\/#primaryimage\",\"url\":\"https:\/\/cdn.crusoe.com.br\/uploads\/2025\/07\/Captura-de-tela-2025-07-14-171155.jpg\",\"contentUrl\":\"https:\/\/cdn.crusoe.com.br\/uploads\/2025\/07\/Captura-de-tela-2025-07-14-171155.jpg\",\"width\":663,\"height\":415,\"caption\":\"Foto: DNA Centre\"},{\"@type\":\"BreadcrumbList\",\"@id\":\"https:\/\/crusoe.audiencelabs.com.br\/mudancas-climaticas-aumentam-risco-de-doenca-grave-no-brasil\/#breadcrumb\",\"itemListElement\":[{\"@type\":\"ListItem\",\"position\":1,\"name\":\"Home\",\"item\":\"https:\/\/crusoe.audiencelabs.com.br\/\"},{\"@type\":\"ListItem\",\"position\":2,\"name\":\"Mudan\u00e7as clim\u00e1ticas aumentam risco de doen\u00e7a grave no Brasil\"}]},{\"@type\":\"WebSite\",\"@id\":\"https:\/\/crusoe.audiencelabs.com.br\/#website\",\"url\":\"https:\/\/crusoe.audiencelabs.com.br\/\",\"name\":\"Variedades - Cruso\u00e9\",\"description\":\"\",\"potentialAction\":[{\"@type\":\"SearchAction\",\"target\":{\"@type\":\"EntryPoint\",\"urlTemplate\":\"https:\/\/crusoe.audiencelabs.com.br\/?s={search_term_string}\"},\"query-input\":{\"@type\":\"PropertyValueSpecification\",\"valueRequired\":true,\"valueName\":\"search_term_string\"}}],\"inLanguage\":\"pt-BR\"},{\"@type\":\"Person\",\"@id\":\"https:\/\/crusoe.audiencelabs.com.br\/#\/schema\/person\/f87f73cfe89e5360de2c006bd4bd6a74\",\"name\":\"Milena Armando\",\"image\":{\"@type\":\"ImageObject\",\"inLanguage\":\"pt-BR\",\"@id\":\"https:\/\/crusoe.audiencelabs.com.br\/#\/schema\/person\/image\/\",\"url\":\"https:\/\/secure.gravatar.com\/avatar\/ea14ecddc9e9d202b698b18f9f69e09c9fd74cfbed5c6008d55f11faefdbdab7?s=96&d=mm&r=g\",\"contentUrl\":\"https:\/\/secure.gravatar.com\/avatar\/ea14ecddc9e9d202b698b18f9f69e09c9fd74cfbed5c6008d55f11faefdbdab7?s=96&d=mm&r=g\",\"caption\":\"Milena Armando\"},\"description\":\"Jornalista, redatora e revisora.\",\"url\":\"https:\/\/crusoe.audiencelabs.com.br\/author\/milena\/\"}]}<\/script>\n<!-- \/ Yoast SEO plugin. -->","yoast_head_json":{"title":"Mudan\u00e7as clim\u00e1ticas aumentam risco de doen\u00e7a grave no Brasil","robots":{"index":"index","follow":"follow","max-snippet":"max-snippet:-1","max-image-preview":"max-image-preview:large","max-video-preview":"max-video-preview:-1"},"canonical":"https:\/\/crusoe.audiencelabs.com.br\/mudancas-climaticas-aumentam-risco-de-doenca-grave-no-brasil\/","og_locale":"pt_BR","og_type":"article","og_title":"Mudan\u00e7as clim\u00e1ticas aumentam risco de doen\u00e7a grave no Brasil","og_description":"Um estudo recente, conduzido por pesquisadores da Universidade Federal do Mato Grosso (UFMT) e por colaboradores de outras institui\u00e7\u00f5es, destaca que as altera\u00e7\u00f5es ambientais podem aumentar o risco de transmiss\u00e3o da Doen\u00e7a de Chagas no Brasil.\u00a0 O estudo, publicado na revista Medical and Veterinary Entomology, utiliza modelagem de nicho ecol\u00f3gico para prever o deslocamento dos [&hellip;]","og_url":"https:\/\/crusoe.audiencelabs.com.br\/mudancas-climaticas-aumentam-risco-de-doenca-grave-no-brasil\/","og_site_name":"Variedades - Cruso\u00e9","article_published_time":"2025-07-15T13:40:00+00:00","og_image":[{"width":663,"height":415,"url":"https:\/\/cdn.crusoe.com.br\/uploads\/2025\/07\/Captura-de-tela-2025-07-14-171155.jpg","type":"image\/jpeg"}],"author":"Milena Armando","twitter_card":"summary_large_image","twitter_misc":{"Escrito por":"Milena Armando","Est. tempo de leitura":"2 minutos"},"schema":{"@context":"https:\/\/schema.org","@graph":[{"@type":"WebPage","@id":"https:\/\/crusoe.audiencelabs.com.br\/mudancas-climaticas-aumentam-risco-de-doenca-grave-no-brasil\/","url":"https:\/\/crusoe.audiencelabs.com.br\/mudancas-climaticas-aumentam-risco-de-doenca-grave-no-brasil\/","name":"Mudan\u00e7as clim\u00e1ticas aumentam risco de doen\u00e7a grave no Brasil","isPartOf":{"@id":"https:\/\/crusoe.audiencelabs.com.br\/#website"},"primaryImageOfPage":{"@id":"https:\/\/crusoe.audiencelabs.com.br\/mudancas-climaticas-aumentam-risco-de-doenca-grave-no-brasil\/#primaryimage"},"image":{"@id":"https:\/\/crusoe.audiencelabs.com.br\/mudancas-climaticas-aumentam-risco-de-doenca-grave-no-brasil\/#primaryimage"},"thumbnailUrl":"https:\/\/cdn.crusoe.com.br\/uploads\/2025\/07\/Captura-de-tela-2025-07-14-171155.jpg","datePublished":"2025-07-15T13:40:00+00:00","author":{"@id":"https:\/\/crusoe.audiencelabs.com.br\/#\/schema\/person\/f87f73cfe89e5360de2c006bd4bd6a74"},"breadcrumb":{"@id":"https:\/\/crusoe.audiencelabs.com.br\/mudancas-climaticas-aumentam-risco-de-doenca-grave-no-brasil\/#breadcrumb"},"inLanguage":"pt-BR","potentialAction":[{"@type":"ReadAction","target":["https:\/\/crusoe.audiencelabs.com.br\/mudancas-climaticas-aumentam-risco-de-doenca-grave-no-brasil\/"]}]},{"@type":"ImageObject","inLanguage":"pt-BR","@id":"https:\/\/crusoe.audiencelabs.com.br\/mudancas-climaticas-aumentam-risco-de-doenca-grave-no-brasil\/#primaryimage","url":"https:\/\/cdn.crusoe.com.br\/uploads\/2025\/07\/Captura-de-tela-2025-07-14-171155.jpg","contentUrl":"https:\/\/cdn.crusoe.com.br\/uploads\/2025\/07\/Captura-de-tela-2025-07-14-171155.jpg","width":663,"height":415,"caption":"Foto: DNA Centre"},{"@type":"BreadcrumbList","@id":"https:\/\/crusoe.audiencelabs.com.br\/mudancas-climaticas-aumentam-risco-de-doenca-grave-no-brasil\/#breadcrumb","itemListElement":[{"@type":"ListItem","position":1,"name":"Home","item":"https:\/\/crusoe.audiencelabs.com.br\/"},{"@type":"ListItem","position":2,"name":"Mudan\u00e7as clim\u00e1ticas aumentam risco de doen\u00e7a grave no Brasil"}]},{"@type":"WebSite","@id":"https:\/\/crusoe.audiencelabs.com.br\/#website","url":"https:\/\/crusoe.audiencelabs.com.br\/","name":"Variedades - Cruso\u00e9","description":"","potentialAction":[{"@type":"SearchAction","target":{"@type":"EntryPoint","urlTemplate":"https:\/\/crusoe.audiencelabs.com.br\/?s={search_term_string}"},"query-input":{"@type":"PropertyValueSpecification","valueRequired":true,"valueName":"search_term_string"}}],"inLanguage":"pt-BR"},{"@type":"Person","@id":"https:\/\/crusoe.audiencelabs.com.br\/#\/schema\/person\/f87f73cfe89e5360de2c006bd4bd6a74","name":"Milena Armando","image":{"@type":"ImageObject","inLanguage":"pt-BR","@id":"https:\/\/crusoe.audiencelabs.com.br\/#\/schema\/person\/image\/","url":"https:\/\/secure.gravatar.com\/avatar\/ea14ecddc9e9d202b698b18f9f69e09c9fd74cfbed5c6008d55f11faefdbdab7?s=96&d=mm&r=g","contentUrl":"https:\/\/secure.gravatar.com\/avatar\/ea14ecddc9e9d202b698b18f9f69e09c9fd74cfbed5c6008d55f11faefdbdab7?s=96&d=mm&r=g","caption":"Milena Armando"},"description":"Jornalista, redatora e revisora.","url":"https:\/\/crusoe.audiencelabs.com.br\/author\/milena\/"}]}},"_links":{"self":[{"href":"https:\/\/crusoe.audiencelabs.com.br\/wp-json\/wp\/v2\/posts\/5134","targetHints":{"allow":["GET"]}}],"collection":[{"href":"https:\/\/crusoe.audiencelabs.com.br\/wp-json\/wp\/v2\/posts"}],"about":[{"href":"https:\/\/crusoe.audiencelabs.com.br\/wp-json\/wp\/v2\/types\/post"}],"author":[{"embeddable":true,"href":"https:\/\/crusoe.audiencelabs.com.br\/wp-json\/wp\/v2\/users\/5"}],"replies":[{"embeddable":true,"href":"https:\/\/crusoe.audiencelabs.com.br\/wp-json\/wp\/v2\/comments?post=5134"}],"version-history":[{"count":1,"href":"https:\/\/crusoe.audiencelabs.com.br\/wp-json\/wp\/v2\/posts\/5134\/revisions"}],"predecessor-version":[{"id":5140,"href":"https:\/\/crusoe.audiencelabs.com.br\/wp-json\/wp\/v2\/posts\/5134\/revisions\/5140"}],"wp:featuredmedia":[{"embeddable":true,"href":"https:\/\/crusoe.audiencelabs.com.br\/wp-json\/wp\/v2\/media\/5137"}],"wp:attachment":[{"href":"https:\/\/crusoe.audiencelabs.com.br\/wp-json\/wp\/v2\/media?parent=5134"}],"wp:term":[{"taxonomy":"category","embeddable":true,"href":"https:\/\/crusoe.audiencelabs.com.br\/wp-json\/wp\/v2\/categories?post=5134"},{"taxonomy":"post_tag","embeddable":true,"href":"https:\/\/crusoe.audiencelabs.com.br\/wp-json\/wp\/v2\/tags?post=5134"}],"curies":[{"name":"wp","href":"https:\/\/api.w.org\/{rel}","templated":true}]}}