{"id":5127,"date":"2025-07-15T08:30:00","date_gmt":"2025-07-15T11:30:00","guid":{"rendered":"https:\/\/crusoe.com.br\/variedades\/?p=5127"},"modified":"2025-07-14T17:02:19","modified_gmt":"2025-07-14T20:02:19","slug":"apple-e-starlink-fecham-parceria-historica-para-o-iphone","status":"publish","type":"post","link":"https:\/\/crusoe.audiencelabs.com.br\/apple-e-starlink-fecham-parceria-historica-para-o-iphone\/","title":{"rendered":"Apple e Starlink fecham parceria hist\u00f3rica para o iPhone"},"content":{"rendered":"\n<p>A Apple e a SpaceX, liderada por Elon Musk, firmaram uma parceria inovadora em janeiro deste ano para integrar a rede Starlink aos iPhones, o que promete revolucionar a comunica\u00e7\u00e3o mobile.&nbsp;<\/p>\n\n\n\n<p>Este acordo permitir\u00e1 que usu\u00e1rios de iPhone enviem mensagens via sat\u00e9lite, superando as limita\u00e7\u00f5es das redes celulares, mesmo nas \u00e1reas mais remotas do mundo.&nbsp;<\/p>\n\n\n\n<h2 class=\"wp-block-heading\">Redefinindo a conectividade global<\/h2>\n\n\n\n<p>O iOS 18.3, lan\u00e7ado em janeiro, incorpora suporte para que os iPhones se conectem diretamente aos sat\u00e9lites da Starlink.&nbsp;<\/p>\n\n\n\n<p>Ao remover a depend\u00eancia de torres de telefonia, essa tecnologia possibilita o envio de mensagens em regi\u00f5es sem cobertura tradicional, como \u00e1reas rurais ou montanhosas, tornando a comunica\u00e7\u00e3o mais acess\u00edvel e potencialmente reduzindo custos operacionais e de infraestrutura terrestre.<\/p>\n\n\n\n<h2 class=\"wp-block-heading\">Transforma\u00e7\u00e3o do setor de telecomunica\u00e7\u00f5es<\/h2>\n\n\n\n<p>Essa inova\u00e7\u00e3o marca um avan\u00e7o significativo rumo \u00e0 independ\u00eancia das operadoras de telefonia m\u00f3vel.\u00a0Inicialmente, o recurso est\u00e1 dispon\u00edvel em fase beta para usu\u00e1rios da T-Mobile nos Estados Unidos, com planos futuros de expans\u00e3o para chamadas de voz e dados.\u00a0<\/p>\n\n\n\n<p>Esses desenvolvimentos prometem transformar o mercado, pressionando empresas estabelecidas a reagirem a esse novo paradigma tecnol\u00f3gico.<\/p>\n\n\n\n<h2 class=\"wp-block-heading\">Funcionamento t\u00e9cnico da conex\u00e3o via sat\u00e9lite<\/h2>\n\n\n\n<p>Os sat\u00e9lites Starlink utilizam um modem avan\u00e7ado que permite a comunica\u00e7\u00e3o direta com dispositivos m\u00f3veis, garantindo uma conex\u00e3o est\u00e1vel.&nbsp;<\/p>\n\n\n\n<p>Apesar dos desafios tradicionais das comunica\u00e7\u00f5es por sat\u00e9lite, como lat\u00eancia, o avan\u00e7o dos sat\u00e9lites de baixa \u00f3rbita continua a mitigar essas quest\u00f5es, prometendo um futuro mais integrado e eficiente.<\/p>\n\n\n\n<p>Em suma, essa parceria n\u00e3o s\u00f3 amplia as capacidades de comunica\u00e7\u00e3o a n\u00edvel global, como tamb\u00e9m desafia e pode redefinir modelos estabelecidos na ind\u00fastria de telecomunica\u00e7\u00f5es.<\/p>\n","protected":false},"excerpt":{"rendered":"<p>A Apple e a SpaceX, liderada por Elon Musk, firmaram uma parceria inovadora em janeiro deste ano para integrar a rede Starlink aos iPhones, o que promete revolucionar a comunica\u00e7\u00e3o mobile.&nbsp; Este acordo permitir\u00e1 que usu\u00e1rios de iPhone enviem mensagens via sat\u00e9lite, superando as limita\u00e7\u00f5es das redes celulares, mesmo nas \u00e1reas mais remotas do mundo.&nbsp; [&hellip;]<\/p>\n","protected":false},"author":5,"featured_media":5130,"comment_status":"open","ping_status":"open","sticky":false,"template":"","format":"standard","meta":{"jnews-multi-image_gallery":[],"jnews_single_post":{"format":"standard"},"jnews_primary_category":[],"jnews_override_counter":[],"jnews_post_split":[],"footnotes":""},"categories":[1],"tags":[1272,582,59,886],"class_list":["post-5127","post","type-post","status-publish","format-standard","has-post-thumbnail","hentry","category-geral","tag-apple-starlink","tag-internet","tag-tecnologia","tag-via-satelite"],"yoast_head":"<!-- This site is optimized with the Yoast SEO plugin v25.0 - https:\/\/yoast.com\/wordpress\/plugins\/seo\/ -->\n<title>Apple e Starlink fecham parceria hist\u00f3rica para o iPhone<\/title>\n<meta name=\"robots\" content=\"index, follow, max-snippet:-1, max-image-preview:large, max-video-preview:-1\" \/>\n<link rel=\"canonical\" href=\"https:\/\/crusoe.audiencelabs.com.br\/apple-e-starlink-fecham-parceria-historica-para-o-iphone\/\" \/>\n<meta property=\"og:locale\" content=\"pt_BR\" \/>\n<meta property=\"og:type\" content=\"article\" \/>\n<meta property=\"og:title\" content=\"Apple e Starlink fecham parceria hist\u00f3rica para o iPhone\" \/>\n<meta property=\"og:description\" content=\"A Apple e a SpaceX, liderada por Elon Musk, firmaram uma parceria inovadora em janeiro deste ano para integrar a rede Starlink aos iPhones, o que promete revolucionar a comunica\u00e7\u00e3o mobile.&nbsp; Este acordo permitir\u00e1 que usu\u00e1rios de iPhone enviem mensagens via sat\u00e9lite, superando as limita\u00e7\u00f5es das redes celulares, mesmo nas \u00e1reas mais remotas do mundo.&nbsp; [&hellip;]\" \/>\n<meta property=\"og:url\" content=\"https:\/\/crusoe.audiencelabs.com.br\/apple-e-starlink-fecham-parceria-historica-para-o-iphone\/\" \/>\n<meta property=\"og:site_name\" content=\"Variedades - Cruso\u00e9\" \/>\n<meta property=\"article:published_time\" content=\"2025-07-15T11:30:00+00:00\" \/>\n<meta property=\"og:image\" content=\"https:\/\/cdn.crusoe.com.br\/uploads\/2025\/07\/pexels-tdcat-3623358-scaled.jpg\" \/>\n\t<meta property=\"og:image:width\" content=\"2560\" \/>\n\t<meta property=\"og:image:height\" content=\"1707\" \/>\n\t<meta property=\"og:image:type\" content=\"image\/jpeg\" \/>\n<meta name=\"author\" content=\"Milena Armando\" \/>\n<meta name=\"twitter:card\" content=\"summary_large_image\" \/>\n<meta name=\"twitter:label1\" content=\"Escrito por\" \/>\n\t<meta name=\"twitter:data1\" content=\"Milena Armando\" \/>\n\t<meta name=\"twitter:label2\" content=\"Est. tempo de leitura\" \/>\n\t<meta name=\"twitter:data2\" content=\"2 minutos\" \/>\n<script type=\"application\/ld+json\" class=\"yoast-schema-graph\">{\"@context\":\"https:\/\/schema.org\",\"@graph\":[{\"@type\":\"WebPage\",\"@id\":\"https:\/\/crusoe.audiencelabs.com.br\/apple-e-starlink-fecham-parceria-historica-para-o-iphone\/\",\"url\":\"https:\/\/crusoe.audiencelabs.com.br\/apple-e-starlink-fecham-parceria-historica-para-o-iphone\/\",\"name\":\"Apple e Starlink fecham parceria hist\u00f3rica para o iPhone\",\"isPartOf\":{\"@id\":\"https:\/\/crusoe.audiencelabs.com.br\/#website\"},\"primaryImageOfPage\":{\"@id\":\"https:\/\/crusoe.audiencelabs.com.br\/apple-e-starlink-fecham-parceria-historica-para-o-iphone\/#primaryimage\"},\"image\":{\"@id\":\"https:\/\/crusoe.audiencelabs.com.br\/apple-e-starlink-fecham-parceria-historica-para-o-iphone\/#primaryimage\"},\"thumbnailUrl\":\"https:\/\/cdn.crusoe.com.br\/uploads\/2025\/07\/pexels-tdcat-3623358-scaled.jpg\",\"datePublished\":\"2025-07-15T11:30:00+00:00\",\"author\":{\"@id\":\"https:\/\/crusoe.audiencelabs.com.br\/#\/schema\/person\/f87f73cfe89e5360de2c006bd4bd6a74\"},\"breadcrumb\":{\"@id\":\"https:\/\/crusoe.audiencelabs.com.br\/apple-e-starlink-fecham-parceria-historica-para-o-iphone\/#breadcrumb\"},\"inLanguage\":\"pt-BR\",\"potentialAction\":[{\"@type\":\"ReadAction\",\"target\":[\"https:\/\/crusoe.audiencelabs.com.br\/apple-e-starlink-fecham-parceria-historica-para-o-iphone\/\"]}]},{\"@type\":\"ImageObject\",\"inLanguage\":\"pt-BR\",\"@id\":\"https:\/\/crusoe.audiencelabs.com.br\/apple-e-starlink-fecham-parceria-historica-para-o-iphone\/#primaryimage\",\"url\":\"https:\/\/cdn.crusoe.com.br\/uploads\/2025\/07\/pexels-tdcat-3623358-scaled.jpg\",\"contentUrl\":\"https:\/\/cdn.crusoe.com.br\/uploads\/2025\/07\/pexels-tdcat-3623358-scaled.jpg\",\"width\":2560,\"height\":1707,\"caption\":\"Foto: Torsten Dettlaff\/Pexels\"},{\"@type\":\"BreadcrumbList\",\"@id\":\"https:\/\/crusoe.audiencelabs.com.br\/apple-e-starlink-fecham-parceria-historica-para-o-iphone\/#breadcrumb\",\"itemListElement\":[{\"@type\":\"ListItem\",\"position\":1,\"name\":\"Home\",\"item\":\"https:\/\/crusoe.audiencelabs.com.br\/\"},{\"@type\":\"ListItem\",\"position\":2,\"name\":\"Apple e Starlink fecham parceria hist\u00f3rica para o iPhone\"}]},{\"@type\":\"WebSite\",\"@id\":\"https:\/\/crusoe.audiencelabs.com.br\/#website\",\"url\":\"https:\/\/crusoe.audiencelabs.com.br\/\",\"name\":\"Variedades - Cruso\u00e9\",\"description\":\"\",\"potentialAction\":[{\"@type\":\"SearchAction\",\"target\":{\"@type\":\"EntryPoint\",\"urlTemplate\":\"https:\/\/crusoe.audiencelabs.com.br\/?s={search_term_string}\"},\"query-input\":{\"@type\":\"PropertyValueSpecification\",\"valueRequired\":true,\"valueName\":\"search_term_string\"}}],\"inLanguage\":\"pt-BR\"},{\"@type\":\"Person\",\"@id\":\"https:\/\/crusoe.audiencelabs.com.br\/#\/schema\/person\/f87f73cfe89e5360de2c006bd4bd6a74\",\"name\":\"Milena Armando\",\"image\":{\"@type\":\"ImageObject\",\"inLanguage\":\"pt-BR\",\"@id\":\"https:\/\/crusoe.audiencelabs.com.br\/#\/schema\/person\/image\/\",\"url\":\"https:\/\/secure.gravatar.com\/avatar\/ea14ecddc9e9d202b698b18f9f69e09c9fd74cfbed5c6008d55f11faefdbdab7?s=96&d=mm&r=g\",\"contentUrl\":\"https:\/\/secure.gravatar.com\/avatar\/ea14ecddc9e9d202b698b18f9f69e09c9fd74cfbed5c6008d55f11faefdbdab7?s=96&d=mm&r=g\",\"caption\":\"Milena Armando\"},\"description\":\"Jornalista, redatora e revisora.\",\"url\":\"https:\/\/crusoe.audiencelabs.com.br\/author\/milena\/\"}]}<\/script>\n<!-- \/ Yoast SEO plugin. -->","yoast_head_json":{"title":"Apple e Starlink fecham parceria hist\u00f3rica para o iPhone","robots":{"index":"index","follow":"follow","max-snippet":"max-snippet:-1","max-image-preview":"max-image-preview:large","max-video-preview":"max-video-preview:-1"},"canonical":"https:\/\/crusoe.audiencelabs.com.br\/apple-e-starlink-fecham-parceria-historica-para-o-iphone\/","og_locale":"pt_BR","og_type":"article","og_title":"Apple e Starlink fecham parceria hist\u00f3rica para o iPhone","og_description":"A Apple e a SpaceX, liderada por Elon Musk, firmaram uma parceria inovadora em janeiro deste ano para integrar a rede Starlink aos iPhones, o que promete revolucionar a comunica\u00e7\u00e3o mobile.&nbsp; Este acordo permitir\u00e1 que usu\u00e1rios de iPhone enviem mensagens via sat\u00e9lite, superando as limita\u00e7\u00f5es das redes celulares, mesmo nas \u00e1reas mais remotas do mundo.&nbsp; [&hellip;]","og_url":"https:\/\/crusoe.audiencelabs.com.br\/apple-e-starlink-fecham-parceria-historica-para-o-iphone\/","og_site_name":"Variedades - Cruso\u00e9","article_published_time":"2025-07-15T11:30:00+00:00","og_image":[{"width":2560,"height":1707,"url":"https:\/\/cdn.crusoe.com.br\/uploads\/2025\/07\/pexels-tdcat-3623358-scaled.jpg","type":"image\/jpeg"}],"author":"Milena Armando","twitter_card":"summary_large_image","twitter_misc":{"Escrito por":"Milena Armando","Est. tempo de leitura":"2 minutos"},"schema":{"@context":"https:\/\/schema.org","@graph":[{"@type":"WebPage","@id":"https:\/\/crusoe.audiencelabs.com.br\/apple-e-starlink-fecham-parceria-historica-para-o-iphone\/","url":"https:\/\/crusoe.audiencelabs.com.br\/apple-e-starlink-fecham-parceria-historica-para-o-iphone\/","name":"Apple e Starlink fecham parceria hist\u00f3rica para o iPhone","isPartOf":{"@id":"https:\/\/crusoe.audiencelabs.com.br\/#website"},"primaryImageOfPage":{"@id":"https:\/\/crusoe.audiencelabs.com.br\/apple-e-starlink-fecham-parceria-historica-para-o-iphone\/#primaryimage"},"image":{"@id":"https:\/\/crusoe.audiencelabs.com.br\/apple-e-starlink-fecham-parceria-historica-para-o-iphone\/#primaryimage"},"thumbnailUrl":"https:\/\/cdn.crusoe.com.br\/uploads\/2025\/07\/pexels-tdcat-3623358-scaled.jpg","datePublished":"2025-07-15T11:30:00+00:00","author":{"@id":"https:\/\/crusoe.audiencelabs.com.br\/#\/schema\/person\/f87f73cfe89e5360de2c006bd4bd6a74"},"breadcrumb":{"@id":"https:\/\/crusoe.audiencelabs.com.br\/apple-e-starlink-fecham-parceria-historica-para-o-iphone\/#breadcrumb"},"inLanguage":"pt-BR","potentialAction":[{"@type":"ReadAction","target":["https:\/\/crusoe.audiencelabs.com.br\/apple-e-starlink-fecham-parceria-historica-para-o-iphone\/"]}]},{"@type":"ImageObject","inLanguage":"pt-BR","@id":"https:\/\/crusoe.audiencelabs.com.br\/apple-e-starlink-fecham-parceria-historica-para-o-iphone\/#primaryimage","url":"https:\/\/cdn.crusoe.com.br\/uploads\/2025\/07\/pexels-tdcat-3623358-scaled.jpg","contentUrl":"https:\/\/cdn.crusoe.com.br\/uploads\/2025\/07\/pexels-tdcat-3623358-scaled.jpg","width":2560,"height":1707,"caption":"Foto: Torsten Dettlaff\/Pexels"},{"@type":"BreadcrumbList","@id":"https:\/\/crusoe.audiencelabs.com.br\/apple-e-starlink-fecham-parceria-historica-para-o-iphone\/#breadcrumb","itemListElement":[{"@type":"ListItem","position":1,"name":"Home","item":"https:\/\/crusoe.audiencelabs.com.br\/"},{"@type":"ListItem","position":2,"name":"Apple e Starlink fecham parceria hist\u00f3rica para o iPhone"}]},{"@type":"WebSite","@id":"https:\/\/crusoe.audiencelabs.com.br\/#website","url":"https:\/\/crusoe.audiencelabs.com.br\/","name":"Variedades - Cruso\u00e9","description":"","potentialAction":[{"@type":"SearchAction","target":{"@type":"EntryPoint","urlTemplate":"https:\/\/crusoe.audiencelabs.com.br\/?s={search_term_string}"},"query-input":{"@type":"PropertyValueSpecification","valueRequired":true,"valueName":"search_term_string"}}],"inLanguage":"pt-BR"},{"@type":"Person","@id":"https:\/\/crusoe.audiencelabs.com.br\/#\/schema\/person\/f87f73cfe89e5360de2c006bd4bd6a74","name":"Milena Armando","image":{"@type":"ImageObject","inLanguage":"pt-BR","@id":"https:\/\/crusoe.audiencelabs.com.br\/#\/schema\/person\/image\/","url":"https:\/\/secure.gravatar.com\/avatar\/ea14ecddc9e9d202b698b18f9f69e09c9fd74cfbed5c6008d55f11faefdbdab7?s=96&d=mm&r=g","contentUrl":"https:\/\/secure.gravatar.com\/avatar\/ea14ecddc9e9d202b698b18f9f69e09c9fd74cfbed5c6008d55f11faefdbdab7?s=96&d=mm&r=g","caption":"Milena Armando"},"description":"Jornalista, redatora e revisora.","url":"https:\/\/crusoe.audiencelabs.com.br\/author\/milena\/"}]}},"_links":{"self":[{"href":"https:\/\/crusoe.audiencelabs.com.br\/wp-json\/wp\/v2\/posts\/5127","targetHints":{"allow":["GET"]}}],"collection":[{"href":"https:\/\/crusoe.audiencelabs.com.br\/wp-json\/wp\/v2\/posts"}],"about":[{"href":"https:\/\/crusoe.audiencelabs.com.br\/wp-json\/wp\/v2\/types\/post"}],"author":[{"embeddable":true,"href":"https:\/\/crusoe.audiencelabs.com.br\/wp-json\/wp\/v2\/users\/5"}],"replies":[{"embeddable":true,"href":"https:\/\/crusoe.audiencelabs.com.br\/wp-json\/wp\/v2\/comments?post=5127"}],"version-history":[{"count":2,"href":"https:\/\/crusoe.audiencelabs.com.br\/wp-json\/wp\/v2\/posts\/5127\/revisions"}],"predecessor-version":[{"id":5132,"href":"https:\/\/crusoe.audiencelabs.com.br\/wp-json\/wp\/v2\/posts\/5127\/revisions\/5132"}],"wp:featuredmedia":[{"embeddable":true,"href":"https:\/\/crusoe.audiencelabs.com.br\/wp-json\/wp\/v2\/media\/5130"}],"wp:attachment":[{"href":"https:\/\/crusoe.audiencelabs.com.br\/wp-json\/wp\/v2\/media?parent=5127"}],"wp:term":[{"taxonomy":"category","embeddable":true,"href":"https:\/\/crusoe.audiencelabs.com.br\/wp-json\/wp\/v2\/categories?post=5127"},{"taxonomy":"post_tag","embeddable":true,"href":"https:\/\/crusoe.audiencelabs.com.br\/wp-json\/wp\/v2\/tags?post=5127"}],"curies":[{"name":"wp","href":"https:\/\/api.w.org\/{rel}","templated":true}]}}