{"id":5017,"date":"2025-07-14T12:28:03","date_gmt":"2025-07-14T15:28:03","guid":{"rendered":"https:\/\/crusoe.com.br\/variedades\/?p=5017"},"modified":"2025-07-14T12:28:05","modified_gmt":"2025-07-14T15:28:05","slug":"correios-vao-entrar-em-greve-em-agosto","status":"publish","type":"post","link":"https:\/\/crusoe.audiencelabs.com.br\/correios-vao-entrar-em-greve-em-agosto\/","title":{"rendered":"Correios v\u00e3o entrar em greve em agosto?"},"content":{"rendered":"\n<p>Afetando muitos consumidores em todo o Brasil, greve nos Correios pode acontecer. Gerando atraso nas entregas, as paralisa\u00e7\u00f5es contam com um motivo.<\/p>\n\n\n\n<p>Reivindica\u00e7\u00f5es trabalhistas, por exemplo, se formulam com os trabalhadores pedindo reajustes e melhores condi\u00e7\u00f5es de trabalho.<\/p>\n\n\n\n<p>N\u00e3o tendo previs\u00e3o de uma nova greve para o m\u00eas de agosto, poss\u00edveis paralisa\u00e7\u00f5es podem ocorrer. Como os Correios s\u00e3o um servi\u00e7o essencial, a lei n\u00e3o permite a suspens\u00e3o de 100% das atividades.<\/p>\n\n\n\n<h2 class=\"wp-block-heading\"><strong>O que acontece<\/strong><\/h2>\n\n\n\n<p>Tendo o fluxo postal em plena continuidade, mesmo que com lentid\u00f5es, consumidores podem enfrentar atrasos diante dos Correios. Casos injustific\u00e1veis podem garantir reembolso, onde existe entrega imediata e at\u00e9 indeniza\u00e7\u00e3o por danos. Conforme o C\u00f3digo de Defesa do Consumidor, qualquer reclama\u00e7\u00e3o deve ser formalizada, onde \u00e9 indicado utilizar canais oficiais.<\/p>\n\n\n\n<p>Site e telefone de atendimento dos Correios podem funcionar, onde existe o priorit\u00e1rio. Ou seja, visando minimizar os impactos do atraso, plataformas como SuperFrete tamb\u00e9m podem ajudar o consumidor. Como integradora log\u00edstica, oferece at\u00e9 80% de desconto em fretes dos Correios.<\/p>\n\n\n\n<p>Outras transportadoras fazem parte, podendo incluir rastreamentos e a gest\u00e3o de envios. Indo al\u00e9m dos atrasos, o per\u00edodo de greve pode ser uma chance de golpes aumentarem. Simulando comunica\u00e7\u00f5es dos Correios, cobran\u00e7as falsas ou links suspeitos aparecem. Evitando esse tipo de fraude, o consumidor deve sempre checar as informa\u00e7\u00f5es nos canais oficiais.<\/p>\n\n\n\n<p>N\u00e3o clicando em links suspeitos, a aten\u00e7\u00e3o deve ser redobrada, principalmente para proteger dados pessoais e n\u00e3o aumentar os transtornos ao esperar pela normaliza\u00e7\u00e3o dos servi\u00e7os dos Correios. Adotando medidas preventivas diante do impacto que uma poss\u00edvel paralisa\u00e7\u00e3o em agosto pode proporcionar, encontrar servi\u00e7os que deem prioridade na entrega \u00e9 a melhor op\u00e7\u00e3o.<\/p>\n\n\n\n<p>Estar bem informado \u00e9 essencial, onde, diante de incertezas, o melhor caminho para lidar com os efeitos de uma greve dos Correios \u00e9 saber como funciona em casos de atrasos. Ao conhecer alternativas, evitar golpes, o consumidor vai enfrentar o per\u00edodo com mais tranquilidade, mesmo que em meio a paralisa\u00e7\u00f5es do setor.<\/p>\n","protected":false},"excerpt":{"rendered":"<p>Se preparando para uma poss\u00edvel greve dos Correios, consumidores devem buscar outras alternativas.<\/p>\n","protected":false},"author":8,"featured_media":5031,"comment_status":"open","ping_status":"open","sticky":false,"template":"","format":"standard","meta":{"jnews-multi-image_gallery":[],"jnews_single_post":{"format":"standard"},"jnews_primary_category":[],"jnews_override_counter":[],"jnews_post_split":[],"footnotes":""},"categories":[1],"tags":[],"class_list":["post-5017","post","type-post","status-publish","format-standard","has-post-thumbnail","hentry","category-geral"],"yoast_head":"<!-- This site is optimized with the Yoast SEO plugin v25.0 - https:\/\/yoast.com\/wordpress\/plugins\/seo\/ -->\n<title>Correios v\u00e3o entrar em greve em agosto?<\/title>\n<meta name=\"robots\" content=\"index, follow, max-snippet:-1, max-image-preview:large, max-video-preview:-1\" \/>\n<link rel=\"canonical\" href=\"https:\/\/crusoe.audiencelabs.com.br\/correios-vao-entrar-em-greve-em-agosto\/\" \/>\n<meta property=\"og:locale\" content=\"pt_BR\" \/>\n<meta property=\"og:type\" content=\"article\" \/>\n<meta property=\"og:title\" content=\"Correios v\u00e3o entrar em greve em agosto?\" \/>\n<meta property=\"og:description\" content=\"Se preparando para uma poss\u00edvel greve dos Correios, consumidores devem buscar outras alternativas.\" \/>\n<meta property=\"og:url\" content=\"https:\/\/crusoe.audiencelabs.com.br\/correios-vao-entrar-em-greve-em-agosto\/\" \/>\n<meta property=\"og:site_name\" content=\"Variedades - Cruso\u00e9\" \/>\n<meta property=\"article:published_time\" content=\"2025-07-14T15:28:03+00:00\" \/>\n<meta property=\"article:modified_time\" content=\"2025-07-14T15:28:05+00:00\" \/>\n<meta property=\"og:image\" content=\"https:\/\/cdn.crusoe.com.br\/uploads\/2025\/07\/Greve-Correios.webp\" \/>\n\t<meta property=\"og:image:width\" content=\"1170\" \/>\n\t<meta property=\"og:image:height\" content=\"700\" \/>\n\t<meta property=\"og:image:type\" content=\"image\/webp\" \/>\n<meta name=\"author\" content=\"Gabriela Santos\" \/>\n<meta name=\"twitter:card\" content=\"summary_large_image\" \/>\n<meta name=\"twitter:label1\" content=\"Escrito por\" \/>\n\t<meta name=\"twitter:data1\" content=\"Gabriela Santos\" \/>\n\t<meta name=\"twitter:label2\" content=\"Est. tempo de leitura\" \/>\n\t<meta name=\"twitter:data2\" content=\"2 minutos\" \/>\n<script type=\"application\/ld+json\" class=\"yoast-schema-graph\">{\"@context\":\"https:\/\/schema.org\",\"@graph\":[{\"@type\":\"WebPage\",\"@id\":\"https:\/\/crusoe.audiencelabs.com.br\/correios-vao-entrar-em-greve-em-agosto\/\",\"url\":\"https:\/\/crusoe.audiencelabs.com.br\/correios-vao-entrar-em-greve-em-agosto\/\",\"name\":\"Correios v\u00e3o entrar em greve em agosto?\",\"isPartOf\":{\"@id\":\"https:\/\/crusoe.audiencelabs.com.br\/#website\"},\"primaryImageOfPage\":{\"@id\":\"https:\/\/crusoe.audiencelabs.com.br\/correios-vao-entrar-em-greve-em-agosto\/#primaryimage\"},\"image\":{\"@id\":\"https:\/\/crusoe.audiencelabs.com.br\/correios-vao-entrar-em-greve-em-agosto\/#primaryimage\"},\"thumbnailUrl\":\"https:\/\/cdn.crusoe.com.br\/uploads\/2025\/07\/Greve-Correios.webp\",\"datePublished\":\"2025-07-14T15:28:03+00:00\",\"dateModified\":\"2025-07-14T15:28:05+00:00\",\"author\":{\"@id\":\"https:\/\/crusoe.audiencelabs.com.br\/#\/schema\/person\/be66e7e59ad3bc2a7c0833132c5c8c00\"},\"breadcrumb\":{\"@id\":\"https:\/\/crusoe.audiencelabs.com.br\/correios-vao-entrar-em-greve-em-agosto\/#breadcrumb\"},\"inLanguage\":\"pt-BR\",\"potentialAction\":[{\"@type\":\"ReadAction\",\"target\":[\"https:\/\/crusoe.audiencelabs.com.br\/correios-vao-entrar-em-greve-em-agosto\/\"]}]},{\"@type\":\"ImageObject\",\"inLanguage\":\"pt-BR\",\"@id\":\"https:\/\/crusoe.audiencelabs.com.br\/correios-vao-entrar-em-greve-em-agosto\/#primaryimage\",\"url\":\"https:\/\/cdn.crusoe.com.br\/uploads\/2025\/07\/Greve-Correios.webp\",\"contentUrl\":\"https:\/\/cdn.crusoe.com.br\/uploads\/2025\/07\/Greve-Correios.webp\",\"width\":1170,\"height\":700,\"caption\":\"Reprodu\u00e7\u00e3o: Ag\u00eancia Brasil (Jo\u00e9dson Alves)\"},{\"@type\":\"BreadcrumbList\",\"@id\":\"https:\/\/crusoe.audiencelabs.com.br\/correios-vao-entrar-em-greve-em-agosto\/#breadcrumb\",\"itemListElement\":[{\"@type\":\"ListItem\",\"position\":1,\"name\":\"Home\",\"item\":\"https:\/\/crusoe.audiencelabs.com.br\/\"},{\"@type\":\"ListItem\",\"position\":2,\"name\":\"Correios v\u00e3o entrar em greve em agosto?\"}]},{\"@type\":\"WebSite\",\"@id\":\"https:\/\/crusoe.audiencelabs.com.br\/#website\",\"url\":\"https:\/\/crusoe.audiencelabs.com.br\/\",\"name\":\"Variedades - Cruso\u00e9\",\"description\":\"\",\"potentialAction\":[{\"@type\":\"SearchAction\",\"target\":{\"@type\":\"EntryPoint\",\"urlTemplate\":\"https:\/\/crusoe.audiencelabs.com.br\/?s={search_term_string}\"},\"query-input\":{\"@type\":\"PropertyValueSpecification\",\"valueRequired\":true,\"valueName\":\"search_term_string\"}}],\"inLanguage\":\"pt-BR\"},{\"@type\":\"Person\",\"@id\":\"https:\/\/crusoe.audiencelabs.com.br\/#\/schema\/person\/be66e7e59ad3bc2a7c0833132c5c8c00\",\"name\":\"Gabriela Santos\",\"image\":{\"@type\":\"ImageObject\",\"inLanguage\":\"pt-BR\",\"@id\":\"https:\/\/crusoe.audiencelabs.com.br\/#\/schema\/person\/image\/\",\"url\":\"https:\/\/secure.gravatar.com\/avatar\/d58b244b5f316c2ae218c4fd7fd0fdf0fbcf215931ac50c70906d65db85b6002?s=96&d=mm&r=g\",\"contentUrl\":\"https:\/\/secure.gravatar.com\/avatar\/d58b244b5f316c2ae218c4fd7fd0fdf0fbcf215931ac50c70906d65db85b6002?s=96&d=mm&r=g\",\"caption\":\"Gabriela Santos\"},\"description\":\"Jornalista que atua com a produ\u00e7\u00e3o de conte\u00fado em temas diversos, aproximando o leitor por meio de informa\u00e7\u00f5es que refletem o cotidiano.\",\"url\":\"https:\/\/crusoe.audiencelabs.com.br\/author\/gabrielasantos\/\"}]}<\/script>\n<!-- \/ Yoast SEO plugin. -->","yoast_head_json":{"title":"Correios v\u00e3o entrar em greve em agosto?","robots":{"index":"index","follow":"follow","max-snippet":"max-snippet:-1","max-image-preview":"max-image-preview:large","max-video-preview":"max-video-preview:-1"},"canonical":"https:\/\/crusoe.audiencelabs.com.br\/correios-vao-entrar-em-greve-em-agosto\/","og_locale":"pt_BR","og_type":"article","og_title":"Correios v\u00e3o entrar em greve em agosto?","og_description":"Se preparando para uma poss\u00edvel greve dos Correios, consumidores devem buscar outras alternativas.","og_url":"https:\/\/crusoe.audiencelabs.com.br\/correios-vao-entrar-em-greve-em-agosto\/","og_site_name":"Variedades - Cruso\u00e9","article_published_time":"2025-07-14T15:28:03+00:00","article_modified_time":"2025-07-14T15:28:05+00:00","og_image":[{"width":1170,"height":700,"url":"https:\/\/cdn.crusoe.com.br\/uploads\/2025\/07\/Greve-Correios.webp","type":"image\/webp"}],"author":"Gabriela Santos","twitter_card":"summary_large_image","twitter_misc":{"Escrito por":"Gabriela Santos","Est. tempo de leitura":"2 minutos"},"schema":{"@context":"https:\/\/schema.org","@graph":[{"@type":"WebPage","@id":"https:\/\/crusoe.audiencelabs.com.br\/correios-vao-entrar-em-greve-em-agosto\/","url":"https:\/\/crusoe.audiencelabs.com.br\/correios-vao-entrar-em-greve-em-agosto\/","name":"Correios v\u00e3o entrar em greve em agosto?","isPartOf":{"@id":"https:\/\/crusoe.audiencelabs.com.br\/#website"},"primaryImageOfPage":{"@id":"https:\/\/crusoe.audiencelabs.com.br\/correios-vao-entrar-em-greve-em-agosto\/#primaryimage"},"image":{"@id":"https:\/\/crusoe.audiencelabs.com.br\/correios-vao-entrar-em-greve-em-agosto\/#primaryimage"},"thumbnailUrl":"https:\/\/cdn.crusoe.com.br\/uploads\/2025\/07\/Greve-Correios.webp","datePublished":"2025-07-14T15:28:03+00:00","dateModified":"2025-07-14T15:28:05+00:00","author":{"@id":"https:\/\/crusoe.audiencelabs.com.br\/#\/schema\/person\/be66e7e59ad3bc2a7c0833132c5c8c00"},"breadcrumb":{"@id":"https:\/\/crusoe.audiencelabs.com.br\/correios-vao-entrar-em-greve-em-agosto\/#breadcrumb"},"inLanguage":"pt-BR","potentialAction":[{"@type":"ReadAction","target":["https:\/\/crusoe.audiencelabs.com.br\/correios-vao-entrar-em-greve-em-agosto\/"]}]},{"@type":"ImageObject","inLanguage":"pt-BR","@id":"https:\/\/crusoe.audiencelabs.com.br\/correios-vao-entrar-em-greve-em-agosto\/#primaryimage","url":"https:\/\/cdn.crusoe.com.br\/uploads\/2025\/07\/Greve-Correios.webp","contentUrl":"https:\/\/cdn.crusoe.com.br\/uploads\/2025\/07\/Greve-Correios.webp","width":1170,"height":700,"caption":"Reprodu\u00e7\u00e3o: Ag\u00eancia Brasil (Jo\u00e9dson Alves)"},{"@type":"BreadcrumbList","@id":"https:\/\/crusoe.audiencelabs.com.br\/correios-vao-entrar-em-greve-em-agosto\/#breadcrumb","itemListElement":[{"@type":"ListItem","position":1,"name":"Home","item":"https:\/\/crusoe.audiencelabs.com.br\/"},{"@type":"ListItem","position":2,"name":"Correios v\u00e3o entrar em greve em agosto?"}]},{"@type":"WebSite","@id":"https:\/\/crusoe.audiencelabs.com.br\/#website","url":"https:\/\/crusoe.audiencelabs.com.br\/","name":"Variedades - Cruso\u00e9","description":"","potentialAction":[{"@type":"SearchAction","target":{"@type":"EntryPoint","urlTemplate":"https:\/\/crusoe.audiencelabs.com.br\/?s={search_term_string}"},"query-input":{"@type":"PropertyValueSpecification","valueRequired":true,"valueName":"search_term_string"}}],"inLanguage":"pt-BR"},{"@type":"Person","@id":"https:\/\/crusoe.audiencelabs.com.br\/#\/schema\/person\/be66e7e59ad3bc2a7c0833132c5c8c00","name":"Gabriela Santos","image":{"@type":"ImageObject","inLanguage":"pt-BR","@id":"https:\/\/crusoe.audiencelabs.com.br\/#\/schema\/person\/image\/","url":"https:\/\/secure.gravatar.com\/avatar\/d58b244b5f316c2ae218c4fd7fd0fdf0fbcf215931ac50c70906d65db85b6002?s=96&d=mm&r=g","contentUrl":"https:\/\/secure.gravatar.com\/avatar\/d58b244b5f316c2ae218c4fd7fd0fdf0fbcf215931ac50c70906d65db85b6002?s=96&d=mm&r=g","caption":"Gabriela Santos"},"description":"Jornalista que atua com a produ\u00e7\u00e3o de conte\u00fado em temas diversos, aproximando o leitor por meio de informa\u00e7\u00f5es que refletem o cotidiano.","url":"https:\/\/crusoe.audiencelabs.com.br\/author\/gabrielasantos\/"}]}},"_links":{"self":[{"href":"https:\/\/crusoe.audiencelabs.com.br\/wp-json\/wp\/v2\/posts\/5017","targetHints":{"allow":["GET"]}}],"collection":[{"href":"https:\/\/crusoe.audiencelabs.com.br\/wp-json\/wp\/v2\/posts"}],"about":[{"href":"https:\/\/crusoe.audiencelabs.com.br\/wp-json\/wp\/v2\/types\/post"}],"author":[{"embeddable":true,"href":"https:\/\/crusoe.audiencelabs.com.br\/wp-json\/wp\/v2\/users\/8"}],"replies":[{"embeddable":true,"href":"https:\/\/crusoe.audiencelabs.com.br\/wp-json\/wp\/v2\/comments?post=5017"}],"version-history":[{"count":5,"href":"https:\/\/crusoe.audiencelabs.com.br\/wp-json\/wp\/v2\/posts\/5017\/revisions"}],"predecessor-version":[{"id":5034,"href":"https:\/\/crusoe.audiencelabs.com.br\/wp-json\/wp\/v2\/posts\/5017\/revisions\/5034"}],"wp:featuredmedia":[{"embeddable":true,"href":"https:\/\/crusoe.audiencelabs.com.br\/wp-json\/wp\/v2\/media\/5031"}],"wp:attachment":[{"href":"https:\/\/crusoe.audiencelabs.com.br\/wp-json\/wp\/v2\/media?parent=5017"}],"wp:term":[{"taxonomy":"category","embeddable":true,"href":"https:\/\/crusoe.audiencelabs.com.br\/wp-json\/wp\/v2\/categories?post=5017"},{"taxonomy":"post_tag","embeddable":true,"href":"https:\/\/crusoe.audiencelabs.com.br\/wp-json\/wp\/v2\/tags?post=5017"}],"curies":[{"name":"wp","href":"https:\/\/api.w.org\/{rel}","templated":true}]}}