{"id":4753,"date":"2025-07-10T17:01:19","date_gmt":"2025-07-10T20:01:19","guid":{"rendered":"https:\/\/crusoe.com.br\/variedades\/?p=4753"},"modified":"2025-07-10T17:01:53","modified_gmt":"2025-07-10T20:01:53","slug":"novos-grupos-foram-aprovados-para-receber-o-bolsa-familia","status":"publish","type":"post","link":"https:\/\/crusoe.audiencelabs.com.br\/novos-grupos-foram-aprovados-para-receber-o-bolsa-familia\/","title":{"rendered":"Novos grupos foram aprovados para receber o Bolsa Fam\u00edlia"},"content":{"rendered":"\n<p>Nesta ter\u00e7a-feira (9), o Minist\u00e9rio do Desenvolvimento e Assist\u00eancia Social, Fam\u00edlia e Combate \u00e0 Fome (MDS) refor\u00e7ou mais uma vez o papel do programa <strong>Bolsa Fam\u00edlia<\/strong> como uma importante ferramenta de assist\u00eancia social.<\/p>\n\n\n\n<p>Isso porque o \u00f3rg\u00e3o anunciou, por meio da\u00a0<strong>Portaria MDS n\u00ba 1.097\/2025<\/strong>, a inclus\u00e3o de tr\u00eas novos grupos familiares na lista de pr\u00e9-habilitados para receber o benef\u00edcio.<\/p>\n\n\n\n<p>As mudan\u00e7as, j\u00e1 publicadas no Di\u00e1rio Oficial da Uni\u00e3o, ser\u00e3o aplicadas na folha de pagamento de julho de 2025, e contemplar\u00e3o as seguintes fam\u00edlias com prioridade para inclus\u00e3o no programa:<\/p>\n\n\n\n<ul class=\"wp-block-list\">\n<li><strong>Fam\u00edlias com pessoas em situa\u00e7\u00e3o de rua;<\/strong><\/li>\n\n\n\n<li><strong>Fam\u00edlias com pessoas em risco social, com registro no Prontu\u00e1rio SUAS;<\/strong><\/li>\n\n\n\n<li><strong>Fam\u00edlias com pessoas identificadas pelo Minist\u00e9rio da Sa\u00fade como em risco de inseguran\u00e7a alimentar.<\/strong><\/li>\n<\/ul>\n\n\n\n<h2 class=\"wp-block-heading\">Quem se enquadra nos novos grupos inclu\u00eddos no Bolsa Fam\u00edlia?<\/h2>\n\n\n\n<p>Apesar de serem contemplados pela nova portaria, os novos grupos inclu\u00eddos no Bolsa Fam\u00edlia tamb\u00e9m precisam cumprir as regras do programa para manter o acesso ao benef\u00edcio. E vale destacar que algumas delas s\u00e3o espec\u00edficas para esses p\u00fablicos.<\/p>\n\n\n\n<p>Pessoas com familiares em situa\u00e7\u00e3o de rua, por exemplo, precisam n\u00e3o s\u00f3 manter seus <strong>dados atualizados no Cadastro \u00danico (Cad\u00danico)<\/strong>, como tamb\u00e9m <strong>precisam ser identificados no Prontu\u00e1rio SUAS<\/strong>.<\/p>\n\n\n\n<p>J\u00e1 fam\u00edlias identificadas em risco de inseguran\u00e7a alimentar ser\u00e3o <strong>avaliadas pelo Minist\u00e9rio da Sa\u00fade<\/strong> a partir do acompanhamento de unidades de sa\u00fade da aten\u00e7\u00e3o b\u00e1sica.<\/p>\n\n\n\n<p>O \u00faltimo grupo, formado por fam\u00edlias em risco social com viola\u00e7\u00e3o de direitos, s\u00f3 pode ser inclu\u00eddo ap\u00f3s <strong>identifica\u00e7\u00e3o dos casos pelos profissionais do SUAS<\/strong>, via Centros de Refer\u00eancia de Assist\u00eancia Social (CRAS), dos Centros de Refer\u00eancia Especializados (CREAS) ou Unidades de Acolhimento.<\/p>\n\n\n\n<h2 class=\"wp-block-heading\">Outras regras do Bolsa Fam\u00edlia<\/h2>\n\n\n\n<p>O Bolsa Fam\u00edlia continua sendo destinado a fam\u00edlias cuja renda per capita seja de, no m\u00e1ximo,\u00a0<strong>R$ 218 por m\u00eas<\/strong>, e ainda atendam as seguintes condicionalidades:<\/p>\n\n\n\n<h3 class=\"wp-block-heading\">Sa\u00fade<\/h3>\n\n\n\n<ul class=\"wp-block-list\">\n<li>Realiza\u00e7\u00e3o de pr\u00e9-natal, quando gr\u00e1vida;<\/li>\n\n\n\n<li>Acompanhamento do estado nutricional e cumprimento do calend\u00e1rio nacional de vacina\u00e7\u00e3o das crian\u00e7as com 7 anos incompletos.<\/li>\n<\/ul>\n\n\n\n<h3 class=\"wp-block-heading\">Educa\u00e7\u00e3o<\/h3>\n\n\n\n<ul class=\"wp-block-list\">\n<li>Frequ\u00eancia escolar m\u00ednima de 60% para as crian\u00e7as de 4 e 5 anos de idade;<\/li>\n\n\n\n<li>Frequ\u00eancia escolar m\u00ednima de 75% para crian\u00e7as e adolescentes de 6 a 17 anos de idade.<\/li>\n<\/ul>\n\n\n\n<p>As informa\u00e7\u00f5es no Cad\u00danico tamb\u00e9m precisam estar devidamente atualizadas. Desta forma, \u00e9 poss\u00edvel garantir que o benef\u00edcio ser\u00e1 direcionado a quem realmente precisa.<\/p>\n","protected":false},"excerpt":{"rendered":"<p>Nesta ter\u00e7a-feira (9), o Minist\u00e9rio do Desenvolvimento e Assist\u00eancia Social, Fam\u00edlia e Combate \u00e0 Fome (MDS) refor\u00e7ou mais uma vez o papel do programa Bolsa Fam\u00edlia como uma importante ferramenta de assist\u00eancia social. Isso porque o \u00f3rg\u00e3o anunciou, por meio da\u00a0Portaria MDS n\u00ba 1.097\/2025, a inclus\u00e3o de tr\u00eas novos grupos familiares na lista de pr\u00e9-habilitados [&hellip;]<\/p>\n","protected":false},"author":7,"featured_media":4754,"comment_status":"open","ping_status":"open","sticky":false,"template":"","format":"standard","meta":{"jnews-multi-image_gallery":[],"jnews_single_post":{"format":"standard"},"jnews_primary_category":[],"jnews_override_counter":[],"jnews_post_split":[],"footnotes":""},"categories":[1],"tags":[],"class_list":["post-4753","post","type-post","status-publish","format-standard","has-post-thumbnail","hentry","category-geral"],"yoast_head":"<!-- This site is optimized with the Yoast SEO plugin v25.0 - https:\/\/yoast.com\/wordpress\/plugins\/seo\/ -->\n<title>Novos grupos foram aprovados para receber o Bolsa Fam\u00edlia<\/title>\n<meta name=\"robots\" content=\"index, follow, max-snippet:-1, max-image-preview:large, max-video-preview:-1\" \/>\n<link rel=\"canonical\" href=\"https:\/\/crusoe.audiencelabs.com.br\/novos-grupos-foram-aprovados-para-receber-o-bolsa-familia\/\" \/>\n<meta property=\"og:locale\" content=\"pt_BR\" \/>\n<meta property=\"og:type\" content=\"article\" \/>\n<meta property=\"og:title\" content=\"Novos grupos foram aprovados para receber o Bolsa Fam\u00edlia\" \/>\n<meta property=\"og:description\" content=\"Nesta ter\u00e7a-feira (9), o Minist\u00e9rio do Desenvolvimento e Assist\u00eancia Social, Fam\u00edlia e Combate \u00e0 Fome (MDS) refor\u00e7ou mais uma vez o papel do programa Bolsa Fam\u00edlia como uma importante ferramenta de assist\u00eancia social. Isso porque o \u00f3rg\u00e3o anunciou, por meio da\u00a0Portaria MDS n\u00ba 1.097\/2025, a inclus\u00e3o de tr\u00eas novos grupos familiares na lista de pr\u00e9-habilitados [&hellip;]\" \/>\n<meta property=\"og:url\" content=\"https:\/\/crusoe.audiencelabs.com.br\/novos-grupos-foram-aprovados-para-receber-o-bolsa-familia\/\" \/>\n<meta property=\"og:site_name\" content=\"Variedades - Cruso\u00e9\" \/>\n<meta property=\"article:published_time\" content=\"2025-07-10T20:01:19+00:00\" \/>\n<meta property=\"article:modified_time\" content=\"2025-07-10T20:01:53+00:00\" \/>\n<meta property=\"og:image\" content=\"https:\/\/cdn.crusoe.com.br\/uploads\/2025\/07\/bolsa-familia-novos-grupos.webp\" \/>\n\t<meta property=\"og:image:width\" content=\"1280\" \/>\n\t<meta property=\"og:image:height\" content=\"720\" \/>\n\t<meta property=\"og:image:type\" content=\"image\/webp\" \/>\n<meta name=\"author\" content=\"Jo\u00e3o Carlos Gomes\" \/>\n<meta name=\"twitter:card\" content=\"summary_large_image\" \/>\n<meta name=\"twitter:label1\" content=\"Escrito por\" \/>\n\t<meta name=\"twitter:data1\" content=\"Jo\u00e3o Carlos Gomes\" \/>\n\t<meta name=\"twitter:label2\" content=\"Est. tempo de leitura\" \/>\n\t<meta name=\"twitter:data2\" content=\"3 minutos\" \/>\n<script type=\"application\/ld+json\" class=\"yoast-schema-graph\">{\"@context\":\"https:\/\/schema.org\",\"@graph\":[{\"@type\":\"WebPage\",\"@id\":\"https:\/\/crusoe.audiencelabs.com.br\/novos-grupos-foram-aprovados-para-receber-o-bolsa-familia\/\",\"url\":\"https:\/\/crusoe.audiencelabs.com.br\/novos-grupos-foram-aprovados-para-receber-o-bolsa-familia\/\",\"name\":\"Novos grupos foram aprovados para receber o Bolsa Fam\u00edlia\",\"isPartOf\":{\"@id\":\"https:\/\/crusoe.audiencelabs.com.br\/#website\"},\"primaryImageOfPage\":{\"@id\":\"https:\/\/crusoe.audiencelabs.com.br\/novos-grupos-foram-aprovados-para-receber-o-bolsa-familia\/#primaryimage\"},\"image\":{\"@id\":\"https:\/\/crusoe.audiencelabs.com.br\/novos-grupos-foram-aprovados-para-receber-o-bolsa-familia\/#primaryimage\"},\"thumbnailUrl\":\"https:\/\/cdn.crusoe.com.br\/uploads\/2025\/07\/bolsa-familia-novos-grupos.webp\",\"datePublished\":\"2025-07-10T20:01:19+00:00\",\"dateModified\":\"2025-07-10T20:01:53+00:00\",\"author\":{\"@id\":\"https:\/\/crusoe.audiencelabs.com.br\/#\/schema\/person\/4a23399b23149df2eab6637fd2fd2bfc\"},\"breadcrumb\":{\"@id\":\"https:\/\/crusoe.audiencelabs.com.br\/novos-grupos-foram-aprovados-para-receber-o-bolsa-familia\/#breadcrumb\"},\"inLanguage\":\"pt-BR\",\"potentialAction\":[{\"@type\":\"ReadAction\",\"target\":[\"https:\/\/crusoe.audiencelabs.com.br\/novos-grupos-foram-aprovados-para-receber-o-bolsa-familia\/\"]}]},{\"@type\":\"ImageObject\",\"inLanguage\":\"pt-BR\",\"@id\":\"https:\/\/crusoe.audiencelabs.com.br\/novos-grupos-foram-aprovados-para-receber-o-bolsa-familia\/#primaryimage\",\"url\":\"https:\/\/cdn.crusoe.com.br\/uploads\/2025\/07\/bolsa-familia-novos-grupos.webp\",\"contentUrl\":\"https:\/\/cdn.crusoe.com.br\/uploads\/2025\/07\/bolsa-familia-novos-grupos.webp\",\"width\":1280,\"height\":720,\"caption\":\"Foto: MDAS\/Divulga\u00e7\u00e3o\"},{\"@type\":\"BreadcrumbList\",\"@id\":\"https:\/\/crusoe.audiencelabs.com.br\/novos-grupos-foram-aprovados-para-receber-o-bolsa-familia\/#breadcrumb\",\"itemListElement\":[{\"@type\":\"ListItem\",\"position\":1,\"name\":\"Home\",\"item\":\"https:\/\/crusoe.audiencelabs.com.br\/\"},{\"@type\":\"ListItem\",\"position\":2,\"name\":\"Novos grupos foram aprovados para receber o Bolsa Fam\u00edlia\"}]},{\"@type\":\"WebSite\",\"@id\":\"https:\/\/crusoe.audiencelabs.com.br\/#website\",\"url\":\"https:\/\/crusoe.audiencelabs.com.br\/\",\"name\":\"Variedades - Cruso\u00e9\",\"description\":\"\",\"potentialAction\":[{\"@type\":\"SearchAction\",\"target\":{\"@type\":\"EntryPoint\",\"urlTemplate\":\"https:\/\/crusoe.audiencelabs.com.br\/?s={search_term_string}\"},\"query-input\":{\"@type\":\"PropertyValueSpecification\",\"valueRequired\":true,\"valueName\":\"search_term_string\"}}],\"inLanguage\":\"pt-BR\"},{\"@type\":\"Person\",\"@id\":\"https:\/\/crusoe.audiencelabs.com.br\/#\/schema\/person\/4a23399b23149df2eab6637fd2fd2bfc\",\"name\":\"Jo\u00e3o Carlos Gomes\",\"image\":{\"@type\":\"ImageObject\",\"inLanguage\":\"pt-BR\",\"@id\":\"https:\/\/crusoe.audiencelabs.com.br\/#\/schema\/person\/image\/\",\"url\":\"https:\/\/secure.gravatar.com\/avatar\/4ce4672dbdd694b329cd6fdb51bee7d1409be1f0ff76a537e4c4a737b2c7d1a9?s=96&d=mm&r=g\",\"contentUrl\":\"https:\/\/secure.gravatar.com\/avatar\/4ce4672dbdd694b329cd6fdb51bee7d1409be1f0ff76a537e4c4a737b2c7d1a9?s=96&d=mm&r=g\",\"caption\":\"Jo\u00e3o Carlos Gomes\"},\"description\":\"Jornalista, criador de conte\u00fado e m\u00fasico independente nas horas vagas.\",\"url\":\"https:\/\/crusoe.audiencelabs.com.br\/author\/joaoc-junior66\/\"}]}<\/script>\n<!-- \/ Yoast SEO plugin. -->","yoast_head_json":{"title":"Novos grupos foram aprovados para receber o Bolsa Fam\u00edlia","robots":{"index":"index","follow":"follow","max-snippet":"max-snippet:-1","max-image-preview":"max-image-preview:large","max-video-preview":"max-video-preview:-1"},"canonical":"https:\/\/crusoe.audiencelabs.com.br\/novos-grupos-foram-aprovados-para-receber-o-bolsa-familia\/","og_locale":"pt_BR","og_type":"article","og_title":"Novos grupos foram aprovados para receber o Bolsa Fam\u00edlia","og_description":"Nesta ter\u00e7a-feira (9), o Minist\u00e9rio do Desenvolvimento e Assist\u00eancia Social, Fam\u00edlia e Combate \u00e0 Fome (MDS) refor\u00e7ou mais uma vez o papel do programa Bolsa Fam\u00edlia como uma importante ferramenta de assist\u00eancia social. Isso porque o \u00f3rg\u00e3o anunciou, por meio da\u00a0Portaria MDS n\u00ba 1.097\/2025, a inclus\u00e3o de tr\u00eas novos grupos familiares na lista de pr\u00e9-habilitados [&hellip;]","og_url":"https:\/\/crusoe.audiencelabs.com.br\/novos-grupos-foram-aprovados-para-receber-o-bolsa-familia\/","og_site_name":"Variedades - Cruso\u00e9","article_published_time":"2025-07-10T20:01:19+00:00","article_modified_time":"2025-07-10T20:01:53+00:00","og_image":[{"width":1280,"height":720,"url":"https:\/\/cdn.crusoe.com.br\/uploads\/2025\/07\/bolsa-familia-novos-grupos.webp","type":"image\/webp"}],"author":"Jo\u00e3o Carlos Gomes","twitter_card":"summary_large_image","twitter_misc":{"Escrito por":"Jo\u00e3o Carlos Gomes","Est. tempo de leitura":"3 minutos"},"schema":{"@context":"https:\/\/schema.org","@graph":[{"@type":"WebPage","@id":"https:\/\/crusoe.audiencelabs.com.br\/novos-grupos-foram-aprovados-para-receber-o-bolsa-familia\/","url":"https:\/\/crusoe.audiencelabs.com.br\/novos-grupos-foram-aprovados-para-receber-o-bolsa-familia\/","name":"Novos grupos foram aprovados para receber o Bolsa Fam\u00edlia","isPartOf":{"@id":"https:\/\/crusoe.audiencelabs.com.br\/#website"},"primaryImageOfPage":{"@id":"https:\/\/crusoe.audiencelabs.com.br\/novos-grupos-foram-aprovados-para-receber-o-bolsa-familia\/#primaryimage"},"image":{"@id":"https:\/\/crusoe.audiencelabs.com.br\/novos-grupos-foram-aprovados-para-receber-o-bolsa-familia\/#primaryimage"},"thumbnailUrl":"https:\/\/cdn.crusoe.com.br\/uploads\/2025\/07\/bolsa-familia-novos-grupos.webp","datePublished":"2025-07-10T20:01:19+00:00","dateModified":"2025-07-10T20:01:53+00:00","author":{"@id":"https:\/\/crusoe.audiencelabs.com.br\/#\/schema\/person\/4a23399b23149df2eab6637fd2fd2bfc"},"breadcrumb":{"@id":"https:\/\/crusoe.audiencelabs.com.br\/novos-grupos-foram-aprovados-para-receber-o-bolsa-familia\/#breadcrumb"},"inLanguage":"pt-BR","potentialAction":[{"@type":"ReadAction","target":["https:\/\/crusoe.audiencelabs.com.br\/novos-grupos-foram-aprovados-para-receber-o-bolsa-familia\/"]}]},{"@type":"ImageObject","inLanguage":"pt-BR","@id":"https:\/\/crusoe.audiencelabs.com.br\/novos-grupos-foram-aprovados-para-receber-o-bolsa-familia\/#primaryimage","url":"https:\/\/cdn.crusoe.com.br\/uploads\/2025\/07\/bolsa-familia-novos-grupos.webp","contentUrl":"https:\/\/cdn.crusoe.com.br\/uploads\/2025\/07\/bolsa-familia-novos-grupos.webp","width":1280,"height":720,"caption":"Foto: MDAS\/Divulga\u00e7\u00e3o"},{"@type":"BreadcrumbList","@id":"https:\/\/crusoe.audiencelabs.com.br\/novos-grupos-foram-aprovados-para-receber-o-bolsa-familia\/#breadcrumb","itemListElement":[{"@type":"ListItem","position":1,"name":"Home","item":"https:\/\/crusoe.audiencelabs.com.br\/"},{"@type":"ListItem","position":2,"name":"Novos grupos foram aprovados para receber o Bolsa Fam\u00edlia"}]},{"@type":"WebSite","@id":"https:\/\/crusoe.audiencelabs.com.br\/#website","url":"https:\/\/crusoe.audiencelabs.com.br\/","name":"Variedades - Cruso\u00e9","description":"","potentialAction":[{"@type":"SearchAction","target":{"@type":"EntryPoint","urlTemplate":"https:\/\/crusoe.audiencelabs.com.br\/?s={search_term_string}"},"query-input":{"@type":"PropertyValueSpecification","valueRequired":true,"valueName":"search_term_string"}}],"inLanguage":"pt-BR"},{"@type":"Person","@id":"https:\/\/crusoe.audiencelabs.com.br\/#\/schema\/person\/4a23399b23149df2eab6637fd2fd2bfc","name":"Jo\u00e3o Carlos Gomes","image":{"@type":"ImageObject","inLanguage":"pt-BR","@id":"https:\/\/crusoe.audiencelabs.com.br\/#\/schema\/person\/image\/","url":"https:\/\/secure.gravatar.com\/avatar\/4ce4672dbdd694b329cd6fdb51bee7d1409be1f0ff76a537e4c4a737b2c7d1a9?s=96&d=mm&r=g","contentUrl":"https:\/\/secure.gravatar.com\/avatar\/4ce4672dbdd694b329cd6fdb51bee7d1409be1f0ff76a537e4c4a737b2c7d1a9?s=96&d=mm&r=g","caption":"Jo\u00e3o Carlos Gomes"},"description":"Jornalista, criador de conte\u00fado e m\u00fasico independente nas horas vagas.","url":"https:\/\/crusoe.audiencelabs.com.br\/author\/joaoc-junior66\/"}]}},"_links":{"self":[{"href":"https:\/\/crusoe.audiencelabs.com.br\/wp-json\/wp\/v2\/posts\/4753","targetHints":{"allow":["GET"]}}],"collection":[{"href":"https:\/\/crusoe.audiencelabs.com.br\/wp-json\/wp\/v2\/posts"}],"about":[{"href":"https:\/\/crusoe.audiencelabs.com.br\/wp-json\/wp\/v2\/types\/post"}],"author":[{"embeddable":true,"href":"https:\/\/crusoe.audiencelabs.com.br\/wp-json\/wp\/v2\/users\/7"}],"replies":[{"embeddable":true,"href":"https:\/\/crusoe.audiencelabs.com.br\/wp-json\/wp\/v2\/comments?post=4753"}],"version-history":[{"count":2,"href":"https:\/\/crusoe.audiencelabs.com.br\/wp-json\/wp\/v2\/posts\/4753\/revisions"}],"predecessor-version":[{"id":4764,"href":"https:\/\/crusoe.audiencelabs.com.br\/wp-json\/wp\/v2\/posts\/4753\/revisions\/4764"}],"wp:featuredmedia":[{"embeddable":true,"href":"https:\/\/crusoe.audiencelabs.com.br\/wp-json\/wp\/v2\/media\/4754"}],"wp:attachment":[{"href":"https:\/\/crusoe.audiencelabs.com.br\/wp-json\/wp\/v2\/media?parent=4753"}],"wp:term":[{"taxonomy":"category","embeddable":true,"href":"https:\/\/crusoe.audiencelabs.com.br\/wp-json\/wp\/v2\/categories?post=4753"},{"taxonomy":"post_tag","embeddable":true,"href":"https:\/\/crusoe.audiencelabs.com.br\/wp-json\/wp\/v2\/tags?post=4753"}],"curies":[{"name":"wp","href":"https:\/\/api.w.org\/{rel}","templated":true}]}}