{"id":4662,"date":"2025-07-11T07:00:00","date_gmt":"2025-07-11T10:00:00","guid":{"rendered":"https:\/\/crusoe.com.br\/variedades\/?p=4662"},"modified":"2025-07-10T08:25:46","modified_gmt":"2025-07-10T11:25:46","slug":"carros-no-brasil-podem-ficar-mais-baratos-com-essa-nova-mudanca","status":"publish","type":"post","link":"https:\/\/crusoe.audiencelabs.com.br\/carros-no-brasil-podem-ficar-mais-baratos-com-essa-nova-mudanca\/","title":{"rendered":"Carros no Brasil podem ficar mais baratos com essa nova mudan\u00e7a"},"content":{"rendered":"\n<p>O governo federal, liderado pelo presidente Luiz In\u00e1cio Lula da Silva, oficializou nesta \u00faltima quinta-feira (10), um decreto que visa reduzir o Imposto sobre Produtos Industrializados (IPI) para ve\u00edculos sustent\u00e1veis.&nbsp;<\/p>\n\n\n\n<p>A medida \u00e9 um marco importante para a ind\u00fastria automotiva. Sob o programa Mover (Mobilidade Verde e Inova\u00e7\u00e3o), essa a\u00e7\u00e3o busca impulsionar a produ\u00e7\u00e3o nacional de autom\u00f3veis menos poluentes, incentivando pr\u00e1ticas sustent\u00e1veis no setor.<\/p>\n\n\n\n<h2 class=\"wp-block-heading\">Detalhes do programa Carro Sustent\u00e1vel<\/h2>\n\n\n\n<p>O programa &#8220;Carro Sustent\u00e1vel&#8221; apresenta crit\u00e9rios espec\u00edficos para a elegibilidade na redu\u00e7\u00e3o do IPI. Os ve\u00edculos devem ter motor de at\u00e9 90 cavalos, utilizar biocombust\u00edveis como etanol, e ser fabricados no Brasil.&nbsp;<\/p>\n\n\n\n<p>Modelos importados n\u00e3o s\u00e3o contemplados. Isso visa priorizar unidades 1.0 flex, como o Chevrolet Onix, Fiat Mobi e Hyundai HB20, que j\u00e1 cumprem estas exig\u00eancias.<\/p>\n\n\n\n<h2 class=\"wp-block-heading\">Impactos esperados no mercado automotivo<\/h2>\n\n\n\n<p>A introdu\u00e7\u00e3o do &#8220;Carro Sustent\u00e1vel&#8221; poder\u00e1 dar um impulso significativo ao mercado local. Com a redu\u00e7\u00e3o fiscal, espera-se um aumento nas vendas dos carros que atendem aos crit\u00e9rios do programa.&nbsp;<\/p>\n\n\n\n<p>At\u00e9 dezembro de 2026, essa iniciativa visa n\u00e3o s\u00f3 o crescimento nas vendas, mas tamb\u00e9m a consolida\u00e7\u00e3o da ind\u00fastria nacional, diminuindo a depend\u00eancia de importa\u00e7\u00f5es e fortalecendo a economia local.<\/p>\n\n\n\n<h2 class=\"wp-block-heading\">Medidas de compensa\u00e7\u00e3o fiscal<\/h2>\n\n\n\n<p>O IPI Verde, que complementa o programa, manter\u00e1 o equil\u00edbrio fiscal ao aumentar a carga tribut\u00e1ria sobre ve\u00edculos mais poluentes.&nbsp;<\/p>\n\n\n\n<p>Isso significa que o governo pretende promover uma compensa\u00e7\u00e3o entre os incentivos para ve\u00edculos sustent\u00e1veis e a arrecada\u00e7\u00e3o geral, mantendo o impacto fiscal controlado. A estrat\u00e9gia busca estimular montadoras a investir em inova\u00e7\u00f5es tecnol\u00f3gicas ecologicamente corretas.<\/p>\n\n\n\n<p>Esta pol\u00edtica \u00e9 parte de uma estrat\u00e9gia mais ampla que visa transformar o setor automotivo brasileiro at\u00e9 2027. A implementa\u00e7\u00e3o do programa &#8220;Carro Sustent\u00e1vel&#8221; destaca a produ\u00e7\u00e3o nacional e o desenvolvimento sustent\u00e1vel.<\/p>\n","protected":false},"excerpt":{"rendered":"<p>O governo federal, liderado pelo presidente Luiz In\u00e1cio Lula da Silva, oficializou nesta \u00faltima quinta-feira (10), um decreto que visa reduzir o Imposto sobre Produtos Industrializados (IPI) para ve\u00edculos sustent\u00e1veis.&nbsp; A medida \u00e9 um marco importante para a ind\u00fastria automotiva. Sob o programa Mover (Mobilidade Verde e Inova\u00e7\u00e3o), essa a\u00e7\u00e3o busca impulsionar a produ\u00e7\u00e3o nacional [&hellip;]<\/p>\n","protected":false},"author":5,"featured_media":4663,"comment_status":"open","ping_status":"open","sticky":false,"template":"","format":"standard","meta":{"jnews-multi-image_gallery":[],"jnews_single_post":{"format":"standard"},"jnews_primary_category":[],"jnews_override_counter":[],"jnews_post_split":[],"footnotes":""},"categories":[1],"tags":[478,277,1223],"class_list":["post-4662","post","type-post","status-publish","format-standard","has-post-thumbnail","hentry","category-geral","tag-carros","tag-governo-federal","tag-ipi-verde"],"yoast_head":"<!-- This site is optimized with the Yoast SEO plugin v25.0 - https:\/\/yoast.com\/wordpress\/plugins\/seo\/ -->\n<title>Carros no Brasil podem ficar mais baratos com essa nova mudan\u00e7a<\/title>\n<meta name=\"robots\" content=\"index, follow, max-snippet:-1, max-image-preview:large, max-video-preview:-1\" \/>\n<link rel=\"canonical\" href=\"https:\/\/crusoe.audiencelabs.com.br\/carros-no-brasil-podem-ficar-mais-baratos-com-essa-nova-mudanca\/\" \/>\n<meta property=\"og:locale\" content=\"pt_BR\" \/>\n<meta property=\"og:type\" content=\"article\" \/>\n<meta property=\"og:title\" content=\"Carros no Brasil podem ficar mais baratos com essa nova mudan\u00e7a\" \/>\n<meta property=\"og:description\" content=\"O governo federal, liderado pelo presidente Luiz In\u00e1cio Lula da Silva, oficializou nesta \u00faltima quinta-feira (10), um decreto que visa reduzir o Imposto sobre Produtos Industrializados (IPI) para ve\u00edculos sustent\u00e1veis.&nbsp; A medida \u00e9 um marco importante para a ind\u00fastria automotiva. Sob o programa Mover (Mobilidade Verde e Inova\u00e7\u00e3o), essa a\u00e7\u00e3o busca impulsionar a produ\u00e7\u00e3o nacional [&hellip;]\" \/>\n<meta property=\"og:url\" content=\"https:\/\/crusoe.audiencelabs.com.br\/carros-no-brasil-podem-ficar-mais-baratos-com-essa-nova-mudanca\/\" \/>\n<meta property=\"og:site_name\" content=\"Variedades - Cruso\u00e9\" \/>\n<meta property=\"article:published_time\" content=\"2025-07-11T10:00:00+00:00\" \/>\n<meta property=\"og:image\" content=\"https:\/\/cdn.crusoe.com.br\/uploads\/2025\/07\/pexels-tdcat-70912-scaled.jpg\" \/>\n\t<meta property=\"og:image:width\" content=\"2560\" \/>\n\t<meta property=\"og:image:height\" content=\"1600\" \/>\n\t<meta property=\"og:image:type\" content=\"image\/jpeg\" \/>\n<meta name=\"author\" content=\"Milena Armando\" \/>\n<meta name=\"twitter:card\" content=\"summary_large_image\" \/>\n<meta name=\"twitter:label1\" content=\"Escrito por\" \/>\n\t<meta name=\"twitter:data1\" content=\"Milena Armando\" \/>\n\t<meta name=\"twitter:label2\" content=\"Est. tempo de leitura\" \/>\n\t<meta name=\"twitter:data2\" content=\"2 minutos\" \/>\n<script type=\"application\/ld+json\" class=\"yoast-schema-graph\">{\"@context\":\"https:\/\/schema.org\",\"@graph\":[{\"@type\":\"WebPage\",\"@id\":\"https:\/\/crusoe.audiencelabs.com.br\/carros-no-brasil-podem-ficar-mais-baratos-com-essa-nova-mudanca\/\",\"url\":\"https:\/\/crusoe.audiencelabs.com.br\/carros-no-brasil-podem-ficar-mais-baratos-com-essa-nova-mudanca\/\",\"name\":\"Carros no Brasil podem ficar mais baratos com essa nova mudan\u00e7a\",\"isPartOf\":{\"@id\":\"https:\/\/crusoe.audiencelabs.com.br\/#website\"},\"primaryImageOfPage\":{\"@id\":\"https:\/\/crusoe.audiencelabs.com.br\/carros-no-brasil-podem-ficar-mais-baratos-com-essa-nova-mudanca\/#primaryimage\"},\"image\":{\"@id\":\"https:\/\/crusoe.audiencelabs.com.br\/carros-no-brasil-podem-ficar-mais-baratos-com-essa-nova-mudanca\/#primaryimage\"},\"thumbnailUrl\":\"https:\/\/cdn.crusoe.com.br\/uploads\/2025\/07\/pexels-tdcat-70912-scaled.jpg\",\"datePublished\":\"2025-07-11T10:00:00+00:00\",\"author\":{\"@id\":\"https:\/\/crusoe.audiencelabs.com.br\/#\/schema\/person\/f87f73cfe89e5360de2c006bd4bd6a74\"},\"breadcrumb\":{\"@id\":\"https:\/\/crusoe.audiencelabs.com.br\/carros-no-brasil-podem-ficar-mais-baratos-com-essa-nova-mudanca\/#breadcrumb\"},\"inLanguage\":\"pt-BR\",\"potentialAction\":[{\"@type\":\"ReadAction\",\"target\":[\"https:\/\/crusoe.audiencelabs.com.br\/carros-no-brasil-podem-ficar-mais-baratos-com-essa-nova-mudanca\/\"]}]},{\"@type\":\"ImageObject\",\"inLanguage\":\"pt-BR\",\"@id\":\"https:\/\/crusoe.audiencelabs.com.br\/carros-no-brasil-podem-ficar-mais-baratos-com-essa-nova-mudanca\/#primaryimage\",\"url\":\"https:\/\/cdn.crusoe.com.br\/uploads\/2025\/07\/pexels-tdcat-70912-scaled.jpg\",\"contentUrl\":\"https:\/\/cdn.crusoe.com.br\/uploads\/2025\/07\/pexels-tdcat-70912-scaled.jpg\",\"width\":2560,\"height\":1600,\"caption\":\"Foto: Torsten Dettlaff\/Pexels\"},{\"@type\":\"BreadcrumbList\",\"@id\":\"https:\/\/crusoe.audiencelabs.com.br\/carros-no-brasil-podem-ficar-mais-baratos-com-essa-nova-mudanca\/#breadcrumb\",\"itemListElement\":[{\"@type\":\"ListItem\",\"position\":1,\"name\":\"Home\",\"item\":\"https:\/\/crusoe.audiencelabs.com.br\/\"},{\"@type\":\"ListItem\",\"position\":2,\"name\":\"Carros no Brasil podem ficar mais baratos com essa nova mudan\u00e7a\"}]},{\"@type\":\"WebSite\",\"@id\":\"https:\/\/crusoe.audiencelabs.com.br\/#website\",\"url\":\"https:\/\/crusoe.audiencelabs.com.br\/\",\"name\":\"Variedades - Cruso\u00e9\",\"description\":\"\",\"potentialAction\":[{\"@type\":\"SearchAction\",\"target\":{\"@type\":\"EntryPoint\",\"urlTemplate\":\"https:\/\/crusoe.audiencelabs.com.br\/?s={search_term_string}\"},\"query-input\":{\"@type\":\"PropertyValueSpecification\",\"valueRequired\":true,\"valueName\":\"search_term_string\"}}],\"inLanguage\":\"pt-BR\"},{\"@type\":\"Person\",\"@id\":\"https:\/\/crusoe.audiencelabs.com.br\/#\/schema\/person\/f87f73cfe89e5360de2c006bd4bd6a74\",\"name\":\"Milena Armando\",\"image\":{\"@type\":\"ImageObject\",\"inLanguage\":\"pt-BR\",\"@id\":\"https:\/\/crusoe.audiencelabs.com.br\/#\/schema\/person\/image\/\",\"url\":\"https:\/\/secure.gravatar.com\/avatar\/ea14ecddc9e9d202b698b18f9f69e09c9fd74cfbed5c6008d55f11faefdbdab7?s=96&d=mm&r=g\",\"contentUrl\":\"https:\/\/secure.gravatar.com\/avatar\/ea14ecddc9e9d202b698b18f9f69e09c9fd74cfbed5c6008d55f11faefdbdab7?s=96&d=mm&r=g\",\"caption\":\"Milena Armando\"},\"description\":\"Jornalista, redatora e revisora.\",\"url\":\"https:\/\/crusoe.audiencelabs.com.br\/author\/milena\/\"}]}<\/script>\n<!-- \/ Yoast SEO plugin. -->","yoast_head_json":{"title":"Carros no Brasil podem ficar mais baratos com essa nova mudan\u00e7a","robots":{"index":"index","follow":"follow","max-snippet":"max-snippet:-1","max-image-preview":"max-image-preview:large","max-video-preview":"max-video-preview:-1"},"canonical":"https:\/\/crusoe.audiencelabs.com.br\/carros-no-brasil-podem-ficar-mais-baratos-com-essa-nova-mudanca\/","og_locale":"pt_BR","og_type":"article","og_title":"Carros no Brasil podem ficar mais baratos com essa nova mudan\u00e7a","og_description":"O governo federal, liderado pelo presidente Luiz In\u00e1cio Lula da Silva, oficializou nesta \u00faltima quinta-feira (10), um decreto que visa reduzir o Imposto sobre Produtos Industrializados (IPI) para ve\u00edculos sustent\u00e1veis.&nbsp; A medida \u00e9 um marco importante para a ind\u00fastria automotiva. Sob o programa Mover (Mobilidade Verde e Inova\u00e7\u00e3o), essa a\u00e7\u00e3o busca impulsionar a produ\u00e7\u00e3o nacional [&hellip;]","og_url":"https:\/\/crusoe.audiencelabs.com.br\/carros-no-brasil-podem-ficar-mais-baratos-com-essa-nova-mudanca\/","og_site_name":"Variedades - Cruso\u00e9","article_published_time":"2025-07-11T10:00:00+00:00","og_image":[{"width":2560,"height":1600,"url":"https:\/\/cdn.crusoe.com.br\/uploads\/2025\/07\/pexels-tdcat-70912-scaled.jpg","type":"image\/jpeg"}],"author":"Milena Armando","twitter_card":"summary_large_image","twitter_misc":{"Escrito por":"Milena Armando","Est. tempo de leitura":"2 minutos"},"schema":{"@context":"https:\/\/schema.org","@graph":[{"@type":"WebPage","@id":"https:\/\/crusoe.audiencelabs.com.br\/carros-no-brasil-podem-ficar-mais-baratos-com-essa-nova-mudanca\/","url":"https:\/\/crusoe.audiencelabs.com.br\/carros-no-brasil-podem-ficar-mais-baratos-com-essa-nova-mudanca\/","name":"Carros no Brasil podem ficar mais baratos com essa nova mudan\u00e7a","isPartOf":{"@id":"https:\/\/crusoe.audiencelabs.com.br\/#website"},"primaryImageOfPage":{"@id":"https:\/\/crusoe.audiencelabs.com.br\/carros-no-brasil-podem-ficar-mais-baratos-com-essa-nova-mudanca\/#primaryimage"},"image":{"@id":"https:\/\/crusoe.audiencelabs.com.br\/carros-no-brasil-podem-ficar-mais-baratos-com-essa-nova-mudanca\/#primaryimage"},"thumbnailUrl":"https:\/\/cdn.crusoe.com.br\/uploads\/2025\/07\/pexels-tdcat-70912-scaled.jpg","datePublished":"2025-07-11T10:00:00+00:00","author":{"@id":"https:\/\/crusoe.audiencelabs.com.br\/#\/schema\/person\/f87f73cfe89e5360de2c006bd4bd6a74"},"breadcrumb":{"@id":"https:\/\/crusoe.audiencelabs.com.br\/carros-no-brasil-podem-ficar-mais-baratos-com-essa-nova-mudanca\/#breadcrumb"},"inLanguage":"pt-BR","potentialAction":[{"@type":"ReadAction","target":["https:\/\/crusoe.audiencelabs.com.br\/carros-no-brasil-podem-ficar-mais-baratos-com-essa-nova-mudanca\/"]}]},{"@type":"ImageObject","inLanguage":"pt-BR","@id":"https:\/\/crusoe.audiencelabs.com.br\/carros-no-brasil-podem-ficar-mais-baratos-com-essa-nova-mudanca\/#primaryimage","url":"https:\/\/cdn.crusoe.com.br\/uploads\/2025\/07\/pexels-tdcat-70912-scaled.jpg","contentUrl":"https:\/\/cdn.crusoe.com.br\/uploads\/2025\/07\/pexels-tdcat-70912-scaled.jpg","width":2560,"height":1600,"caption":"Foto: Torsten Dettlaff\/Pexels"},{"@type":"BreadcrumbList","@id":"https:\/\/crusoe.audiencelabs.com.br\/carros-no-brasil-podem-ficar-mais-baratos-com-essa-nova-mudanca\/#breadcrumb","itemListElement":[{"@type":"ListItem","position":1,"name":"Home","item":"https:\/\/crusoe.audiencelabs.com.br\/"},{"@type":"ListItem","position":2,"name":"Carros no Brasil podem ficar mais baratos com essa nova mudan\u00e7a"}]},{"@type":"WebSite","@id":"https:\/\/crusoe.audiencelabs.com.br\/#website","url":"https:\/\/crusoe.audiencelabs.com.br\/","name":"Variedades - Cruso\u00e9","description":"","potentialAction":[{"@type":"SearchAction","target":{"@type":"EntryPoint","urlTemplate":"https:\/\/crusoe.audiencelabs.com.br\/?s={search_term_string}"},"query-input":{"@type":"PropertyValueSpecification","valueRequired":true,"valueName":"search_term_string"}}],"inLanguage":"pt-BR"},{"@type":"Person","@id":"https:\/\/crusoe.audiencelabs.com.br\/#\/schema\/person\/f87f73cfe89e5360de2c006bd4bd6a74","name":"Milena Armando","image":{"@type":"ImageObject","inLanguage":"pt-BR","@id":"https:\/\/crusoe.audiencelabs.com.br\/#\/schema\/person\/image\/","url":"https:\/\/secure.gravatar.com\/avatar\/ea14ecddc9e9d202b698b18f9f69e09c9fd74cfbed5c6008d55f11faefdbdab7?s=96&d=mm&r=g","contentUrl":"https:\/\/secure.gravatar.com\/avatar\/ea14ecddc9e9d202b698b18f9f69e09c9fd74cfbed5c6008d55f11faefdbdab7?s=96&d=mm&r=g","caption":"Milena Armando"},"description":"Jornalista, redatora e revisora.","url":"https:\/\/crusoe.audiencelabs.com.br\/author\/milena\/"}]}},"_links":{"self":[{"href":"https:\/\/crusoe.audiencelabs.com.br\/wp-json\/wp\/v2\/posts\/4662","targetHints":{"allow":["GET"]}}],"collection":[{"href":"https:\/\/crusoe.audiencelabs.com.br\/wp-json\/wp\/v2\/posts"}],"about":[{"href":"https:\/\/crusoe.audiencelabs.com.br\/wp-json\/wp\/v2\/types\/post"}],"author":[{"embeddable":true,"href":"https:\/\/crusoe.audiencelabs.com.br\/wp-json\/wp\/v2\/users\/5"}],"replies":[{"embeddable":true,"href":"https:\/\/crusoe.audiencelabs.com.br\/wp-json\/wp\/v2\/comments?post=4662"}],"version-history":[{"count":1,"href":"https:\/\/crusoe.audiencelabs.com.br\/wp-json\/wp\/v2\/posts\/4662\/revisions"}],"predecessor-version":[{"id":4664,"href":"https:\/\/crusoe.audiencelabs.com.br\/wp-json\/wp\/v2\/posts\/4662\/revisions\/4664"}],"wp:featuredmedia":[{"embeddable":true,"href":"https:\/\/crusoe.audiencelabs.com.br\/wp-json\/wp\/v2\/media\/4663"}],"wp:attachment":[{"href":"https:\/\/crusoe.audiencelabs.com.br\/wp-json\/wp\/v2\/media?parent=4662"}],"wp:term":[{"taxonomy":"category","embeddable":true,"href":"https:\/\/crusoe.audiencelabs.com.br\/wp-json\/wp\/v2\/categories?post=4662"},{"taxonomy":"post_tag","embeddable":true,"href":"https:\/\/crusoe.audiencelabs.com.br\/wp-json\/wp\/v2\/tags?post=4662"}],"curies":[{"name":"wp","href":"https:\/\/api.w.org\/{rel}","templated":true}]}}