{"id":4495,"date":"2025-07-09T08:31:33","date_gmt":"2025-07-09T11:31:33","guid":{"rendered":"https:\/\/crusoe.com.br\/variedades\/?p=4495"},"modified":"2025-07-09T08:31:36","modified_gmt":"2025-07-09T11:31:36","slug":"brasileiro-de-16-anos-esta-entre-os-100-jovens-prodigios-do-planeta","status":"publish","type":"post","link":"https:\/\/crusoe.audiencelabs.com.br\/brasileiro-de-16-anos-esta-entre-os-100-jovens-prodigios-do-planeta\/","title":{"rendered":"Brasileiro de 16 anos est\u00e1 entre os 100 jovens prod\u00edgios do planeta"},"content":{"rendered":"\n<p>Acreditar que h\u00e1 uma rela\u00e7\u00e3o direta entre idade e intelig\u00eancia \u00e9 um equ\u00edvoco, uma vez que existem pessoas como o jovem <strong>Caio Temponi<\/strong>, de apenas 16 anos.<\/p>\n\n\n\n<p>Mesmo com pouca idade, o garoto ganhou destaque no Brasil e no exterior por seu not\u00e1vel intelecto, refletido em impressionantes feitos acad\u00eamicos.<\/p>\n\n\n\n<p>Demonstrando uma habilidade rara para os estudos, Caio foi estimulado desde muito cedo, o que fez com que ele conseguisse alcan\u00e7ar objetivos como o 1\u00ba lugar no vestibular da Escola Preparat\u00f3ria de Cadetes do Ar (EPCAR), um dos concursos mais competitivos do pa\u00eds, quando tinha apenas 12 anos.<\/p>\n\n\n\n<p>E por conta de sua trajet\u00f3ria inspiradora, ele acabou sendo selecionado como uma das 100 crian\u00e7as prod\u00edgios do mundo na categoria \u201cIntelig\u00eancia e mem\u00f3ria \u2013 QI\u201d pelo prestigiado <strong>Global Child Prodigy Awards<\/strong>.<\/p>\n\n\n\n<p>Realizado em Londres, o evento anual tem como objetivo celebrar e incentivar o desenvolvimento de habilidades extraordin\u00e1rias em crian\u00e7as e adolescentes em diversas categorias.<\/p>\n\n\n\n<h2 class=\"wp-block-heading\">Proezas acad\u00eamicas do jovem prod\u00edgio brasileiro<\/h2>\n\n\n\n<p>Cerca de um ano ap\u00f3s se destacar no EPCAR, Caio surpreendeu novamente, chegando \u00e0 impressionante marca de cinco aprova\u00e7\u00f5es em vestibulares, todas em cursos extremamente disputados, como Medicina e Direito.<\/p>\n\n\n\n<p>Desde ent\u00e3o, o jovem prod\u00edgio passou a colecionar \u00f3timos resultados, que chamam a aten\u00e7\u00e3o n\u00e3o s\u00f3 pela variedade e complexidade dos cursos escolhidos, mas tamb\u00e9m por sua alta coloca\u00e7\u00e3o entre os demais candidatos. Confira:<\/p>\n\n\n\n<ul class=\"wp-block-list\">\n<li><strong>1\u00ba lugar no vestibular do Col\u00e9gio Militar de Juiz de Fora (CMJF)<\/strong><\/li>\n\n\n\n<li><strong>1\u00ba lugar na Escola Preparat\u00f3ria de Cadetes do Ar (EPCAR)<\/strong><\/li>\n\n\n\n<li><strong>1\u00ba lugar em Administra\u00e7\u00e3o na Universidade Estadual do Cear\u00e1 (UECE)<\/strong><\/li>\n\n\n\n<li><strong>1\u00ba lugar em Direito na Universidade Federal Rural do Rio de Janeiro (UFRRJ)<\/strong><\/li>\n\n\n\n<li><strong>1\u00ba lugar em Engenharia Civil na Universidade Federal do Cariri (UFCA)<\/strong><\/li>\n\n\n\n<li><strong>1\u00ba lugar em Medicina na Universidade Cruzeiro do Sul<\/strong><\/li>\n\n\n\n<li><strong>1\u00ba lugar em Engenharia da Computa\u00e7\u00e3o no CEFET RJ<\/strong><\/li>\n\n\n\n<li><strong>3\u00ba lugar em Educa\u00e7\u00e3o F\u00edsica na Universidade de S\u00e3o Paulo (USP)<\/strong><\/li>\n\n\n\n<li><strong>3\u00ba lugar em Direito na Universidade Federal de Juiz de Fora (UFJF)<\/strong><\/li>\n\n\n\n<li><strong>Aprova\u00e7\u00f5es em Medicina, Direito e Matem\u00e1tica em diversas universidades renomadas, como UNB, UNICAMP, UNIFOR e AFA<\/strong><\/li>\n<\/ul>\n","protected":false},"excerpt":{"rendered":"<p>Acreditar que h\u00e1 uma rela\u00e7\u00e3o direta entre idade e intelig\u00eancia \u00e9 um equ\u00edvoco, uma vez que existem pessoas como o jovem Caio Temponi, de apenas 16 anos. Mesmo com pouca idade, o garoto ganhou destaque no Brasil e no exterior por seu not\u00e1vel intelecto, refletido em impressionantes feitos acad\u00eamicos. Demonstrando uma habilidade rara para os [&hellip;]<\/p>\n","protected":false},"author":7,"featured_media":4497,"comment_status":"open","ping_status":"open","sticky":false,"template":"","format":"standard","meta":{"jnews-multi-image_gallery":[],"jnews_single_post":{"format":"standard"},"jnews_primary_category":[],"jnews_override_counter":[],"jnews_post_split":[],"footnotes":""},"categories":[1],"tags":[],"class_list":["post-4495","post","type-post","status-publish","format-standard","has-post-thumbnail","hentry","category-geral"],"yoast_head":"<!-- This site is optimized with the Yoast SEO plugin v25.0 - https:\/\/yoast.com\/wordpress\/plugins\/seo\/ -->\n<title>Brasileiro de 16 anos est\u00e1 entre os 100 jovens prod\u00edgios do planeta<\/title>\n<meta name=\"robots\" content=\"index, follow, max-snippet:-1, max-image-preview:large, max-video-preview:-1\" \/>\n<link rel=\"canonical\" href=\"https:\/\/crusoe.audiencelabs.com.br\/brasileiro-de-16-anos-esta-entre-os-100-jovens-prodigios-do-planeta\/\" \/>\n<meta property=\"og:locale\" content=\"pt_BR\" \/>\n<meta property=\"og:type\" content=\"article\" \/>\n<meta property=\"og:title\" content=\"Brasileiro de 16 anos est\u00e1 entre os 100 jovens prod\u00edgios do planeta\" \/>\n<meta property=\"og:description\" content=\"Acreditar que h\u00e1 uma rela\u00e7\u00e3o direta entre idade e intelig\u00eancia \u00e9 um equ\u00edvoco, uma vez que existem pessoas como o jovem Caio Temponi, de apenas 16 anos. Mesmo com pouca idade, o garoto ganhou destaque no Brasil e no exterior por seu not\u00e1vel intelecto, refletido em impressionantes feitos acad\u00eamicos. Demonstrando uma habilidade rara para os [&hellip;]\" \/>\n<meta property=\"og:url\" content=\"https:\/\/crusoe.audiencelabs.com.br\/brasileiro-de-16-anos-esta-entre-os-100-jovens-prodigios-do-planeta\/\" \/>\n<meta property=\"og:site_name\" content=\"Variedades - Cruso\u00e9\" \/>\n<meta property=\"article:published_time\" content=\"2025-07-09T11:31:33+00:00\" \/>\n<meta property=\"article:modified_time\" content=\"2025-07-09T11:31:36+00:00\" \/>\n<meta property=\"og:image\" content=\"https:\/\/cdn.crusoe.com.br\/uploads\/2025\/07\/brasileiro-jovens-prodigio.jpg\" \/>\n\t<meta property=\"og:image:width\" content=\"1600\" \/>\n\t<meta property=\"og:image:height\" content=\"900\" \/>\n\t<meta property=\"og:image:type\" content=\"image\/jpeg\" \/>\n<meta name=\"author\" content=\"Jo\u00e3o Carlos Gomes\" \/>\n<meta name=\"twitter:card\" content=\"summary_large_image\" \/>\n<meta name=\"twitter:label1\" content=\"Escrito por\" \/>\n\t<meta name=\"twitter:data1\" content=\"Jo\u00e3o Carlos Gomes\" \/>\n\t<meta name=\"twitter:label2\" content=\"Est. tempo de leitura\" \/>\n\t<meta name=\"twitter:data2\" content=\"3 minutos\" \/>\n<script type=\"application\/ld+json\" class=\"yoast-schema-graph\">{\"@context\":\"https:\/\/schema.org\",\"@graph\":[{\"@type\":\"WebPage\",\"@id\":\"https:\/\/crusoe.audiencelabs.com.br\/brasileiro-de-16-anos-esta-entre-os-100-jovens-prodigios-do-planeta\/\",\"url\":\"https:\/\/crusoe.audiencelabs.com.br\/brasileiro-de-16-anos-esta-entre-os-100-jovens-prodigios-do-planeta\/\",\"name\":\"Brasileiro de 16 anos est\u00e1 entre os 100 jovens prod\u00edgios do planeta\",\"isPartOf\":{\"@id\":\"https:\/\/crusoe.audiencelabs.com.br\/#website\"},\"primaryImageOfPage\":{\"@id\":\"https:\/\/crusoe.audiencelabs.com.br\/brasileiro-de-16-anos-esta-entre-os-100-jovens-prodigios-do-planeta\/#primaryimage\"},\"image\":{\"@id\":\"https:\/\/crusoe.audiencelabs.com.br\/brasileiro-de-16-anos-esta-entre-os-100-jovens-prodigios-do-planeta\/#primaryimage\"},\"thumbnailUrl\":\"https:\/\/cdn.crusoe.com.br\/uploads\/2025\/07\/brasileiro-jovens-prodigio.jpg\",\"datePublished\":\"2025-07-09T11:31:33+00:00\",\"dateModified\":\"2025-07-09T11:31:36+00:00\",\"author\":{\"@id\":\"https:\/\/crusoe.audiencelabs.com.br\/#\/schema\/person\/4a23399b23149df2eab6637fd2fd2bfc\"},\"breadcrumb\":{\"@id\":\"https:\/\/crusoe.audiencelabs.com.br\/brasileiro-de-16-anos-esta-entre-os-100-jovens-prodigios-do-planeta\/#breadcrumb\"},\"inLanguage\":\"pt-BR\",\"potentialAction\":[{\"@type\":\"ReadAction\",\"target\":[\"https:\/\/crusoe.audiencelabs.com.br\/brasileiro-de-16-anos-esta-entre-os-100-jovens-prodigios-do-planeta\/\"]}]},{\"@type\":\"ImageObject\",\"inLanguage\":\"pt-BR\",\"@id\":\"https:\/\/crusoe.audiencelabs.com.br\/brasileiro-de-16-anos-esta-entre-os-100-jovens-prodigios-do-planeta\/#primaryimage\",\"url\":\"https:\/\/cdn.crusoe.com.br\/uploads\/2025\/07\/brasileiro-jovens-prodigio.jpg\",\"contentUrl\":\"https:\/\/cdn.crusoe.com.br\/uploads\/2025\/07\/brasileiro-jovens-prodigio.jpg\",\"width\":1600,\"height\":900,\"caption\":\"Foto: Jeswin Thomas\/Unsplash\"},{\"@type\":\"BreadcrumbList\",\"@id\":\"https:\/\/crusoe.audiencelabs.com.br\/brasileiro-de-16-anos-esta-entre-os-100-jovens-prodigios-do-planeta\/#breadcrumb\",\"itemListElement\":[{\"@type\":\"ListItem\",\"position\":1,\"name\":\"Home\",\"item\":\"https:\/\/crusoe.audiencelabs.com.br\/\"},{\"@type\":\"ListItem\",\"position\":2,\"name\":\"Brasileiro de 16 anos est\u00e1 entre os 100 jovens prod\u00edgios do planeta\"}]},{\"@type\":\"WebSite\",\"@id\":\"https:\/\/crusoe.audiencelabs.com.br\/#website\",\"url\":\"https:\/\/crusoe.audiencelabs.com.br\/\",\"name\":\"Variedades - Cruso\u00e9\",\"description\":\"\",\"potentialAction\":[{\"@type\":\"SearchAction\",\"target\":{\"@type\":\"EntryPoint\",\"urlTemplate\":\"https:\/\/crusoe.audiencelabs.com.br\/?s={search_term_string}\"},\"query-input\":{\"@type\":\"PropertyValueSpecification\",\"valueRequired\":true,\"valueName\":\"search_term_string\"}}],\"inLanguage\":\"pt-BR\"},{\"@type\":\"Person\",\"@id\":\"https:\/\/crusoe.audiencelabs.com.br\/#\/schema\/person\/4a23399b23149df2eab6637fd2fd2bfc\",\"name\":\"Jo\u00e3o Carlos Gomes\",\"image\":{\"@type\":\"ImageObject\",\"inLanguage\":\"pt-BR\",\"@id\":\"https:\/\/crusoe.audiencelabs.com.br\/#\/schema\/person\/image\/\",\"url\":\"https:\/\/secure.gravatar.com\/avatar\/4ce4672dbdd694b329cd6fdb51bee7d1409be1f0ff76a537e4c4a737b2c7d1a9?s=96&d=mm&r=g\",\"contentUrl\":\"https:\/\/secure.gravatar.com\/avatar\/4ce4672dbdd694b329cd6fdb51bee7d1409be1f0ff76a537e4c4a737b2c7d1a9?s=96&d=mm&r=g\",\"caption\":\"Jo\u00e3o Carlos Gomes\"},\"description\":\"Jornalista, criador de conte\u00fado e m\u00fasico independente nas horas vagas.\",\"url\":\"https:\/\/crusoe.audiencelabs.com.br\/author\/joaoc-junior66\/\"}]}<\/script>\n<!-- \/ Yoast SEO plugin. -->","yoast_head_json":{"title":"Brasileiro de 16 anos est\u00e1 entre os 100 jovens prod\u00edgios do planeta","robots":{"index":"index","follow":"follow","max-snippet":"max-snippet:-1","max-image-preview":"max-image-preview:large","max-video-preview":"max-video-preview:-1"},"canonical":"https:\/\/crusoe.audiencelabs.com.br\/brasileiro-de-16-anos-esta-entre-os-100-jovens-prodigios-do-planeta\/","og_locale":"pt_BR","og_type":"article","og_title":"Brasileiro de 16 anos est\u00e1 entre os 100 jovens prod\u00edgios do planeta","og_description":"Acreditar que h\u00e1 uma rela\u00e7\u00e3o direta entre idade e intelig\u00eancia \u00e9 um equ\u00edvoco, uma vez que existem pessoas como o jovem Caio Temponi, de apenas 16 anos. Mesmo com pouca idade, o garoto ganhou destaque no Brasil e no exterior por seu not\u00e1vel intelecto, refletido em impressionantes feitos acad\u00eamicos. Demonstrando uma habilidade rara para os [&hellip;]","og_url":"https:\/\/crusoe.audiencelabs.com.br\/brasileiro-de-16-anos-esta-entre-os-100-jovens-prodigios-do-planeta\/","og_site_name":"Variedades - Cruso\u00e9","article_published_time":"2025-07-09T11:31:33+00:00","article_modified_time":"2025-07-09T11:31:36+00:00","og_image":[{"width":1600,"height":900,"url":"https:\/\/cdn.crusoe.com.br\/uploads\/2025\/07\/brasileiro-jovens-prodigio.jpg","type":"image\/jpeg"}],"author":"Jo\u00e3o Carlos Gomes","twitter_card":"summary_large_image","twitter_misc":{"Escrito por":"Jo\u00e3o Carlos Gomes","Est. tempo de leitura":"3 minutos"},"schema":{"@context":"https:\/\/schema.org","@graph":[{"@type":"WebPage","@id":"https:\/\/crusoe.audiencelabs.com.br\/brasileiro-de-16-anos-esta-entre-os-100-jovens-prodigios-do-planeta\/","url":"https:\/\/crusoe.audiencelabs.com.br\/brasileiro-de-16-anos-esta-entre-os-100-jovens-prodigios-do-planeta\/","name":"Brasileiro de 16 anos est\u00e1 entre os 100 jovens prod\u00edgios do planeta","isPartOf":{"@id":"https:\/\/crusoe.audiencelabs.com.br\/#website"},"primaryImageOfPage":{"@id":"https:\/\/crusoe.audiencelabs.com.br\/brasileiro-de-16-anos-esta-entre-os-100-jovens-prodigios-do-planeta\/#primaryimage"},"image":{"@id":"https:\/\/crusoe.audiencelabs.com.br\/brasileiro-de-16-anos-esta-entre-os-100-jovens-prodigios-do-planeta\/#primaryimage"},"thumbnailUrl":"https:\/\/cdn.crusoe.com.br\/uploads\/2025\/07\/brasileiro-jovens-prodigio.jpg","datePublished":"2025-07-09T11:31:33+00:00","dateModified":"2025-07-09T11:31:36+00:00","author":{"@id":"https:\/\/crusoe.audiencelabs.com.br\/#\/schema\/person\/4a23399b23149df2eab6637fd2fd2bfc"},"breadcrumb":{"@id":"https:\/\/crusoe.audiencelabs.com.br\/brasileiro-de-16-anos-esta-entre-os-100-jovens-prodigios-do-planeta\/#breadcrumb"},"inLanguage":"pt-BR","potentialAction":[{"@type":"ReadAction","target":["https:\/\/crusoe.audiencelabs.com.br\/brasileiro-de-16-anos-esta-entre-os-100-jovens-prodigios-do-planeta\/"]}]},{"@type":"ImageObject","inLanguage":"pt-BR","@id":"https:\/\/crusoe.audiencelabs.com.br\/brasileiro-de-16-anos-esta-entre-os-100-jovens-prodigios-do-planeta\/#primaryimage","url":"https:\/\/cdn.crusoe.com.br\/uploads\/2025\/07\/brasileiro-jovens-prodigio.jpg","contentUrl":"https:\/\/cdn.crusoe.com.br\/uploads\/2025\/07\/brasileiro-jovens-prodigio.jpg","width":1600,"height":900,"caption":"Foto: Jeswin Thomas\/Unsplash"},{"@type":"BreadcrumbList","@id":"https:\/\/crusoe.audiencelabs.com.br\/brasileiro-de-16-anos-esta-entre-os-100-jovens-prodigios-do-planeta\/#breadcrumb","itemListElement":[{"@type":"ListItem","position":1,"name":"Home","item":"https:\/\/crusoe.audiencelabs.com.br\/"},{"@type":"ListItem","position":2,"name":"Brasileiro de 16 anos est\u00e1 entre os 100 jovens prod\u00edgios do planeta"}]},{"@type":"WebSite","@id":"https:\/\/crusoe.audiencelabs.com.br\/#website","url":"https:\/\/crusoe.audiencelabs.com.br\/","name":"Variedades - Cruso\u00e9","description":"","potentialAction":[{"@type":"SearchAction","target":{"@type":"EntryPoint","urlTemplate":"https:\/\/crusoe.audiencelabs.com.br\/?s={search_term_string}"},"query-input":{"@type":"PropertyValueSpecification","valueRequired":true,"valueName":"search_term_string"}}],"inLanguage":"pt-BR"},{"@type":"Person","@id":"https:\/\/crusoe.audiencelabs.com.br\/#\/schema\/person\/4a23399b23149df2eab6637fd2fd2bfc","name":"Jo\u00e3o Carlos Gomes","image":{"@type":"ImageObject","inLanguage":"pt-BR","@id":"https:\/\/crusoe.audiencelabs.com.br\/#\/schema\/person\/image\/","url":"https:\/\/secure.gravatar.com\/avatar\/4ce4672dbdd694b329cd6fdb51bee7d1409be1f0ff76a537e4c4a737b2c7d1a9?s=96&d=mm&r=g","contentUrl":"https:\/\/secure.gravatar.com\/avatar\/4ce4672dbdd694b329cd6fdb51bee7d1409be1f0ff76a537e4c4a737b2c7d1a9?s=96&d=mm&r=g","caption":"Jo\u00e3o Carlos Gomes"},"description":"Jornalista, criador de conte\u00fado e m\u00fasico independente nas horas vagas.","url":"https:\/\/crusoe.audiencelabs.com.br\/author\/joaoc-junior66\/"}]}},"_links":{"self":[{"href":"https:\/\/crusoe.audiencelabs.com.br\/wp-json\/wp\/v2\/posts\/4495","targetHints":{"allow":["GET"]}}],"collection":[{"href":"https:\/\/crusoe.audiencelabs.com.br\/wp-json\/wp\/v2\/posts"}],"about":[{"href":"https:\/\/crusoe.audiencelabs.com.br\/wp-json\/wp\/v2\/types\/post"}],"author":[{"embeddable":true,"href":"https:\/\/crusoe.audiencelabs.com.br\/wp-json\/wp\/v2\/users\/7"}],"replies":[{"embeddable":true,"href":"https:\/\/crusoe.audiencelabs.com.br\/wp-json\/wp\/v2\/comments?post=4495"}],"version-history":[{"count":1,"href":"https:\/\/crusoe.audiencelabs.com.br\/wp-json\/wp\/v2\/posts\/4495\/revisions"}],"predecessor-version":[{"id":4510,"href":"https:\/\/crusoe.audiencelabs.com.br\/wp-json\/wp\/v2\/posts\/4495\/revisions\/4510"}],"wp:featuredmedia":[{"embeddable":true,"href":"https:\/\/crusoe.audiencelabs.com.br\/wp-json\/wp\/v2\/media\/4497"}],"wp:attachment":[{"href":"https:\/\/crusoe.audiencelabs.com.br\/wp-json\/wp\/v2\/media?parent=4495"}],"wp:term":[{"taxonomy":"category","embeddable":true,"href":"https:\/\/crusoe.audiencelabs.com.br\/wp-json\/wp\/v2\/categories?post=4495"},{"taxonomy":"post_tag","embeddable":true,"href":"https:\/\/crusoe.audiencelabs.com.br\/wp-json\/wp\/v2\/tags?post=4495"}],"curies":[{"name":"wp","href":"https:\/\/api.w.org\/{rel}","templated":true}]}}