{"id":4244,"date":"2025-07-07T18:37:04","date_gmt":"2025-07-07T21:37:04","guid":{"rendered":"https:\/\/crusoe.com.br\/variedades\/?p=4244"},"modified":"2025-07-07T18:37:07","modified_gmt":"2025-07-07T21:37:07","slug":"queijo-famoso-e-retirado-do-mercado-por-risco-a-saude","status":"publish","type":"post","link":"https:\/\/crusoe.audiencelabs.com.br\/queijo-famoso-e-retirado-do-mercado-por-risco-a-saude\/","title":{"rendered":"Queijo famoso \u00e9 retirado do mercado por risco \u00e0 sa\u00fade"},"content":{"rendered":"\n<p>Sediada em Bandon, Oregon, a <strong>Face Rock Creamery<\/strong> \u00e9 considerada uma das queijarias mais renomadas dos Estados Unidos, sendo dona de diversos pr\u00eamios internacionais.<\/p>\n\n\n\n<p>No entanto, o nome da empresa ganhou as manchetes nos \u00faltimos dias depois que <strong>a presen\u00e7a da bact\u00e9ria <em>Listeria monocytogenes<\/em><\/strong>, causadora de infec\u00e7\u00f5es alimentares potencialmente fatais, foi identificada em um de seus produtos.<\/p>\n\n\n\n<p>Durante uma inspe\u00e7\u00e3o de qualidade de rotina, a pr\u00f3pria fabricante identificou contamina\u00e7\u00e3o em amostras do queijo <strong>Vampire Slayer Garlic Cheddar<\/strong>, comercializado com tampa lacrada e pl\u00e1stico transparente.<\/p>\n\n\n\n<p>Por conta disso, a Face Rock anunciou o recolhimento imediato dos lotes <strong>20250519VS01<\/strong> e <strong>20250519VS02<\/strong>, e orientou para que pessoas que j\u00e1 adquiram o produto n\u00e3o o consumam em hip\u00f3tese alguma.<\/p>\n\n\n\n<p>Al\u00e9m disso, a empresa tamb\u00e9m pediu para que os consumidores devolvam o queijo ao ponto de venda para garantir reembolso integral, e utilizem o e-mail <strong>info@facerockcreamery.com<\/strong> em caso de d\u00favidas.<\/p>\n\n\n\n<h2 class=\"wp-block-heading\">Queijo ainda n\u00e3o causou contamina\u00e7\u00f5es<\/h2>\n\n\n\n<p>Apesar da gravidade da ocorr\u00eancia, a Face Rock Creamery afirmou que, at\u00e9 o momento, <strong>n\u00e3o houve relatos de contamina\u00e7\u00e3o em consumidores<\/strong>.<\/p>\n\n\n\n<p>Desta forma, a a\u00e7\u00e3o de recolhimento do queijo iniciada pela empresa pode ser entendida como uma medida preventiva, visando justamente evitar problemas.<\/p>\n\n\n\n<p>Inclusive, vale destacar que a Face Rock apresentou um desempenho excepcional para lidar com a situa\u00e7\u00e3o, uma vez que ela mesma acionou a Food and Drug Administration (FDA) e o Departamento de Agricultura do Oregon, al\u00e9m de estar dedicada a uma investiga\u00e7\u00e3o interna para apurar as causas da contamina\u00e7\u00e3o.<\/p>\n\n\n\n<h2 class=\"wp-block-heading\">Listeriose: entenda os riscos da bact\u00e9ria presente no queijo<\/h2>\n\n\n\n<p>Conforme citado anteriormente, a <em>Listeria monocytogenes<\/em>, encontrada no queijo da Face Rock Creamery \u00e9 principal respons\u00e1vel por causar uma infec\u00e7\u00e3o alimentar grave chamada de <strong>&#8220;listeriose&#8221;<\/strong>, que afeta principalmente gestantes, rec\u00e9m-nascidos, idosos e pessoas imunossuprimidas. Os principais sintomas incluem:<\/p>\n\n\n\n<ul class=\"wp-block-list\">\n<li><strong>Febre alta;<\/strong><\/li>\n\n\n\n<li><strong>Dores de cabe\u00e7a intensas;<\/strong><\/li>\n\n\n\n<li><strong>N\u00e1useas e v\u00f4mitos;<\/strong><\/li>\n\n\n\n<li><strong>Diarreia;<\/strong><\/li>\n\n\n\n<li><strong>Rigidez na nuca;<\/strong><\/li>\n\n\n\n<li><strong>Confus\u00e3o mental;<\/strong><\/li>\n\n\n\n<li><strong>Dor abdominal.<\/strong><\/li>\n<\/ul>\n\n\n\n<p>Vale lembrar que, em casos mais graves, a listeriose pode causar abortos espont\u00e2neos ou partos prematuros em gr\u00e1vidas e infec\u00e7\u00f5es sist\u00eamicas e morte em pacientes imunossuprimidos e idosos.<\/p>\n","protected":false},"excerpt":{"rendered":"<p>Sediada em Bandon, Oregon, a Face Rock Creamery \u00e9 considerada uma das queijarias mais renomadas dos Estados Unidos, sendo dona de diversos pr\u00eamios internacionais. No entanto, o nome da empresa ganhou as manchetes nos \u00faltimos dias depois que a presen\u00e7a da bact\u00e9ria Listeria monocytogenes, causadora de infec\u00e7\u00f5es alimentares potencialmente fatais, foi identificada em um de [&hellip;]<\/p>\n","protected":false},"author":7,"featured_media":4245,"comment_status":"open","ping_status":"open","sticky":false,"template":"","format":"standard","meta":{"jnews-multi-image_gallery":[],"jnews_single_post":{"format":"standard"},"jnews_primary_category":[],"jnews_override_counter":[],"jnews_post_split":[],"footnotes":""},"categories":[1],"tags":[],"class_list":["post-4244","post","type-post","status-publish","format-standard","has-post-thumbnail","hentry","category-geral"],"yoast_head":"<!-- This site is optimized with the Yoast SEO plugin v25.0 - https:\/\/yoast.com\/wordpress\/plugins\/seo\/ -->\n<title>Queijo famoso \u00e9 retirado do mercado por risco \u00e0 sa\u00fade<\/title>\n<meta name=\"robots\" content=\"index, follow, max-snippet:-1, max-image-preview:large, max-video-preview:-1\" \/>\n<link rel=\"canonical\" href=\"https:\/\/crusoe.audiencelabs.com.br\/queijo-famoso-e-retirado-do-mercado-por-risco-a-saude\/\" \/>\n<meta property=\"og:locale\" content=\"pt_BR\" \/>\n<meta property=\"og:type\" content=\"article\" \/>\n<meta property=\"og:title\" content=\"Queijo famoso \u00e9 retirado do mercado por risco \u00e0 sa\u00fade\" \/>\n<meta property=\"og:description\" content=\"Sediada em Bandon, Oregon, a Face Rock Creamery \u00e9 considerada uma das queijarias mais renomadas dos Estados Unidos, sendo dona de diversos pr\u00eamios internacionais. No entanto, o nome da empresa ganhou as manchetes nos \u00faltimos dias depois que a presen\u00e7a da bact\u00e9ria Listeria monocytogenes, causadora de infec\u00e7\u00f5es alimentares potencialmente fatais, foi identificada em um de [&hellip;]\" \/>\n<meta property=\"og:url\" content=\"https:\/\/crusoe.audiencelabs.com.br\/queijo-famoso-e-retirado-do-mercado-por-risco-a-saude\/\" \/>\n<meta property=\"og:site_name\" content=\"Variedades - Cruso\u00e9\" \/>\n<meta property=\"article:published_time\" content=\"2025-07-07T21:37:04+00:00\" \/>\n<meta property=\"article:modified_time\" content=\"2025-07-07T21:37:07+00:00\" \/>\n<meta property=\"og:image\" content=\"https:\/\/cdn.crusoe.com.br\/uploads\/2025\/07\/queijo-mercado-risco-saude.jpg\" \/>\n\t<meta property=\"og:image:width\" content=\"1280\" \/>\n\t<meta property=\"og:image:height\" content=\"720\" \/>\n\t<meta property=\"og:image:type\" content=\"image\/jpeg\" \/>\n<meta name=\"author\" content=\"Jo\u00e3o Carlos Gomes\" \/>\n<meta name=\"twitter:card\" content=\"summary_large_image\" \/>\n<meta name=\"twitter:label1\" content=\"Escrito por\" \/>\n\t<meta name=\"twitter:data1\" content=\"Jo\u00e3o Carlos Gomes\" \/>\n\t<meta name=\"twitter:label2\" content=\"Est. tempo de leitura\" \/>\n\t<meta name=\"twitter:data2\" content=\"3 minutos\" \/>\n<script type=\"application\/ld+json\" class=\"yoast-schema-graph\">{\"@context\":\"https:\/\/schema.org\",\"@graph\":[{\"@type\":\"WebPage\",\"@id\":\"https:\/\/crusoe.audiencelabs.com.br\/queijo-famoso-e-retirado-do-mercado-por-risco-a-saude\/\",\"url\":\"https:\/\/crusoe.audiencelabs.com.br\/queijo-famoso-e-retirado-do-mercado-por-risco-a-saude\/\",\"name\":\"Queijo famoso \u00e9 retirado do mercado por risco \u00e0 sa\u00fade\",\"isPartOf\":{\"@id\":\"https:\/\/crusoe.audiencelabs.com.br\/#website\"},\"primaryImageOfPage\":{\"@id\":\"https:\/\/crusoe.audiencelabs.com.br\/queijo-famoso-e-retirado-do-mercado-por-risco-a-saude\/#primaryimage\"},\"image\":{\"@id\":\"https:\/\/crusoe.audiencelabs.com.br\/queijo-famoso-e-retirado-do-mercado-por-risco-a-saude\/#primaryimage\"},\"thumbnailUrl\":\"https:\/\/cdn.crusoe.com.br\/uploads\/2025\/07\/queijo-mercado-risco-saude.jpg\",\"datePublished\":\"2025-07-07T21:37:04+00:00\",\"dateModified\":\"2025-07-07T21:37:07+00:00\",\"author\":{\"@id\":\"https:\/\/crusoe.audiencelabs.com.br\/#\/schema\/person\/4a23399b23149df2eab6637fd2fd2bfc\"},\"breadcrumb\":{\"@id\":\"https:\/\/crusoe.audiencelabs.com.br\/queijo-famoso-e-retirado-do-mercado-por-risco-a-saude\/#breadcrumb\"},\"inLanguage\":\"pt-BR\",\"potentialAction\":[{\"@type\":\"ReadAction\",\"target\":[\"https:\/\/crusoe.audiencelabs.com.br\/queijo-famoso-e-retirado-do-mercado-por-risco-a-saude\/\"]}]},{\"@type\":\"ImageObject\",\"inLanguage\":\"pt-BR\",\"@id\":\"https:\/\/crusoe.audiencelabs.com.br\/queijo-famoso-e-retirado-do-mercado-por-risco-a-saude\/#primaryimage\",\"url\":\"https:\/\/cdn.crusoe.com.br\/uploads\/2025\/07\/queijo-mercado-risco-saude.jpg\",\"contentUrl\":\"https:\/\/cdn.crusoe.com.br\/uploads\/2025\/07\/queijo-mercado-risco-saude.jpg\",\"width\":1280,\"height\":720,\"caption\":\"Foto: Anthony Arnaud\/Pixabay\"},{\"@type\":\"BreadcrumbList\",\"@id\":\"https:\/\/crusoe.audiencelabs.com.br\/queijo-famoso-e-retirado-do-mercado-por-risco-a-saude\/#breadcrumb\",\"itemListElement\":[{\"@type\":\"ListItem\",\"position\":1,\"name\":\"Home\",\"item\":\"https:\/\/crusoe.audiencelabs.com.br\/\"},{\"@type\":\"ListItem\",\"position\":2,\"name\":\"Queijo famoso \u00e9 retirado do mercado por risco \u00e0 sa\u00fade\"}]},{\"@type\":\"WebSite\",\"@id\":\"https:\/\/crusoe.audiencelabs.com.br\/#website\",\"url\":\"https:\/\/crusoe.audiencelabs.com.br\/\",\"name\":\"Variedades - Cruso\u00e9\",\"description\":\"\",\"potentialAction\":[{\"@type\":\"SearchAction\",\"target\":{\"@type\":\"EntryPoint\",\"urlTemplate\":\"https:\/\/crusoe.audiencelabs.com.br\/?s={search_term_string}\"},\"query-input\":{\"@type\":\"PropertyValueSpecification\",\"valueRequired\":true,\"valueName\":\"search_term_string\"}}],\"inLanguage\":\"pt-BR\"},{\"@type\":\"Person\",\"@id\":\"https:\/\/crusoe.audiencelabs.com.br\/#\/schema\/person\/4a23399b23149df2eab6637fd2fd2bfc\",\"name\":\"Jo\u00e3o Carlos Gomes\",\"image\":{\"@type\":\"ImageObject\",\"inLanguage\":\"pt-BR\",\"@id\":\"https:\/\/crusoe.audiencelabs.com.br\/#\/schema\/person\/image\/\",\"url\":\"https:\/\/secure.gravatar.com\/avatar\/4ce4672dbdd694b329cd6fdb51bee7d1409be1f0ff76a537e4c4a737b2c7d1a9?s=96&d=mm&r=g\",\"contentUrl\":\"https:\/\/secure.gravatar.com\/avatar\/4ce4672dbdd694b329cd6fdb51bee7d1409be1f0ff76a537e4c4a737b2c7d1a9?s=96&d=mm&r=g\",\"caption\":\"Jo\u00e3o Carlos Gomes\"},\"description\":\"Jornalista, criador de conte\u00fado e m\u00fasico independente nas horas vagas.\",\"url\":\"https:\/\/crusoe.audiencelabs.com.br\/author\/joaoc-junior66\/\"}]}<\/script>\n<!-- \/ Yoast SEO plugin. -->","yoast_head_json":{"title":"Queijo famoso \u00e9 retirado do mercado por risco \u00e0 sa\u00fade","robots":{"index":"index","follow":"follow","max-snippet":"max-snippet:-1","max-image-preview":"max-image-preview:large","max-video-preview":"max-video-preview:-1"},"canonical":"https:\/\/crusoe.audiencelabs.com.br\/queijo-famoso-e-retirado-do-mercado-por-risco-a-saude\/","og_locale":"pt_BR","og_type":"article","og_title":"Queijo famoso \u00e9 retirado do mercado por risco \u00e0 sa\u00fade","og_description":"Sediada em Bandon, Oregon, a Face Rock Creamery \u00e9 considerada uma das queijarias mais renomadas dos Estados Unidos, sendo dona de diversos pr\u00eamios internacionais. No entanto, o nome da empresa ganhou as manchetes nos \u00faltimos dias depois que a presen\u00e7a da bact\u00e9ria Listeria monocytogenes, causadora de infec\u00e7\u00f5es alimentares potencialmente fatais, foi identificada em um de [&hellip;]","og_url":"https:\/\/crusoe.audiencelabs.com.br\/queijo-famoso-e-retirado-do-mercado-por-risco-a-saude\/","og_site_name":"Variedades - Cruso\u00e9","article_published_time":"2025-07-07T21:37:04+00:00","article_modified_time":"2025-07-07T21:37:07+00:00","og_image":[{"width":1280,"height":720,"url":"https:\/\/cdn.crusoe.com.br\/uploads\/2025\/07\/queijo-mercado-risco-saude.jpg","type":"image\/jpeg"}],"author":"Jo\u00e3o Carlos Gomes","twitter_card":"summary_large_image","twitter_misc":{"Escrito por":"Jo\u00e3o Carlos Gomes","Est. tempo de leitura":"3 minutos"},"schema":{"@context":"https:\/\/schema.org","@graph":[{"@type":"WebPage","@id":"https:\/\/crusoe.audiencelabs.com.br\/queijo-famoso-e-retirado-do-mercado-por-risco-a-saude\/","url":"https:\/\/crusoe.audiencelabs.com.br\/queijo-famoso-e-retirado-do-mercado-por-risco-a-saude\/","name":"Queijo famoso \u00e9 retirado do mercado por risco \u00e0 sa\u00fade","isPartOf":{"@id":"https:\/\/crusoe.audiencelabs.com.br\/#website"},"primaryImageOfPage":{"@id":"https:\/\/crusoe.audiencelabs.com.br\/queijo-famoso-e-retirado-do-mercado-por-risco-a-saude\/#primaryimage"},"image":{"@id":"https:\/\/crusoe.audiencelabs.com.br\/queijo-famoso-e-retirado-do-mercado-por-risco-a-saude\/#primaryimage"},"thumbnailUrl":"https:\/\/cdn.crusoe.com.br\/uploads\/2025\/07\/queijo-mercado-risco-saude.jpg","datePublished":"2025-07-07T21:37:04+00:00","dateModified":"2025-07-07T21:37:07+00:00","author":{"@id":"https:\/\/crusoe.audiencelabs.com.br\/#\/schema\/person\/4a23399b23149df2eab6637fd2fd2bfc"},"breadcrumb":{"@id":"https:\/\/crusoe.audiencelabs.com.br\/queijo-famoso-e-retirado-do-mercado-por-risco-a-saude\/#breadcrumb"},"inLanguage":"pt-BR","potentialAction":[{"@type":"ReadAction","target":["https:\/\/crusoe.audiencelabs.com.br\/queijo-famoso-e-retirado-do-mercado-por-risco-a-saude\/"]}]},{"@type":"ImageObject","inLanguage":"pt-BR","@id":"https:\/\/crusoe.audiencelabs.com.br\/queijo-famoso-e-retirado-do-mercado-por-risco-a-saude\/#primaryimage","url":"https:\/\/cdn.crusoe.com.br\/uploads\/2025\/07\/queijo-mercado-risco-saude.jpg","contentUrl":"https:\/\/cdn.crusoe.com.br\/uploads\/2025\/07\/queijo-mercado-risco-saude.jpg","width":1280,"height":720,"caption":"Foto: Anthony Arnaud\/Pixabay"},{"@type":"BreadcrumbList","@id":"https:\/\/crusoe.audiencelabs.com.br\/queijo-famoso-e-retirado-do-mercado-por-risco-a-saude\/#breadcrumb","itemListElement":[{"@type":"ListItem","position":1,"name":"Home","item":"https:\/\/crusoe.audiencelabs.com.br\/"},{"@type":"ListItem","position":2,"name":"Queijo famoso \u00e9 retirado do mercado por risco \u00e0 sa\u00fade"}]},{"@type":"WebSite","@id":"https:\/\/crusoe.audiencelabs.com.br\/#website","url":"https:\/\/crusoe.audiencelabs.com.br\/","name":"Variedades - Cruso\u00e9","description":"","potentialAction":[{"@type":"SearchAction","target":{"@type":"EntryPoint","urlTemplate":"https:\/\/crusoe.audiencelabs.com.br\/?s={search_term_string}"},"query-input":{"@type":"PropertyValueSpecification","valueRequired":true,"valueName":"search_term_string"}}],"inLanguage":"pt-BR"},{"@type":"Person","@id":"https:\/\/crusoe.audiencelabs.com.br\/#\/schema\/person\/4a23399b23149df2eab6637fd2fd2bfc","name":"Jo\u00e3o Carlos Gomes","image":{"@type":"ImageObject","inLanguage":"pt-BR","@id":"https:\/\/crusoe.audiencelabs.com.br\/#\/schema\/person\/image\/","url":"https:\/\/secure.gravatar.com\/avatar\/4ce4672dbdd694b329cd6fdb51bee7d1409be1f0ff76a537e4c4a737b2c7d1a9?s=96&d=mm&r=g","contentUrl":"https:\/\/secure.gravatar.com\/avatar\/4ce4672dbdd694b329cd6fdb51bee7d1409be1f0ff76a537e4c4a737b2c7d1a9?s=96&d=mm&r=g","caption":"Jo\u00e3o Carlos Gomes"},"description":"Jornalista, criador de conte\u00fado e m\u00fasico independente nas horas vagas.","url":"https:\/\/crusoe.audiencelabs.com.br\/author\/joaoc-junior66\/"}]}},"_links":{"self":[{"href":"https:\/\/crusoe.audiencelabs.com.br\/wp-json\/wp\/v2\/posts\/4244","targetHints":{"allow":["GET"]}}],"collection":[{"href":"https:\/\/crusoe.audiencelabs.com.br\/wp-json\/wp\/v2\/posts"}],"about":[{"href":"https:\/\/crusoe.audiencelabs.com.br\/wp-json\/wp\/v2\/types\/post"}],"author":[{"embeddable":true,"href":"https:\/\/crusoe.audiencelabs.com.br\/wp-json\/wp\/v2\/users\/7"}],"replies":[{"embeddable":true,"href":"https:\/\/crusoe.audiencelabs.com.br\/wp-json\/wp\/v2\/comments?post=4244"}],"version-history":[{"count":1,"href":"https:\/\/crusoe.audiencelabs.com.br\/wp-json\/wp\/v2\/posts\/4244\/revisions"}],"predecessor-version":[{"id":4261,"href":"https:\/\/crusoe.audiencelabs.com.br\/wp-json\/wp\/v2\/posts\/4244\/revisions\/4261"}],"wp:featuredmedia":[{"embeddable":true,"href":"https:\/\/crusoe.audiencelabs.com.br\/wp-json\/wp\/v2\/media\/4245"}],"wp:attachment":[{"href":"https:\/\/crusoe.audiencelabs.com.br\/wp-json\/wp\/v2\/media?parent=4244"}],"wp:term":[{"taxonomy":"category","embeddable":true,"href":"https:\/\/crusoe.audiencelabs.com.br\/wp-json\/wp\/v2\/categories?post=4244"},{"taxonomy":"post_tag","embeddable":true,"href":"https:\/\/crusoe.audiencelabs.com.br\/wp-json\/wp\/v2\/tags?post=4244"}],"curies":[{"name":"wp","href":"https:\/\/api.w.org\/{rel}","templated":true}]}}