{"id":4035,"date":"2025-07-04T17:44:06","date_gmt":"2025-07-04T20:44:06","guid":{"rendered":"https:\/\/crusoe.com.br\/variedades\/?p=4035"},"modified":"2025-07-04T17:44:07","modified_gmt":"2025-07-04T20:44:07","slug":"pagamento-do-bolsa-familia-menor-em-julho-entenda-o-motivo","status":"publish","type":"post","link":"https:\/\/crusoe.audiencelabs.com.br\/pagamento-do-bolsa-familia-menor-em-julho-entenda-o-motivo\/","title":{"rendered":"Pagamento do Bolsa Fam\u00edlia menor em julho: entenda o motivo"},"content":{"rendered":"\n<p>Em menores valores, os pagamentos do Bolsa Fam\u00edlia do m\u00eas de julho de 2025 acontecer\u00e3o pela aus\u00eancia do Aux\u00edlio G\u00e1s. Pago bimestralmente, s\u00f3 retornar\u00e1 em agosto. Pensado para colaborar com fam\u00edlias vulner\u00e1veis, a interrup\u00e7\u00e3o pode interferir no equil\u00edbrio que o adicional proporciona a essas pessoas.<\/p>\n\n\n\n<p>Criado para ser um complemento \u00e0s fam\u00edlias brasileiras juntamente ao Bolsa Fam\u00edlia, o prop\u00f3sito \u00e9 contemplar com o custo do g\u00e1s de cozinha. Apesar disso, os valores regulares do programa j\u00e1 ajudaram milh\u00f5es de fam\u00edlias a sair da pobreza e continuar\u00e3o a ser pagos conforme a estrutura atual.<\/p>\n\n\n\n<p>Refor\u00e7ando exig\u00eancias, o Governo Federal quer as comprova\u00e7\u00f5es sobre a vacina\u00e7\u00e3o em dia e a frequ\u00eancia escolar. Intensificando a atualiza\u00e7\u00e3o cadastral para o Bolsa Fam\u00edlia, inconsist\u00eancias devem ser corrigidas, principalmente para garantir as fam\u00edlias eleg\u00edveis no programa.<\/p>\n\n\n\n<h2 class=\"wp-block-heading\"><strong>Como ficar\u00e1 o valor<\/strong><\/h2>\n\n\n\n<p>Com a aus\u00eancia do Aux\u00edlio G\u00e1s em julho, os benefici\u00e1rios do Bolsa Fam\u00edlia receber\u00e3o apenas valores regulares. Sendo assim, o m\u00ednimo de R$ 600,00 segue garantido, com adicionais de R$ 150,00 por crian\u00e7a de at\u00e9 6 anos e R$ 50,00 para gestantes e jovens entre 7 e 18 anos.<\/p>\n\n\n\n<p>Beb\u00eas de at\u00e9 6 meses R$ 50,00, com repasses regulares se mantendo pelo corte tempor\u00e1rio no Bolsa Fam\u00edlia. No valor m\u00e9dio de R$ 108,00 do Aux\u00edlio G\u00e1s, isso refletia o custo do botij\u00e3o de 13 kg. Equilibrando as contas, tal valor auxilia na alta dos pre\u00e7os nos itens b\u00e1sicos.<\/p>\n\n\n\n<p>Sendo apenas uma pausa tempor\u00e1ria, o corte n\u00e3o \u00e9 definitivo. At\u00e9 o per\u00edodo de sua volta, o Cad\u00danico precisa estar devidamente preenchido, com altera\u00e7\u00f5es sinalizadas, principalmente dentro das condicionalidades exigidas pelo programa Bolsa Fam\u00edlia. Evitando o bloqueio, deve ser feito.<\/p>\n\n\n\n<p>Devendo beneficiar novamente com o Aux\u00edlio G\u00e1s, sua volta no m\u00eas seguinte representa a import\u00e2ncia do amparo \u00e0s fam\u00edlias brasileiras. Tendo despesas dom\u00e9sticas al\u00e9m do esperado, a lacuna preenchida voltar\u00e1 a facilitar e complementar rendas que precisam do prosseguimento do Bolsa Fam\u00edlia.<\/p>\n\n\n\n<p><\/p>\n","protected":false},"excerpt":{"rendered":"<p>Sem o Aux\u00edlio G\u00e1s, o Bolsa Fam\u00edlia em julho ter\u00e1 valor reduzido.<\/p>\n","protected":false},"author":8,"featured_media":4061,"comment_status":"open","ping_status":"open","sticky":false,"template":"","format":"standard","meta":{"jnews-multi-image_gallery":[],"jnews_single_post":{"format":"standard"},"jnews_primary_category":[],"jnews_override_counter":[],"jnews_post_split":[],"footnotes":""},"categories":[1],"tags":[],"class_list":["post-4035","post","type-post","status-publish","format-standard","has-post-thumbnail","hentry","category-geral"],"yoast_head":"<!-- This site is optimized with the Yoast SEO plugin v25.0 - https:\/\/yoast.com\/wordpress\/plugins\/seo\/ -->\n<title>Pagamento do Bolsa Fam\u00edlia menor em julho: entenda o motivo<\/title>\n<meta name=\"robots\" content=\"index, follow, max-snippet:-1, max-image-preview:large, max-video-preview:-1\" \/>\n<link rel=\"canonical\" href=\"https:\/\/crusoe.audiencelabs.com.br\/pagamento-do-bolsa-familia-menor-em-julho-entenda-o-motivo\/\" \/>\n<meta property=\"og:locale\" content=\"pt_BR\" \/>\n<meta property=\"og:type\" content=\"article\" \/>\n<meta property=\"og:title\" content=\"Pagamento do Bolsa Fam\u00edlia menor em julho: entenda o motivo\" \/>\n<meta property=\"og:description\" content=\"Sem o Aux\u00edlio G\u00e1s, o Bolsa Fam\u00edlia em julho ter\u00e1 valor reduzido.\" \/>\n<meta property=\"og:url\" content=\"https:\/\/crusoe.audiencelabs.com.br\/pagamento-do-bolsa-familia-menor-em-julho-entenda-o-motivo\/\" \/>\n<meta property=\"og:site_name\" content=\"Variedades - Cruso\u00e9\" \/>\n<meta property=\"article:published_time\" content=\"2025-07-04T20:44:06+00:00\" \/>\n<meta property=\"article:modified_time\" content=\"2025-07-04T20:44:07+00:00\" \/>\n<meta property=\"og:image\" content=\"https:\/\/cdn.crusoe.com.br\/uploads\/2025\/07\/Bolsa-Familia.webp\" \/>\n\t<meta property=\"og:image:width\" content=\"1170\" \/>\n\t<meta property=\"og:image:height\" content=\"700\" \/>\n\t<meta property=\"og:image:type\" content=\"image\/webp\" \/>\n<meta name=\"author\" content=\"Gabriela Santos\" \/>\n<meta name=\"twitter:card\" content=\"summary_large_image\" \/>\n<meta name=\"twitter:label1\" content=\"Escrito por\" \/>\n\t<meta name=\"twitter:data1\" content=\"Gabriela Santos\" \/>\n\t<meta name=\"twitter:label2\" content=\"Est. tempo de leitura\" \/>\n\t<meta name=\"twitter:data2\" content=\"2 minutos\" \/>\n<script type=\"application\/ld+json\" class=\"yoast-schema-graph\">{\"@context\":\"https:\/\/schema.org\",\"@graph\":[{\"@type\":\"WebPage\",\"@id\":\"https:\/\/crusoe.audiencelabs.com.br\/pagamento-do-bolsa-familia-menor-em-julho-entenda-o-motivo\/\",\"url\":\"https:\/\/crusoe.audiencelabs.com.br\/pagamento-do-bolsa-familia-menor-em-julho-entenda-o-motivo\/\",\"name\":\"Pagamento do Bolsa Fam\u00edlia menor em julho: entenda o motivo\",\"isPartOf\":{\"@id\":\"https:\/\/crusoe.audiencelabs.com.br\/#website\"},\"primaryImageOfPage\":{\"@id\":\"https:\/\/crusoe.audiencelabs.com.br\/pagamento-do-bolsa-familia-menor-em-julho-entenda-o-motivo\/#primaryimage\"},\"image\":{\"@id\":\"https:\/\/crusoe.audiencelabs.com.br\/pagamento-do-bolsa-familia-menor-em-julho-entenda-o-motivo\/#primaryimage\"},\"thumbnailUrl\":\"https:\/\/cdn.crusoe.com.br\/uploads\/2025\/07\/Bolsa-Familia.webp\",\"datePublished\":\"2025-07-04T20:44:06+00:00\",\"dateModified\":\"2025-07-04T20:44:07+00:00\",\"author\":{\"@id\":\"https:\/\/crusoe.audiencelabs.com.br\/#\/schema\/person\/be66e7e59ad3bc2a7c0833132c5c8c00\"},\"breadcrumb\":{\"@id\":\"https:\/\/crusoe.audiencelabs.com.br\/pagamento-do-bolsa-familia-menor-em-julho-entenda-o-motivo\/#breadcrumb\"},\"inLanguage\":\"pt-BR\",\"potentialAction\":[{\"@type\":\"ReadAction\",\"target\":[\"https:\/\/crusoe.audiencelabs.com.br\/pagamento-do-bolsa-familia-menor-em-julho-entenda-o-motivo\/\"]}]},{\"@type\":\"ImageObject\",\"inLanguage\":\"pt-BR\",\"@id\":\"https:\/\/crusoe.audiencelabs.com.br\/pagamento-do-bolsa-familia-menor-em-julho-entenda-o-motivo\/#primaryimage\",\"url\":\"https:\/\/cdn.crusoe.com.br\/uploads\/2025\/07\/Bolsa-Familia.webp\",\"contentUrl\":\"https:\/\/cdn.crusoe.com.br\/uploads\/2025\/07\/Bolsa-Familia.webp\",\"width\":1170,\"height\":700,\"caption\":\"Reprodu\u00e7\u00e3o: MDS (Lyon Santos)\"},{\"@type\":\"BreadcrumbList\",\"@id\":\"https:\/\/crusoe.audiencelabs.com.br\/pagamento-do-bolsa-familia-menor-em-julho-entenda-o-motivo\/#breadcrumb\",\"itemListElement\":[{\"@type\":\"ListItem\",\"position\":1,\"name\":\"Home\",\"item\":\"https:\/\/crusoe.audiencelabs.com.br\/\"},{\"@type\":\"ListItem\",\"position\":2,\"name\":\"Pagamento do Bolsa Fam\u00edlia menor em julho: entenda o motivo\"}]},{\"@type\":\"WebSite\",\"@id\":\"https:\/\/crusoe.audiencelabs.com.br\/#website\",\"url\":\"https:\/\/crusoe.audiencelabs.com.br\/\",\"name\":\"Variedades - Cruso\u00e9\",\"description\":\"\",\"potentialAction\":[{\"@type\":\"SearchAction\",\"target\":{\"@type\":\"EntryPoint\",\"urlTemplate\":\"https:\/\/crusoe.audiencelabs.com.br\/?s={search_term_string}\"},\"query-input\":{\"@type\":\"PropertyValueSpecification\",\"valueRequired\":true,\"valueName\":\"search_term_string\"}}],\"inLanguage\":\"pt-BR\"},{\"@type\":\"Person\",\"@id\":\"https:\/\/crusoe.audiencelabs.com.br\/#\/schema\/person\/be66e7e59ad3bc2a7c0833132c5c8c00\",\"name\":\"Gabriela Santos\",\"image\":{\"@type\":\"ImageObject\",\"inLanguage\":\"pt-BR\",\"@id\":\"https:\/\/crusoe.audiencelabs.com.br\/#\/schema\/person\/image\/\",\"url\":\"https:\/\/secure.gravatar.com\/avatar\/d58b244b5f316c2ae218c4fd7fd0fdf0fbcf215931ac50c70906d65db85b6002?s=96&d=mm&r=g\",\"contentUrl\":\"https:\/\/secure.gravatar.com\/avatar\/d58b244b5f316c2ae218c4fd7fd0fdf0fbcf215931ac50c70906d65db85b6002?s=96&d=mm&r=g\",\"caption\":\"Gabriela Santos\"},\"description\":\"Jornalista que atua com a produ\u00e7\u00e3o de conte\u00fado em temas diversos, aproximando o leitor por meio de informa\u00e7\u00f5es que refletem o cotidiano.\",\"url\":\"https:\/\/crusoe.audiencelabs.com.br\/author\/gabrielasantos\/\"}]}<\/script>\n<!-- \/ Yoast SEO plugin. -->","yoast_head_json":{"title":"Pagamento do Bolsa Fam\u00edlia menor em julho: entenda o motivo","robots":{"index":"index","follow":"follow","max-snippet":"max-snippet:-1","max-image-preview":"max-image-preview:large","max-video-preview":"max-video-preview:-1"},"canonical":"https:\/\/crusoe.audiencelabs.com.br\/pagamento-do-bolsa-familia-menor-em-julho-entenda-o-motivo\/","og_locale":"pt_BR","og_type":"article","og_title":"Pagamento do Bolsa Fam\u00edlia menor em julho: entenda o motivo","og_description":"Sem o Aux\u00edlio G\u00e1s, o Bolsa Fam\u00edlia em julho ter\u00e1 valor reduzido.","og_url":"https:\/\/crusoe.audiencelabs.com.br\/pagamento-do-bolsa-familia-menor-em-julho-entenda-o-motivo\/","og_site_name":"Variedades - Cruso\u00e9","article_published_time":"2025-07-04T20:44:06+00:00","article_modified_time":"2025-07-04T20:44:07+00:00","og_image":[{"width":1170,"height":700,"url":"https:\/\/cdn.crusoe.com.br\/uploads\/2025\/07\/Bolsa-Familia.webp","type":"image\/webp"}],"author":"Gabriela Santos","twitter_card":"summary_large_image","twitter_misc":{"Escrito por":"Gabriela Santos","Est. tempo de leitura":"2 minutos"},"schema":{"@context":"https:\/\/schema.org","@graph":[{"@type":"WebPage","@id":"https:\/\/crusoe.audiencelabs.com.br\/pagamento-do-bolsa-familia-menor-em-julho-entenda-o-motivo\/","url":"https:\/\/crusoe.audiencelabs.com.br\/pagamento-do-bolsa-familia-menor-em-julho-entenda-o-motivo\/","name":"Pagamento do Bolsa Fam\u00edlia menor em julho: entenda o motivo","isPartOf":{"@id":"https:\/\/crusoe.audiencelabs.com.br\/#website"},"primaryImageOfPage":{"@id":"https:\/\/crusoe.audiencelabs.com.br\/pagamento-do-bolsa-familia-menor-em-julho-entenda-o-motivo\/#primaryimage"},"image":{"@id":"https:\/\/crusoe.audiencelabs.com.br\/pagamento-do-bolsa-familia-menor-em-julho-entenda-o-motivo\/#primaryimage"},"thumbnailUrl":"https:\/\/cdn.crusoe.com.br\/uploads\/2025\/07\/Bolsa-Familia.webp","datePublished":"2025-07-04T20:44:06+00:00","dateModified":"2025-07-04T20:44:07+00:00","author":{"@id":"https:\/\/crusoe.audiencelabs.com.br\/#\/schema\/person\/be66e7e59ad3bc2a7c0833132c5c8c00"},"breadcrumb":{"@id":"https:\/\/crusoe.audiencelabs.com.br\/pagamento-do-bolsa-familia-menor-em-julho-entenda-o-motivo\/#breadcrumb"},"inLanguage":"pt-BR","potentialAction":[{"@type":"ReadAction","target":["https:\/\/crusoe.audiencelabs.com.br\/pagamento-do-bolsa-familia-menor-em-julho-entenda-o-motivo\/"]}]},{"@type":"ImageObject","inLanguage":"pt-BR","@id":"https:\/\/crusoe.audiencelabs.com.br\/pagamento-do-bolsa-familia-menor-em-julho-entenda-o-motivo\/#primaryimage","url":"https:\/\/cdn.crusoe.com.br\/uploads\/2025\/07\/Bolsa-Familia.webp","contentUrl":"https:\/\/cdn.crusoe.com.br\/uploads\/2025\/07\/Bolsa-Familia.webp","width":1170,"height":700,"caption":"Reprodu\u00e7\u00e3o: MDS (Lyon Santos)"},{"@type":"BreadcrumbList","@id":"https:\/\/crusoe.audiencelabs.com.br\/pagamento-do-bolsa-familia-menor-em-julho-entenda-o-motivo\/#breadcrumb","itemListElement":[{"@type":"ListItem","position":1,"name":"Home","item":"https:\/\/crusoe.audiencelabs.com.br\/"},{"@type":"ListItem","position":2,"name":"Pagamento do Bolsa Fam\u00edlia menor em julho: entenda o motivo"}]},{"@type":"WebSite","@id":"https:\/\/crusoe.audiencelabs.com.br\/#website","url":"https:\/\/crusoe.audiencelabs.com.br\/","name":"Variedades - Cruso\u00e9","description":"","potentialAction":[{"@type":"SearchAction","target":{"@type":"EntryPoint","urlTemplate":"https:\/\/crusoe.audiencelabs.com.br\/?s={search_term_string}"},"query-input":{"@type":"PropertyValueSpecification","valueRequired":true,"valueName":"search_term_string"}}],"inLanguage":"pt-BR"},{"@type":"Person","@id":"https:\/\/crusoe.audiencelabs.com.br\/#\/schema\/person\/be66e7e59ad3bc2a7c0833132c5c8c00","name":"Gabriela Santos","image":{"@type":"ImageObject","inLanguage":"pt-BR","@id":"https:\/\/crusoe.audiencelabs.com.br\/#\/schema\/person\/image\/","url":"https:\/\/secure.gravatar.com\/avatar\/d58b244b5f316c2ae218c4fd7fd0fdf0fbcf215931ac50c70906d65db85b6002?s=96&d=mm&r=g","contentUrl":"https:\/\/secure.gravatar.com\/avatar\/d58b244b5f316c2ae218c4fd7fd0fdf0fbcf215931ac50c70906d65db85b6002?s=96&d=mm&r=g","caption":"Gabriela Santos"},"description":"Jornalista que atua com a produ\u00e7\u00e3o de conte\u00fado em temas diversos, aproximando o leitor por meio de informa\u00e7\u00f5es que refletem o cotidiano.","url":"https:\/\/crusoe.audiencelabs.com.br\/author\/gabrielasantos\/"}]}},"_links":{"self":[{"href":"https:\/\/crusoe.audiencelabs.com.br\/wp-json\/wp\/v2\/posts\/4035","targetHints":{"allow":["GET"]}}],"collection":[{"href":"https:\/\/crusoe.audiencelabs.com.br\/wp-json\/wp\/v2\/posts"}],"about":[{"href":"https:\/\/crusoe.audiencelabs.com.br\/wp-json\/wp\/v2\/types\/post"}],"author":[{"embeddable":true,"href":"https:\/\/crusoe.audiencelabs.com.br\/wp-json\/wp\/v2\/users\/8"}],"replies":[{"embeddable":true,"href":"https:\/\/crusoe.audiencelabs.com.br\/wp-json\/wp\/v2\/comments?post=4035"}],"version-history":[{"count":5,"href":"https:\/\/crusoe.audiencelabs.com.br\/wp-json\/wp\/v2\/posts\/4035\/revisions"}],"predecessor-version":[{"id":4063,"href":"https:\/\/crusoe.audiencelabs.com.br\/wp-json\/wp\/v2\/posts\/4035\/revisions\/4063"}],"wp:featuredmedia":[{"embeddable":true,"href":"https:\/\/crusoe.audiencelabs.com.br\/wp-json\/wp\/v2\/media\/4061"}],"wp:attachment":[{"href":"https:\/\/crusoe.audiencelabs.com.br\/wp-json\/wp\/v2\/media?parent=4035"}],"wp:term":[{"taxonomy":"category","embeddable":true,"href":"https:\/\/crusoe.audiencelabs.com.br\/wp-json\/wp\/v2\/categories?post=4035"},{"taxonomy":"post_tag","embeddable":true,"href":"https:\/\/crusoe.audiencelabs.com.br\/wp-json\/wp\/v2\/tags?post=4035"}],"curies":[{"name":"wp","href":"https:\/\/api.w.org\/{rel}","templated":true}]}}