{"id":4002,"date":"2025-07-04T16:32:06","date_gmt":"2025-07-04T19:32:06","guid":{"rendered":"https:\/\/crusoe.com.br\/variedades\/?p=4002"},"modified":"2025-07-04T16:32:08","modified_gmt":"2025-07-04T19:32:08","slug":"chocolate-preferido-dos-brasileiros-tera-preco-reduzido-nos-mercados","status":"publish","type":"post","link":"https:\/\/crusoe.audiencelabs.com.br\/chocolate-preferido-dos-brasileiros-tera-preco-reduzido-nos-mercados\/","title":{"rendered":"Chocolate preferido dos brasileiros ter\u00e1 pre\u00e7o reduzido nos mercados"},"content":{"rendered":"\n<p>Apesar de o Brasil tamb\u00e9m produzir chocolates de alta qualidade, o <strong>chocolate su\u00ed\u00e7o<\/strong> \u00e9 bastante apreciado no pa\u00eds. No entanto, o pre\u00e7o costuma afastar muitos consumidores.<\/p>\n\n\n\n<p>Isso porque a alta qualidade dos ingredientes, aliada \u00e0s t\u00e9cnicas de produ\u00e7\u00e3o e taxas de importa\u00e7\u00e3o, acaba elevando o pre\u00e7o do produto nas prateleiras. No entanto, esse cen\u00e1rio pode estar prestes a mudar.<\/p>\n\n\n\n<p>Na \u00faltima quarta-feira (2), o <strong>Mercosul<\/strong> &#8211; bloco econ\u00f4mico formado por Argentina, Brasil, Paraguai e Uruguai &#8211; anunciou a assinatura de um acordo de livre com\u00e9rcio com a <strong>Associa\u00e7\u00e3o Europeia de Livre Com\u00e9rcio (EFTA)<\/strong>, composta por Su\u00ed\u00e7a, Noruega, Isl\u00e2ndia e Liechtenstein.<\/p>\n\n\n\n<p>E o imposto zero est\u00e1 entre as vantagens do acordo, que permitir\u00e1 que o pre\u00e7o do chocolate su\u00ed\u00e7o seja reduzido em diversos pa\u00edses da Am\u00e9rica Latina.<\/p>\n\n\n\n<p>Vale lembrar que, atualmente, o produto \u00e9 taxado em aproximadamente 20% para entrar nos pa\u00edses do Mercosul, o que encarece seu valor final. No entanto, com o novo acordo firmado, essa diferen\u00e7a pode ser percebida em breve pelos consumidores.<\/p>\n\n\n\n<h2 class=\"wp-block-heading\">Al\u00e9m do chocolate: outras mudan\u00e7as promovidas pelo novo acordo do Mercosul<\/h2>\n\n\n\n<p>Al\u00e9m do entendimento sobre o chocolate, que viabiliza a cria\u00e7\u00e3o de um mercado conjunto com cerca de 290 milh\u00f5es de consumidores, as negocia\u00e7\u00f5es com a EFTA ainda serviram para garantir a amplia\u00e7\u00e3o do mercado de carne bovina brasileira na Su\u00ed\u00e7a.<\/p>\n\n\n\n<p>A medida prev\u00ea uma cota anual de 3 mil toneladas isentas de tarifas, que um avan\u00e7o expressivo frente aos volumes hoje exportados.<\/p>\n\n\n\n<p>J\u00e1 com rela\u00e7\u00e3o aos produtos agr\u00edcolas, o acordo valoriza diversos produtos exportados por outros pa\u00edses do Mercosul, incluindo milho, mela\u00e7o de cana, caf\u00e9 torrado, arroz, frutas, \u00e1lcool et\u00edlico, mel, entre outros.<\/p>\n\n\n\n<p>Vale destacar que, apesar de j\u00e1 ter sido assinado, o acordo ainda passar\u00e1 por um processo jur\u00eddico e pol\u00edtico. Contudo, de acordo com o jornal O Globo, ele deve entrar em vigor at\u00e9 o final de 2025.<\/p>\n","protected":false},"excerpt":{"rendered":"<p>Apesar de o Brasil tamb\u00e9m produzir chocolates de alta qualidade, o chocolate su\u00ed\u00e7o \u00e9 bastante apreciado no pa\u00eds. No entanto, o pre\u00e7o costuma afastar muitos consumidores. Isso porque a alta qualidade dos ingredientes, aliada \u00e0s t\u00e9cnicas de produ\u00e7\u00e3o e taxas de importa\u00e7\u00e3o, acaba elevando o pre\u00e7o do produto nas prateleiras. No entanto, esse cen\u00e1rio pode [&hellip;]<\/p>\n","protected":false},"author":7,"featured_media":4003,"comment_status":"open","ping_status":"open","sticky":false,"template":"","format":"standard","meta":{"jnews-multi-image_gallery":[],"jnews_single_post":{"format":"standard"},"jnews_primary_category":[],"jnews_override_counter":[],"jnews_post_split":[],"footnotes":""},"categories":[1],"tags":[],"class_list":["post-4002","post","type-post","status-publish","format-standard","has-post-thumbnail","hentry","category-geral"],"yoast_head":"<!-- This site is optimized with the Yoast SEO plugin v25.0 - https:\/\/yoast.com\/wordpress\/plugins\/seo\/ -->\n<title>Chocolate preferido dos brasileiros ter\u00e1 pre\u00e7o reduzido nos mercados<\/title>\n<meta name=\"robots\" content=\"index, follow, max-snippet:-1, max-image-preview:large, max-video-preview:-1\" \/>\n<link rel=\"canonical\" href=\"https:\/\/crusoe.audiencelabs.com.br\/chocolate-preferido-dos-brasileiros-tera-preco-reduzido-nos-mercados\/\" \/>\n<meta property=\"og:locale\" content=\"pt_BR\" \/>\n<meta property=\"og:type\" content=\"article\" \/>\n<meta property=\"og:title\" content=\"Chocolate preferido dos brasileiros ter\u00e1 pre\u00e7o reduzido nos mercados\" \/>\n<meta property=\"og:description\" content=\"Apesar de o Brasil tamb\u00e9m produzir chocolates de alta qualidade, o chocolate su\u00ed\u00e7o \u00e9 bastante apreciado no pa\u00eds. No entanto, o pre\u00e7o costuma afastar muitos consumidores. Isso porque a alta qualidade dos ingredientes, aliada \u00e0s t\u00e9cnicas de produ\u00e7\u00e3o e taxas de importa\u00e7\u00e3o, acaba elevando o pre\u00e7o do produto nas prateleiras. No entanto, esse cen\u00e1rio pode [&hellip;]\" \/>\n<meta property=\"og:url\" content=\"https:\/\/crusoe.audiencelabs.com.br\/chocolate-preferido-dos-brasileiros-tera-preco-reduzido-nos-mercados\/\" \/>\n<meta property=\"og:site_name\" content=\"Variedades - Cruso\u00e9\" \/>\n<meta property=\"article:published_time\" content=\"2025-07-04T19:32:06+00:00\" \/>\n<meta property=\"article:modified_time\" content=\"2025-07-04T19:32:08+00:00\" \/>\n<meta property=\"og:image\" content=\"https:\/\/cdn.crusoe.com.br\/uploads\/2025\/07\/chocolate-preferido-brasileiros-preco-reduzido.jpg\" \/>\n\t<meta property=\"og:image:width\" content=\"1280\" \/>\n\t<meta property=\"og:image:height\" content=\"720\" \/>\n\t<meta property=\"og:image:type\" content=\"image\/jpeg\" \/>\n<meta name=\"author\" content=\"Jo\u00e3o Carlos Gomes\" \/>\n<meta name=\"twitter:card\" content=\"summary_large_image\" \/>\n<meta name=\"twitter:label1\" content=\"Escrito por\" \/>\n\t<meta name=\"twitter:data1\" content=\"Jo\u00e3o Carlos Gomes\" \/>\n\t<meta name=\"twitter:label2\" content=\"Est. tempo de leitura\" \/>\n\t<meta name=\"twitter:data2\" content=\"2 minutos\" \/>\n<script type=\"application\/ld+json\" class=\"yoast-schema-graph\">{\"@context\":\"https:\/\/schema.org\",\"@graph\":[{\"@type\":\"WebPage\",\"@id\":\"https:\/\/crusoe.audiencelabs.com.br\/chocolate-preferido-dos-brasileiros-tera-preco-reduzido-nos-mercados\/\",\"url\":\"https:\/\/crusoe.audiencelabs.com.br\/chocolate-preferido-dos-brasileiros-tera-preco-reduzido-nos-mercados\/\",\"name\":\"Chocolate preferido dos brasileiros ter\u00e1 pre\u00e7o reduzido nos mercados\",\"isPartOf\":{\"@id\":\"https:\/\/crusoe.audiencelabs.com.br\/#website\"},\"primaryImageOfPage\":{\"@id\":\"https:\/\/crusoe.audiencelabs.com.br\/chocolate-preferido-dos-brasileiros-tera-preco-reduzido-nos-mercados\/#primaryimage\"},\"image\":{\"@id\":\"https:\/\/crusoe.audiencelabs.com.br\/chocolate-preferido-dos-brasileiros-tera-preco-reduzido-nos-mercados\/#primaryimage\"},\"thumbnailUrl\":\"https:\/\/cdn.crusoe.com.br\/uploads\/2025\/07\/chocolate-preferido-brasileiros-preco-reduzido.jpg\",\"datePublished\":\"2025-07-04T19:32:06+00:00\",\"dateModified\":\"2025-07-04T19:32:08+00:00\",\"author\":{\"@id\":\"https:\/\/crusoe.audiencelabs.com.br\/#\/schema\/person\/4a23399b23149df2eab6637fd2fd2bfc\"},\"breadcrumb\":{\"@id\":\"https:\/\/crusoe.audiencelabs.com.br\/chocolate-preferido-dos-brasileiros-tera-preco-reduzido-nos-mercados\/#breadcrumb\"},\"inLanguage\":\"pt-BR\",\"potentialAction\":[{\"@type\":\"ReadAction\",\"target\":[\"https:\/\/crusoe.audiencelabs.com.br\/chocolate-preferido-dos-brasileiros-tera-preco-reduzido-nos-mercados\/\"]}]},{\"@type\":\"ImageObject\",\"inLanguage\":\"pt-BR\",\"@id\":\"https:\/\/crusoe.audiencelabs.com.br\/chocolate-preferido-dos-brasileiros-tera-preco-reduzido-nos-mercados\/#primaryimage\",\"url\":\"https:\/\/cdn.crusoe.com.br\/uploads\/2025\/07\/chocolate-preferido-brasileiros-preco-reduzido.jpg\",\"contentUrl\":\"https:\/\/cdn.crusoe.com.br\/uploads\/2025\/07\/chocolate-preferido-brasileiros-preco-reduzido.jpg\",\"width\":1280,\"height\":720,\"caption\":\"Foto: Pixabay\"},{\"@type\":\"BreadcrumbList\",\"@id\":\"https:\/\/crusoe.audiencelabs.com.br\/chocolate-preferido-dos-brasileiros-tera-preco-reduzido-nos-mercados\/#breadcrumb\",\"itemListElement\":[{\"@type\":\"ListItem\",\"position\":1,\"name\":\"Home\",\"item\":\"https:\/\/crusoe.audiencelabs.com.br\/\"},{\"@type\":\"ListItem\",\"position\":2,\"name\":\"Chocolate preferido dos brasileiros ter\u00e1 pre\u00e7o reduzido nos mercados\"}]},{\"@type\":\"WebSite\",\"@id\":\"https:\/\/crusoe.audiencelabs.com.br\/#website\",\"url\":\"https:\/\/crusoe.audiencelabs.com.br\/\",\"name\":\"Variedades - Cruso\u00e9\",\"description\":\"\",\"potentialAction\":[{\"@type\":\"SearchAction\",\"target\":{\"@type\":\"EntryPoint\",\"urlTemplate\":\"https:\/\/crusoe.audiencelabs.com.br\/?s={search_term_string}\"},\"query-input\":{\"@type\":\"PropertyValueSpecification\",\"valueRequired\":true,\"valueName\":\"search_term_string\"}}],\"inLanguage\":\"pt-BR\"},{\"@type\":\"Person\",\"@id\":\"https:\/\/crusoe.audiencelabs.com.br\/#\/schema\/person\/4a23399b23149df2eab6637fd2fd2bfc\",\"name\":\"Jo\u00e3o Carlos Gomes\",\"image\":{\"@type\":\"ImageObject\",\"inLanguage\":\"pt-BR\",\"@id\":\"https:\/\/crusoe.audiencelabs.com.br\/#\/schema\/person\/image\/\",\"url\":\"https:\/\/secure.gravatar.com\/avatar\/4ce4672dbdd694b329cd6fdb51bee7d1409be1f0ff76a537e4c4a737b2c7d1a9?s=96&d=mm&r=g\",\"contentUrl\":\"https:\/\/secure.gravatar.com\/avatar\/4ce4672dbdd694b329cd6fdb51bee7d1409be1f0ff76a537e4c4a737b2c7d1a9?s=96&d=mm&r=g\",\"caption\":\"Jo\u00e3o Carlos Gomes\"},\"description\":\"Jornalista, criador de conte\u00fado e m\u00fasico independente nas horas vagas.\",\"url\":\"https:\/\/crusoe.audiencelabs.com.br\/author\/joaoc-junior66\/\"}]}<\/script>\n<!-- \/ Yoast SEO plugin. -->","yoast_head_json":{"title":"Chocolate preferido dos brasileiros ter\u00e1 pre\u00e7o reduzido nos mercados","robots":{"index":"index","follow":"follow","max-snippet":"max-snippet:-1","max-image-preview":"max-image-preview:large","max-video-preview":"max-video-preview:-1"},"canonical":"https:\/\/crusoe.audiencelabs.com.br\/chocolate-preferido-dos-brasileiros-tera-preco-reduzido-nos-mercados\/","og_locale":"pt_BR","og_type":"article","og_title":"Chocolate preferido dos brasileiros ter\u00e1 pre\u00e7o reduzido nos mercados","og_description":"Apesar de o Brasil tamb\u00e9m produzir chocolates de alta qualidade, o chocolate su\u00ed\u00e7o \u00e9 bastante apreciado no pa\u00eds. No entanto, o pre\u00e7o costuma afastar muitos consumidores. Isso porque a alta qualidade dos ingredientes, aliada \u00e0s t\u00e9cnicas de produ\u00e7\u00e3o e taxas de importa\u00e7\u00e3o, acaba elevando o pre\u00e7o do produto nas prateleiras. No entanto, esse cen\u00e1rio pode [&hellip;]","og_url":"https:\/\/crusoe.audiencelabs.com.br\/chocolate-preferido-dos-brasileiros-tera-preco-reduzido-nos-mercados\/","og_site_name":"Variedades - Cruso\u00e9","article_published_time":"2025-07-04T19:32:06+00:00","article_modified_time":"2025-07-04T19:32:08+00:00","og_image":[{"width":1280,"height":720,"url":"https:\/\/cdn.crusoe.com.br\/uploads\/2025\/07\/chocolate-preferido-brasileiros-preco-reduzido.jpg","type":"image\/jpeg"}],"author":"Jo\u00e3o Carlos Gomes","twitter_card":"summary_large_image","twitter_misc":{"Escrito por":"Jo\u00e3o Carlos Gomes","Est. tempo de leitura":"2 minutos"},"schema":{"@context":"https:\/\/schema.org","@graph":[{"@type":"WebPage","@id":"https:\/\/crusoe.audiencelabs.com.br\/chocolate-preferido-dos-brasileiros-tera-preco-reduzido-nos-mercados\/","url":"https:\/\/crusoe.audiencelabs.com.br\/chocolate-preferido-dos-brasileiros-tera-preco-reduzido-nos-mercados\/","name":"Chocolate preferido dos brasileiros ter\u00e1 pre\u00e7o reduzido nos mercados","isPartOf":{"@id":"https:\/\/crusoe.audiencelabs.com.br\/#website"},"primaryImageOfPage":{"@id":"https:\/\/crusoe.audiencelabs.com.br\/chocolate-preferido-dos-brasileiros-tera-preco-reduzido-nos-mercados\/#primaryimage"},"image":{"@id":"https:\/\/crusoe.audiencelabs.com.br\/chocolate-preferido-dos-brasileiros-tera-preco-reduzido-nos-mercados\/#primaryimage"},"thumbnailUrl":"https:\/\/cdn.crusoe.com.br\/uploads\/2025\/07\/chocolate-preferido-brasileiros-preco-reduzido.jpg","datePublished":"2025-07-04T19:32:06+00:00","dateModified":"2025-07-04T19:32:08+00:00","author":{"@id":"https:\/\/crusoe.audiencelabs.com.br\/#\/schema\/person\/4a23399b23149df2eab6637fd2fd2bfc"},"breadcrumb":{"@id":"https:\/\/crusoe.audiencelabs.com.br\/chocolate-preferido-dos-brasileiros-tera-preco-reduzido-nos-mercados\/#breadcrumb"},"inLanguage":"pt-BR","potentialAction":[{"@type":"ReadAction","target":["https:\/\/crusoe.audiencelabs.com.br\/chocolate-preferido-dos-brasileiros-tera-preco-reduzido-nos-mercados\/"]}]},{"@type":"ImageObject","inLanguage":"pt-BR","@id":"https:\/\/crusoe.audiencelabs.com.br\/chocolate-preferido-dos-brasileiros-tera-preco-reduzido-nos-mercados\/#primaryimage","url":"https:\/\/cdn.crusoe.com.br\/uploads\/2025\/07\/chocolate-preferido-brasileiros-preco-reduzido.jpg","contentUrl":"https:\/\/cdn.crusoe.com.br\/uploads\/2025\/07\/chocolate-preferido-brasileiros-preco-reduzido.jpg","width":1280,"height":720,"caption":"Foto: Pixabay"},{"@type":"BreadcrumbList","@id":"https:\/\/crusoe.audiencelabs.com.br\/chocolate-preferido-dos-brasileiros-tera-preco-reduzido-nos-mercados\/#breadcrumb","itemListElement":[{"@type":"ListItem","position":1,"name":"Home","item":"https:\/\/crusoe.audiencelabs.com.br\/"},{"@type":"ListItem","position":2,"name":"Chocolate preferido dos brasileiros ter\u00e1 pre\u00e7o reduzido nos mercados"}]},{"@type":"WebSite","@id":"https:\/\/crusoe.audiencelabs.com.br\/#website","url":"https:\/\/crusoe.audiencelabs.com.br\/","name":"Variedades - Cruso\u00e9","description":"","potentialAction":[{"@type":"SearchAction","target":{"@type":"EntryPoint","urlTemplate":"https:\/\/crusoe.audiencelabs.com.br\/?s={search_term_string}"},"query-input":{"@type":"PropertyValueSpecification","valueRequired":true,"valueName":"search_term_string"}}],"inLanguage":"pt-BR"},{"@type":"Person","@id":"https:\/\/crusoe.audiencelabs.com.br\/#\/schema\/person\/4a23399b23149df2eab6637fd2fd2bfc","name":"Jo\u00e3o Carlos Gomes","image":{"@type":"ImageObject","inLanguage":"pt-BR","@id":"https:\/\/crusoe.audiencelabs.com.br\/#\/schema\/person\/image\/","url":"https:\/\/secure.gravatar.com\/avatar\/4ce4672dbdd694b329cd6fdb51bee7d1409be1f0ff76a537e4c4a737b2c7d1a9?s=96&d=mm&r=g","contentUrl":"https:\/\/secure.gravatar.com\/avatar\/4ce4672dbdd694b329cd6fdb51bee7d1409be1f0ff76a537e4c4a737b2c7d1a9?s=96&d=mm&r=g","caption":"Jo\u00e3o Carlos Gomes"},"description":"Jornalista, criador de conte\u00fado e m\u00fasico independente nas horas vagas.","url":"https:\/\/crusoe.audiencelabs.com.br\/author\/joaoc-junior66\/"}]}},"_links":{"self":[{"href":"https:\/\/crusoe.audiencelabs.com.br\/wp-json\/wp\/v2\/posts\/4002","targetHints":{"allow":["GET"]}}],"collection":[{"href":"https:\/\/crusoe.audiencelabs.com.br\/wp-json\/wp\/v2\/posts"}],"about":[{"href":"https:\/\/crusoe.audiencelabs.com.br\/wp-json\/wp\/v2\/types\/post"}],"author":[{"embeddable":true,"href":"https:\/\/crusoe.audiencelabs.com.br\/wp-json\/wp\/v2\/users\/7"}],"replies":[{"embeddable":true,"href":"https:\/\/crusoe.audiencelabs.com.br\/wp-json\/wp\/v2\/comments?post=4002"}],"version-history":[{"count":1,"href":"https:\/\/crusoe.audiencelabs.com.br\/wp-json\/wp\/v2\/posts\/4002\/revisions"}],"predecessor-version":[{"id":4020,"href":"https:\/\/crusoe.audiencelabs.com.br\/wp-json\/wp\/v2\/posts\/4002\/revisions\/4020"}],"wp:featuredmedia":[{"embeddable":true,"href":"https:\/\/crusoe.audiencelabs.com.br\/wp-json\/wp\/v2\/media\/4003"}],"wp:attachment":[{"href":"https:\/\/crusoe.audiencelabs.com.br\/wp-json\/wp\/v2\/media?parent=4002"}],"wp:term":[{"taxonomy":"category","embeddable":true,"href":"https:\/\/crusoe.audiencelabs.com.br\/wp-json\/wp\/v2\/categories?post=4002"},{"taxonomy":"post_tag","embeddable":true,"href":"https:\/\/crusoe.audiencelabs.com.br\/wp-json\/wp\/v2\/tags?post=4002"}],"curies":[{"name":"wp","href":"https:\/\/api.w.org\/{rel}","templated":true}]}}