{"id":3985,"date":"2025-07-04T15:21:49","date_gmt":"2025-07-04T18:21:49","guid":{"rendered":"https:\/\/crusoe.com.br\/variedades\/?p=3985"},"modified":"2025-07-04T15:21:52","modified_gmt":"2025-07-04T18:21:52","slug":"revelada-a-verdade-sobre-o-visitante-interestelar-identificado-pela-nasa","status":"publish","type":"post","link":"https:\/\/crusoe.audiencelabs.com.br\/revelada-a-verdade-sobre-o-visitante-interestelar-identificado-pela-nasa\/","title":{"rendered":"Revelada a verdade sobre o visitante interestelar identificado pela NASA"},"content":{"rendered":"\n<p>O <strong>cometa 3I\/ATLAS<\/strong>, identificado pela NASA no dia 1\u00ba de julho, \u00e9 um visitante interestelar que despertou grande aten\u00e7\u00e3o na comunidade cient\u00edfica.&nbsp;<\/p>\n\n\n\n<p>Observado vindo da constela\u00e7\u00e3o de Sagit\u00e1rio, ele est\u00e1 atualmente a cerca de 670 milh\u00f5es de quil\u00f4metros da Terra. Este \u00e9 o terceiro objeto interestelar registrado, seguindo Oumuamua em 2017 e Borisov em 2019.&nbsp;<\/p>\n\n\n\n<p>O 3I\/ATLAS desafia as trajet\u00f3rias habituais dos corpos celestes cativos \u00e0 gravidade solar, viajando a 245 mil km\/h, o que sem d\u00favida cativa tanto o p\u00fablico quanto os astr\u00f4nomos.<\/p>\n\n\n\n<h2 class=\"wp-block-heading\">Trajet\u00f3ria e observa\u00e7\u00f5es<\/h2>\n\n\n\n<p>O cometa segue uma trajet\u00f3ria hiperb\u00f3lica, indicando que n\u00e3o est\u00e1 gravitacionalmente preso ao Sistema Solar. Isso significa que ele n\u00e3o representa risco \u00e0 Terra, mantendo-se a uma dist\u00e2ncia de seguran\u00e7a de aproximadamente 240 milh\u00f5es de quil\u00f4metros.&nbsp;<\/p>\n\n\n\n<p>Sua maior aproxima\u00e7\u00e3o ao Sol est\u00e1 prevista para 30 de outubro, quando passar\u00e1 entre as \u00f3rbitas de Marte e da Terra. Neste per\u00edodo, especialistas poder\u00e3o analisar a composi\u00e7\u00e3o e a estrutura do 3I\/ATLAS em maior detalhe.<\/p>\n\n\n\n<h2 class=\"wp-block-heading\">Avan\u00e7os cient\u00edficos<\/h2>\n\n\n\n<p>Com mais de 100 observa\u00e7\u00f5es j\u00e1 registradas, o 3I\/ATLAS oferece a oportunidade de estudar cometas interestelares em profundidade. Telesc\u00f3pios como o ATLAS e o Zwicky Transient Facility desempenham um papel crucial nesse processo.&nbsp;<\/p>\n\n\n\n<p>Estudar o 3I\/ATLAS permite entender melhor os processos de forma\u00e7\u00e3o de asteroides e cometas, oferecendo insights sobre a evolu\u00e7\u00e3o dos sistemas estelares. Al\u00e9m disso, estas an\u00e1lises podem lan\u00e7ar luz sobre a origem de \u00e1gua e compostos org\u00e2nicos na Terra.<\/p>\n\n\n\n<p>At\u00e9 setembro, o cometa permanecer\u00e1 vis\u00edvel para telesc\u00f3pios terrestres. Ap\u00f3s passar pelo Sol, espera-se que ele ressurja em dezembro, oferecendo uma janela extensa para coleta de dados.&nbsp;<\/p>\n\n\n\n<p>Em resumo, o cometa 3I\/ATLAS oferece um raro vislumbre dos mist\u00e9rios do espa\u00e7o interestelar. A data prevista para o m\u00e1ximo de sua visibilidade j\u00e1 gera expectativa na comunidade cient\u00edfica, que se prepara para novos estudos e descobertas.&nbsp;<\/p>\n","protected":false},"excerpt":{"rendered":"<p>O cometa 3I\/ATLAS, identificado pela NASA no dia 1\u00ba de julho, \u00e9 um visitante interestelar que despertou grande aten\u00e7\u00e3o na comunidade cient\u00edfica.&nbsp; Observado vindo da constela\u00e7\u00e3o de Sagit\u00e1rio, ele est\u00e1 atualmente a cerca de 670 milh\u00f5es de quil\u00f4metros da Terra. Este \u00e9 o terceiro objeto interestelar registrado, seguindo Oumuamua em 2017 e Borisov em 2019.&nbsp; [&hellip;]<\/p>\n","protected":false},"author":5,"featured_media":3986,"comment_status":"open","ping_status":"open","sticky":false,"template":"","format":"standard","meta":{"jnews-multi-image_gallery":[],"jnews_single_post":{"format":"standard"},"jnews_primary_category":[],"jnews_override_counter":[],"jnews_post_split":[],"footnotes":""},"categories":[1],"tags":[1108,249],"class_list":["post-3985","post","type-post","status-publish","format-standard","has-post-thumbnail","hentry","category-geral","tag-cometa-3i-atlas","tag-nasa"],"yoast_head":"<!-- This site is optimized with the Yoast SEO plugin v25.0 - https:\/\/yoast.com\/wordpress\/plugins\/seo\/ -->\n<title>Revelada a verdade sobre o visitante interestelar identificado pela NASA<\/title>\n<meta name=\"robots\" content=\"index, follow, max-snippet:-1, max-image-preview:large, max-video-preview:-1\" \/>\n<link rel=\"canonical\" href=\"https:\/\/crusoe.audiencelabs.com.br\/revelada-a-verdade-sobre-o-visitante-interestelar-identificado-pela-nasa\/\" \/>\n<meta property=\"og:locale\" content=\"pt_BR\" \/>\n<meta property=\"og:type\" content=\"article\" \/>\n<meta property=\"og:title\" content=\"Revelada a verdade sobre o visitante interestelar identificado pela NASA\" \/>\n<meta property=\"og:description\" content=\"O cometa 3I\/ATLAS, identificado pela NASA no dia 1\u00ba de julho, \u00e9 um visitante interestelar que despertou grande aten\u00e7\u00e3o na comunidade cient\u00edfica.&nbsp; Observado vindo da constela\u00e7\u00e3o de Sagit\u00e1rio, ele est\u00e1 atualmente a cerca de 670 milh\u00f5es de quil\u00f4metros da Terra. Este \u00e9 o terceiro objeto interestelar registrado, seguindo Oumuamua em 2017 e Borisov em 2019.&nbsp; [&hellip;]\" \/>\n<meta property=\"og:url\" content=\"https:\/\/crusoe.audiencelabs.com.br\/revelada-a-verdade-sobre-o-visitante-interestelar-identificado-pela-nasa\/\" \/>\n<meta property=\"og:site_name\" content=\"Variedades - Cruso\u00e9\" \/>\n<meta property=\"article:published_time\" content=\"2025-07-04T18:21:49+00:00\" \/>\n<meta property=\"article:modified_time\" content=\"2025-07-04T18:21:52+00:00\" \/>\n<meta property=\"og:image\" content=\"https:\/\/cdn.crusoe.com.br\/uploads\/2025\/07\/Captura-de-tela-2025-07-04-152703.jpg\" \/>\n\t<meta property=\"og:image:width\" content=\"646\" \/>\n\t<meta property=\"og:image:height\" content=\"346\" \/>\n\t<meta property=\"og:image:type\" content=\"image\/jpeg\" \/>\n<meta name=\"author\" content=\"Milena Armando\" \/>\n<meta name=\"twitter:card\" content=\"summary_large_image\" \/>\n<meta name=\"twitter:label1\" content=\"Escrito por\" \/>\n\t<meta name=\"twitter:data1\" content=\"Milena Armando\" \/>\n\t<meta name=\"twitter:label2\" content=\"Est. tempo de leitura\" \/>\n\t<meta name=\"twitter:data2\" content=\"2 minutos\" \/>\n<script type=\"application\/ld+json\" class=\"yoast-schema-graph\">{\"@context\":\"https:\/\/schema.org\",\"@graph\":[{\"@type\":\"WebPage\",\"@id\":\"https:\/\/crusoe.audiencelabs.com.br\/revelada-a-verdade-sobre-o-visitante-interestelar-identificado-pela-nasa\/\",\"url\":\"https:\/\/crusoe.audiencelabs.com.br\/revelada-a-verdade-sobre-o-visitante-interestelar-identificado-pela-nasa\/\",\"name\":\"Revelada a verdade sobre o visitante interestelar identificado pela NASA\",\"isPartOf\":{\"@id\":\"https:\/\/crusoe.audiencelabs.com.br\/#website\"},\"primaryImageOfPage\":{\"@id\":\"https:\/\/crusoe.audiencelabs.com.br\/revelada-a-verdade-sobre-o-visitante-interestelar-identificado-pela-nasa\/#primaryimage\"},\"image\":{\"@id\":\"https:\/\/crusoe.audiencelabs.com.br\/revelada-a-verdade-sobre-o-visitante-interestelar-identificado-pela-nasa\/#primaryimage\"},\"thumbnailUrl\":\"https:\/\/cdn.crusoe.com.br\/uploads\/2025\/07\/Captura-de-tela-2025-07-04-152703.jpg\",\"datePublished\":\"2025-07-04T18:21:49+00:00\",\"dateModified\":\"2025-07-04T18:21:52+00:00\",\"author\":{\"@id\":\"https:\/\/crusoe.audiencelabs.com.br\/#\/schema\/person\/f87f73cfe89e5360de2c006bd4bd6a74\"},\"breadcrumb\":{\"@id\":\"https:\/\/crusoe.audiencelabs.com.br\/revelada-a-verdade-sobre-o-visitante-interestelar-identificado-pela-nasa\/#breadcrumb\"},\"inLanguage\":\"pt-BR\",\"potentialAction\":[{\"@type\":\"ReadAction\",\"target\":[\"https:\/\/crusoe.audiencelabs.com.br\/revelada-a-verdade-sobre-o-visitante-interestelar-identificado-pela-nasa\/\"]}]},{\"@type\":\"ImageObject\",\"inLanguage\":\"pt-BR\",\"@id\":\"https:\/\/crusoe.audiencelabs.com.br\/revelada-a-verdade-sobre-o-visitante-interestelar-identificado-pela-nasa\/#primaryimage\",\"url\":\"https:\/\/cdn.crusoe.com.br\/uploads\/2025\/07\/Captura-de-tela-2025-07-04-152703.jpg\",\"contentUrl\":\"https:\/\/cdn.crusoe.com.br\/uploads\/2025\/07\/Captura-de-tela-2025-07-04-152703.jpg\",\"width\":646,\"height\":346,\"caption\":\"Foto: Metr\u00f3poles\"},{\"@type\":\"BreadcrumbList\",\"@id\":\"https:\/\/crusoe.audiencelabs.com.br\/revelada-a-verdade-sobre-o-visitante-interestelar-identificado-pela-nasa\/#breadcrumb\",\"itemListElement\":[{\"@type\":\"ListItem\",\"position\":1,\"name\":\"Home\",\"item\":\"https:\/\/crusoe.audiencelabs.com.br\/\"},{\"@type\":\"ListItem\",\"position\":2,\"name\":\"Revelada a verdade sobre o visitante interestelar identificado pela NASA\"}]},{\"@type\":\"WebSite\",\"@id\":\"https:\/\/crusoe.audiencelabs.com.br\/#website\",\"url\":\"https:\/\/crusoe.audiencelabs.com.br\/\",\"name\":\"Variedades - Cruso\u00e9\",\"description\":\"\",\"potentialAction\":[{\"@type\":\"SearchAction\",\"target\":{\"@type\":\"EntryPoint\",\"urlTemplate\":\"https:\/\/crusoe.audiencelabs.com.br\/?s={search_term_string}\"},\"query-input\":{\"@type\":\"PropertyValueSpecification\",\"valueRequired\":true,\"valueName\":\"search_term_string\"}}],\"inLanguage\":\"pt-BR\"},{\"@type\":\"Person\",\"@id\":\"https:\/\/crusoe.audiencelabs.com.br\/#\/schema\/person\/f87f73cfe89e5360de2c006bd4bd6a74\",\"name\":\"Milena Armando\",\"image\":{\"@type\":\"ImageObject\",\"inLanguage\":\"pt-BR\",\"@id\":\"https:\/\/crusoe.audiencelabs.com.br\/#\/schema\/person\/image\/\",\"url\":\"https:\/\/secure.gravatar.com\/avatar\/ea14ecddc9e9d202b698b18f9f69e09c9fd74cfbed5c6008d55f11faefdbdab7?s=96&d=mm&r=g\",\"contentUrl\":\"https:\/\/secure.gravatar.com\/avatar\/ea14ecddc9e9d202b698b18f9f69e09c9fd74cfbed5c6008d55f11faefdbdab7?s=96&d=mm&r=g\",\"caption\":\"Milena Armando\"},\"description\":\"Jornalista, redatora e revisora.\",\"url\":\"https:\/\/crusoe.audiencelabs.com.br\/author\/milena\/\"}]}<\/script>\n<!-- \/ Yoast SEO plugin. -->","yoast_head_json":{"title":"Revelada a verdade sobre o visitante interestelar identificado pela NASA","robots":{"index":"index","follow":"follow","max-snippet":"max-snippet:-1","max-image-preview":"max-image-preview:large","max-video-preview":"max-video-preview:-1"},"canonical":"https:\/\/crusoe.audiencelabs.com.br\/revelada-a-verdade-sobre-o-visitante-interestelar-identificado-pela-nasa\/","og_locale":"pt_BR","og_type":"article","og_title":"Revelada a verdade sobre o visitante interestelar identificado pela NASA","og_description":"O cometa 3I\/ATLAS, identificado pela NASA no dia 1\u00ba de julho, \u00e9 um visitante interestelar que despertou grande aten\u00e7\u00e3o na comunidade cient\u00edfica.&nbsp; Observado vindo da constela\u00e7\u00e3o de Sagit\u00e1rio, ele est\u00e1 atualmente a cerca de 670 milh\u00f5es de quil\u00f4metros da Terra. Este \u00e9 o terceiro objeto interestelar registrado, seguindo Oumuamua em 2017 e Borisov em 2019.&nbsp; [&hellip;]","og_url":"https:\/\/crusoe.audiencelabs.com.br\/revelada-a-verdade-sobre-o-visitante-interestelar-identificado-pela-nasa\/","og_site_name":"Variedades - Cruso\u00e9","article_published_time":"2025-07-04T18:21:49+00:00","article_modified_time":"2025-07-04T18:21:52+00:00","og_image":[{"width":646,"height":346,"url":"https:\/\/cdn.crusoe.com.br\/uploads\/2025\/07\/Captura-de-tela-2025-07-04-152703.jpg","type":"image\/jpeg"}],"author":"Milena Armando","twitter_card":"summary_large_image","twitter_misc":{"Escrito por":"Milena Armando","Est. tempo de leitura":"2 minutos"},"schema":{"@context":"https:\/\/schema.org","@graph":[{"@type":"WebPage","@id":"https:\/\/crusoe.audiencelabs.com.br\/revelada-a-verdade-sobre-o-visitante-interestelar-identificado-pela-nasa\/","url":"https:\/\/crusoe.audiencelabs.com.br\/revelada-a-verdade-sobre-o-visitante-interestelar-identificado-pela-nasa\/","name":"Revelada a verdade sobre o visitante interestelar identificado pela NASA","isPartOf":{"@id":"https:\/\/crusoe.audiencelabs.com.br\/#website"},"primaryImageOfPage":{"@id":"https:\/\/crusoe.audiencelabs.com.br\/revelada-a-verdade-sobre-o-visitante-interestelar-identificado-pela-nasa\/#primaryimage"},"image":{"@id":"https:\/\/crusoe.audiencelabs.com.br\/revelada-a-verdade-sobre-o-visitante-interestelar-identificado-pela-nasa\/#primaryimage"},"thumbnailUrl":"https:\/\/cdn.crusoe.com.br\/uploads\/2025\/07\/Captura-de-tela-2025-07-04-152703.jpg","datePublished":"2025-07-04T18:21:49+00:00","dateModified":"2025-07-04T18:21:52+00:00","author":{"@id":"https:\/\/crusoe.audiencelabs.com.br\/#\/schema\/person\/f87f73cfe89e5360de2c006bd4bd6a74"},"breadcrumb":{"@id":"https:\/\/crusoe.audiencelabs.com.br\/revelada-a-verdade-sobre-o-visitante-interestelar-identificado-pela-nasa\/#breadcrumb"},"inLanguage":"pt-BR","potentialAction":[{"@type":"ReadAction","target":["https:\/\/crusoe.audiencelabs.com.br\/revelada-a-verdade-sobre-o-visitante-interestelar-identificado-pela-nasa\/"]}]},{"@type":"ImageObject","inLanguage":"pt-BR","@id":"https:\/\/crusoe.audiencelabs.com.br\/revelada-a-verdade-sobre-o-visitante-interestelar-identificado-pela-nasa\/#primaryimage","url":"https:\/\/cdn.crusoe.com.br\/uploads\/2025\/07\/Captura-de-tela-2025-07-04-152703.jpg","contentUrl":"https:\/\/cdn.crusoe.com.br\/uploads\/2025\/07\/Captura-de-tela-2025-07-04-152703.jpg","width":646,"height":346,"caption":"Foto: Metr\u00f3poles"},{"@type":"BreadcrumbList","@id":"https:\/\/crusoe.audiencelabs.com.br\/revelada-a-verdade-sobre-o-visitante-interestelar-identificado-pela-nasa\/#breadcrumb","itemListElement":[{"@type":"ListItem","position":1,"name":"Home","item":"https:\/\/crusoe.audiencelabs.com.br\/"},{"@type":"ListItem","position":2,"name":"Revelada a verdade sobre o visitante interestelar identificado pela NASA"}]},{"@type":"WebSite","@id":"https:\/\/crusoe.audiencelabs.com.br\/#website","url":"https:\/\/crusoe.audiencelabs.com.br\/","name":"Variedades - Cruso\u00e9","description":"","potentialAction":[{"@type":"SearchAction","target":{"@type":"EntryPoint","urlTemplate":"https:\/\/crusoe.audiencelabs.com.br\/?s={search_term_string}"},"query-input":{"@type":"PropertyValueSpecification","valueRequired":true,"valueName":"search_term_string"}}],"inLanguage":"pt-BR"},{"@type":"Person","@id":"https:\/\/crusoe.audiencelabs.com.br\/#\/schema\/person\/f87f73cfe89e5360de2c006bd4bd6a74","name":"Milena Armando","image":{"@type":"ImageObject","inLanguage":"pt-BR","@id":"https:\/\/crusoe.audiencelabs.com.br\/#\/schema\/person\/image\/","url":"https:\/\/secure.gravatar.com\/avatar\/ea14ecddc9e9d202b698b18f9f69e09c9fd74cfbed5c6008d55f11faefdbdab7?s=96&d=mm&r=g","contentUrl":"https:\/\/secure.gravatar.com\/avatar\/ea14ecddc9e9d202b698b18f9f69e09c9fd74cfbed5c6008d55f11faefdbdab7?s=96&d=mm&r=g","caption":"Milena Armando"},"description":"Jornalista, redatora e revisora.","url":"https:\/\/crusoe.audiencelabs.com.br\/author\/milena\/"}]}},"_links":{"self":[{"href":"https:\/\/crusoe.audiencelabs.com.br\/wp-json\/wp\/v2\/posts\/3985","targetHints":{"allow":["GET"]}}],"collection":[{"href":"https:\/\/crusoe.audiencelabs.com.br\/wp-json\/wp\/v2\/posts"}],"about":[{"href":"https:\/\/crusoe.audiencelabs.com.br\/wp-json\/wp\/v2\/types\/post"}],"author":[{"embeddable":true,"href":"https:\/\/crusoe.audiencelabs.com.br\/wp-json\/wp\/v2\/users\/5"}],"replies":[{"embeddable":true,"href":"https:\/\/crusoe.audiencelabs.com.br\/wp-json\/wp\/v2\/comments?post=3985"}],"version-history":[{"count":1,"href":"https:\/\/crusoe.audiencelabs.com.br\/wp-json\/wp\/v2\/posts\/3985\/revisions"}],"predecessor-version":[{"id":3988,"href":"https:\/\/crusoe.audiencelabs.com.br\/wp-json\/wp\/v2\/posts\/3985\/revisions\/3988"}],"wp:featuredmedia":[{"embeddable":true,"href":"https:\/\/crusoe.audiencelabs.com.br\/wp-json\/wp\/v2\/media\/3986"}],"wp:attachment":[{"href":"https:\/\/crusoe.audiencelabs.com.br\/wp-json\/wp\/v2\/media?parent=3985"}],"wp:term":[{"taxonomy":"category","embeddable":true,"href":"https:\/\/crusoe.audiencelabs.com.br\/wp-json\/wp\/v2\/categories?post=3985"},{"taxonomy":"post_tag","embeddable":true,"href":"https:\/\/crusoe.audiencelabs.com.br\/wp-json\/wp\/v2\/tags?post=3985"}],"curies":[{"name":"wp","href":"https:\/\/api.w.org\/{rel}","templated":true}]}}