{"id":3891,"date":"2025-07-03T18:58:11","date_gmt":"2025-07-03T21:58:11","guid":{"rendered":"https:\/\/crusoe.com.br\/variedades\/?p=3891"},"modified":"2025-07-03T18:58:13","modified_gmt":"2025-07-03T21:58:13","slug":"acorda-sem-energia-7-habitos-que-estao-roubando-seu-vigor","status":"publish","type":"post","link":"https:\/\/crusoe.audiencelabs.com.br\/acorda-sem-energia-7-habitos-que-estao-roubando-seu-vigor\/","title":{"rendered":"Acorda sem energia? 7 h\u00e1bitos que est\u00e3o roubando seu vigor"},"content":{"rendered":"\n<p>Embora dormir mal seja um fator conhecido por comprometer a disposi\u00e7\u00e3o matinal, ele pode n\u00e3o ser o \u00fanico respons\u00e1vel pela sensa\u00e7\u00e3o de exaust\u00e3o ao despertar.<\/p>\n\n\n\n<p>Afinal, existem casos de pessoas que dormem de 6 a 9 horas por noite, mas ainda assim acordam extremamente indispostas. E isso pode ser causado por um destes 7 h\u00e1bitos:<\/p>\n\n\n\n<h2 class=\"wp-block-heading\">Alimenta\u00e7\u00e3o inadequada<\/h2>\n\n\n\n<p>Pessoas que n\u00e3o ingerem a quantidade ideal de nutrientes e gorduras acabam sentindo impactos no vigor f\u00edsico e, consequentemente, na disposi\u00e7\u00e3o.<\/p>\n\n\n\n<p>J\u00e1 as que se alimentam em excesso, principalmente no hor\u00e1rio da noite, tendem a ter o sono prejudicado, uma vez que o corpo encontra dificuldades para processar os alimentos durante o per\u00edodo de descanso.<\/p>\n\n\n\n<p>Vale destacar que tamb\u00e9m \u00e9 fundamental prestar aten\u00e7\u00e3o ao que se consome, j\u00e1 que alguns alimentos, por si s\u00f3, podem provocar sensa\u00e7\u00e3o de cansa\u00e7o e fadiga.<\/p>\n\n\n\n<h2 class=\"wp-block-heading\">Falta de hidrata\u00e7\u00e3o<\/h2>\n\n\n\n<p>Embora a quantidade necess\u00e1ria de \u00e1gua a ser consumida diariamente varie de pessoa para pessoa, \u00e9 essencial beber toda vez que se sentir sede, pois a baixa quantidade de l\u00edquidos pode afetar o metabolismo.<\/p>\n\n\n\n<p>Contudo, n\u00e3o \u00e9 necess\u00e1rio exagerar no consumo de \u00e1gua, pois o excesso pode aumentar a frequ\u00eancia urin\u00e1ria e causar desconforto, principalmente na hora de dormir.<\/p>\n\n\n\n<h2 class=\"wp-block-heading\">Car\u00eancia de luz solar<\/h2>\n\n\n\n<p>A exposi\u00e7\u00e3o ao sol estimula a produ\u00e7\u00e3o de vitamina D no organismo, que \u00e9 essencial para reduzir a sensa\u00e7\u00e3o de fadiga. Portanto, evitar contato com a luz natural pode afetar profundamente a disposi\u00e7\u00e3o.<\/p>\n\n\n\n<h2 class=\"wp-block-heading\">Hor\u00e1rios desregulados<\/h2>\n\n\n\n<p>Desenvolver uma rotina de sono \u00e9 primordial para garantir noites bem dormidas, pois a falta de um padr\u00e3o confunde o ritmo circadiano, resultando em v\u00e1rios preju\u00edzos \u00e0 sa\u00fade.<\/p>\n\n\n\n<h2 class=\"wp-block-heading\">Estresse<\/h2>\n\n\n\n<p>O estresse di\u00e1rio eleva os n\u00edveis de cortisol e adrenalina, e, quando produzidos em excesso, esses horm\u00f4nios podem comprometer a qualidade do sono e dificultar a recupera\u00e7\u00e3o da energia do organismo.<\/p>\n\n\n\n<h2 class=\"wp-block-heading\">Falta de exerc\u00edcios f\u00edsicos<\/h2>\n\n\n\n<p>O sedentarismo pode contribuir ainda mais para a aus\u00eancia de disposi\u00e7\u00e3o. Por isso, \u00e9 essencial enquadrar exerc\u00edcios f\u00edsicos na rotina, preferencialmente no hor\u00e1rio da manh\u00e3.<\/p>\n\n\n\n<h2 class=\"wp-block-heading\">Quest\u00f5es de sa\u00fade<\/h2>\n\n\n\n<p>O ronco pode ser um sinal da apneia obstrutiva do sono, dist\u00farbio marcado por interrup\u00e7\u00f5es recorrentes da respira\u00e7\u00e3o e microdespertares noturnos, que tornam o sono superficial e n\u00e3o restaurador.<\/p>\n","protected":false},"excerpt":{"rendered":"<p>Embora dormir mal seja um fator conhecido por comprometer a disposi\u00e7\u00e3o matinal, ele pode n\u00e3o ser o \u00fanico respons\u00e1vel pela sensa\u00e7\u00e3o de exaust\u00e3o ao despertar. Afinal, existem casos de pessoas que dormem de 6 a 9 horas por noite, mas ainda assim acordam extremamente indispostas. E isso pode ser causado por um destes 7 h\u00e1bitos: [&hellip;]<\/p>\n","protected":false},"author":7,"featured_media":3893,"comment_status":"open","ping_status":"open","sticky":false,"template":"","format":"standard","meta":{"jnews-multi-image_gallery":[],"jnews_single_post":{"format":"standard"},"jnews_primary_category":[],"jnews_override_counter":[],"jnews_post_split":[],"footnotes":""},"categories":[1],"tags":[],"class_list":["post-3891","post","type-post","status-publish","format-standard","has-post-thumbnail","hentry","category-geral"],"yoast_head":"<!-- This site is optimized with the Yoast SEO plugin v25.0 - https:\/\/yoast.com\/wordpress\/plugins\/seo\/ -->\n<title>Acorda sem energia? 7 h\u00e1bitos que est\u00e3o roubando seu vigor<\/title>\n<meta name=\"robots\" content=\"index, follow, max-snippet:-1, max-image-preview:large, max-video-preview:-1\" \/>\n<link rel=\"canonical\" href=\"https:\/\/crusoe.audiencelabs.com.br\/acorda-sem-energia-7-habitos-que-estao-roubando-seu-vigor\/\" \/>\n<meta property=\"og:locale\" content=\"pt_BR\" \/>\n<meta property=\"og:type\" content=\"article\" \/>\n<meta property=\"og:title\" content=\"Acorda sem energia? 7 h\u00e1bitos que est\u00e3o roubando seu vigor\" \/>\n<meta property=\"og:description\" content=\"Embora dormir mal seja um fator conhecido por comprometer a disposi\u00e7\u00e3o matinal, ele pode n\u00e3o ser o \u00fanico respons\u00e1vel pela sensa\u00e7\u00e3o de exaust\u00e3o ao despertar. Afinal, existem casos de pessoas que dormem de 6 a 9 horas por noite, mas ainda assim acordam extremamente indispostas. E isso pode ser causado por um destes 7 h\u00e1bitos: [&hellip;]\" \/>\n<meta property=\"og:url\" content=\"https:\/\/crusoe.audiencelabs.com.br\/acorda-sem-energia-7-habitos-que-estao-roubando-seu-vigor\/\" \/>\n<meta property=\"og:site_name\" content=\"Variedades - Cruso\u00e9\" \/>\n<meta property=\"article:published_time\" content=\"2025-07-03T21:58:11+00:00\" \/>\n<meta property=\"article:modified_time\" content=\"2025-07-03T21:58:13+00:00\" \/>\n<meta property=\"og:image\" content=\"https:\/\/cdn.crusoe.com.br\/uploads\/2025\/07\/habitos-roubando-vigor.jpg\" \/>\n\t<meta property=\"og:image:width\" content=\"1500\" \/>\n\t<meta property=\"og:image:height\" content=\"844\" \/>\n\t<meta property=\"og:image:type\" content=\"image\/jpeg\" \/>\n<meta name=\"author\" content=\"Jo\u00e3o Carlos Gomes\" \/>\n<meta name=\"twitter:card\" content=\"summary_large_image\" \/>\n<meta name=\"twitter:label1\" content=\"Escrito por\" \/>\n\t<meta name=\"twitter:data1\" content=\"Jo\u00e3o Carlos Gomes\" \/>\n\t<meta name=\"twitter:label2\" content=\"Est. tempo de leitura\" \/>\n\t<meta name=\"twitter:data2\" content=\"3 minutos\" \/>\n<script type=\"application\/ld+json\" class=\"yoast-schema-graph\">{\"@context\":\"https:\/\/schema.org\",\"@graph\":[{\"@type\":\"WebPage\",\"@id\":\"https:\/\/crusoe.audiencelabs.com.br\/acorda-sem-energia-7-habitos-que-estao-roubando-seu-vigor\/\",\"url\":\"https:\/\/crusoe.audiencelabs.com.br\/acorda-sem-energia-7-habitos-que-estao-roubando-seu-vigor\/\",\"name\":\"Acorda sem energia? 7 h\u00e1bitos que est\u00e3o roubando seu vigor\",\"isPartOf\":{\"@id\":\"https:\/\/crusoe.audiencelabs.com.br\/#website\"},\"primaryImageOfPage\":{\"@id\":\"https:\/\/crusoe.audiencelabs.com.br\/acorda-sem-energia-7-habitos-que-estao-roubando-seu-vigor\/#primaryimage\"},\"image\":{\"@id\":\"https:\/\/crusoe.audiencelabs.com.br\/acorda-sem-energia-7-habitos-que-estao-roubando-seu-vigor\/#primaryimage\"},\"thumbnailUrl\":\"https:\/\/cdn.crusoe.com.br\/uploads\/2025\/07\/habitos-roubando-vigor.jpg\",\"datePublished\":\"2025-07-03T21:58:11+00:00\",\"dateModified\":\"2025-07-03T21:58:13+00:00\",\"author\":{\"@id\":\"https:\/\/crusoe.audiencelabs.com.br\/#\/schema\/person\/4a23399b23149df2eab6637fd2fd2bfc\"},\"breadcrumb\":{\"@id\":\"https:\/\/crusoe.audiencelabs.com.br\/acorda-sem-energia-7-habitos-que-estao-roubando-seu-vigor\/#breadcrumb\"},\"inLanguage\":\"pt-BR\",\"potentialAction\":[{\"@type\":\"ReadAction\",\"target\":[\"https:\/\/crusoe.audiencelabs.com.br\/acorda-sem-energia-7-habitos-que-estao-roubando-seu-vigor\/\"]}]},{\"@type\":\"ImageObject\",\"inLanguage\":\"pt-BR\",\"@id\":\"https:\/\/crusoe.audiencelabs.com.br\/acorda-sem-energia-7-habitos-que-estao-roubando-seu-vigor\/#primaryimage\",\"url\":\"https:\/\/cdn.crusoe.com.br\/uploads\/2025\/07\/habitos-roubando-vigor.jpg\",\"contentUrl\":\"https:\/\/cdn.crusoe.com.br\/uploads\/2025\/07\/habitos-roubando-vigor.jpg\",\"width\":1500,\"height\":844,\"caption\":\"Foto: Drazen Zigic\/Freepik\"},{\"@type\":\"BreadcrumbList\",\"@id\":\"https:\/\/crusoe.audiencelabs.com.br\/acorda-sem-energia-7-habitos-que-estao-roubando-seu-vigor\/#breadcrumb\",\"itemListElement\":[{\"@type\":\"ListItem\",\"position\":1,\"name\":\"Home\",\"item\":\"https:\/\/crusoe.audiencelabs.com.br\/\"},{\"@type\":\"ListItem\",\"position\":2,\"name\":\"Acorda sem energia? 7 h\u00e1bitos que est\u00e3o roubando seu vigor\"}]},{\"@type\":\"WebSite\",\"@id\":\"https:\/\/crusoe.audiencelabs.com.br\/#website\",\"url\":\"https:\/\/crusoe.audiencelabs.com.br\/\",\"name\":\"Variedades - Cruso\u00e9\",\"description\":\"\",\"potentialAction\":[{\"@type\":\"SearchAction\",\"target\":{\"@type\":\"EntryPoint\",\"urlTemplate\":\"https:\/\/crusoe.audiencelabs.com.br\/?s={search_term_string}\"},\"query-input\":{\"@type\":\"PropertyValueSpecification\",\"valueRequired\":true,\"valueName\":\"search_term_string\"}}],\"inLanguage\":\"pt-BR\"},{\"@type\":\"Person\",\"@id\":\"https:\/\/crusoe.audiencelabs.com.br\/#\/schema\/person\/4a23399b23149df2eab6637fd2fd2bfc\",\"name\":\"Jo\u00e3o Carlos Gomes\",\"image\":{\"@type\":\"ImageObject\",\"inLanguage\":\"pt-BR\",\"@id\":\"https:\/\/crusoe.audiencelabs.com.br\/#\/schema\/person\/image\/\",\"url\":\"https:\/\/secure.gravatar.com\/avatar\/4ce4672dbdd694b329cd6fdb51bee7d1409be1f0ff76a537e4c4a737b2c7d1a9?s=96&d=mm&r=g\",\"contentUrl\":\"https:\/\/secure.gravatar.com\/avatar\/4ce4672dbdd694b329cd6fdb51bee7d1409be1f0ff76a537e4c4a737b2c7d1a9?s=96&d=mm&r=g\",\"caption\":\"Jo\u00e3o Carlos Gomes\"},\"description\":\"Jornalista, criador de conte\u00fado e m\u00fasico independente nas horas vagas.\",\"url\":\"https:\/\/crusoe.audiencelabs.com.br\/author\/joaoc-junior66\/\"}]}<\/script>\n<!-- \/ Yoast SEO plugin. -->","yoast_head_json":{"title":"Acorda sem energia? 7 h\u00e1bitos que est\u00e3o roubando seu vigor","robots":{"index":"index","follow":"follow","max-snippet":"max-snippet:-1","max-image-preview":"max-image-preview:large","max-video-preview":"max-video-preview:-1"},"canonical":"https:\/\/crusoe.audiencelabs.com.br\/acorda-sem-energia-7-habitos-que-estao-roubando-seu-vigor\/","og_locale":"pt_BR","og_type":"article","og_title":"Acorda sem energia? 7 h\u00e1bitos que est\u00e3o roubando seu vigor","og_description":"Embora dormir mal seja um fator conhecido por comprometer a disposi\u00e7\u00e3o matinal, ele pode n\u00e3o ser o \u00fanico respons\u00e1vel pela sensa\u00e7\u00e3o de exaust\u00e3o ao despertar. Afinal, existem casos de pessoas que dormem de 6 a 9 horas por noite, mas ainda assim acordam extremamente indispostas. E isso pode ser causado por um destes 7 h\u00e1bitos: [&hellip;]","og_url":"https:\/\/crusoe.audiencelabs.com.br\/acorda-sem-energia-7-habitos-que-estao-roubando-seu-vigor\/","og_site_name":"Variedades - Cruso\u00e9","article_published_time":"2025-07-03T21:58:11+00:00","article_modified_time":"2025-07-03T21:58:13+00:00","og_image":[{"width":1500,"height":844,"url":"https:\/\/cdn.crusoe.com.br\/uploads\/2025\/07\/habitos-roubando-vigor.jpg","type":"image\/jpeg"}],"author":"Jo\u00e3o Carlos Gomes","twitter_card":"summary_large_image","twitter_misc":{"Escrito por":"Jo\u00e3o Carlos Gomes","Est. tempo de leitura":"3 minutos"},"schema":{"@context":"https:\/\/schema.org","@graph":[{"@type":"WebPage","@id":"https:\/\/crusoe.audiencelabs.com.br\/acorda-sem-energia-7-habitos-que-estao-roubando-seu-vigor\/","url":"https:\/\/crusoe.audiencelabs.com.br\/acorda-sem-energia-7-habitos-que-estao-roubando-seu-vigor\/","name":"Acorda sem energia? 7 h\u00e1bitos que est\u00e3o roubando seu vigor","isPartOf":{"@id":"https:\/\/crusoe.audiencelabs.com.br\/#website"},"primaryImageOfPage":{"@id":"https:\/\/crusoe.audiencelabs.com.br\/acorda-sem-energia-7-habitos-que-estao-roubando-seu-vigor\/#primaryimage"},"image":{"@id":"https:\/\/crusoe.audiencelabs.com.br\/acorda-sem-energia-7-habitos-que-estao-roubando-seu-vigor\/#primaryimage"},"thumbnailUrl":"https:\/\/cdn.crusoe.com.br\/uploads\/2025\/07\/habitos-roubando-vigor.jpg","datePublished":"2025-07-03T21:58:11+00:00","dateModified":"2025-07-03T21:58:13+00:00","author":{"@id":"https:\/\/crusoe.audiencelabs.com.br\/#\/schema\/person\/4a23399b23149df2eab6637fd2fd2bfc"},"breadcrumb":{"@id":"https:\/\/crusoe.audiencelabs.com.br\/acorda-sem-energia-7-habitos-que-estao-roubando-seu-vigor\/#breadcrumb"},"inLanguage":"pt-BR","potentialAction":[{"@type":"ReadAction","target":["https:\/\/crusoe.audiencelabs.com.br\/acorda-sem-energia-7-habitos-que-estao-roubando-seu-vigor\/"]}]},{"@type":"ImageObject","inLanguage":"pt-BR","@id":"https:\/\/crusoe.audiencelabs.com.br\/acorda-sem-energia-7-habitos-que-estao-roubando-seu-vigor\/#primaryimage","url":"https:\/\/cdn.crusoe.com.br\/uploads\/2025\/07\/habitos-roubando-vigor.jpg","contentUrl":"https:\/\/cdn.crusoe.com.br\/uploads\/2025\/07\/habitos-roubando-vigor.jpg","width":1500,"height":844,"caption":"Foto: Drazen Zigic\/Freepik"},{"@type":"BreadcrumbList","@id":"https:\/\/crusoe.audiencelabs.com.br\/acorda-sem-energia-7-habitos-que-estao-roubando-seu-vigor\/#breadcrumb","itemListElement":[{"@type":"ListItem","position":1,"name":"Home","item":"https:\/\/crusoe.audiencelabs.com.br\/"},{"@type":"ListItem","position":2,"name":"Acorda sem energia? 7 h\u00e1bitos que est\u00e3o roubando seu vigor"}]},{"@type":"WebSite","@id":"https:\/\/crusoe.audiencelabs.com.br\/#website","url":"https:\/\/crusoe.audiencelabs.com.br\/","name":"Variedades - Cruso\u00e9","description":"","potentialAction":[{"@type":"SearchAction","target":{"@type":"EntryPoint","urlTemplate":"https:\/\/crusoe.audiencelabs.com.br\/?s={search_term_string}"},"query-input":{"@type":"PropertyValueSpecification","valueRequired":true,"valueName":"search_term_string"}}],"inLanguage":"pt-BR"},{"@type":"Person","@id":"https:\/\/crusoe.audiencelabs.com.br\/#\/schema\/person\/4a23399b23149df2eab6637fd2fd2bfc","name":"Jo\u00e3o Carlos Gomes","image":{"@type":"ImageObject","inLanguage":"pt-BR","@id":"https:\/\/crusoe.audiencelabs.com.br\/#\/schema\/person\/image\/","url":"https:\/\/secure.gravatar.com\/avatar\/4ce4672dbdd694b329cd6fdb51bee7d1409be1f0ff76a537e4c4a737b2c7d1a9?s=96&d=mm&r=g","contentUrl":"https:\/\/secure.gravatar.com\/avatar\/4ce4672dbdd694b329cd6fdb51bee7d1409be1f0ff76a537e4c4a737b2c7d1a9?s=96&d=mm&r=g","caption":"Jo\u00e3o Carlos Gomes"},"description":"Jornalista, criador de conte\u00fado e m\u00fasico independente nas horas vagas.","url":"https:\/\/crusoe.audiencelabs.com.br\/author\/joaoc-junior66\/"}]}},"_links":{"self":[{"href":"https:\/\/crusoe.audiencelabs.com.br\/wp-json\/wp\/v2\/posts\/3891","targetHints":{"allow":["GET"]}}],"collection":[{"href":"https:\/\/crusoe.audiencelabs.com.br\/wp-json\/wp\/v2\/posts"}],"about":[{"href":"https:\/\/crusoe.audiencelabs.com.br\/wp-json\/wp\/v2\/types\/post"}],"author":[{"embeddable":true,"href":"https:\/\/crusoe.audiencelabs.com.br\/wp-json\/wp\/v2\/users\/7"}],"replies":[{"embeddable":true,"href":"https:\/\/crusoe.audiencelabs.com.br\/wp-json\/wp\/v2\/comments?post=3891"}],"version-history":[{"count":1,"href":"https:\/\/crusoe.audiencelabs.com.br\/wp-json\/wp\/v2\/posts\/3891\/revisions"}],"predecessor-version":[{"id":3900,"href":"https:\/\/crusoe.audiencelabs.com.br\/wp-json\/wp\/v2\/posts\/3891\/revisions\/3900"}],"wp:featuredmedia":[{"embeddable":true,"href":"https:\/\/crusoe.audiencelabs.com.br\/wp-json\/wp\/v2\/media\/3893"}],"wp:attachment":[{"href":"https:\/\/crusoe.audiencelabs.com.br\/wp-json\/wp\/v2\/media?parent=3891"}],"wp:term":[{"taxonomy":"category","embeddable":true,"href":"https:\/\/crusoe.audiencelabs.com.br\/wp-json\/wp\/v2\/categories?post=3891"},{"taxonomy":"post_tag","embeddable":true,"href":"https:\/\/crusoe.audiencelabs.com.br\/wp-json\/wp\/v2\/tags?post=3891"}],"curies":[{"name":"wp","href":"https:\/\/api.w.org\/{rel}","templated":true}]}}