{"id":387,"date":"2025-05-15T16:10:00","date_gmt":"2025-05-15T19:10:00","guid":{"rendered":"https:\/\/crusoe.com.br\/variedades\/?p=387"},"modified":"2025-05-15T13:55:17","modified_gmt":"2025-05-15T16:55:17","slug":"documentario-sobre-enchentes-no-rs-pega-mal-e-causa-polemica","status":"publish","type":"post","link":"https:\/\/crusoe.audiencelabs.com.br\/documentario-sobre-enchentes-no-rs-pega-mal-e-causa-polemica\/","title":{"rendered":"Document\u00e1rio sobre enchentes no RS pega mal e causa pol\u00eamica"},"content":{"rendered":"\n<p>O Partido dos Trabalhadores (PT) protocolou, recentemente, uma representa\u00e7\u00e3o no Minist\u00e9rio P\u00fablico do Rio Grande do Sul.&nbsp;<\/p>\n\n\n\n<p>A medida visa \u00e0 investiga\u00e7\u00e3o do document\u00e1rio <strong>&#8220;Todos N\u00f3s por Todos N\u00f3s&#8221;<\/strong>, produzido pela Secretaria de Comunica\u00e7\u00e3o do Estado.\u00a0<\/p>\n\n\n\n<p>As alega\u00e7\u00f5es indicam que o material pode estar retratando o governador Eduardo Leite como &#8220;her\u00f3i&#8221; durante as enchentes de 2024. Isso levanta suspeitas de autopromo\u00e7\u00e3o em um cen\u00e1rio potencialmente eleitoral.<\/p>\n\n\n\n<h2 class=\"wp-block-heading\">O que motivou a a\u00e7\u00e3o?&nbsp;<\/h2>\n\n\n\n<p>A a\u00e7\u00e3o foi impulsionada por d\u00favidas sobre o uso de recursos p\u00fablicos na produ\u00e7\u00e3o e distribui\u00e7\u00e3o do document\u00e1rio.&nbsp;<\/p>\n\n\n\n<p>O PT aponta poss\u00edveis viola\u00e7\u00f5es aos princ\u00edpios de legalidade e impessoalidade da administra\u00e7\u00e3o p\u00fablica. A obra estaria promovendo pessoalmente tanto Leite quanto seu vice, Gabriel Souza.<\/p>\n\n\n\n<h2 class=\"wp-block-heading\">Quest\u00f5es de legalidade e uso de recursos p\u00fablicos<\/h2>\n\n\n\n<p>O PT busca a suspens\u00e3o imediata da veicula\u00e7\u00e3o da obra. Al\u00e9m disso, solicita uma avalia\u00e7\u00e3o detalhada do uso de recursos p\u00fablicos e a puni\u00e7\u00e3o para poss\u00edveis desvios de finalidade.<\/p>\n\n\n\n<p>Mesmo que o governo classifique o document\u00e1rio como parte da presta\u00e7\u00e3o de contas, essa produ\u00e7\u00e3o enfrenta cr\u00edticas.&nbsp;<\/p>\n\n\n\n<p>H\u00e1 preocupa\u00e7\u00f5es quanto ao uso de verbas p\u00fablicas para publicidade, especialmente considerando as necessidades de reconstru\u00e7\u00e3o do estado ap\u00f3s as enchentes.<\/p>\n\n\n\n<h2 class=\"wp-block-heading\">Rea\u00e7\u00f5es e consequ\u00eancias pol\u00edticas<\/h2>\n\n\n\n<p>Enquanto as investiga\u00e7\u00f5es do Minist\u00e9rio P\u00fablico est\u00e3o em curso, o governo do estado defende que a obra serve para a presta\u00e7\u00e3o de contas.&nbsp;<\/p>\n\n\n\n<p>A administra\u00e7\u00e3o afirma que o document\u00e1rio \u00e9 uma transpar\u00eancia necess\u00e1ria. No entanto, suas inten\u00e7\u00f5es s\u00e3o observadas com olhar cr\u00edtico devido ao contexto pol\u00edtico pr\u00f3ximo a elei\u00e7\u00f5es.<\/p>\n\n\n\n<p>A decis\u00e3o do Minist\u00e9rio P\u00fablico sobre o prosseguimento do caso ser\u00e1 essencial para determinar as consequ\u00eancias. <\/p>\n","protected":false},"excerpt":{"rendered":"<p>O Partido dos Trabalhadores (PT) protocolou, recentemente, uma representa\u00e7\u00e3o no Minist\u00e9rio P\u00fablico do Rio Grande do Sul.&nbsp; A medida visa \u00e0 investiga\u00e7\u00e3o do document\u00e1rio &#8220;Todos N\u00f3s por Todos N\u00f3s&#8221;, produzido pela Secretaria de Comunica\u00e7\u00e3o do Estado.\u00a0 As alega\u00e7\u00f5es indicam que o material pode estar retratando o governador Eduardo Leite como &#8220;her\u00f3i&#8221; durante as enchentes de [&hellip;]<\/p>\n","protected":false},"author":5,"featured_media":388,"comment_status":"open","ping_status":"open","sticky":false,"template":"","format":"standard","meta":{"jnews-multi-image_gallery":[],"jnews_single_post":{"format":"standard"},"jnews_primary_category":[],"jnews_override_counter":[],"jnews_post_split":[],"footnotes":""},"categories":[1],"tags":[177,176,178,128],"class_list":["post-387","post","type-post","status-publish","format-standard","has-post-thumbnail","hentry","category-geral","tag-eduardo-leite","tag-enchentes-rs","tag-pt","tag-rio-grande-do-sul"],"yoast_head":"<!-- This site is optimized with the Yoast SEO plugin v25.0 - https:\/\/yoast.com\/wordpress\/plugins\/seo\/ -->\n<title>Document\u00e1rio sobre enchentes no RS pega mal e causa pol\u00eamica<\/title>\n<meta name=\"robots\" content=\"index, follow, max-snippet:-1, max-image-preview:large, max-video-preview:-1\" \/>\n<link rel=\"canonical\" href=\"https:\/\/crusoe.audiencelabs.com.br\/documentario-sobre-enchentes-no-rs-pega-mal-e-causa-polemica\/\" \/>\n<meta property=\"og:locale\" content=\"pt_BR\" \/>\n<meta property=\"og:type\" content=\"article\" \/>\n<meta property=\"og:title\" content=\"Document\u00e1rio sobre enchentes no RS pega mal e causa pol\u00eamica\" \/>\n<meta property=\"og:description\" content=\"O Partido dos Trabalhadores (PT) protocolou, recentemente, uma representa\u00e7\u00e3o no Minist\u00e9rio P\u00fablico do Rio Grande do Sul.&nbsp; A medida visa \u00e0 investiga\u00e7\u00e3o do document\u00e1rio &#8220;Todos N\u00f3s por Todos N\u00f3s&#8221;, produzido pela Secretaria de Comunica\u00e7\u00e3o do Estado.\u00a0 As alega\u00e7\u00f5es indicam que o material pode estar retratando o governador Eduardo Leite como &#8220;her\u00f3i&#8221; durante as enchentes de [&hellip;]\" \/>\n<meta property=\"og:url\" content=\"https:\/\/crusoe.audiencelabs.com.br\/documentario-sobre-enchentes-no-rs-pega-mal-e-causa-polemica\/\" \/>\n<meta property=\"og:site_name\" content=\"Variedades - Cruso\u00e9\" \/>\n<meta property=\"article:published_time\" content=\"2025-05-15T19:10:00+00:00\" \/>\n<meta property=\"og:image\" content=\"https:\/\/cdn.crusoe.com.br\/uploads\/2025\/05\/12105812_55323_GDO.jpg\" \/>\n\t<meta property=\"og:image:width\" content=\"800\" \/>\n\t<meta property=\"og:image:height\" content=\"533\" \/>\n\t<meta property=\"og:image:type\" content=\"image\/jpeg\" \/>\n<meta name=\"author\" content=\"Milena Armando\" \/>\n<meta name=\"twitter:card\" content=\"summary_large_image\" \/>\n<meta name=\"twitter:label1\" content=\"Escrito por\" \/>\n\t<meta name=\"twitter:data1\" content=\"Milena Armando\" \/>\n\t<meta name=\"twitter:label2\" content=\"Est. tempo de leitura\" \/>\n\t<meta name=\"twitter:data2\" content=\"2 minutos\" \/>\n<script type=\"application\/ld+json\" class=\"yoast-schema-graph\">{\"@context\":\"https:\/\/schema.org\",\"@graph\":[{\"@type\":\"WebPage\",\"@id\":\"https:\/\/crusoe.audiencelabs.com.br\/documentario-sobre-enchentes-no-rs-pega-mal-e-causa-polemica\/\",\"url\":\"https:\/\/crusoe.audiencelabs.com.br\/documentario-sobre-enchentes-no-rs-pega-mal-e-causa-polemica\/\",\"name\":\"Document\u00e1rio sobre enchentes no RS pega mal e causa pol\u00eamica\",\"isPartOf\":{\"@id\":\"https:\/\/crusoe.audiencelabs.com.br\/#website\"},\"primaryImageOfPage\":{\"@id\":\"https:\/\/crusoe.audiencelabs.com.br\/documentario-sobre-enchentes-no-rs-pega-mal-e-causa-polemica\/#primaryimage\"},\"image\":{\"@id\":\"https:\/\/crusoe.audiencelabs.com.br\/documentario-sobre-enchentes-no-rs-pega-mal-e-causa-polemica\/#primaryimage\"},\"thumbnailUrl\":\"https:\/\/cdn.crusoe.com.br\/uploads\/2025\/05\/12105812_55323_GDO.jpg\",\"datePublished\":\"2025-05-15T19:10:00+00:00\",\"author\":{\"@id\":\"https:\/\/crusoe.audiencelabs.com.br\/#\/schema\/person\/f87f73cfe89e5360de2c006bd4bd6a74\"},\"breadcrumb\":{\"@id\":\"https:\/\/crusoe.audiencelabs.com.br\/documentario-sobre-enchentes-no-rs-pega-mal-e-causa-polemica\/#breadcrumb\"},\"inLanguage\":\"pt-BR\",\"potentialAction\":[{\"@type\":\"ReadAction\",\"target\":[\"https:\/\/crusoe.audiencelabs.com.br\/documentario-sobre-enchentes-no-rs-pega-mal-e-causa-polemica\/\"]}]},{\"@type\":\"ImageObject\",\"inLanguage\":\"pt-BR\",\"@id\":\"https:\/\/crusoe.audiencelabs.com.br\/documentario-sobre-enchentes-no-rs-pega-mal-e-causa-polemica\/#primaryimage\",\"url\":\"https:\/\/cdn.crusoe.com.br\/uploads\/2025\/05\/12105812_55323_GDO.jpg\",\"contentUrl\":\"https:\/\/cdn.crusoe.com.br\/uploads\/2025\/05\/12105812_55323_GDO.jpg\",\"width\":800,\"height\":533,\"caption\":\"Foto: Casa Civil\"},{\"@type\":\"BreadcrumbList\",\"@id\":\"https:\/\/crusoe.audiencelabs.com.br\/documentario-sobre-enchentes-no-rs-pega-mal-e-causa-polemica\/#breadcrumb\",\"itemListElement\":[{\"@type\":\"ListItem\",\"position\":1,\"name\":\"Home\",\"item\":\"https:\/\/crusoe.audiencelabs.com.br\/\"},{\"@type\":\"ListItem\",\"position\":2,\"name\":\"Document\u00e1rio sobre enchentes no RS pega mal e causa pol\u00eamica\"}]},{\"@type\":\"WebSite\",\"@id\":\"https:\/\/crusoe.audiencelabs.com.br\/#website\",\"url\":\"https:\/\/crusoe.audiencelabs.com.br\/\",\"name\":\"Variedades - Cruso\u00e9\",\"description\":\"\",\"potentialAction\":[{\"@type\":\"SearchAction\",\"target\":{\"@type\":\"EntryPoint\",\"urlTemplate\":\"https:\/\/crusoe.audiencelabs.com.br\/?s={search_term_string}\"},\"query-input\":{\"@type\":\"PropertyValueSpecification\",\"valueRequired\":true,\"valueName\":\"search_term_string\"}}],\"inLanguage\":\"pt-BR\"},{\"@type\":\"Person\",\"@id\":\"https:\/\/crusoe.audiencelabs.com.br\/#\/schema\/person\/f87f73cfe89e5360de2c006bd4bd6a74\",\"name\":\"Milena Armando\",\"image\":{\"@type\":\"ImageObject\",\"inLanguage\":\"pt-BR\",\"@id\":\"https:\/\/crusoe.audiencelabs.com.br\/#\/schema\/person\/image\/\",\"url\":\"https:\/\/secure.gravatar.com\/avatar\/ea14ecddc9e9d202b698b18f9f69e09c9fd74cfbed5c6008d55f11faefdbdab7?s=96&d=mm&r=g\",\"contentUrl\":\"https:\/\/secure.gravatar.com\/avatar\/ea14ecddc9e9d202b698b18f9f69e09c9fd74cfbed5c6008d55f11faefdbdab7?s=96&d=mm&r=g\",\"caption\":\"Milena Armando\"},\"description\":\"Jornalista, redatora e revisora.\",\"url\":\"https:\/\/crusoe.audiencelabs.com.br\/author\/milena\/\"}]}<\/script>\n<!-- \/ Yoast SEO plugin. -->","yoast_head_json":{"title":"Document\u00e1rio sobre enchentes no RS pega mal e causa pol\u00eamica","robots":{"index":"index","follow":"follow","max-snippet":"max-snippet:-1","max-image-preview":"max-image-preview:large","max-video-preview":"max-video-preview:-1"},"canonical":"https:\/\/crusoe.audiencelabs.com.br\/documentario-sobre-enchentes-no-rs-pega-mal-e-causa-polemica\/","og_locale":"pt_BR","og_type":"article","og_title":"Document\u00e1rio sobre enchentes no RS pega mal e causa pol\u00eamica","og_description":"O Partido dos Trabalhadores (PT) protocolou, recentemente, uma representa\u00e7\u00e3o no Minist\u00e9rio P\u00fablico do Rio Grande do Sul.&nbsp; A medida visa \u00e0 investiga\u00e7\u00e3o do document\u00e1rio &#8220;Todos N\u00f3s por Todos N\u00f3s&#8221;, produzido pela Secretaria de Comunica\u00e7\u00e3o do Estado.\u00a0 As alega\u00e7\u00f5es indicam que o material pode estar retratando o governador Eduardo Leite como &#8220;her\u00f3i&#8221; durante as enchentes de [&hellip;]","og_url":"https:\/\/crusoe.audiencelabs.com.br\/documentario-sobre-enchentes-no-rs-pega-mal-e-causa-polemica\/","og_site_name":"Variedades - Cruso\u00e9","article_published_time":"2025-05-15T19:10:00+00:00","og_image":[{"width":800,"height":533,"url":"https:\/\/cdn.crusoe.com.br\/uploads\/2025\/05\/12105812_55323_GDO.jpg","type":"image\/jpeg"}],"author":"Milena Armando","twitter_card":"summary_large_image","twitter_misc":{"Escrito por":"Milena Armando","Est. tempo de leitura":"2 minutos"},"schema":{"@context":"https:\/\/schema.org","@graph":[{"@type":"WebPage","@id":"https:\/\/crusoe.audiencelabs.com.br\/documentario-sobre-enchentes-no-rs-pega-mal-e-causa-polemica\/","url":"https:\/\/crusoe.audiencelabs.com.br\/documentario-sobre-enchentes-no-rs-pega-mal-e-causa-polemica\/","name":"Document\u00e1rio sobre enchentes no RS pega mal e causa pol\u00eamica","isPartOf":{"@id":"https:\/\/crusoe.audiencelabs.com.br\/#website"},"primaryImageOfPage":{"@id":"https:\/\/crusoe.audiencelabs.com.br\/documentario-sobre-enchentes-no-rs-pega-mal-e-causa-polemica\/#primaryimage"},"image":{"@id":"https:\/\/crusoe.audiencelabs.com.br\/documentario-sobre-enchentes-no-rs-pega-mal-e-causa-polemica\/#primaryimage"},"thumbnailUrl":"https:\/\/cdn.crusoe.com.br\/uploads\/2025\/05\/12105812_55323_GDO.jpg","datePublished":"2025-05-15T19:10:00+00:00","author":{"@id":"https:\/\/crusoe.audiencelabs.com.br\/#\/schema\/person\/f87f73cfe89e5360de2c006bd4bd6a74"},"breadcrumb":{"@id":"https:\/\/crusoe.audiencelabs.com.br\/documentario-sobre-enchentes-no-rs-pega-mal-e-causa-polemica\/#breadcrumb"},"inLanguage":"pt-BR","potentialAction":[{"@type":"ReadAction","target":["https:\/\/crusoe.audiencelabs.com.br\/documentario-sobre-enchentes-no-rs-pega-mal-e-causa-polemica\/"]}]},{"@type":"ImageObject","inLanguage":"pt-BR","@id":"https:\/\/crusoe.audiencelabs.com.br\/documentario-sobre-enchentes-no-rs-pega-mal-e-causa-polemica\/#primaryimage","url":"https:\/\/cdn.crusoe.com.br\/uploads\/2025\/05\/12105812_55323_GDO.jpg","contentUrl":"https:\/\/cdn.crusoe.com.br\/uploads\/2025\/05\/12105812_55323_GDO.jpg","width":800,"height":533,"caption":"Foto: Casa Civil"},{"@type":"BreadcrumbList","@id":"https:\/\/crusoe.audiencelabs.com.br\/documentario-sobre-enchentes-no-rs-pega-mal-e-causa-polemica\/#breadcrumb","itemListElement":[{"@type":"ListItem","position":1,"name":"Home","item":"https:\/\/crusoe.audiencelabs.com.br\/"},{"@type":"ListItem","position":2,"name":"Document\u00e1rio sobre enchentes no RS pega mal e causa pol\u00eamica"}]},{"@type":"WebSite","@id":"https:\/\/crusoe.audiencelabs.com.br\/#website","url":"https:\/\/crusoe.audiencelabs.com.br\/","name":"Variedades - Cruso\u00e9","description":"","potentialAction":[{"@type":"SearchAction","target":{"@type":"EntryPoint","urlTemplate":"https:\/\/crusoe.audiencelabs.com.br\/?s={search_term_string}"},"query-input":{"@type":"PropertyValueSpecification","valueRequired":true,"valueName":"search_term_string"}}],"inLanguage":"pt-BR"},{"@type":"Person","@id":"https:\/\/crusoe.audiencelabs.com.br\/#\/schema\/person\/f87f73cfe89e5360de2c006bd4bd6a74","name":"Milena Armando","image":{"@type":"ImageObject","inLanguage":"pt-BR","@id":"https:\/\/crusoe.audiencelabs.com.br\/#\/schema\/person\/image\/","url":"https:\/\/secure.gravatar.com\/avatar\/ea14ecddc9e9d202b698b18f9f69e09c9fd74cfbed5c6008d55f11faefdbdab7?s=96&d=mm&r=g","contentUrl":"https:\/\/secure.gravatar.com\/avatar\/ea14ecddc9e9d202b698b18f9f69e09c9fd74cfbed5c6008d55f11faefdbdab7?s=96&d=mm&r=g","caption":"Milena Armando"},"description":"Jornalista, redatora e revisora.","url":"https:\/\/crusoe.audiencelabs.com.br\/author\/milena\/"}]}},"_links":{"self":[{"href":"https:\/\/crusoe.audiencelabs.com.br\/wp-json\/wp\/v2\/posts\/387","targetHints":{"allow":["GET"]}}],"collection":[{"href":"https:\/\/crusoe.audiencelabs.com.br\/wp-json\/wp\/v2\/posts"}],"about":[{"href":"https:\/\/crusoe.audiencelabs.com.br\/wp-json\/wp\/v2\/types\/post"}],"author":[{"embeddable":true,"href":"https:\/\/crusoe.audiencelabs.com.br\/wp-json\/wp\/v2\/users\/5"}],"replies":[{"embeddable":true,"href":"https:\/\/crusoe.audiencelabs.com.br\/wp-json\/wp\/v2\/comments?post=387"}],"version-history":[{"count":3,"href":"https:\/\/crusoe.audiencelabs.com.br\/wp-json\/wp\/v2\/posts\/387\/revisions"}],"predecessor-version":[{"id":392,"href":"https:\/\/crusoe.audiencelabs.com.br\/wp-json\/wp\/v2\/posts\/387\/revisions\/392"}],"wp:featuredmedia":[{"embeddable":true,"href":"https:\/\/crusoe.audiencelabs.com.br\/wp-json\/wp\/v2\/media\/388"}],"wp:attachment":[{"href":"https:\/\/crusoe.audiencelabs.com.br\/wp-json\/wp\/v2\/media?parent=387"}],"wp:term":[{"taxonomy":"category","embeddable":true,"href":"https:\/\/crusoe.audiencelabs.com.br\/wp-json\/wp\/v2\/categories?post=387"},{"taxonomy":"post_tag","embeddable":true,"href":"https:\/\/crusoe.audiencelabs.com.br\/wp-json\/wp\/v2\/tags?post=387"}],"curies":[{"name":"wp","href":"https:\/\/api.w.org\/{rel}","templated":true}]}}