{"id":38161,"date":"2026-05-01T19:32:00","date_gmt":"2026-05-01T22:32:00","guid":{"rendered":"https:\/\/crusoe.audiencelabs.com.br\/?p=38161"},"modified":"2026-04-30T16:34:26","modified_gmt":"2026-04-30T19:34:26","slug":"com-participacao-de-dono-da-havan-maior-predio-residencial-do-mundo-sera-construido-no-brasil","status":"publish","type":"post","link":"https:\/\/crusoe.audiencelabs.com.br\/com-participacao-de-dono-da-havan-maior-predio-residencial-do-mundo-sera-construido-no-brasil\/","title":{"rendered":"Com participa\u00e7\u00e3o de Dono da Havan, maior pr\u00e9dio residencial do mundo ser\u00e1 constru\u00eddo no Brasil"},"content":{"rendered":"<p class=\"font-claude-response-body break-words whitespace-normal leading-[1.7]\"><strong>Balne\u00e1rio Cambori\u00fa<\/strong>, no litoral catarinense, j\u00e1 \u00e9 conhecida pelas torres altas e pelo metro quadrado mais caro do pa\u00eds. Agora, a cidade se prepara para abrigar mais um empreendimento luxuoso: um edif\u00edcio residencial que, se conclu\u00eddo conforme o planejado, vai entrar para a hist\u00f3ria da <strong>arquitetura<\/strong>.<\/p>\n<p class=\"font-claude-response-body break-words whitespace-normal leading-[1.7]\">O <strong>Senna Tower<\/strong> tem a proposta de se tornar o maior pr\u00e9dio residencial do planeta. O projeto \u00e9 uma iniciativa da <strong>FG Empreendimentos<\/strong>, construtora respons\u00e1vel por grande parte dos arranha-c\u00e9us de luxo da cidade, em parceria com a marca Senna e com <strong>Luciano Hang<\/strong>, fundador da rede <strong>Havan<\/strong>, que \u00e9 copropriet\u00e1rio do terreno onde a obra est\u00e1 sendo levantada.<\/p>\n<h2>Uma d\u00e9cada de obra e uma torre acima dos 550 metros<\/h2>\n<p class=\"font-claude-response-body break-words whitespace-normal leading-[1.7]\">Com previs\u00e3o de mais de 550 metros de altura, o Senna Tower vai superar os atuais maiores edif\u00edcios residenciais do mundo, como o Central Park Tower, em Nova York, com 472 metros, e o Marina 101, em Dubai, com 435 metros.<\/p>\n<p>A torre ter\u00e1 228 unidades residenciais, entre 204 apartamentos, 18 mans\u00f5es suspensas, 4 coberturas duplex e 2 coberturas triplex. Os apartamentos partem de R$ 28 milh\u00f5es, enquanto as mans\u00f5es suspensas, com piscinas privativas e elevador exclusivo para carros, podem chegar a R$ 200 milh\u00f5es.<\/p>\n<p>O topo do edif\u00edcio reserva as principais \u00e1reas de luxo: coberturas triplex. Essas \u00e1reas ultrapassam 900 m\u00b2 de \u00e1rea privativa e ser\u00e3o vendidas em leil\u00e3o, com lance inicial estimado em R$ 300 milh\u00f5es.<\/p>\n<h2>Expectativa de Hang<\/h2>\n<p class=\"font-claude-response-body break-words whitespace-normal leading-[1.7]\">Para Luciano Hang, o projeto vai cementar ainda mais a cidade no mapa do setor imobili\u00e1rio mundial. De acordo com ele, o Senna Tower vai levar o nome de Balne\u00e1rio Cambori\u00fa &#8220;para o mundo&#8221;.<\/p>\n<p>&#8220;\u00c9 um projeto disruptivo, inovador, com tecnologia \u00fanica no mundo e tenho certeza de que levar\u00e1 o nome de Balne\u00e1rio Cambori\u00fa, <strong>Santa Catarina<\/strong>, Brasil, para o mundo&#8221;, disse.<\/p>\n<p class=\"font-claude-response-body break-words whitespace-normal leading-[1.7]\">Al\u00e9m das unidades residenciais, o empreendimento prev\u00ea espa\u00e7os abertos ao p\u00fablico, com \u00e1rea comercial e de lazer. A ideia \u00e9 que o Senna Tower funcione tamb\u00e9m como um destino tur\u00edstico, ampliando ainda mais o apelo de Balne\u00e1rio Cambori\u00fa para visitantes de todo o mundo.<\/p>\n<p class=\"font-claude-response-body break-words whitespace-normal leading-[1.7]\">Mesmo longe da entrega, o projeto j\u00e1 movimenta o mercado imobili\u00e1rio local e atrai investidores nacionais e estrangeiros.<\/p>\n","protected":false},"excerpt":{"rendered":"<p>Balne\u00e1rio Cambori\u00fa, no litoral catarinense, j\u00e1 \u00e9 conhecida pelas torres altas e pelo metro quadrado mais caro do pa\u00eds. Agora, a cidade se prepara para abrigar mais um empreendimento luxuoso: um edif\u00edcio residencial que, se conclu\u00eddo conforme o planejado, vai entrar para a hist\u00f3ria da arquitetura. O Senna Tower tem a proposta de se tornar [&hellip;]<\/p>\n","protected":false},"author":15,"featured_media":38162,"comment_status":"open","ping_status":"open","sticky":false,"template":"","format":"standard","meta":{"jnews-multi-image_gallery":[],"jnews_single_post":{"format":"standard","jnews_video_option_group":[[]],"override":[{"template":"2","parallax":"1","fullscreen":"1","layout":"right-sidebar","sidebar":"default-sidebar","second_sidebar":"default-sidebar","sticky_sidebar":"1","share_position":"hide","share_float_style":"share-monocrhome","show_featured":"1","show_post_meta":"1","show_post_author":"1","show_post_date":"1","post_date_format":"default","post_date_format_custom":"Y\/m\/d","show_post_category":"1","show_post_reading_time":"0","post_reading_time_wpm":"300","post_calculate_word_method":"str_word_count","show_zoom_button":"0","zoom_button_out_step":"2","zoom_button_in_step":"3","show_post_tag":"1","show_popup_post":"1","number_popup_post":"1","show_author_box":"1","show_post_related":"0"}],"image_override":[{"single_post_thumbnail_size":"crop-500","single_post_gallery_size":"crop-500"}],"trending_post_position":"meta","trending_post_label":"Trending","sponsored_post_label":"Sponsored by","disable_ad":"0","subtitle":"As coberturas triples do pr\u00e9dio v\u00e3o a leil\u00e3o com lances iniciais de R$ 300 milh\u00f5es"},"jnews_primary_category":[],"jnews_override_counter":{"view_counter_number":"0","share_counter_number":"0","like_counter_number":"0","dislike_counter_number":"0"},"jnews_post_split":{"post_split":[{"template":"1","tag":"h2","numbering":"asc","mode":"normal","first":"0","enable_toc":"0","toc_type":"normal"}]},"footnotes":""},"categories":[1],"tags":[5133,1681,1288,7852,7853,2222,1461,3900,7854],"class_list":["post-38161","post","type-post","status-publish","format-standard","has-post-thumbnail","hentry","category-geral","tag-arquitetura","tag-balneario-camboriu","tag-empreendimento","tag-fg-empreendimentos","tag-luciano-hang","tag-mercado-imobiliario","tag-santa-catarina","tag-sc","tag-senna-tower"],"yoast_head":"<!-- This site is optimized with the Yoast SEO plugin v25.0 - https:\/\/yoast.com\/wordpress\/plugins\/seo\/ -->\n<title>Com participa\u00e7\u00e3o de Dono da Havan, maior pr\u00e9dio residencial do mundo ser\u00e1 constru\u00eddo no Brasil<\/title>\n<meta name=\"robots\" content=\"index, follow, max-snippet:-1, max-image-preview:large, max-video-preview:-1\" \/>\n<link rel=\"canonical\" href=\"https:\/\/crusoe.audiencelabs.com.br\/com-participacao-de-dono-da-havan-maior-predio-residencial-do-mundo-sera-construido-no-brasil\/\" \/>\n<meta property=\"og:locale\" content=\"pt_BR\" \/>\n<meta property=\"og:type\" content=\"article\" \/>\n<meta property=\"og:title\" content=\"Com participa\u00e7\u00e3o de Dono da Havan, maior pr\u00e9dio residencial do mundo ser\u00e1 constru\u00eddo no Brasil\" \/>\n<meta property=\"og:description\" content=\"Balne\u00e1rio Cambori\u00fa, no litoral catarinense, j\u00e1 \u00e9 conhecida pelas torres altas e pelo metro quadrado mais caro do pa\u00eds. Agora, a cidade se prepara para abrigar mais um empreendimento luxuoso: um edif\u00edcio residencial que, se conclu\u00eddo conforme o planejado, vai entrar para a hist\u00f3ria da arquitetura. O Senna Tower tem a proposta de se tornar [&hellip;]\" \/>\n<meta property=\"og:url\" content=\"https:\/\/crusoe.audiencelabs.com.br\/com-participacao-de-dono-da-havan-maior-predio-residencial-do-mundo-sera-construido-no-brasil\/\" \/>\n<meta property=\"og:site_name\" content=\"Variedades - Cruso\u00e9\" \/>\n<meta property=\"article:published_time\" content=\"2026-05-01T22:32:00+00:00\" \/>\n<meta property=\"og:image\" content=\"https:\/\/cdn.crusoe.com.br\/uploads\/2026\/04\/WhatsApp-Image-2026-04-30-at-16.32.28-1.jpeg\" \/>\n\t<meta property=\"og:image:width\" content=\"428\" \/>\n\t<meta property=\"og:image:height\" content=\"422\" \/>\n\t<meta property=\"og:image:type\" content=\"image\/jpeg\" \/>\n<meta name=\"author\" content=\"J\u00falio Nesi\" \/>\n<meta name=\"twitter:card\" content=\"summary_large_image\" \/>\n<meta name=\"twitter:label1\" content=\"Escrito por\" \/>\n\t<meta name=\"twitter:data1\" content=\"J\u00falio Nesi\" \/>\n\t<meta name=\"twitter:label2\" content=\"Est. tempo de leitura\" \/>\n\t<meta name=\"twitter:data2\" content=\"3 minutos\" \/>\n<script type=\"application\/ld+json\" class=\"yoast-schema-graph\">{\"@context\":\"https:\/\/schema.org\",\"@graph\":[{\"@type\":\"WebPage\",\"@id\":\"https:\/\/crusoe.audiencelabs.com.br\/com-participacao-de-dono-da-havan-maior-predio-residencial-do-mundo-sera-construido-no-brasil\/\",\"url\":\"https:\/\/crusoe.audiencelabs.com.br\/com-participacao-de-dono-da-havan-maior-predio-residencial-do-mundo-sera-construido-no-brasil\/\",\"name\":\"Com participa\u00e7\u00e3o de Dono da Havan, maior pr\u00e9dio residencial do mundo ser\u00e1 constru\u00eddo no Brasil\",\"isPartOf\":{\"@id\":\"https:\/\/crusoe.audiencelabs.com.br\/#website\"},\"primaryImageOfPage\":{\"@id\":\"https:\/\/crusoe.audiencelabs.com.br\/com-participacao-de-dono-da-havan-maior-predio-residencial-do-mundo-sera-construido-no-brasil\/#primaryimage\"},\"image\":{\"@id\":\"https:\/\/crusoe.audiencelabs.com.br\/com-participacao-de-dono-da-havan-maior-predio-residencial-do-mundo-sera-construido-no-brasil\/#primaryimage\"},\"thumbnailUrl\":\"https:\/\/cdn.crusoe.com.br\/uploads\/2026\/04\/WhatsApp-Image-2026-04-30-at-16.32.28-1.jpeg\",\"datePublished\":\"2026-05-01T22:32:00+00:00\",\"author\":{\"@id\":\"https:\/\/crusoe.audiencelabs.com.br\/#\/schema\/person\/0cca5874eda7d72cef71e77a9a9c2143\"},\"breadcrumb\":{\"@id\":\"https:\/\/crusoe.audiencelabs.com.br\/com-participacao-de-dono-da-havan-maior-predio-residencial-do-mundo-sera-construido-no-brasil\/#breadcrumb\"},\"inLanguage\":\"pt-BR\",\"potentialAction\":[{\"@type\":\"ReadAction\",\"target\":[\"https:\/\/crusoe.audiencelabs.com.br\/com-participacao-de-dono-da-havan-maior-predio-residencial-do-mundo-sera-construido-no-brasil\/\"]}]},{\"@type\":\"ImageObject\",\"inLanguage\":\"pt-BR\",\"@id\":\"https:\/\/crusoe.audiencelabs.com.br\/com-participacao-de-dono-da-havan-maior-predio-residencial-do-mundo-sera-construido-no-brasil\/#primaryimage\",\"url\":\"https:\/\/cdn.crusoe.com.br\/uploads\/2026\/04\/WhatsApp-Image-2026-04-30-at-16.32.28-1.jpeg\",\"contentUrl\":\"https:\/\/cdn.crusoe.com.br\/uploads\/2026\/04\/WhatsApp-Image-2026-04-30-at-16.32.28-1.jpeg\",\"width\":428,\"height\":422,\"caption\":\"Luciano Hang durante o evento de lan\u00e7amento do projeto. Reprodu\u00e7\u00e3o: Instagram (@sennatower)\"},{\"@type\":\"BreadcrumbList\",\"@id\":\"https:\/\/crusoe.audiencelabs.com.br\/com-participacao-de-dono-da-havan-maior-predio-residencial-do-mundo-sera-construido-no-brasil\/#breadcrumb\",\"itemListElement\":[{\"@type\":\"ListItem\",\"position\":1,\"name\":\"Home\",\"item\":\"https:\/\/crusoe.audiencelabs.com.br\/\"},{\"@type\":\"ListItem\",\"position\":2,\"name\":\"Com participa\u00e7\u00e3o de Dono da Havan, maior pr\u00e9dio residencial do mundo ser\u00e1 constru\u00eddo no Brasil\"}]},{\"@type\":\"WebSite\",\"@id\":\"https:\/\/crusoe.audiencelabs.com.br\/#website\",\"url\":\"https:\/\/crusoe.audiencelabs.com.br\/\",\"name\":\"Variedades - Cruso\u00e9\",\"description\":\"\",\"potentialAction\":[{\"@type\":\"SearchAction\",\"target\":{\"@type\":\"EntryPoint\",\"urlTemplate\":\"https:\/\/crusoe.audiencelabs.com.br\/?s={search_term_string}\"},\"query-input\":{\"@type\":\"PropertyValueSpecification\",\"valueRequired\":true,\"valueName\":\"search_term_string\"}}],\"inLanguage\":\"pt-BR\"},{\"@type\":\"Person\",\"@id\":\"https:\/\/crusoe.audiencelabs.com.br\/#\/schema\/person\/0cca5874eda7d72cef71e77a9a9c2143\",\"name\":\"J\u00falio Nesi\",\"image\":{\"@type\":\"ImageObject\",\"inLanguage\":\"pt-BR\",\"@id\":\"https:\/\/crusoe.audiencelabs.com.br\/#\/schema\/person\/image\/\",\"url\":\"https:\/\/secure.gravatar.com\/avatar\/c22eb47c3e2320e71637346b980e09f63de9f75742d3335f94a26b83dff70473?s=96&d=mm&r=g\",\"contentUrl\":\"https:\/\/secure.gravatar.com\/avatar\/c22eb47c3e2320e71637346b980e09f63de9f75742d3335f94a26b83dff70473?s=96&d=mm&r=g\",\"caption\":\"J\u00falio Nesi\"},\"description\":\"Jornalista alagoano formado pela UFAL, j\u00e1 atuei em produ\u00e7\u00e3o de conte\u00fado digital para portais, r\u00e1dio e redes sociais.\",\"sameAs\":[\"www.linkedin.com\/in\/j\u00falio-nesi\"],\"url\":\"https:\/\/crusoe.audiencelabs.com.br\/author\/julionesi\/\"}]}<\/script>\n<!-- \/ Yoast SEO plugin. -->","yoast_head_json":{"title":"Com participa\u00e7\u00e3o de Dono da Havan, maior pr\u00e9dio residencial do mundo ser\u00e1 constru\u00eddo no Brasil","robots":{"index":"index","follow":"follow","max-snippet":"max-snippet:-1","max-image-preview":"max-image-preview:large","max-video-preview":"max-video-preview:-1"},"canonical":"https:\/\/crusoe.audiencelabs.com.br\/com-participacao-de-dono-da-havan-maior-predio-residencial-do-mundo-sera-construido-no-brasil\/","og_locale":"pt_BR","og_type":"article","og_title":"Com participa\u00e7\u00e3o de Dono da Havan, maior pr\u00e9dio residencial do mundo ser\u00e1 constru\u00eddo no Brasil","og_description":"Balne\u00e1rio Cambori\u00fa, no litoral catarinense, j\u00e1 \u00e9 conhecida pelas torres altas e pelo metro quadrado mais caro do pa\u00eds. Agora, a cidade se prepara para abrigar mais um empreendimento luxuoso: um edif\u00edcio residencial que, se conclu\u00eddo conforme o planejado, vai entrar para a hist\u00f3ria da arquitetura. O Senna Tower tem a proposta de se tornar [&hellip;]","og_url":"https:\/\/crusoe.audiencelabs.com.br\/com-participacao-de-dono-da-havan-maior-predio-residencial-do-mundo-sera-construido-no-brasil\/","og_site_name":"Variedades - Cruso\u00e9","article_published_time":"2026-05-01T22:32:00+00:00","og_image":[{"width":428,"height":422,"url":"https:\/\/cdn.crusoe.com.br\/uploads\/2026\/04\/WhatsApp-Image-2026-04-30-at-16.32.28-1.jpeg","type":"image\/jpeg"}],"author":"J\u00falio Nesi","twitter_card":"summary_large_image","twitter_misc":{"Escrito por":"J\u00falio Nesi","Est. tempo de leitura":"3 minutos"},"schema":{"@context":"https:\/\/schema.org","@graph":[{"@type":"WebPage","@id":"https:\/\/crusoe.audiencelabs.com.br\/com-participacao-de-dono-da-havan-maior-predio-residencial-do-mundo-sera-construido-no-brasil\/","url":"https:\/\/crusoe.audiencelabs.com.br\/com-participacao-de-dono-da-havan-maior-predio-residencial-do-mundo-sera-construido-no-brasil\/","name":"Com participa\u00e7\u00e3o de Dono da Havan, maior pr\u00e9dio residencial do mundo ser\u00e1 constru\u00eddo no Brasil","isPartOf":{"@id":"https:\/\/crusoe.audiencelabs.com.br\/#website"},"primaryImageOfPage":{"@id":"https:\/\/crusoe.audiencelabs.com.br\/com-participacao-de-dono-da-havan-maior-predio-residencial-do-mundo-sera-construido-no-brasil\/#primaryimage"},"image":{"@id":"https:\/\/crusoe.audiencelabs.com.br\/com-participacao-de-dono-da-havan-maior-predio-residencial-do-mundo-sera-construido-no-brasil\/#primaryimage"},"thumbnailUrl":"https:\/\/cdn.crusoe.com.br\/uploads\/2026\/04\/WhatsApp-Image-2026-04-30-at-16.32.28-1.jpeg","datePublished":"2026-05-01T22:32:00+00:00","author":{"@id":"https:\/\/crusoe.audiencelabs.com.br\/#\/schema\/person\/0cca5874eda7d72cef71e77a9a9c2143"},"breadcrumb":{"@id":"https:\/\/crusoe.audiencelabs.com.br\/com-participacao-de-dono-da-havan-maior-predio-residencial-do-mundo-sera-construido-no-brasil\/#breadcrumb"},"inLanguage":"pt-BR","potentialAction":[{"@type":"ReadAction","target":["https:\/\/crusoe.audiencelabs.com.br\/com-participacao-de-dono-da-havan-maior-predio-residencial-do-mundo-sera-construido-no-brasil\/"]}]},{"@type":"ImageObject","inLanguage":"pt-BR","@id":"https:\/\/crusoe.audiencelabs.com.br\/com-participacao-de-dono-da-havan-maior-predio-residencial-do-mundo-sera-construido-no-brasil\/#primaryimage","url":"https:\/\/cdn.crusoe.com.br\/uploads\/2026\/04\/WhatsApp-Image-2026-04-30-at-16.32.28-1.jpeg","contentUrl":"https:\/\/cdn.crusoe.com.br\/uploads\/2026\/04\/WhatsApp-Image-2026-04-30-at-16.32.28-1.jpeg","width":428,"height":422,"caption":"Luciano Hang durante o evento de lan\u00e7amento do projeto. Reprodu\u00e7\u00e3o: Instagram (@sennatower)"},{"@type":"BreadcrumbList","@id":"https:\/\/crusoe.audiencelabs.com.br\/com-participacao-de-dono-da-havan-maior-predio-residencial-do-mundo-sera-construido-no-brasil\/#breadcrumb","itemListElement":[{"@type":"ListItem","position":1,"name":"Home","item":"https:\/\/crusoe.audiencelabs.com.br\/"},{"@type":"ListItem","position":2,"name":"Com participa\u00e7\u00e3o de Dono da Havan, maior pr\u00e9dio residencial do mundo ser\u00e1 constru\u00eddo no Brasil"}]},{"@type":"WebSite","@id":"https:\/\/crusoe.audiencelabs.com.br\/#website","url":"https:\/\/crusoe.audiencelabs.com.br\/","name":"Variedades - Cruso\u00e9","description":"","potentialAction":[{"@type":"SearchAction","target":{"@type":"EntryPoint","urlTemplate":"https:\/\/crusoe.audiencelabs.com.br\/?s={search_term_string}"},"query-input":{"@type":"PropertyValueSpecification","valueRequired":true,"valueName":"search_term_string"}}],"inLanguage":"pt-BR"},{"@type":"Person","@id":"https:\/\/crusoe.audiencelabs.com.br\/#\/schema\/person\/0cca5874eda7d72cef71e77a9a9c2143","name":"J\u00falio Nesi","image":{"@type":"ImageObject","inLanguage":"pt-BR","@id":"https:\/\/crusoe.audiencelabs.com.br\/#\/schema\/person\/image\/","url":"https:\/\/secure.gravatar.com\/avatar\/c22eb47c3e2320e71637346b980e09f63de9f75742d3335f94a26b83dff70473?s=96&d=mm&r=g","contentUrl":"https:\/\/secure.gravatar.com\/avatar\/c22eb47c3e2320e71637346b980e09f63de9f75742d3335f94a26b83dff70473?s=96&d=mm&r=g","caption":"J\u00falio Nesi"},"description":"Jornalista alagoano formado pela UFAL, j\u00e1 atuei em produ\u00e7\u00e3o de conte\u00fado digital para portais, r\u00e1dio e redes sociais.","sameAs":["www.linkedin.com\/in\/j\u00falio-nesi"],"url":"https:\/\/crusoe.audiencelabs.com.br\/author\/julionesi\/"}]}},"_links":{"self":[{"href":"https:\/\/crusoe.audiencelabs.com.br\/wp-json\/wp\/v2\/posts\/38161","targetHints":{"allow":["GET"]}}],"collection":[{"href":"https:\/\/crusoe.audiencelabs.com.br\/wp-json\/wp\/v2\/posts"}],"about":[{"href":"https:\/\/crusoe.audiencelabs.com.br\/wp-json\/wp\/v2\/types\/post"}],"author":[{"embeddable":true,"href":"https:\/\/crusoe.audiencelabs.com.br\/wp-json\/wp\/v2\/users\/15"}],"replies":[{"embeddable":true,"href":"https:\/\/crusoe.audiencelabs.com.br\/wp-json\/wp\/v2\/comments?post=38161"}],"version-history":[{"count":1,"href":"https:\/\/crusoe.audiencelabs.com.br\/wp-json\/wp\/v2\/posts\/38161\/revisions"}],"predecessor-version":[{"id":38163,"href":"https:\/\/crusoe.audiencelabs.com.br\/wp-json\/wp\/v2\/posts\/38161\/revisions\/38163"}],"wp:featuredmedia":[{"embeddable":true,"href":"https:\/\/crusoe.audiencelabs.com.br\/wp-json\/wp\/v2\/media\/38162"}],"wp:attachment":[{"href":"https:\/\/crusoe.audiencelabs.com.br\/wp-json\/wp\/v2\/media?parent=38161"}],"wp:term":[{"taxonomy":"category","embeddable":true,"href":"https:\/\/crusoe.audiencelabs.com.br\/wp-json\/wp\/v2\/categories?post=38161"},{"taxonomy":"post_tag","embeddable":true,"href":"https:\/\/crusoe.audiencelabs.com.br\/wp-json\/wp\/v2\/tags?post=38161"}],"curies":[{"name":"wp","href":"https:\/\/api.w.org\/{rel}","templated":true}]}}