{"id":38158,"date":"2026-05-01T18:34:29","date_gmt":"2026-05-01T21:34:29","guid":{"rendered":"https:\/\/crusoe.audiencelabs.com.br\/?p=38158"},"modified":"2026-04-30T16:14:40","modified_gmt":"2026-04-30T19:14:40","slug":"cinebiografia-de-michael-jackson-e-criticada-por-diretor-que-o-acusou-de-abuso-infantil","status":"publish","type":"post","link":"https:\/\/crusoe.audiencelabs.com.br\/cinebiografia-de-michael-jackson-e-criticada-por-diretor-que-o-acusou-de-abuso-infantil\/","title":{"rendered":"Cinebiografia de Michael Jackson \u00e9 criticada por diretor que o acusou de abuso infantil"},"content":{"rendered":"<p class=\"font-claude-response-body break-words whitespace-normal leading-[1.7]\">O lan\u00e7amento do filme\u00a0<strong><span style=\"margin: 0px;padding: 0px\"><em>Michael<\/em><\/span><\/strong>, cinebiografia do rei do pop, gerou rea\u00e7\u00e3o imediata de <strong>Dan Reed<\/strong>, diretor do document\u00e1rio <strong><em>Leaving Neverland<\/em><\/strong>. Para Reed, o filme omite deliberadamente as acusa\u00e7\u00f5es de <strong>abuso sexual infantil<\/strong> que marcaram a trajet\u00f3ria do cantor e apresenta uma &#8220;vers\u00e3o distorcida&#8221; da hist\u00f3ria.<\/p>\n<p class=\"font-claude-response-body break-words whitespace-normal leading-[1.7]\">Em entrevista \u00e0 revista <em>Variety<\/em>, o cineasta brit\u00e2nico afirmou que a produ\u00e7\u00e3o &#8220;vira a verdade de cabe\u00e7a para baixo&#8221; ao retratar Jackson como uma figura exc\u00eantrica e infantilizada, sem nenhuma men\u00e7\u00e3o \u00e0s den\u00fancias relatadas por <strong>Wade Robson<\/strong> e <strong>James Safechuck<\/strong> no document\u00e1rio de 2019.<\/p>\n<h2>O que diz o diretor de\u00a0<em>Leaving Neverland<\/em><\/h2>\n<p class=\"font-claude-response-body break-words whitespace-normal leading-[1.7]\">No document\u00e1rio original, Robson e Safechuck afirmam ter sido abusados sexualmente por Jackson quando tinham 7 e 10 anos, respectivamente, entre o fim dos anos 1980 e o in\u00edcio dos anos 1990. Reed aponta que a cinebiografia evita esse debate ao encerrar a narrativa em 1988, cinco anos antes das primeiras acusa\u00e7\u00f5es p\u00fablicas, no caso envolvendo <strong>Jordan Chandler<\/strong>.<\/p>\n<p class=\"font-claude-response-body break-words whitespace-normal leading-[1.7]\">Segundo Reed, a produ\u00e7\u00e3o tenta justificar o comportamento de Jackson com crian\u00e7as como algo inocente, sem enfrentar o que foi relatado em seu document\u00e1rio. Para ele, o longa n\u00e3o conseguiu desenvolver uma narrativa convincente sobre esse ponto, e a solu\u00e7\u00e3o encontrada foi simplesmente ignor\u00e1-lo.<\/p>\n<h2>Sucesso recorde de bilheteria<\/h2>\n<p class=\"font-claude-response-body break-words whitespace-normal leading-[1.7]\">Mesmo com as cr\u00edticas, <em>Michael<\/em> estreou com for\u00e7a nas bilheterias. O filme arrecadou cerca de US$ 217 milh\u00f5es (cerca de R$ 1,2 bilh\u00e3o) no mundo todo no primeiro fim de semana, al\u00e9m de impulsionar as reprodu\u00e7\u00f5es das m\u00fasicas do cantor nas plataformas digitais.<\/p>\n<p class=\"font-claude-response-body break-words whitespace-normal leading-[1.7]\">Para Reed, o desempenho comercial do longa exp\u00f5e uma certa dificuldade que o &#8220;setor pop&#8221; tem de incorporar as acusa\u00e7\u00f5es ao nome de Jackson.<\/p>\n<p class=\"font-claude-response-body break-words whitespace-normal leading-[1.7]\">Al\u00e9m disso, o diretor tamb\u00e9m atribuiu a baixa circula\u00e7\u00e3o de <em>Leaving Neverland<\/em> nos Estados Unidos e no Canad\u00e1 a disputas jur\u00eddicas entre a HBO e o esp\u00f3lio do cantor, que resultaram na retirada do document\u00e1rio das plataformas da emissora naqueles pa\u00edses a partir de 2020.<\/p>\n<p>&nbsp;<\/p>\n","protected":false},"excerpt":{"rendered":"<p>O lan\u00e7amento do filme\u00a0Michael, cinebiografia do rei do pop, gerou rea\u00e7\u00e3o imediata de Dan Reed, diretor do document\u00e1rio Leaving Neverland. Para Reed, o filme omite deliberadamente as acusa\u00e7\u00f5es de abuso sexual infantil que marcaram a trajet\u00f3ria do cantor e apresenta uma &#8220;vers\u00e3o distorcida&#8221; da hist\u00f3ria. Em entrevista \u00e0 revista Variety, o cineasta brit\u00e2nico afirmou que [&hellip;]<\/p>\n","protected":false},"author":15,"featured_media":38159,"comment_status":"open","ping_status":"open","sticky":false,"template":"","format":"standard","meta":{"jnews-multi-image_gallery":[],"jnews_single_post":{"format":"standard","jnews_video_option_group":[[]],"override":[{"template":"2","parallax":"1","fullscreen":"1","layout":"right-sidebar","sidebar":"default-sidebar","second_sidebar":"default-sidebar","sticky_sidebar":"1","share_position":"hide","share_float_style":"share-monocrhome","show_featured":"1","show_post_meta":"1","show_post_author":"1","show_post_date":"1","post_date_format":"default","post_date_format_custom":"Y\/m\/d","show_post_category":"1","show_post_reading_time":"0","post_reading_time_wpm":"300","post_calculate_word_method":"str_word_count","show_zoom_button":"0","zoom_button_out_step":"2","zoom_button_in_step":"3","show_post_tag":"1","show_popup_post":"1","number_popup_post":"1","show_author_box":"1","show_post_related":"0"}],"image_override":[{"single_post_thumbnail_size":"crop-500","single_post_gallery_size":"crop-500"}],"trending_post_position":"meta","trending_post_label":"Trending","sponsored_post_label":"Sponsored by","disable_ad":"0","subtitle":"Dan Reed refor\u00e7ou que a produ\u00e7\u00e3o do filme devia ter abordado essa quest\u00e3o"},"jnews_primary_category":[],"jnews_override_counter":{"view_counter_number":"0","share_counter_number":"0","like_counter_number":"0","dislike_counter_number":"0"},"jnews_post_split":{"post_split":[{"template":"1","tag":"h2","numbering":"asc","mode":"normal","first":"0","enable_toc":"0","toc_type":"normal"}]},"footnotes":""},"categories":[1],"tags":[7850,7849,227,7846,7100,1892,7844,7851,7847,7848,4074,7845],"class_list":["post-38158","post","type-post","status-publish","format-standard","has-post-thumbnail","hentry","category-geral","tag-abuso-sexual-infantil","tag-cinebiografia","tag-cinema","tag-dan-reed","tag-documentario","tag-filme","tag-james-safechuck","tag-jordan-chandler","tag-leaving-neverland","tag-michael","tag-michael-jackson","tag-wade-robson"],"yoast_head":"<!-- This site is optimized with the Yoast SEO plugin v25.0 - https:\/\/yoast.com\/wordpress\/plugins\/seo\/ -->\n<title>Cinebiografia de Michael Jackson \u00e9 criticada por diretor que o acusou de abuso infantil<\/title>\n<meta name=\"robots\" content=\"index, follow, max-snippet:-1, max-image-preview:large, max-video-preview:-1\" \/>\n<link rel=\"canonical\" href=\"https:\/\/crusoe.audiencelabs.com.br\/cinebiografia-de-michael-jackson-e-criticada-por-diretor-que-o-acusou-de-abuso-infantil\/\" \/>\n<meta property=\"og:locale\" content=\"pt_BR\" \/>\n<meta property=\"og:type\" content=\"article\" \/>\n<meta property=\"og:title\" content=\"Cinebiografia de Michael Jackson \u00e9 criticada por diretor que o acusou de abuso infantil\" \/>\n<meta property=\"og:description\" content=\"O lan\u00e7amento do filme\u00a0Michael, cinebiografia do rei do pop, gerou rea\u00e7\u00e3o imediata de Dan Reed, diretor do document\u00e1rio Leaving Neverland. Para Reed, o filme omite deliberadamente as acusa\u00e7\u00f5es de abuso sexual infantil que marcaram a trajet\u00f3ria do cantor e apresenta uma &#8220;vers\u00e3o distorcida&#8221; da hist\u00f3ria. Em entrevista \u00e0 revista Variety, o cineasta brit\u00e2nico afirmou que [&hellip;]\" \/>\n<meta property=\"og:url\" content=\"https:\/\/crusoe.audiencelabs.com.br\/cinebiografia-de-michael-jackson-e-criticada-por-diretor-que-o-acusou-de-abuso-infantil\/\" \/>\n<meta property=\"og:site_name\" content=\"Variedades - Cruso\u00e9\" \/>\n<meta property=\"article:published_time\" content=\"2026-05-01T21:34:29+00:00\" \/>\n<meta property=\"og:image\" content=\"https:\/\/cdn.crusoe.com.br\/uploads\/2026\/04\/Bringing-my-uncles-story-to-the-big-screen-has-been-one-of-the-greatest-honors-of-my-life.-From--e1777575953393.jpg\" \/>\n\t<meta property=\"og:image:width\" content=\"1080\" \/>\n\t<meta property=\"og:image:height\" content=\"857\" \/>\n\t<meta property=\"og:image:type\" content=\"image\/jpeg\" \/>\n<meta name=\"author\" content=\"J\u00falio Nesi\" \/>\n<meta name=\"twitter:card\" content=\"summary_large_image\" \/>\n<meta name=\"twitter:label1\" content=\"Escrito por\" \/>\n\t<meta name=\"twitter:data1\" content=\"J\u00falio Nesi\" \/>\n\t<meta name=\"twitter:label2\" content=\"Est. tempo de leitura\" \/>\n\t<meta name=\"twitter:data2\" content=\"2 minutos\" \/>\n<script type=\"application\/ld+json\" class=\"yoast-schema-graph\">{\"@context\":\"https:\/\/schema.org\",\"@graph\":[{\"@type\":\"WebPage\",\"@id\":\"https:\/\/crusoe.audiencelabs.com.br\/cinebiografia-de-michael-jackson-e-criticada-por-diretor-que-o-acusou-de-abuso-infantil\/\",\"url\":\"https:\/\/crusoe.audiencelabs.com.br\/cinebiografia-de-michael-jackson-e-criticada-por-diretor-que-o-acusou-de-abuso-infantil\/\",\"name\":\"Cinebiografia de Michael Jackson \u00e9 criticada por diretor que o acusou de abuso infantil\",\"isPartOf\":{\"@id\":\"https:\/\/crusoe.audiencelabs.com.br\/#website\"},\"primaryImageOfPage\":{\"@id\":\"https:\/\/crusoe.audiencelabs.com.br\/cinebiografia-de-michael-jackson-e-criticada-por-diretor-que-o-acusou-de-abuso-infantil\/#primaryimage\"},\"image\":{\"@id\":\"https:\/\/crusoe.audiencelabs.com.br\/cinebiografia-de-michael-jackson-e-criticada-por-diretor-que-o-acusou-de-abuso-infantil\/#primaryimage\"},\"thumbnailUrl\":\"https:\/\/cdn.crusoe.com.br\/uploads\/2026\/04\/Bringing-my-uncles-story-to-the-big-screen-has-been-one-of-the-greatest-honors-of-my-life.-From--e1777575953393.jpg\",\"datePublished\":\"2026-05-01T21:34:29+00:00\",\"author\":{\"@id\":\"https:\/\/crusoe.audiencelabs.com.br\/#\/schema\/person\/0cca5874eda7d72cef71e77a9a9c2143\"},\"breadcrumb\":{\"@id\":\"https:\/\/crusoe.audiencelabs.com.br\/cinebiografia-de-michael-jackson-e-criticada-por-diretor-que-o-acusou-de-abuso-infantil\/#breadcrumb\"},\"inLanguage\":\"pt-BR\",\"potentialAction\":[{\"@type\":\"ReadAction\",\"target\":[\"https:\/\/crusoe.audiencelabs.com.br\/cinebiografia-de-michael-jackson-e-criticada-por-diretor-que-o-acusou-de-abuso-infantil\/\"]}]},{\"@type\":\"ImageObject\",\"inLanguage\":\"pt-BR\",\"@id\":\"https:\/\/crusoe.audiencelabs.com.br\/cinebiografia-de-michael-jackson-e-criticada-por-diretor-que-o-acusou-de-abuso-infantil\/#primaryimage\",\"url\":\"https:\/\/cdn.crusoe.com.br\/uploads\/2026\/04\/Bringing-my-uncles-story-to-the-big-screen-has-been-one-of-the-greatest-honors-of-my-life.-From--e1777575953393.jpg\",\"contentUrl\":\"https:\/\/cdn.crusoe.com.br\/uploads\/2026\/04\/Bringing-my-uncles-story-to-the-big-screen-has-been-one-of-the-greatest-honors-of-my-life.-From--e1777575953393.jpg\",\"width\":1080,\"height\":857,\"caption\":\"O ator Jaafar Jackson, sobrinho de Miachael Jackson, interpretando o Ri do Pop na cinebiografia de seu tio. Reprodu\u00e7\u00e3o: Instagram (@jaafarjackson)\"},{\"@type\":\"BreadcrumbList\",\"@id\":\"https:\/\/crusoe.audiencelabs.com.br\/cinebiografia-de-michael-jackson-e-criticada-por-diretor-que-o-acusou-de-abuso-infantil\/#breadcrumb\",\"itemListElement\":[{\"@type\":\"ListItem\",\"position\":1,\"name\":\"Home\",\"item\":\"https:\/\/crusoe.audiencelabs.com.br\/\"},{\"@type\":\"ListItem\",\"position\":2,\"name\":\"Cinebiografia de Michael Jackson \u00e9 criticada por diretor que o acusou de abuso infantil\"}]},{\"@type\":\"WebSite\",\"@id\":\"https:\/\/crusoe.audiencelabs.com.br\/#website\",\"url\":\"https:\/\/crusoe.audiencelabs.com.br\/\",\"name\":\"Variedades - Cruso\u00e9\",\"description\":\"\",\"potentialAction\":[{\"@type\":\"SearchAction\",\"target\":{\"@type\":\"EntryPoint\",\"urlTemplate\":\"https:\/\/crusoe.audiencelabs.com.br\/?s={search_term_string}\"},\"query-input\":{\"@type\":\"PropertyValueSpecification\",\"valueRequired\":true,\"valueName\":\"search_term_string\"}}],\"inLanguage\":\"pt-BR\"},{\"@type\":\"Person\",\"@id\":\"https:\/\/crusoe.audiencelabs.com.br\/#\/schema\/person\/0cca5874eda7d72cef71e77a9a9c2143\",\"name\":\"J\u00falio Nesi\",\"image\":{\"@type\":\"ImageObject\",\"inLanguage\":\"pt-BR\",\"@id\":\"https:\/\/crusoe.audiencelabs.com.br\/#\/schema\/person\/image\/\",\"url\":\"https:\/\/secure.gravatar.com\/avatar\/c22eb47c3e2320e71637346b980e09f63de9f75742d3335f94a26b83dff70473?s=96&d=mm&r=g\",\"contentUrl\":\"https:\/\/secure.gravatar.com\/avatar\/c22eb47c3e2320e71637346b980e09f63de9f75742d3335f94a26b83dff70473?s=96&d=mm&r=g\",\"caption\":\"J\u00falio Nesi\"},\"description\":\"Jornalista alagoano formado pela UFAL, j\u00e1 atuei em produ\u00e7\u00e3o de conte\u00fado digital para portais, r\u00e1dio e redes sociais.\",\"sameAs\":[\"www.linkedin.com\/in\/j\u00falio-nesi\"],\"url\":\"https:\/\/crusoe.audiencelabs.com.br\/author\/julionesi\/\"}]}<\/script>\n<!-- \/ Yoast SEO plugin. -->","yoast_head_json":{"title":"Cinebiografia de Michael Jackson \u00e9 criticada por diretor que o acusou de abuso infantil","robots":{"index":"index","follow":"follow","max-snippet":"max-snippet:-1","max-image-preview":"max-image-preview:large","max-video-preview":"max-video-preview:-1"},"canonical":"https:\/\/crusoe.audiencelabs.com.br\/cinebiografia-de-michael-jackson-e-criticada-por-diretor-que-o-acusou-de-abuso-infantil\/","og_locale":"pt_BR","og_type":"article","og_title":"Cinebiografia de Michael Jackson \u00e9 criticada por diretor que o acusou de abuso infantil","og_description":"O lan\u00e7amento do filme\u00a0Michael, cinebiografia do rei do pop, gerou rea\u00e7\u00e3o imediata de Dan Reed, diretor do document\u00e1rio Leaving Neverland. Para Reed, o filme omite deliberadamente as acusa\u00e7\u00f5es de abuso sexual infantil que marcaram a trajet\u00f3ria do cantor e apresenta uma &#8220;vers\u00e3o distorcida&#8221; da hist\u00f3ria. Em entrevista \u00e0 revista Variety, o cineasta brit\u00e2nico afirmou que [&hellip;]","og_url":"https:\/\/crusoe.audiencelabs.com.br\/cinebiografia-de-michael-jackson-e-criticada-por-diretor-que-o-acusou-de-abuso-infantil\/","og_site_name":"Variedades - Cruso\u00e9","article_published_time":"2026-05-01T21:34:29+00:00","og_image":[{"width":1080,"height":857,"url":"https:\/\/cdn.crusoe.com.br\/uploads\/2026\/04\/Bringing-my-uncles-story-to-the-big-screen-has-been-one-of-the-greatest-honors-of-my-life.-From--e1777575953393.jpg","type":"image\/jpeg"}],"author":"J\u00falio Nesi","twitter_card":"summary_large_image","twitter_misc":{"Escrito por":"J\u00falio Nesi","Est. tempo de leitura":"2 minutos"},"schema":{"@context":"https:\/\/schema.org","@graph":[{"@type":"WebPage","@id":"https:\/\/crusoe.audiencelabs.com.br\/cinebiografia-de-michael-jackson-e-criticada-por-diretor-que-o-acusou-de-abuso-infantil\/","url":"https:\/\/crusoe.audiencelabs.com.br\/cinebiografia-de-michael-jackson-e-criticada-por-diretor-que-o-acusou-de-abuso-infantil\/","name":"Cinebiografia de Michael Jackson \u00e9 criticada por diretor que o acusou de abuso infantil","isPartOf":{"@id":"https:\/\/crusoe.audiencelabs.com.br\/#website"},"primaryImageOfPage":{"@id":"https:\/\/crusoe.audiencelabs.com.br\/cinebiografia-de-michael-jackson-e-criticada-por-diretor-que-o-acusou-de-abuso-infantil\/#primaryimage"},"image":{"@id":"https:\/\/crusoe.audiencelabs.com.br\/cinebiografia-de-michael-jackson-e-criticada-por-diretor-que-o-acusou-de-abuso-infantil\/#primaryimage"},"thumbnailUrl":"https:\/\/cdn.crusoe.com.br\/uploads\/2026\/04\/Bringing-my-uncles-story-to-the-big-screen-has-been-one-of-the-greatest-honors-of-my-life.-From--e1777575953393.jpg","datePublished":"2026-05-01T21:34:29+00:00","author":{"@id":"https:\/\/crusoe.audiencelabs.com.br\/#\/schema\/person\/0cca5874eda7d72cef71e77a9a9c2143"},"breadcrumb":{"@id":"https:\/\/crusoe.audiencelabs.com.br\/cinebiografia-de-michael-jackson-e-criticada-por-diretor-que-o-acusou-de-abuso-infantil\/#breadcrumb"},"inLanguage":"pt-BR","potentialAction":[{"@type":"ReadAction","target":["https:\/\/crusoe.audiencelabs.com.br\/cinebiografia-de-michael-jackson-e-criticada-por-diretor-que-o-acusou-de-abuso-infantil\/"]}]},{"@type":"ImageObject","inLanguage":"pt-BR","@id":"https:\/\/crusoe.audiencelabs.com.br\/cinebiografia-de-michael-jackson-e-criticada-por-diretor-que-o-acusou-de-abuso-infantil\/#primaryimage","url":"https:\/\/cdn.crusoe.com.br\/uploads\/2026\/04\/Bringing-my-uncles-story-to-the-big-screen-has-been-one-of-the-greatest-honors-of-my-life.-From--e1777575953393.jpg","contentUrl":"https:\/\/cdn.crusoe.com.br\/uploads\/2026\/04\/Bringing-my-uncles-story-to-the-big-screen-has-been-one-of-the-greatest-honors-of-my-life.-From--e1777575953393.jpg","width":1080,"height":857,"caption":"O ator Jaafar Jackson, sobrinho de Miachael Jackson, interpretando o Ri do Pop na cinebiografia de seu tio. Reprodu\u00e7\u00e3o: Instagram (@jaafarjackson)"},{"@type":"BreadcrumbList","@id":"https:\/\/crusoe.audiencelabs.com.br\/cinebiografia-de-michael-jackson-e-criticada-por-diretor-que-o-acusou-de-abuso-infantil\/#breadcrumb","itemListElement":[{"@type":"ListItem","position":1,"name":"Home","item":"https:\/\/crusoe.audiencelabs.com.br\/"},{"@type":"ListItem","position":2,"name":"Cinebiografia de Michael Jackson \u00e9 criticada por diretor que o acusou de abuso infantil"}]},{"@type":"WebSite","@id":"https:\/\/crusoe.audiencelabs.com.br\/#website","url":"https:\/\/crusoe.audiencelabs.com.br\/","name":"Variedades - Cruso\u00e9","description":"","potentialAction":[{"@type":"SearchAction","target":{"@type":"EntryPoint","urlTemplate":"https:\/\/crusoe.audiencelabs.com.br\/?s={search_term_string}"},"query-input":{"@type":"PropertyValueSpecification","valueRequired":true,"valueName":"search_term_string"}}],"inLanguage":"pt-BR"},{"@type":"Person","@id":"https:\/\/crusoe.audiencelabs.com.br\/#\/schema\/person\/0cca5874eda7d72cef71e77a9a9c2143","name":"J\u00falio Nesi","image":{"@type":"ImageObject","inLanguage":"pt-BR","@id":"https:\/\/crusoe.audiencelabs.com.br\/#\/schema\/person\/image\/","url":"https:\/\/secure.gravatar.com\/avatar\/c22eb47c3e2320e71637346b980e09f63de9f75742d3335f94a26b83dff70473?s=96&d=mm&r=g","contentUrl":"https:\/\/secure.gravatar.com\/avatar\/c22eb47c3e2320e71637346b980e09f63de9f75742d3335f94a26b83dff70473?s=96&d=mm&r=g","caption":"J\u00falio Nesi"},"description":"Jornalista alagoano formado pela UFAL, j\u00e1 atuei em produ\u00e7\u00e3o de conte\u00fado digital para portais, r\u00e1dio e redes sociais.","sameAs":["www.linkedin.com\/in\/j\u00falio-nesi"],"url":"https:\/\/crusoe.audiencelabs.com.br\/author\/julionesi\/"}]}},"_links":{"self":[{"href":"https:\/\/crusoe.audiencelabs.com.br\/wp-json\/wp\/v2\/posts\/38158","targetHints":{"allow":["GET"]}}],"collection":[{"href":"https:\/\/crusoe.audiencelabs.com.br\/wp-json\/wp\/v2\/posts"}],"about":[{"href":"https:\/\/crusoe.audiencelabs.com.br\/wp-json\/wp\/v2\/types\/post"}],"author":[{"embeddable":true,"href":"https:\/\/crusoe.audiencelabs.com.br\/wp-json\/wp\/v2\/users\/15"}],"replies":[{"embeddable":true,"href":"https:\/\/crusoe.audiencelabs.com.br\/wp-json\/wp\/v2\/comments?post=38158"}],"version-history":[{"count":1,"href":"https:\/\/crusoe.audiencelabs.com.br\/wp-json\/wp\/v2\/posts\/38158\/revisions"}],"predecessor-version":[{"id":38160,"href":"https:\/\/crusoe.audiencelabs.com.br\/wp-json\/wp\/v2\/posts\/38158\/revisions\/38160"}],"wp:featuredmedia":[{"embeddable":true,"href":"https:\/\/crusoe.audiencelabs.com.br\/wp-json\/wp\/v2\/media\/38159"}],"wp:attachment":[{"href":"https:\/\/crusoe.audiencelabs.com.br\/wp-json\/wp\/v2\/media?parent=38158"}],"wp:term":[{"taxonomy":"category","embeddable":true,"href":"https:\/\/crusoe.audiencelabs.com.br\/wp-json\/wp\/v2\/categories?post=38158"},{"taxonomy":"post_tag","embeddable":true,"href":"https:\/\/crusoe.audiencelabs.com.br\/wp-json\/wp\/v2\/tags?post=38158"}],"curies":[{"name":"wp","href":"https:\/\/api.w.org\/{rel}","templated":true}]}}