{"id":38138,"date":"2026-04-30T20:38:05","date_gmt":"2026-04-30T23:38:05","guid":{"rendered":"https:\/\/crusoe.audiencelabs.com.br\/?p=38138"},"modified":"2026-04-30T14:42:32","modified_gmt":"2026-04-30T17:42:32","slug":"aumento-no-desemprego-chama-atencao-mas-ainda-esta-abaixo-da-taxa-do-ultimo-ano","status":"publish","type":"post","link":"https:\/\/crusoe.audiencelabs.com.br\/aumento-no-desemprego-chama-atencao-mas-ainda-esta-abaixo-da-taxa-do-ultimo-ano\/","title":{"rendered":"Aumento no desemprego chama aten\u00e7\u00e3o mas ainda est\u00e1 abaixo da taxa do \u00faltimo ano"},"content":{"rendered":"<p><span style=\"font-weight: 400\">A taxa de desemprego no Brasil subiu para <\/span><b>6,1%<\/b><span style=\"font-weight: 400\"> no trimestre encerrado em mar\u00e7o de 2026, segundo a <\/span><b>Pesquisa Nacional por Amostra de Domic\u00edlios Cont\u00ednua (Pnad Cont\u00ednua)<\/b><span style=\"font-weight: 400\">, divulgada pelo <\/span><b>Instituto Brasileiro de Geografia e Estat\u00edstica (IBGE)<\/b><span style=\"font-weight: 400\"> nesta quinta-feira.\u00a0<\/span><\/p>\n<p><span style=\"font-weight: 400\">Apesar do avan\u00e7o, o \u00edndice ainda est\u00e1 abaixo do registrado no mesmo per\u00edodo de 2025, quando estava em <\/span><b>7%<\/b><span style=\"font-weight: 400\">.\u00a0<\/span><\/p>\n<p><span style=\"font-weight: 400\">O resultado representa alta de <\/span><b>1 ponto percentual<\/b><span style=\"font-weight: 400\"> em rela\u00e7\u00e3o ao trimestre de outubro a dezembro de 2025, quando a taxa era de <\/span><b>5,1%<\/b><span style=\"font-weight: 400\">.\u00a0<\/span><\/p>\n<p><span style=\"font-weight: 400\">Ainda assim, o IBGE destaca que essa \u00e9 a menor taxa para um trimestre encerrado em mar\u00e7o desde o in\u00edcio da s\u00e9rie hist\u00f3rica da Pnad Cont\u00ednua, em 2012.\u00a0<\/span><\/p>\n<h2>Alta tem efeito sazonal<\/h2>\n<p><span style=\"font-weight: 400\">O aumento no desemprego no in\u00edcio do ano costuma aparecer por causa de fatores sazonais. Depois das contrata\u00e7\u00f5es tempor\u00e1rias de fim de ano, parte das vagas \u00e9 encerrada nos primeiros meses seguintes.<\/span><\/p>\n<p><span style=\"font-weight: 400\">Al\u00e9m disso, setores como com\u00e9rcio, constru\u00e7\u00e3o, educa\u00e7\u00e3o e servi\u00e7os costumam ter ajustes nesse per\u00edodo. Por isso, a leitura do dado exige compara\u00e7\u00e3o com o mesmo trimestre do ano anterior, e n\u00e3o apenas com o fim de 2025.<\/span><\/p>\n<h2>N\u00famero de desempregados chegou a 6,6 milh\u00f5es<\/h2>\n<p><span style=\"font-weight: 400\">O Brasil tinha <\/span><b>6,6 milh\u00f5es de pessoas<\/b><span style=\"font-weight: 400\"> em busca de trabalho no trimestre encerrado em mar\u00e7o. O contingente cresceu em rela\u00e7\u00e3o ao fim de 2025, mas ficou menor que o registrado um ano antes.\u00a0<\/span><\/p>\n<p><span style=\"font-weight: 400\">A compara\u00e7\u00e3o anual mostra um mercado de trabalho ainda mais forte do que no in\u00edcio de 2025. Esse ponto ajuda a explicar por que a alta chamou aten\u00e7\u00e3o, mas n\u00e3o alterou a tend\u00eancia mais ampla de melhora frente ao ano anterior.<\/span><\/p>\n<h2>Rendimento segue em patamar elevado<\/h2>\n<p><span style=\"font-weight: 400\">A Pnad Cont\u00ednua tamb\u00e9m acompanha renda, ocupa\u00e7\u00e3o e subutiliza\u00e7\u00e3o. No trimestre encerrado em fevereiro, o rendimento real habitual j\u00e1 havia chegado a <\/span><b>R$3.679<\/b><span style=\"font-weight: 400\">, com alta frente ao mesmo per\u00edodo de 2025.\u00a0<\/span><\/p>\n<p><span style=\"font-weight: 400\">Esse dado importa porque o mercado de trabalho n\u00e3o se resume \u00e0 taxa de desocupa\u00e7\u00e3o. Renda, informalidade, popula\u00e7\u00e3o ocupada e subutiliza\u00e7\u00e3o ajudam a mostrar se a melhora chega de fato ao bolso do trabalhador.<\/span><\/p>\n<h2>Como interpretar o resultado<\/h2>\n<p><span style=\"font-weight: 400\">A taxa de 6,1% indica que o desemprego cresceu no come\u00e7o de 2026. No entanto, a compara\u00e7\u00e3o anual ainda mostra um quadro melhor que o de mar\u00e7o de 2025.<\/span><\/p>\n<p><span style=\"font-weight: 400\">Portanto, o dado traz um alerta pontual, mas n\u00e3o aponta, sozinho, uma virada negativa no mercado de trabalho. A pr\u00f3xima divulga\u00e7\u00e3o do IBGE deve mostrar se a alta foi apenas sazonal ou se a desacelera\u00e7\u00e3o ganhou for\u00e7a.<\/span><\/p>\n","protected":false},"excerpt":{"rendered":"<p>A taxa de desemprego no Brasil subiu para 6,1% no trimestre encerrado em mar\u00e7o de 2026, segundo a Pesquisa Nacional por Amostra de Domic\u00edlios Cont\u00ednua (Pnad Cont\u00ednua), divulgada pelo Instituto Brasileiro de Geografia e Estat\u00edstica (IBGE) nesta quinta-feira.\u00a0 Apesar do avan\u00e7o, o \u00edndice ainda est\u00e1 abaixo do registrado no mesmo per\u00edodo de 2025, quando estava [&hellip;]<\/p>\n","protected":false},"author":17,"featured_media":38139,"comment_status":"open","ping_status":"open","sticky":false,"template":"","format":"standard","meta":{"jnews-multi-image_gallery":[],"jnews_single_post":{"format":"standard","jnews_video_option_group":[[]],"override":[{"template":"2","parallax":"1","fullscreen":"1","layout":"right-sidebar","sidebar":"default-sidebar","second_sidebar":"default-sidebar","sticky_sidebar":"1","share_position":"hide","share_float_style":"share-monocrhome","show_featured":"1","show_post_meta":"1","show_post_author":"1","show_post_date":"1","post_date_format":"default","post_date_format_custom":"Y\/m\/d","show_post_category":"1","show_post_reading_time":"0","post_reading_time_wpm":"300","post_calculate_word_method":"str_word_count","show_zoom_button":"0","zoom_button_out_step":"2","zoom_button_in_step":"3","show_post_tag":"1","show_popup_post":"1","number_popup_post":"1","show_author_box":"1","show_post_related":"0"}],"image_override":[{"single_post_thumbnail_size":"crop-500","single_post_gallery_size":"crop-500"}],"trending_post_position":"meta","trending_post_label":"Trending","sponsored_post_label":"Sponsored by","disable_ad":"0","subtitle":"Desocupa\u00e7\u00e3o subiu para 6,1% no trimestre encerrado em mar\u00e7o, mas segue no menor n\u00edvel para o per\u00edodo desde 2012"},"jnews_primary_category":[],"jnews_override_counter":{"view_counter_number":"0","share_counter_number":"0","like_counter_number":"0","dislike_counter_number":"0"},"jnews_post_split":{"post_split":[{"template":"1","tag":"h2","numbering":"asc","mode":"normal","first":"0","enable_toc":"0","toc_type":"normal"}]},"footnotes":""},"categories":[1],"tags":[],"class_list":["post-38138","post","type-post","status-publish","format-standard","has-post-thumbnail","hentry","category-geral"],"yoast_head":"<!-- This site is optimized with the Yoast SEO plugin v25.0 - https:\/\/yoast.com\/wordpress\/plugins\/seo\/ -->\n<title>Aumento no desemprego chama aten\u00e7\u00e3o mas ainda est\u00e1 abaixo da taxa do \u00faltimo ano<\/title>\n<meta name=\"robots\" content=\"index, follow, max-snippet:-1, max-image-preview:large, max-video-preview:-1\" \/>\n<link rel=\"canonical\" href=\"https:\/\/crusoe.audiencelabs.com.br\/aumento-no-desemprego-chama-atencao-mas-ainda-esta-abaixo-da-taxa-do-ultimo-ano\/\" \/>\n<meta property=\"og:locale\" content=\"pt_BR\" \/>\n<meta property=\"og:type\" content=\"article\" \/>\n<meta property=\"og:title\" content=\"Aumento no desemprego chama aten\u00e7\u00e3o mas ainda est\u00e1 abaixo da taxa do \u00faltimo ano\" \/>\n<meta property=\"og:description\" content=\"A taxa de desemprego no Brasil subiu para 6,1% no trimestre encerrado em mar\u00e7o de 2026, segundo a Pesquisa Nacional por Amostra de Domic\u00edlios Cont\u00ednua (Pnad Cont\u00ednua), divulgada pelo Instituto Brasileiro de Geografia e Estat\u00edstica (IBGE) nesta quinta-feira.\u00a0 Apesar do avan\u00e7o, o \u00edndice ainda est\u00e1 abaixo do registrado no mesmo per\u00edodo de 2025, quando estava [&hellip;]\" \/>\n<meta property=\"og:url\" content=\"https:\/\/crusoe.audiencelabs.com.br\/aumento-no-desemprego-chama-atencao-mas-ainda-esta-abaixo-da-taxa-do-ultimo-ano\/\" \/>\n<meta property=\"og:site_name\" content=\"Variedades - Cruso\u00e9\" \/>\n<meta property=\"article:published_time\" content=\"2026-04-30T23:38:05+00:00\" \/>\n<meta property=\"og:image\" content=\"https:\/\/cdn.crusoe.com.br\/uploads\/2026\/04\/mg_2823-2_0.webp\" \/>\n\t<meta property=\"og:image:width\" content=\"1170\" \/>\n\t<meta property=\"og:image:height\" content=\"700\" \/>\n\t<meta property=\"og:image:type\" content=\"image\/webp\" \/>\n<meta name=\"author\" content=\"Sofia Volpi\" \/>\n<meta name=\"twitter:card\" content=\"summary_large_image\" \/>\n<meta name=\"twitter:label1\" content=\"Escrito por\" \/>\n\t<meta name=\"twitter:data1\" content=\"Sofia Volpi\" \/>\n\t<meta name=\"twitter:label2\" content=\"Est. tempo de leitura\" \/>\n\t<meta name=\"twitter:data2\" content=\"3 minutos\" \/>\n<script type=\"application\/ld+json\" class=\"yoast-schema-graph\">{\"@context\":\"https:\/\/schema.org\",\"@graph\":[{\"@type\":\"WebPage\",\"@id\":\"https:\/\/crusoe.audiencelabs.com.br\/aumento-no-desemprego-chama-atencao-mas-ainda-esta-abaixo-da-taxa-do-ultimo-ano\/\",\"url\":\"https:\/\/crusoe.audiencelabs.com.br\/aumento-no-desemprego-chama-atencao-mas-ainda-esta-abaixo-da-taxa-do-ultimo-ano\/\",\"name\":\"Aumento no desemprego chama aten\u00e7\u00e3o mas ainda est\u00e1 abaixo da taxa do \u00faltimo ano\",\"isPartOf\":{\"@id\":\"https:\/\/crusoe.audiencelabs.com.br\/#website\"},\"primaryImageOfPage\":{\"@id\":\"https:\/\/crusoe.audiencelabs.com.br\/aumento-no-desemprego-chama-atencao-mas-ainda-esta-abaixo-da-taxa-do-ultimo-ano\/#primaryimage\"},\"image\":{\"@id\":\"https:\/\/crusoe.audiencelabs.com.br\/aumento-no-desemprego-chama-atencao-mas-ainda-esta-abaixo-da-taxa-do-ultimo-ano\/#primaryimage\"},\"thumbnailUrl\":\"https:\/\/cdn.crusoe.com.br\/uploads\/2026\/04\/mg_2823-2_0.webp\",\"datePublished\":\"2026-04-30T23:38:05+00:00\",\"author\":{\"@id\":\"https:\/\/crusoe.audiencelabs.com.br\/#\/schema\/person\/9d0fb7a15db57f24b87bef41d034cb04\"},\"breadcrumb\":{\"@id\":\"https:\/\/crusoe.audiencelabs.com.br\/aumento-no-desemprego-chama-atencao-mas-ainda-esta-abaixo-da-taxa-do-ultimo-ano\/#breadcrumb\"},\"inLanguage\":\"pt-BR\",\"potentialAction\":[{\"@type\":\"ReadAction\",\"target\":[\"https:\/\/crusoe.audiencelabs.com.br\/aumento-no-desemprego-chama-atencao-mas-ainda-esta-abaixo-da-taxa-do-ultimo-ano\/\"]}]},{\"@type\":\"ImageObject\",\"inLanguage\":\"pt-BR\",\"@id\":\"https:\/\/crusoe.audiencelabs.com.br\/aumento-no-desemprego-chama-atencao-mas-ainda-esta-abaixo-da-taxa-do-ultimo-ano\/#primaryimage\",\"url\":\"https:\/\/cdn.crusoe.com.br\/uploads\/2026\/04\/mg_2823-2_0.webp\",\"contentUrl\":\"https:\/\/cdn.crusoe.com.br\/uploads\/2026\/04\/mg_2823-2_0.webp\",\"width\":1170,\"height\":700,\"caption\":\"Foto: Fernando Fraz\u00e3o\/Ag\u00eancia Brasil\"},{\"@type\":\"BreadcrumbList\",\"@id\":\"https:\/\/crusoe.audiencelabs.com.br\/aumento-no-desemprego-chama-atencao-mas-ainda-esta-abaixo-da-taxa-do-ultimo-ano\/#breadcrumb\",\"itemListElement\":[{\"@type\":\"ListItem\",\"position\":1,\"name\":\"Home\",\"item\":\"https:\/\/crusoe.audiencelabs.com.br\/\"},{\"@type\":\"ListItem\",\"position\":2,\"name\":\"Aumento no desemprego chama aten\u00e7\u00e3o mas ainda est\u00e1 abaixo da taxa do \u00faltimo ano\"}]},{\"@type\":\"WebSite\",\"@id\":\"https:\/\/crusoe.audiencelabs.com.br\/#website\",\"url\":\"https:\/\/crusoe.audiencelabs.com.br\/\",\"name\":\"Variedades - Cruso\u00e9\",\"description\":\"\",\"potentialAction\":[{\"@type\":\"SearchAction\",\"target\":{\"@type\":\"EntryPoint\",\"urlTemplate\":\"https:\/\/crusoe.audiencelabs.com.br\/?s={search_term_string}\"},\"query-input\":{\"@type\":\"PropertyValueSpecification\",\"valueRequired\":true,\"valueName\":\"search_term_string\"}}],\"inLanguage\":\"pt-BR\"},{\"@type\":\"Person\",\"@id\":\"https:\/\/crusoe.audiencelabs.com.br\/#\/schema\/person\/9d0fb7a15db57f24b87bef41d034cb04\",\"name\":\"Sofia Volpi\",\"image\":{\"@type\":\"ImageObject\",\"inLanguage\":\"pt-BR\",\"@id\":\"https:\/\/crusoe.audiencelabs.com.br\/#\/schema\/person\/image\/\",\"url\":\"https:\/\/secure.gravatar.com\/avatar\/a34b676379e5491536434fe5f7a9c49c2efbf9be83b707fa9e74568d45d559f8?s=96&d=mm&r=g\",\"contentUrl\":\"https:\/\/secure.gravatar.com\/avatar\/a34b676379e5491536434fe5f7a9c49c2efbf9be83b707fa9e74568d45d559f8?s=96&d=mm&r=g\",\"caption\":\"Sofia Volpi\"},\"description\":\"Comunicadora, jornalista em forma\u00e7\u00e3o. Apaixonada por esportes e cultura, colunista.\",\"url\":\"https:\/\/crusoe.audiencelabs.com.br\/author\/sofiavolpi\/\"}]}<\/script>\n<!-- \/ Yoast SEO plugin. -->","yoast_head_json":{"title":"Aumento no desemprego chama aten\u00e7\u00e3o mas ainda est\u00e1 abaixo da taxa do \u00faltimo ano","robots":{"index":"index","follow":"follow","max-snippet":"max-snippet:-1","max-image-preview":"max-image-preview:large","max-video-preview":"max-video-preview:-1"},"canonical":"https:\/\/crusoe.audiencelabs.com.br\/aumento-no-desemprego-chama-atencao-mas-ainda-esta-abaixo-da-taxa-do-ultimo-ano\/","og_locale":"pt_BR","og_type":"article","og_title":"Aumento no desemprego chama aten\u00e7\u00e3o mas ainda est\u00e1 abaixo da taxa do \u00faltimo ano","og_description":"A taxa de desemprego no Brasil subiu para 6,1% no trimestre encerrado em mar\u00e7o de 2026, segundo a Pesquisa Nacional por Amostra de Domic\u00edlios Cont\u00ednua (Pnad Cont\u00ednua), divulgada pelo Instituto Brasileiro de Geografia e Estat\u00edstica (IBGE) nesta quinta-feira.\u00a0 Apesar do avan\u00e7o, o \u00edndice ainda est\u00e1 abaixo do registrado no mesmo per\u00edodo de 2025, quando estava [&hellip;]","og_url":"https:\/\/crusoe.audiencelabs.com.br\/aumento-no-desemprego-chama-atencao-mas-ainda-esta-abaixo-da-taxa-do-ultimo-ano\/","og_site_name":"Variedades - Cruso\u00e9","article_published_time":"2026-04-30T23:38:05+00:00","og_image":[{"width":1170,"height":700,"url":"https:\/\/cdn.crusoe.com.br\/uploads\/2026\/04\/mg_2823-2_0.webp","type":"image\/webp"}],"author":"Sofia Volpi","twitter_card":"summary_large_image","twitter_misc":{"Escrito por":"Sofia Volpi","Est. tempo de leitura":"3 minutos"},"schema":{"@context":"https:\/\/schema.org","@graph":[{"@type":"WebPage","@id":"https:\/\/crusoe.audiencelabs.com.br\/aumento-no-desemprego-chama-atencao-mas-ainda-esta-abaixo-da-taxa-do-ultimo-ano\/","url":"https:\/\/crusoe.audiencelabs.com.br\/aumento-no-desemprego-chama-atencao-mas-ainda-esta-abaixo-da-taxa-do-ultimo-ano\/","name":"Aumento no desemprego chama aten\u00e7\u00e3o mas ainda est\u00e1 abaixo da taxa do \u00faltimo ano","isPartOf":{"@id":"https:\/\/crusoe.audiencelabs.com.br\/#website"},"primaryImageOfPage":{"@id":"https:\/\/crusoe.audiencelabs.com.br\/aumento-no-desemprego-chama-atencao-mas-ainda-esta-abaixo-da-taxa-do-ultimo-ano\/#primaryimage"},"image":{"@id":"https:\/\/crusoe.audiencelabs.com.br\/aumento-no-desemprego-chama-atencao-mas-ainda-esta-abaixo-da-taxa-do-ultimo-ano\/#primaryimage"},"thumbnailUrl":"https:\/\/cdn.crusoe.com.br\/uploads\/2026\/04\/mg_2823-2_0.webp","datePublished":"2026-04-30T23:38:05+00:00","author":{"@id":"https:\/\/crusoe.audiencelabs.com.br\/#\/schema\/person\/9d0fb7a15db57f24b87bef41d034cb04"},"breadcrumb":{"@id":"https:\/\/crusoe.audiencelabs.com.br\/aumento-no-desemprego-chama-atencao-mas-ainda-esta-abaixo-da-taxa-do-ultimo-ano\/#breadcrumb"},"inLanguage":"pt-BR","potentialAction":[{"@type":"ReadAction","target":["https:\/\/crusoe.audiencelabs.com.br\/aumento-no-desemprego-chama-atencao-mas-ainda-esta-abaixo-da-taxa-do-ultimo-ano\/"]}]},{"@type":"ImageObject","inLanguage":"pt-BR","@id":"https:\/\/crusoe.audiencelabs.com.br\/aumento-no-desemprego-chama-atencao-mas-ainda-esta-abaixo-da-taxa-do-ultimo-ano\/#primaryimage","url":"https:\/\/cdn.crusoe.com.br\/uploads\/2026\/04\/mg_2823-2_0.webp","contentUrl":"https:\/\/cdn.crusoe.com.br\/uploads\/2026\/04\/mg_2823-2_0.webp","width":1170,"height":700,"caption":"Foto: Fernando Fraz\u00e3o\/Ag\u00eancia Brasil"},{"@type":"BreadcrumbList","@id":"https:\/\/crusoe.audiencelabs.com.br\/aumento-no-desemprego-chama-atencao-mas-ainda-esta-abaixo-da-taxa-do-ultimo-ano\/#breadcrumb","itemListElement":[{"@type":"ListItem","position":1,"name":"Home","item":"https:\/\/crusoe.audiencelabs.com.br\/"},{"@type":"ListItem","position":2,"name":"Aumento no desemprego chama aten\u00e7\u00e3o mas ainda est\u00e1 abaixo da taxa do \u00faltimo ano"}]},{"@type":"WebSite","@id":"https:\/\/crusoe.audiencelabs.com.br\/#website","url":"https:\/\/crusoe.audiencelabs.com.br\/","name":"Variedades - Cruso\u00e9","description":"","potentialAction":[{"@type":"SearchAction","target":{"@type":"EntryPoint","urlTemplate":"https:\/\/crusoe.audiencelabs.com.br\/?s={search_term_string}"},"query-input":{"@type":"PropertyValueSpecification","valueRequired":true,"valueName":"search_term_string"}}],"inLanguage":"pt-BR"},{"@type":"Person","@id":"https:\/\/crusoe.audiencelabs.com.br\/#\/schema\/person\/9d0fb7a15db57f24b87bef41d034cb04","name":"Sofia Volpi","image":{"@type":"ImageObject","inLanguage":"pt-BR","@id":"https:\/\/crusoe.audiencelabs.com.br\/#\/schema\/person\/image\/","url":"https:\/\/secure.gravatar.com\/avatar\/a34b676379e5491536434fe5f7a9c49c2efbf9be83b707fa9e74568d45d559f8?s=96&d=mm&r=g","contentUrl":"https:\/\/secure.gravatar.com\/avatar\/a34b676379e5491536434fe5f7a9c49c2efbf9be83b707fa9e74568d45d559f8?s=96&d=mm&r=g","caption":"Sofia Volpi"},"description":"Comunicadora, jornalista em forma\u00e7\u00e3o. Apaixonada por esportes e cultura, colunista.","url":"https:\/\/crusoe.audiencelabs.com.br\/author\/sofiavolpi\/"}]}},"_links":{"self":[{"href":"https:\/\/crusoe.audiencelabs.com.br\/wp-json\/wp\/v2\/posts\/38138","targetHints":{"allow":["GET"]}}],"collection":[{"href":"https:\/\/crusoe.audiencelabs.com.br\/wp-json\/wp\/v2\/posts"}],"about":[{"href":"https:\/\/crusoe.audiencelabs.com.br\/wp-json\/wp\/v2\/types\/post"}],"author":[{"embeddable":true,"href":"https:\/\/crusoe.audiencelabs.com.br\/wp-json\/wp\/v2\/users\/17"}],"replies":[{"embeddable":true,"href":"https:\/\/crusoe.audiencelabs.com.br\/wp-json\/wp\/v2\/comments?post=38138"}],"version-history":[{"count":1,"href":"https:\/\/crusoe.audiencelabs.com.br\/wp-json\/wp\/v2\/posts\/38138\/revisions"}],"predecessor-version":[{"id":38140,"href":"https:\/\/crusoe.audiencelabs.com.br\/wp-json\/wp\/v2\/posts\/38138\/revisions\/38140"}],"wp:featuredmedia":[{"embeddable":true,"href":"https:\/\/crusoe.audiencelabs.com.br\/wp-json\/wp\/v2\/media\/38139"}],"wp:attachment":[{"href":"https:\/\/crusoe.audiencelabs.com.br\/wp-json\/wp\/v2\/media?parent=38138"}],"wp:term":[{"taxonomy":"category","embeddable":true,"href":"https:\/\/crusoe.audiencelabs.com.br\/wp-json\/wp\/v2\/categories?post=38138"},{"taxonomy":"post_tag","embeddable":true,"href":"https:\/\/crusoe.audiencelabs.com.br\/wp-json\/wp\/v2\/tags?post=38138"}],"curies":[{"name":"wp","href":"https:\/\/api.w.org\/{rel}","templated":true}]}}