{"id":38134,"date":"2026-04-30T19:32:58","date_gmt":"2026-04-30T22:32:58","guid":{"rendered":"https:\/\/crusoe.audiencelabs.com.br\/?p=38134"},"modified":"2026-04-30T12:52:44","modified_gmt":"2026-04-30T15:52:44","slug":"lancamento-do-album-da-copa-saiba-valores-e-onde-comprar-pacotes-de-figurinhas","status":"publish","type":"post","link":"https:\/\/crusoe.audiencelabs.com.br\/lancamento-do-album-da-copa-saiba-valores-e-onde-comprar-pacotes-de-figurinhas\/","title":{"rendered":"Lan\u00e7amento do \u00e1lbum da Copa: saiba valores e onde comprar pacotes de figurinhas"},"content":{"rendered":"<p class=\"font-claude-response-body break-words whitespace-normal leading-[1.7]\">O <strong>\u00e1lbum oficial da Copa do Mundo 2026<\/strong> chega ao <strong>Brasil<\/strong> no dia 1\u00ba de maio, mas quem quiser garantir o exemplar antes mesmo das prateleiras encherem j\u00e1 pode fazer isso. A pr\u00e9-venda est\u00e1 dispon\u00edvel no site oficial da <strong>Panini<\/strong>, que \u00e9 o principal canal de compra do produto.<\/p>\n<p class=\"font-claude-response-body break-words whitespace-normal leading-[1.7]\">A partir do lan\u00e7amento, o \u00e1lbum e os pacotinhos tamb\u00e9m passam a ser encontrados em bancas de jornal, livrarias e supermercados em todo o pa\u00eds.<\/p>\n<h2>Quanto custa o \u00e1lbum e os pacotinhos?<\/h2>\n<p class=\"font-claude-response-body break-words whitespace-normal leading-[1.7]\">Cada pacotinho vem com 7 figurinhas e custa em torno de R$ 7,00, podendo variar um pouco de acordo com o ponto de venda. J\u00e1 o \u00e1lbum tem tr\u00eas vers\u00f5es dispon\u00edveis para o consumidor:<\/p>\n<p class=\"font-claude-response-body break-words whitespace-normal leading-[1.7]\">A vers\u00e3o com capa mole sai por cerca de R$ 24,90. Para quem prefere algo mais resistente, a edi\u00e7\u00e3o de capa dura custa aproximadamente R$ 74,90. As vers\u00f5es especiais com acabamento diferenciado em prata ou ouro devem chegar a R$ 79,90.<\/p>\n<h2>\u00c1lbum maior que o normal<\/h2>\n<p class=\"font-claude-response-body break-words whitespace-normal leading-[1.7]\">A edi\u00e7\u00e3o deste ano chama a aten\u00e7\u00e3o pelo volume de figurinhas. S\u00e3o 980 no total, sendo 68 delas especiais, distribu\u00eddas em um \u00e1lbum com mais de 100 p\u00e1ginas. O aumento se explica pela amplia\u00e7\u00e3o do n\u00famero de sele\u00e7\u00f5es participantes no Mundial de 2026, que reunir\u00e1 mais pa\u00edses do que as edi\u00e7\u00f5es anteriores.<\/p>\n<p class=\"font-claude-response-body break-words whitespace-normal leading-[1.7]\">Alguns internautas v\u00eam comentando que, para completar um \u00e1lbum desse tamanho sem trocas, o gasto pode ser bem maior do que nas edi\u00e7\u00f5es passadas. Devido a isso, a recomenda\u00e7\u00e3o \u00e9 que os interessados em &#8220;bater o \u00e1lbum&#8221; j\u00e1 v\u00e3o separando os pacotinhos extras para as trocas.<\/p>\n","protected":false},"excerpt":{"rendered":"<p>O \u00e1lbum oficial da Copa do Mundo 2026 chega ao Brasil no dia 1\u00ba de maio, mas quem quiser garantir o exemplar antes mesmo das prateleiras encherem j\u00e1 pode fazer isso. A pr\u00e9-venda est\u00e1 dispon\u00edvel no site oficial da Panini, que \u00e9 o principal canal de compra do produto. A partir do lan\u00e7amento, o \u00e1lbum [&hellip;]<\/p>\n","protected":false},"author":15,"featured_media":38136,"comment_status":"open","ping_status":"open","sticky":false,"template":"","format":"standard","meta":{"jnews-multi-image_gallery":[],"jnews_single_post":{"format":"standard","jnews_video_option_group":[[]],"override":[{"template":"2","parallax":"1","fullscreen":"1","layout":"right-sidebar","sidebar":"default-sidebar","second_sidebar":"default-sidebar","sticky_sidebar":"1","share_position":"hide","share_float_style":"share-monocrhome","show_featured":"1","show_post_meta":"1","show_post_author":"1","show_post_date":"1","post_date_format":"default","post_date_format_custom":"Y\/m\/d","show_post_category":"1","show_post_reading_time":"0","post_reading_time_wpm":"300","post_calculate_word_method":"str_word_count","show_zoom_button":"0","zoom_button_out_step":"2","zoom_button_in_step":"3","show_post_tag":"1","show_popup_post":"1","number_popup_post":"1","show_author_box":"1","show_post_related":"0"}],"image_override":[{"single_post_thumbnail_size":"crop-500","single_post_gallery_size":"crop-500"}],"trending_post_position":"meta","trending_post_label":"Trending","sponsored_post_label":"Sponsored by","disable_ad":"0","subtitle":"O album ser\u00e1 maior que o habitual e o custo de uma unidade pode chegar a R$ 79,90"},"jnews_primary_category":[],"jnews_override_counter":{"view_counter_number":"0","share_counter_number":"0","like_counter_number":"0","dislike_counter_number":"0"},"jnews_post_split":{"post_split":[{"template":"1","tag":"h2","numbering":"asc","mode":"normal","first":"0","enable_toc":"0","toc_type":"normal"}]},"footnotes":""},"categories":[1],"tags":[7839,7840,47,1366,2684,81,7841],"class_list":["post-38134","post","type-post","status-publish","format-standard","has-post-thumbnail","hentry","category-geral","tag-album-de-figurinhas","tag-album-de-figurinhas-da-copa-2026","tag-brasil","tag-copa-do-mundo-2026","tag-esportes","tag-futebol","tag-panini"],"yoast_head":"<!-- This site is optimized with the Yoast SEO plugin v25.0 - https:\/\/yoast.com\/wordpress\/plugins\/seo\/ -->\n<title>Lan\u00e7amento do \u00e1lbum da Copa: saiba valores e onde comprar pacotes de figurinhas<\/title>\n<meta name=\"robots\" content=\"index, follow, max-snippet:-1, max-image-preview:large, max-video-preview:-1\" \/>\n<link rel=\"canonical\" href=\"https:\/\/crusoe.audiencelabs.com.br\/lancamento-do-album-da-copa-saiba-valores-e-onde-comprar-pacotes-de-figurinhas\/\" \/>\n<meta property=\"og:locale\" content=\"pt_BR\" \/>\n<meta property=\"og:type\" content=\"article\" \/>\n<meta property=\"og:title\" content=\"Lan\u00e7amento do \u00e1lbum da Copa: saiba valores e onde comprar pacotes de figurinhas\" \/>\n<meta property=\"og:description\" content=\"O \u00e1lbum oficial da Copa do Mundo 2026 chega ao Brasil no dia 1\u00ba de maio, mas quem quiser garantir o exemplar antes mesmo das prateleiras encherem j\u00e1 pode fazer isso. A pr\u00e9-venda est\u00e1 dispon\u00edvel no site oficial da Panini, que \u00e9 o principal canal de compra do produto. A partir do lan\u00e7amento, o \u00e1lbum [&hellip;]\" \/>\n<meta property=\"og:url\" content=\"https:\/\/crusoe.audiencelabs.com.br\/lancamento-do-album-da-copa-saiba-valores-e-onde-comprar-pacotes-de-figurinhas\/\" \/>\n<meta property=\"og:site_name\" content=\"Variedades - Cruso\u00e9\" \/>\n<meta property=\"article:published_time\" content=\"2026-04-30T22:32:58+00:00\" \/>\n<meta property=\"og:image\" content=\"https:\/\/cdn.crusoe.com.br\/uploads\/2026\/04\/\ud83c\udfc6A-ESPERA-ACABOU-A-Copa-do-Mundo-da-FIFA-2026\u2122-comeca-com-a-Panini-\ud83c\udfc6O-lendario-Album-Oficial-1.jpg\" \/>\n\t<meta property=\"og:image:width\" content=\"1080\" \/>\n\t<meta property=\"og:image:height\" content=\"945\" \/>\n\t<meta property=\"og:image:type\" content=\"image\/jpeg\" \/>\n<meta name=\"author\" content=\"J\u00falio Nesi\" \/>\n<meta name=\"twitter:card\" content=\"summary_large_image\" \/>\n<meta name=\"twitter:label1\" content=\"Escrito por\" \/>\n\t<meta name=\"twitter:data1\" content=\"J\u00falio Nesi\" \/>\n\t<meta name=\"twitter:label2\" content=\"Est. tempo de leitura\" \/>\n\t<meta name=\"twitter:data2\" content=\"2 minutos\" \/>\n<script type=\"application\/ld+json\" class=\"yoast-schema-graph\">{\"@context\":\"https:\/\/schema.org\",\"@graph\":[{\"@type\":\"WebPage\",\"@id\":\"https:\/\/crusoe.audiencelabs.com.br\/lancamento-do-album-da-copa-saiba-valores-e-onde-comprar-pacotes-de-figurinhas\/\",\"url\":\"https:\/\/crusoe.audiencelabs.com.br\/lancamento-do-album-da-copa-saiba-valores-e-onde-comprar-pacotes-de-figurinhas\/\",\"name\":\"Lan\u00e7amento do \u00e1lbum da Copa: saiba valores e onde comprar pacotes de figurinhas\",\"isPartOf\":{\"@id\":\"https:\/\/crusoe.audiencelabs.com.br\/#website\"},\"primaryImageOfPage\":{\"@id\":\"https:\/\/crusoe.audiencelabs.com.br\/lancamento-do-album-da-copa-saiba-valores-e-onde-comprar-pacotes-de-figurinhas\/#primaryimage\"},\"image\":{\"@id\":\"https:\/\/crusoe.audiencelabs.com.br\/lancamento-do-album-da-copa-saiba-valores-e-onde-comprar-pacotes-de-figurinhas\/#primaryimage\"},\"thumbnailUrl\":\"https:\/\/cdn.crusoe.com.br\/uploads\/2026\/04\/\ud83c\udfc6A-ESPERA-ACABOU-A-Copa-do-Mundo-da-FIFA-2026\u2122-comeca-com-a-Panini-\ud83c\udfc6O-lendario-Album-Oficial-1.jpg\",\"datePublished\":\"2026-04-30T22:32:58+00:00\",\"author\":{\"@id\":\"https:\/\/crusoe.audiencelabs.com.br\/#\/schema\/person\/0cca5874eda7d72cef71e77a9a9c2143\"},\"breadcrumb\":{\"@id\":\"https:\/\/crusoe.audiencelabs.com.br\/lancamento-do-album-da-copa-saiba-valores-e-onde-comprar-pacotes-de-figurinhas\/#breadcrumb\"},\"inLanguage\":\"pt-BR\",\"potentialAction\":[{\"@type\":\"ReadAction\",\"target\":[\"https:\/\/crusoe.audiencelabs.com.br\/lancamento-do-album-da-copa-saiba-valores-e-onde-comprar-pacotes-de-figurinhas\/\"]}]},{\"@type\":\"ImageObject\",\"inLanguage\":\"pt-BR\",\"@id\":\"https:\/\/crusoe.audiencelabs.com.br\/lancamento-do-album-da-copa-saiba-valores-e-onde-comprar-pacotes-de-figurinhas\/#primaryimage\",\"url\":\"https:\/\/cdn.crusoe.com.br\/uploads\/2026\/04\/\ud83c\udfc6A-ESPERA-ACABOU-A-Copa-do-Mundo-da-FIFA-2026\u2122-comeca-com-a-Panini-\ud83c\udfc6O-lendario-Album-Oficial-1.jpg\",\"contentUrl\":\"https:\/\/cdn.crusoe.com.br\/uploads\/2026\/04\/\ud83c\udfc6A-ESPERA-ACABOU-A-Copa-do-Mundo-da-FIFA-2026\u2122-comeca-com-a-Panini-\ud83c\udfc6O-lendario-Album-Oficial-1.jpg\",\"width\":1080,\"height\":945,\"caption\":\"Divulga\u00e7\u00e3o: Instagram (@panini_sport_brasil)\"},{\"@type\":\"BreadcrumbList\",\"@id\":\"https:\/\/crusoe.audiencelabs.com.br\/lancamento-do-album-da-copa-saiba-valores-e-onde-comprar-pacotes-de-figurinhas\/#breadcrumb\",\"itemListElement\":[{\"@type\":\"ListItem\",\"position\":1,\"name\":\"Home\",\"item\":\"https:\/\/crusoe.audiencelabs.com.br\/\"},{\"@type\":\"ListItem\",\"position\":2,\"name\":\"Lan\u00e7amento do \u00e1lbum da Copa: saiba valores e onde comprar pacotes de figurinhas\"}]},{\"@type\":\"WebSite\",\"@id\":\"https:\/\/crusoe.audiencelabs.com.br\/#website\",\"url\":\"https:\/\/crusoe.audiencelabs.com.br\/\",\"name\":\"Variedades - Cruso\u00e9\",\"description\":\"\",\"potentialAction\":[{\"@type\":\"SearchAction\",\"target\":{\"@type\":\"EntryPoint\",\"urlTemplate\":\"https:\/\/crusoe.audiencelabs.com.br\/?s={search_term_string}\"},\"query-input\":{\"@type\":\"PropertyValueSpecification\",\"valueRequired\":true,\"valueName\":\"search_term_string\"}}],\"inLanguage\":\"pt-BR\"},{\"@type\":\"Person\",\"@id\":\"https:\/\/crusoe.audiencelabs.com.br\/#\/schema\/person\/0cca5874eda7d72cef71e77a9a9c2143\",\"name\":\"J\u00falio Nesi\",\"image\":{\"@type\":\"ImageObject\",\"inLanguage\":\"pt-BR\",\"@id\":\"https:\/\/crusoe.audiencelabs.com.br\/#\/schema\/person\/image\/\",\"url\":\"https:\/\/secure.gravatar.com\/avatar\/c22eb47c3e2320e71637346b980e09f63de9f75742d3335f94a26b83dff70473?s=96&d=mm&r=g\",\"contentUrl\":\"https:\/\/secure.gravatar.com\/avatar\/c22eb47c3e2320e71637346b980e09f63de9f75742d3335f94a26b83dff70473?s=96&d=mm&r=g\",\"caption\":\"J\u00falio Nesi\"},\"description\":\"Jornalista alagoano formado pela UFAL, j\u00e1 atuei em produ\u00e7\u00e3o de conte\u00fado digital para portais, r\u00e1dio e redes sociais.\",\"sameAs\":[\"www.linkedin.com\/in\/j\u00falio-nesi\"],\"url\":\"https:\/\/crusoe.audiencelabs.com.br\/author\/julionesi\/\"}]}<\/script>\n<!-- \/ Yoast SEO plugin. -->","yoast_head_json":{"title":"Lan\u00e7amento do \u00e1lbum da Copa: saiba valores e onde comprar pacotes de figurinhas","robots":{"index":"index","follow":"follow","max-snippet":"max-snippet:-1","max-image-preview":"max-image-preview:large","max-video-preview":"max-video-preview:-1"},"canonical":"https:\/\/crusoe.audiencelabs.com.br\/lancamento-do-album-da-copa-saiba-valores-e-onde-comprar-pacotes-de-figurinhas\/","og_locale":"pt_BR","og_type":"article","og_title":"Lan\u00e7amento do \u00e1lbum da Copa: saiba valores e onde comprar pacotes de figurinhas","og_description":"O \u00e1lbum oficial da Copa do Mundo 2026 chega ao Brasil no dia 1\u00ba de maio, mas quem quiser garantir o exemplar antes mesmo das prateleiras encherem j\u00e1 pode fazer isso. A pr\u00e9-venda est\u00e1 dispon\u00edvel no site oficial da Panini, que \u00e9 o principal canal de compra do produto. A partir do lan\u00e7amento, o \u00e1lbum [&hellip;]","og_url":"https:\/\/crusoe.audiencelabs.com.br\/lancamento-do-album-da-copa-saiba-valores-e-onde-comprar-pacotes-de-figurinhas\/","og_site_name":"Variedades - Cruso\u00e9","article_published_time":"2026-04-30T22:32:58+00:00","og_image":[{"width":1080,"height":945,"url":"https:\/\/cdn.crusoe.com.br\/uploads\/2026\/04\/\ud83c\udfc6A-ESPERA-ACABOU-A-Copa-do-Mundo-da-FIFA-2026\u2122-comeca-com-a-Panini-\ud83c\udfc6O-lendario-Album-Oficial-1.jpg","type":"image\/jpeg"}],"author":"J\u00falio Nesi","twitter_card":"summary_large_image","twitter_misc":{"Escrito por":"J\u00falio Nesi","Est. tempo de leitura":"2 minutos"},"schema":{"@context":"https:\/\/schema.org","@graph":[{"@type":"WebPage","@id":"https:\/\/crusoe.audiencelabs.com.br\/lancamento-do-album-da-copa-saiba-valores-e-onde-comprar-pacotes-de-figurinhas\/","url":"https:\/\/crusoe.audiencelabs.com.br\/lancamento-do-album-da-copa-saiba-valores-e-onde-comprar-pacotes-de-figurinhas\/","name":"Lan\u00e7amento do \u00e1lbum da Copa: saiba valores e onde comprar pacotes de figurinhas","isPartOf":{"@id":"https:\/\/crusoe.audiencelabs.com.br\/#website"},"primaryImageOfPage":{"@id":"https:\/\/crusoe.audiencelabs.com.br\/lancamento-do-album-da-copa-saiba-valores-e-onde-comprar-pacotes-de-figurinhas\/#primaryimage"},"image":{"@id":"https:\/\/crusoe.audiencelabs.com.br\/lancamento-do-album-da-copa-saiba-valores-e-onde-comprar-pacotes-de-figurinhas\/#primaryimage"},"thumbnailUrl":"https:\/\/cdn.crusoe.com.br\/uploads\/2026\/04\/\ud83c\udfc6A-ESPERA-ACABOU-A-Copa-do-Mundo-da-FIFA-2026\u2122-comeca-com-a-Panini-\ud83c\udfc6O-lendario-Album-Oficial-1.jpg","datePublished":"2026-04-30T22:32:58+00:00","author":{"@id":"https:\/\/crusoe.audiencelabs.com.br\/#\/schema\/person\/0cca5874eda7d72cef71e77a9a9c2143"},"breadcrumb":{"@id":"https:\/\/crusoe.audiencelabs.com.br\/lancamento-do-album-da-copa-saiba-valores-e-onde-comprar-pacotes-de-figurinhas\/#breadcrumb"},"inLanguage":"pt-BR","potentialAction":[{"@type":"ReadAction","target":["https:\/\/crusoe.audiencelabs.com.br\/lancamento-do-album-da-copa-saiba-valores-e-onde-comprar-pacotes-de-figurinhas\/"]}]},{"@type":"ImageObject","inLanguage":"pt-BR","@id":"https:\/\/crusoe.audiencelabs.com.br\/lancamento-do-album-da-copa-saiba-valores-e-onde-comprar-pacotes-de-figurinhas\/#primaryimage","url":"https:\/\/cdn.crusoe.com.br\/uploads\/2026\/04\/\ud83c\udfc6A-ESPERA-ACABOU-A-Copa-do-Mundo-da-FIFA-2026\u2122-comeca-com-a-Panini-\ud83c\udfc6O-lendario-Album-Oficial-1.jpg","contentUrl":"https:\/\/cdn.crusoe.com.br\/uploads\/2026\/04\/\ud83c\udfc6A-ESPERA-ACABOU-A-Copa-do-Mundo-da-FIFA-2026\u2122-comeca-com-a-Panini-\ud83c\udfc6O-lendario-Album-Oficial-1.jpg","width":1080,"height":945,"caption":"Divulga\u00e7\u00e3o: Instagram (@panini_sport_brasil)"},{"@type":"BreadcrumbList","@id":"https:\/\/crusoe.audiencelabs.com.br\/lancamento-do-album-da-copa-saiba-valores-e-onde-comprar-pacotes-de-figurinhas\/#breadcrumb","itemListElement":[{"@type":"ListItem","position":1,"name":"Home","item":"https:\/\/crusoe.audiencelabs.com.br\/"},{"@type":"ListItem","position":2,"name":"Lan\u00e7amento do \u00e1lbum da Copa: saiba valores e onde comprar pacotes de figurinhas"}]},{"@type":"WebSite","@id":"https:\/\/crusoe.audiencelabs.com.br\/#website","url":"https:\/\/crusoe.audiencelabs.com.br\/","name":"Variedades - Cruso\u00e9","description":"","potentialAction":[{"@type":"SearchAction","target":{"@type":"EntryPoint","urlTemplate":"https:\/\/crusoe.audiencelabs.com.br\/?s={search_term_string}"},"query-input":{"@type":"PropertyValueSpecification","valueRequired":true,"valueName":"search_term_string"}}],"inLanguage":"pt-BR"},{"@type":"Person","@id":"https:\/\/crusoe.audiencelabs.com.br\/#\/schema\/person\/0cca5874eda7d72cef71e77a9a9c2143","name":"J\u00falio Nesi","image":{"@type":"ImageObject","inLanguage":"pt-BR","@id":"https:\/\/crusoe.audiencelabs.com.br\/#\/schema\/person\/image\/","url":"https:\/\/secure.gravatar.com\/avatar\/c22eb47c3e2320e71637346b980e09f63de9f75742d3335f94a26b83dff70473?s=96&d=mm&r=g","contentUrl":"https:\/\/secure.gravatar.com\/avatar\/c22eb47c3e2320e71637346b980e09f63de9f75742d3335f94a26b83dff70473?s=96&d=mm&r=g","caption":"J\u00falio Nesi"},"description":"Jornalista alagoano formado pela UFAL, j\u00e1 atuei em produ\u00e7\u00e3o de conte\u00fado digital para portais, r\u00e1dio e redes sociais.","sameAs":["www.linkedin.com\/in\/j\u00falio-nesi"],"url":"https:\/\/crusoe.audiencelabs.com.br\/author\/julionesi\/"}]}},"_links":{"self":[{"href":"https:\/\/crusoe.audiencelabs.com.br\/wp-json\/wp\/v2\/posts\/38134","targetHints":{"allow":["GET"]}}],"collection":[{"href":"https:\/\/crusoe.audiencelabs.com.br\/wp-json\/wp\/v2\/posts"}],"about":[{"href":"https:\/\/crusoe.audiencelabs.com.br\/wp-json\/wp\/v2\/types\/post"}],"author":[{"embeddable":true,"href":"https:\/\/crusoe.audiencelabs.com.br\/wp-json\/wp\/v2\/users\/15"}],"replies":[{"embeddable":true,"href":"https:\/\/crusoe.audiencelabs.com.br\/wp-json\/wp\/v2\/comments?post=38134"}],"version-history":[{"count":1,"href":"https:\/\/crusoe.audiencelabs.com.br\/wp-json\/wp\/v2\/posts\/38134\/revisions"}],"predecessor-version":[{"id":38137,"href":"https:\/\/crusoe.audiencelabs.com.br\/wp-json\/wp\/v2\/posts\/38134\/revisions\/38137"}],"wp:featuredmedia":[{"embeddable":true,"href":"https:\/\/crusoe.audiencelabs.com.br\/wp-json\/wp\/v2\/media\/38136"}],"wp:attachment":[{"href":"https:\/\/crusoe.audiencelabs.com.br\/wp-json\/wp\/v2\/media?parent=38134"}],"wp:term":[{"taxonomy":"category","embeddable":true,"href":"https:\/\/crusoe.audiencelabs.com.br\/wp-json\/wp\/v2\/categories?post=38134"},{"taxonomy":"post_tag","embeddable":true,"href":"https:\/\/crusoe.audiencelabs.com.br\/wp-json\/wp\/v2\/tags?post=38134"}],"curies":[{"name":"wp","href":"https:\/\/api.w.org\/{rel}","templated":true}]}}