{"id":38130,"date":"2026-04-30T18:33:30","date_gmt":"2026-04-30T21:33:30","guid":{"rendered":"https:\/\/crusoe.audiencelabs.com.br\/?p=38130"},"modified":"2026-04-30T12:32:47","modified_gmt":"2026-04-30T15:32:47","slug":"chuvas-e-baixas-temperaturas-podem-acabar-com-o-plano-de-quem-queria-viajar-no-feriado","status":"publish","type":"post","link":"https:\/\/crusoe.audiencelabs.com.br\/chuvas-e-baixas-temperaturas-podem-acabar-com-o-plano-de-quem-queria-viajar-no-feriado\/","title":{"rendered":"Chuvas e baixas temperaturas podem acabar com o plano de quem queria viajar no feriado"},"content":{"rendered":"<p>Se voc\u00ea pretende viajar para algum lugar no feriado do <strong>Dia do Trabalhador<\/strong>, nesta sexta-feira (1\u00ba), talvez seja bom dar uma olhada na previs\u00e3o do tempo da regi\u00e3o que vai visitar. Diversas localidades no Brasil devem ser atingidas por pancadas de chuva no feriado e at\u00e9 no final de semana, o que pode atrapalhar os planos de viagem.<\/p>\n<p>Informa\u00e7\u00f5es divulgadas pelo portal <strong>ClimaTempo<\/strong>, plataforma de consultoria meteorol\u00f3gica, apontam que tr\u00eas das cinco regi\u00f5es brasileiras devem passar por feriados chuvosos.<\/p>\n<h2>Como vai ficar o clima?<\/h2>\n<p>De acordo com o ClimaTempo, as cidades nas regi\u00f5es <strong>Norte<\/strong>, <strong>Nordeste<\/strong> e <strong>Sul<\/strong> devem enfrentar temporais. Enquanto isso, a maioria das cidades no <strong>Sudeste<\/strong> e no <strong>Centro-Oeste<\/strong> ter\u00e1 tempo de sol. Confira:<\/p>\n<p><strong>Norte<\/strong><\/p>\n<p>Os dados apontam que o Norte \u00e9 a regi\u00e3o com maior risco de chuva. O ClimaTempo prev\u00ea que diversos munic\u00edpios nortenhos dever\u00e3o levar pancadas de chuva desde o come\u00e7o do feriado at\u00e9 o domingo. Os munic\u00edpios de Bel\u00e9m, Boa Vista, Macap\u00e1 e Manaus s\u00e3o os que est\u00e3o sob maior risco de chuvas.<\/p>\n<p>De acordo com especialistas, esse risco \u00e9 causado pela atua\u00e7\u00e3o da Zona de Converg\u00eancia Intertropical (ZCIT). Esse fen\u00f4meno ocorre pelo encontro dos ventos al\u00edsios do Norte e do Sul, que cria uma regi\u00e3o de baixa press\u00e3o e gera chuvas intensas, \u00e0s vezes acompanhadas por raios e trov\u00f5es.<\/p>\n<p><strong>Nordeste<\/strong><\/p>\n<p>A previs\u00e3o para o Nordeste \u00e9 de chuva, mas menos que o Norte. De acordo com os dados, as chuvas devem afetar mais Alagoas, Cear\u00e1, Rio Grande do Norte e Para\u00edba. Segundo a previs\u00e3o, apenas algumas \u00e1reas dos outros estados devem ser afetadas.<\/p>\n<p>No entanto, um dos alertas do ClimaBom \u00e9 que o litoral de Pernambuco, uma das \u00e1reas de maior turismo da regi\u00e3o, deve receber chuvas fortes.<\/p>\n<p><strong>Centro-Oeste<\/strong><\/p>\n<p>Para o Centro-Oeste, a expectativa \u00e9 de baixa probabilidade de chuva na maioria das cidades. Segundo a previs\u00e3o, o maior risco de chuva\u00a0 est\u00e1 apenas para as \u00e1reas norte e noroeste do Mato Grosso.<\/p>\n<p><strong>Sudeste<\/strong><\/p>\n<p>O Clima Tempo indica que a regi\u00e3o Sudeste deve se safar das chuvas no feriado. No entanto, algumas chuvas devem ser registradas em S\u00e3o Paulo no come\u00e7o do final de semana e as pancadas devem chegar no Rio de Janeiro e no Esp\u00edrito Santo no domingo (03).<\/p>\n<p><strong>Sul<\/strong><\/p>\n<p>A previs\u00e3o para o Sul \u00e9 de chuvas fortes e tempo frio. Informa\u00e7\u00f5es da plataforma meteorol\u00f3gica indicam que a regi\u00e3o j\u00e1 deve ser afetada por tempestades com chuvas que chegam a 100 mm j\u00e1 no in\u00edcio do feriado.<\/p>\n<p>No entanto, o temporal deve se acalmar e estabilizar no s\u00e1bado (02), continuando com chuvas mais baixas e ventos frios no domingo.<\/p>\n","protected":false},"excerpt":{"rendered":"<p>Se voc\u00ea pretende viajar para algum lugar no feriado do Dia do Trabalhador, nesta sexta-feira (1\u00ba), talvez seja bom dar uma olhada na previs\u00e3o do tempo da regi\u00e3o que vai visitar. Diversas localidades no Brasil devem ser atingidas por pancadas de chuva no feriado e at\u00e9 no final de semana, o que pode atrapalhar os [&hellip;]<\/p>\n","protected":false},"author":15,"featured_media":38131,"comment_status":"open","ping_status":"open","sticky":false,"template":"","format":"standard","meta":{"jnews-multi-image_gallery":[],"jnews_single_post":{"format":"standard","jnews_video_option_group":[[]],"override":[{"template":"2","parallax":"1","fullscreen":"1","layout":"right-sidebar","sidebar":"default-sidebar","second_sidebar":"default-sidebar","sticky_sidebar":"1","share_position":"hide","share_float_style":"share-monocrhome","show_featured":"1","show_post_meta":"1","show_post_author":"1","show_post_date":"1","post_date_format":"default","post_date_format_custom":"Y\/m\/d","show_post_category":"1","show_post_reading_time":"0","post_reading_time_wpm":"300","post_calculate_word_method":"str_word_count","show_zoom_button":"0","zoom_button_out_step":"2","zoom_button_in_step":"3","show_post_tag":"1","show_popup_post":"1","number_popup_post":"1","show_author_box":"1","show_post_related":"0"}],"image_override":[{"single_post_thumbnail_size":"crop-500","single_post_gallery_size":"crop-500"}],"trending_post_position":"meta","trending_post_label":"Trending","sponsored_post_label":"Sponsored by","disable_ad":"0","subtitle":"Tr\u00eas das cinco regi\u00f5es brasileiras devem receber pancadas de chuva no final de semana"},"jnews_primary_category":[],"jnews_override_counter":{"view_counter_number":"0","share_counter_number":"0","like_counter_number":"0","dislike_counter_number":"0"},"jnews_post_split":{"post_split":[{"template":"1","tag":"h2","numbering":"asc","mode":"normal","first":"0","enable_toc":"0","toc_type":"normal"}]},"footnotes":""},"categories":[1],"tags":[7837,2956,1105,6970,7711,131,7046,4073,7838,6965,1019,1885,7836],"class_list":["post-38130","post","type-post","status-publish","format-standard","has-post-thumbnail","hentry","category-geral","tag-centro-oeste","tag-chuvas","tag-clima","tag-climatempo","tag-dia-do-trabalhador","tag-feriado","tag-meteorologia","tag-nordeste","tag-norte","tag-previsao-do-tempo","tag-sudeste","tag-sul","tag-temporal"],"yoast_head":"<!-- This site is optimized with the Yoast SEO plugin v25.0 - https:\/\/yoast.com\/wordpress\/plugins\/seo\/ -->\n<title>Chuvas e baixas temperaturas podem acabar com o plano de quem queria viajar no feriado<\/title>\n<meta name=\"robots\" content=\"index, follow, max-snippet:-1, max-image-preview:large, max-video-preview:-1\" \/>\n<link rel=\"canonical\" href=\"https:\/\/crusoe.audiencelabs.com.br\/chuvas-e-baixas-temperaturas-podem-acabar-com-o-plano-de-quem-queria-viajar-no-feriado\/\" \/>\n<meta property=\"og:locale\" content=\"pt_BR\" \/>\n<meta property=\"og:type\" content=\"article\" \/>\n<meta property=\"og:title\" content=\"Chuvas e baixas temperaturas podem acabar com o plano de quem queria viajar no feriado\" \/>\n<meta property=\"og:description\" content=\"Se voc\u00ea pretende viajar para algum lugar no feriado do Dia do Trabalhador, nesta sexta-feira (1\u00ba), talvez seja bom dar uma olhada na previs\u00e3o do tempo da regi\u00e3o que vai visitar. Diversas localidades no Brasil devem ser atingidas por pancadas de chuva no feriado e at\u00e9 no final de semana, o que pode atrapalhar os [&hellip;]\" \/>\n<meta property=\"og:url\" content=\"https:\/\/crusoe.audiencelabs.com.br\/chuvas-e-baixas-temperaturas-podem-acabar-com-o-plano-de-quem-queria-viajar-no-feriado\/\" \/>\n<meta property=\"og:site_name\" content=\"Variedades - Cruso\u00e9\" \/>\n<meta property=\"article:published_time\" content=\"2026-04-30T21:33:30+00:00\" \/>\n<meta property=\"og:image\" content=\"https:\/\/cdn.crusoe.com.br\/uploads\/2026\/04\/pexels-th2city-15617018.jpg\" \/>\n\t<meta property=\"og:image:width\" content=\"640\" \/>\n\t<meta property=\"og:image:height\" content=\"427\" \/>\n\t<meta property=\"og:image:type\" content=\"image\/jpeg\" \/>\n<meta name=\"author\" content=\"J\u00falio Nesi\" \/>\n<meta name=\"twitter:card\" content=\"summary_large_image\" \/>\n<meta name=\"twitter:label1\" content=\"Escrito por\" \/>\n\t<meta name=\"twitter:data1\" content=\"J\u00falio Nesi\" \/>\n\t<meta name=\"twitter:label2\" content=\"Est. tempo de leitura\" \/>\n\t<meta name=\"twitter:data2\" content=\"3 minutos\" \/>\n<script type=\"application\/ld+json\" class=\"yoast-schema-graph\">{\"@context\":\"https:\/\/schema.org\",\"@graph\":[{\"@type\":\"WebPage\",\"@id\":\"https:\/\/crusoe.audiencelabs.com.br\/chuvas-e-baixas-temperaturas-podem-acabar-com-o-plano-de-quem-queria-viajar-no-feriado\/\",\"url\":\"https:\/\/crusoe.audiencelabs.com.br\/chuvas-e-baixas-temperaturas-podem-acabar-com-o-plano-de-quem-queria-viajar-no-feriado\/\",\"name\":\"Chuvas e baixas temperaturas podem acabar com o plano de quem queria viajar no feriado\",\"isPartOf\":{\"@id\":\"https:\/\/crusoe.audiencelabs.com.br\/#website\"},\"primaryImageOfPage\":{\"@id\":\"https:\/\/crusoe.audiencelabs.com.br\/chuvas-e-baixas-temperaturas-podem-acabar-com-o-plano-de-quem-queria-viajar-no-feriado\/#primaryimage\"},\"image\":{\"@id\":\"https:\/\/crusoe.audiencelabs.com.br\/chuvas-e-baixas-temperaturas-podem-acabar-com-o-plano-de-quem-queria-viajar-no-feriado\/#primaryimage\"},\"thumbnailUrl\":\"https:\/\/cdn.crusoe.com.br\/uploads\/2026\/04\/pexels-th2city-15617018.jpg\",\"datePublished\":\"2026-04-30T21:33:30+00:00\",\"author\":{\"@id\":\"https:\/\/crusoe.audiencelabs.com.br\/#\/schema\/person\/0cca5874eda7d72cef71e77a9a9c2143\"},\"breadcrumb\":{\"@id\":\"https:\/\/crusoe.audiencelabs.com.br\/chuvas-e-baixas-temperaturas-podem-acabar-com-o-plano-de-quem-queria-viajar-no-feriado\/#breadcrumb\"},\"inLanguage\":\"pt-BR\",\"potentialAction\":[{\"@type\":\"ReadAction\",\"target\":[\"https:\/\/crusoe.audiencelabs.com.br\/chuvas-e-baixas-temperaturas-podem-acabar-com-o-plano-de-quem-queria-viajar-no-feriado\/\"]}]},{\"@type\":\"ImageObject\",\"inLanguage\":\"pt-BR\",\"@id\":\"https:\/\/crusoe.audiencelabs.com.br\/chuvas-e-baixas-temperaturas-podem-acabar-com-o-plano-de-quem-queria-viajar-no-feriado\/#primaryimage\",\"url\":\"https:\/\/cdn.crusoe.com.br\/uploads\/2026\/04\/pexels-th2city-15617018.jpg\",\"contentUrl\":\"https:\/\/cdn.crusoe.com.br\/uploads\/2026\/04\/pexels-th2city-15617018.jpg\",\"width\":640,\"height\":427,\"caption\":\"A maioria das regi\u00f5es brasileiras podem receber pancadas de chuva neste feriado. Reprodu\u00e7\u00e3o: Th2city Santana \/ Pexels\"},{\"@type\":\"BreadcrumbList\",\"@id\":\"https:\/\/crusoe.audiencelabs.com.br\/chuvas-e-baixas-temperaturas-podem-acabar-com-o-plano-de-quem-queria-viajar-no-feriado\/#breadcrumb\",\"itemListElement\":[{\"@type\":\"ListItem\",\"position\":1,\"name\":\"Home\",\"item\":\"https:\/\/crusoe.audiencelabs.com.br\/\"},{\"@type\":\"ListItem\",\"position\":2,\"name\":\"Chuvas e baixas temperaturas podem acabar com o plano de quem queria viajar no feriado\"}]},{\"@type\":\"WebSite\",\"@id\":\"https:\/\/crusoe.audiencelabs.com.br\/#website\",\"url\":\"https:\/\/crusoe.audiencelabs.com.br\/\",\"name\":\"Variedades - Cruso\u00e9\",\"description\":\"\",\"potentialAction\":[{\"@type\":\"SearchAction\",\"target\":{\"@type\":\"EntryPoint\",\"urlTemplate\":\"https:\/\/crusoe.audiencelabs.com.br\/?s={search_term_string}\"},\"query-input\":{\"@type\":\"PropertyValueSpecification\",\"valueRequired\":true,\"valueName\":\"search_term_string\"}}],\"inLanguage\":\"pt-BR\"},{\"@type\":\"Person\",\"@id\":\"https:\/\/crusoe.audiencelabs.com.br\/#\/schema\/person\/0cca5874eda7d72cef71e77a9a9c2143\",\"name\":\"J\u00falio Nesi\",\"image\":{\"@type\":\"ImageObject\",\"inLanguage\":\"pt-BR\",\"@id\":\"https:\/\/crusoe.audiencelabs.com.br\/#\/schema\/person\/image\/\",\"url\":\"https:\/\/secure.gravatar.com\/avatar\/c22eb47c3e2320e71637346b980e09f63de9f75742d3335f94a26b83dff70473?s=96&d=mm&r=g\",\"contentUrl\":\"https:\/\/secure.gravatar.com\/avatar\/c22eb47c3e2320e71637346b980e09f63de9f75742d3335f94a26b83dff70473?s=96&d=mm&r=g\",\"caption\":\"J\u00falio Nesi\"},\"description\":\"Jornalista alagoano formado pela UFAL, j\u00e1 atuei em produ\u00e7\u00e3o de conte\u00fado digital para portais, r\u00e1dio e redes sociais.\",\"sameAs\":[\"www.linkedin.com\/in\/j\u00falio-nesi\"],\"url\":\"https:\/\/crusoe.audiencelabs.com.br\/author\/julionesi\/\"}]}<\/script>\n<!-- \/ Yoast SEO plugin. -->","yoast_head_json":{"title":"Chuvas e baixas temperaturas podem acabar com o plano de quem queria viajar no feriado","robots":{"index":"index","follow":"follow","max-snippet":"max-snippet:-1","max-image-preview":"max-image-preview:large","max-video-preview":"max-video-preview:-1"},"canonical":"https:\/\/crusoe.audiencelabs.com.br\/chuvas-e-baixas-temperaturas-podem-acabar-com-o-plano-de-quem-queria-viajar-no-feriado\/","og_locale":"pt_BR","og_type":"article","og_title":"Chuvas e baixas temperaturas podem acabar com o plano de quem queria viajar no feriado","og_description":"Se voc\u00ea pretende viajar para algum lugar no feriado do Dia do Trabalhador, nesta sexta-feira (1\u00ba), talvez seja bom dar uma olhada na previs\u00e3o do tempo da regi\u00e3o que vai visitar. Diversas localidades no Brasil devem ser atingidas por pancadas de chuva no feriado e at\u00e9 no final de semana, o que pode atrapalhar os [&hellip;]","og_url":"https:\/\/crusoe.audiencelabs.com.br\/chuvas-e-baixas-temperaturas-podem-acabar-com-o-plano-de-quem-queria-viajar-no-feriado\/","og_site_name":"Variedades - Cruso\u00e9","article_published_time":"2026-04-30T21:33:30+00:00","og_image":[{"width":640,"height":427,"url":"https:\/\/cdn.crusoe.com.br\/uploads\/2026\/04\/pexels-th2city-15617018.jpg","type":"image\/jpeg"}],"author":"J\u00falio Nesi","twitter_card":"summary_large_image","twitter_misc":{"Escrito por":"J\u00falio Nesi","Est. tempo de leitura":"3 minutos"},"schema":{"@context":"https:\/\/schema.org","@graph":[{"@type":"WebPage","@id":"https:\/\/crusoe.audiencelabs.com.br\/chuvas-e-baixas-temperaturas-podem-acabar-com-o-plano-de-quem-queria-viajar-no-feriado\/","url":"https:\/\/crusoe.audiencelabs.com.br\/chuvas-e-baixas-temperaturas-podem-acabar-com-o-plano-de-quem-queria-viajar-no-feriado\/","name":"Chuvas e baixas temperaturas podem acabar com o plano de quem queria viajar no feriado","isPartOf":{"@id":"https:\/\/crusoe.audiencelabs.com.br\/#website"},"primaryImageOfPage":{"@id":"https:\/\/crusoe.audiencelabs.com.br\/chuvas-e-baixas-temperaturas-podem-acabar-com-o-plano-de-quem-queria-viajar-no-feriado\/#primaryimage"},"image":{"@id":"https:\/\/crusoe.audiencelabs.com.br\/chuvas-e-baixas-temperaturas-podem-acabar-com-o-plano-de-quem-queria-viajar-no-feriado\/#primaryimage"},"thumbnailUrl":"https:\/\/cdn.crusoe.com.br\/uploads\/2026\/04\/pexels-th2city-15617018.jpg","datePublished":"2026-04-30T21:33:30+00:00","author":{"@id":"https:\/\/crusoe.audiencelabs.com.br\/#\/schema\/person\/0cca5874eda7d72cef71e77a9a9c2143"},"breadcrumb":{"@id":"https:\/\/crusoe.audiencelabs.com.br\/chuvas-e-baixas-temperaturas-podem-acabar-com-o-plano-de-quem-queria-viajar-no-feriado\/#breadcrumb"},"inLanguage":"pt-BR","potentialAction":[{"@type":"ReadAction","target":["https:\/\/crusoe.audiencelabs.com.br\/chuvas-e-baixas-temperaturas-podem-acabar-com-o-plano-de-quem-queria-viajar-no-feriado\/"]}]},{"@type":"ImageObject","inLanguage":"pt-BR","@id":"https:\/\/crusoe.audiencelabs.com.br\/chuvas-e-baixas-temperaturas-podem-acabar-com-o-plano-de-quem-queria-viajar-no-feriado\/#primaryimage","url":"https:\/\/cdn.crusoe.com.br\/uploads\/2026\/04\/pexels-th2city-15617018.jpg","contentUrl":"https:\/\/cdn.crusoe.com.br\/uploads\/2026\/04\/pexels-th2city-15617018.jpg","width":640,"height":427,"caption":"A maioria das regi\u00f5es brasileiras podem receber pancadas de chuva neste feriado. Reprodu\u00e7\u00e3o: Th2city Santana \/ Pexels"},{"@type":"BreadcrumbList","@id":"https:\/\/crusoe.audiencelabs.com.br\/chuvas-e-baixas-temperaturas-podem-acabar-com-o-plano-de-quem-queria-viajar-no-feriado\/#breadcrumb","itemListElement":[{"@type":"ListItem","position":1,"name":"Home","item":"https:\/\/crusoe.audiencelabs.com.br\/"},{"@type":"ListItem","position":2,"name":"Chuvas e baixas temperaturas podem acabar com o plano de quem queria viajar no feriado"}]},{"@type":"WebSite","@id":"https:\/\/crusoe.audiencelabs.com.br\/#website","url":"https:\/\/crusoe.audiencelabs.com.br\/","name":"Variedades - Cruso\u00e9","description":"","potentialAction":[{"@type":"SearchAction","target":{"@type":"EntryPoint","urlTemplate":"https:\/\/crusoe.audiencelabs.com.br\/?s={search_term_string}"},"query-input":{"@type":"PropertyValueSpecification","valueRequired":true,"valueName":"search_term_string"}}],"inLanguage":"pt-BR"},{"@type":"Person","@id":"https:\/\/crusoe.audiencelabs.com.br\/#\/schema\/person\/0cca5874eda7d72cef71e77a9a9c2143","name":"J\u00falio Nesi","image":{"@type":"ImageObject","inLanguage":"pt-BR","@id":"https:\/\/crusoe.audiencelabs.com.br\/#\/schema\/person\/image\/","url":"https:\/\/secure.gravatar.com\/avatar\/c22eb47c3e2320e71637346b980e09f63de9f75742d3335f94a26b83dff70473?s=96&d=mm&r=g","contentUrl":"https:\/\/secure.gravatar.com\/avatar\/c22eb47c3e2320e71637346b980e09f63de9f75742d3335f94a26b83dff70473?s=96&d=mm&r=g","caption":"J\u00falio Nesi"},"description":"Jornalista alagoano formado pela UFAL, j\u00e1 atuei em produ\u00e7\u00e3o de conte\u00fado digital para portais, r\u00e1dio e redes sociais.","sameAs":["www.linkedin.com\/in\/j\u00falio-nesi"],"url":"https:\/\/crusoe.audiencelabs.com.br\/author\/julionesi\/"}]}},"_links":{"self":[{"href":"https:\/\/crusoe.audiencelabs.com.br\/wp-json\/wp\/v2\/posts\/38130","targetHints":{"allow":["GET"]}}],"collection":[{"href":"https:\/\/crusoe.audiencelabs.com.br\/wp-json\/wp\/v2\/posts"}],"about":[{"href":"https:\/\/crusoe.audiencelabs.com.br\/wp-json\/wp\/v2\/types\/post"}],"author":[{"embeddable":true,"href":"https:\/\/crusoe.audiencelabs.com.br\/wp-json\/wp\/v2\/users\/15"}],"replies":[{"embeddable":true,"href":"https:\/\/crusoe.audiencelabs.com.br\/wp-json\/wp\/v2\/comments?post=38130"}],"version-history":[{"count":2,"href":"https:\/\/crusoe.audiencelabs.com.br\/wp-json\/wp\/v2\/posts\/38130\/revisions"}],"predecessor-version":[{"id":38133,"href":"https:\/\/crusoe.audiencelabs.com.br\/wp-json\/wp\/v2\/posts\/38130\/revisions\/38133"}],"wp:featuredmedia":[{"embeddable":true,"href":"https:\/\/crusoe.audiencelabs.com.br\/wp-json\/wp\/v2\/media\/38131"}],"wp:attachment":[{"href":"https:\/\/crusoe.audiencelabs.com.br\/wp-json\/wp\/v2\/media?parent=38130"}],"wp:term":[{"taxonomy":"category","embeddable":true,"href":"https:\/\/crusoe.audiencelabs.com.br\/wp-json\/wp\/v2\/categories?post=38130"},{"taxonomy":"post_tag","embeddable":true,"href":"https:\/\/crusoe.audiencelabs.com.br\/wp-json\/wp\/v2\/tags?post=38130"}],"curies":[{"name":"wp","href":"https:\/\/api.w.org\/{rel}","templated":true}]}}