{"id":38102,"date":"2026-04-30T13:38:03","date_gmt":"2026-04-30T16:38:03","guid":{"rendered":"https:\/\/crusoe.audiencelabs.com.br\/?p=38102"},"modified":"2026-04-30T09:35:25","modified_gmt":"2026-04-30T12:35:25","slug":"cantora-brasileira-fara-show-com-shakira-no-rio-de-janeiro","status":"publish","type":"post","link":"https:\/\/crusoe.audiencelabs.com.br\/cantora-brasileira-fara-show-com-shakira-no-rio-de-janeiro\/","title":{"rendered":"Cantora brasileira far\u00e1 show com Shakira no Rio de Janeiro"},"content":{"rendered":"<p><span style=\"font-weight: 400\">Anitta deve participar do show de Shakira em Copacabana, no Rio de Janeiro. As duas apareceram juntas nesta quarta-feira, 29 de abril, dan\u00e7ando \u201cChoka Choka\u201d, parceria lan\u00e7ada pelas artistas, \u00e0s v\u00e9speras da apresenta\u00e7\u00e3o gratuita da colombiana na orla.\u00a0<\/span><\/p>\n<p><span style=\"font-weight: 400\">O show de Shakira acontece no s\u00e1bado, 2 de maio, dentro do projeto Todo Mundo no Rio. A apresenta\u00e7\u00e3o ser\u00e1 gratuita e est\u00e1 prevista para reunir uma multid\u00e3o na Praia de Copacabana.\u00a0<\/span><\/p>\n<h2><span style=\"font-weight: 400\">Encontro aumentou expectativa<\/span><\/h2>\n<p><span style=\"font-weight: 400\">O v\u00eddeo das duas artistas juntas movimentou f\u00e3s nas redes sociais.<\/span><\/p>\n<p><span style=\"font-weight: 400\">Al\u00e9m da dan\u00e7a, a proximidade com o show refor\u00e7ou a expectativa de participa\u00e7\u00e3o de Anitta no palco. Ve\u00edculos de entretenimento informaram que a brasileira confirmou a presen\u00e7a no evento.\u00a0<\/span><\/p>\n<p><span style=\"font-weight: 400\">O Todo Mundo no Rio leva grandes artistas internacionais para apresenta\u00e7\u00f5es gratuitas em Copacabana.<\/span><\/p>\n<p><span style=\"font-weight: 400\">A edi\u00e7\u00e3o de 2026 ter\u00e1 Shakira como atra\u00e7\u00e3o principal. A expectativa divulgada pela Riotur \u00e9 de mais de 2 milh\u00f5es de pessoas na orla.\u00a0<\/span><\/p>\n<figure id=\"attachment_38104\" aria-describedby=\"caption-attachment-38104\" style=\"width: 534px\" class=\"wp-caption aligncenter\"><img loading=\"lazy\" decoding=\"async\" class=\"wp-image-38104\" src=\"https:\/\/cdn.crusoe.com.br\/uploads\/2026\/04\/anitta-e-shakira-2-300x169.webp\" alt=\"\" width=\"534\" height=\"301\" srcset=\"https:\/\/cdn.crusoe.com.br\/uploads\/2026\/04\/anitta-e-shakira-2-300x169.webp 300w, https:\/\/cdn.crusoe.com.br\/uploads\/2026\/04\/anitta-e-shakira-2-1024x576.webp 1024w, https:\/\/cdn.crusoe.com.br\/uploads\/2026\/04\/anitta-e-shakira-2-768x432.webp 768w, https:\/\/cdn.crusoe.com.br\/uploads\/2026\/04\/anitta-e-shakira-2-750x422.webp 750w, https:\/\/cdn.crusoe.com.br\/uploads\/2026\/04\/anitta-e-shakira-2-1140x641.webp 1140w, https:\/\/cdn.crusoe.com.br\/uploads\/2026\/04\/anitta-e-shakira-2.webp 1199w\" sizes=\"auto, (max-width: 534px) 100vw, 534px\" \/><figcaption id=\"caption-attachment-38104\" class=\"wp-caption-text\">Foto: Instagram\/Shakira<\/figcaption><\/figure>\n<h2><span style=\"font-weight: 400\">Parceria recente refor\u00e7a clima do evento<\/span><\/h2>\n<p><span style=\"font-weight: 400\">Anitta e Shakira lan\u00e7am juntas a m\u00fasica \u201cChoka Choka\u201d.<\/span><\/p>\n<p><span style=\"font-weight: 400\">Por isso, uma participa\u00e7\u00e3o da brasileira no show cria um momento natural para a apresenta\u00e7\u00e3o da faixa. O encontro em Copacabana funcionou como aquecimento para a apresenta\u00e7\u00e3o. <\/span><\/p>\n","protected":false},"excerpt":{"rendered":"<p>Anitta deve participar do show de Shakira em Copacabana, no Rio de Janeiro. As duas apareceram juntas nesta quarta-feira, 29 de abril, dan\u00e7ando \u201cChoka Choka\u201d, parceria lan\u00e7ada pelas artistas, \u00e0s v\u00e9speras da apresenta\u00e7\u00e3o gratuita da colombiana na orla.\u00a0 O show de Shakira acontece no s\u00e1bado, 2 de maio, dentro do projeto Todo Mundo no Rio. [&hellip;]<\/p>\n","protected":false},"author":17,"featured_media":38103,"comment_status":"open","ping_status":"open","sticky":false,"template":"","format":"standard","meta":{"jnews-multi-image_gallery":[],"jnews_single_post":{"format":"standard","jnews_video_option_group":[[]],"override":[{"template":"2","parallax":"1","fullscreen":"1","layout":"right-sidebar","sidebar":"default-sidebar","second_sidebar":"default-sidebar","sticky_sidebar":"1","share_position":"hide","share_float_style":"share-monocrhome","show_featured":"1","show_post_meta":"1","show_post_author":"1","show_post_date":"1","post_date_format":"default","post_date_format_custom":"Y\/m\/d","show_post_category":"1","show_post_reading_time":"0","post_reading_time_wpm":"300","post_calculate_word_method":"str_word_count","show_zoom_button":"0","zoom_button_out_step":"2","zoom_button_in_step":"3","show_post_tag":"1","show_popup_post":"1","number_popup_post":"1","show_author_box":"1","show_post_related":"0"}],"image_override":[{"single_post_thumbnail_size":"crop-500","single_post_gallery_size":"crop-500"}],"trending_post_position":"meta","trending_post_label":"Trending","sponsored_post_label":"Sponsored by","disable_ad":"0","subtitle":"Anitta apareceu ao lado da colombiana em Copacabana antes do show gratuito do projeto Todo Mundo no Rio"},"jnews_primary_category":[],"jnews_override_counter":{"view_counter_number":"0","share_counter_number":"0","like_counter_number":"0","dislike_counter_number":"0"},"jnews_post_split":{"post_split":[{"template":"1","tag":"h2","numbering":"asc","mode":"normal","first":"0","enable_toc":"0","toc_type":"normal"}]},"footnotes":""},"categories":[1],"tags":[],"class_list":["post-38102","post","type-post","status-publish","format-standard","has-post-thumbnail","hentry","category-geral"],"yoast_head":"<!-- This site is optimized with the Yoast SEO plugin v25.0 - https:\/\/yoast.com\/wordpress\/plugins\/seo\/ -->\n<title>Cantora brasileira far\u00e1 show com Shakira no Rio de Janeiro<\/title>\n<meta name=\"robots\" content=\"index, follow, max-snippet:-1, max-image-preview:large, max-video-preview:-1\" \/>\n<link rel=\"canonical\" href=\"https:\/\/crusoe.audiencelabs.com.br\/cantora-brasileira-fara-show-com-shakira-no-rio-de-janeiro\/\" \/>\n<meta property=\"og:locale\" content=\"pt_BR\" \/>\n<meta property=\"og:type\" content=\"article\" \/>\n<meta property=\"og:title\" content=\"Cantora brasileira far\u00e1 show com Shakira no Rio de Janeiro\" \/>\n<meta property=\"og:description\" content=\"Anitta deve participar do show de Shakira em Copacabana, no Rio de Janeiro. As duas apareceram juntas nesta quarta-feira, 29 de abril, dan\u00e7ando \u201cChoka Choka\u201d, parceria lan\u00e7ada pelas artistas, \u00e0s v\u00e9speras da apresenta\u00e7\u00e3o gratuita da colombiana na orla.\u00a0 O show de Shakira acontece no s\u00e1bado, 2 de maio, dentro do projeto Todo Mundo no Rio. [&hellip;]\" \/>\n<meta property=\"og:url\" content=\"https:\/\/crusoe.audiencelabs.com.br\/cantora-brasileira-fara-show-com-shakira-no-rio-de-janeiro\/\" \/>\n<meta property=\"og:site_name\" content=\"Variedades - Cruso\u00e9\" \/>\n<meta property=\"article:published_time\" content=\"2026-04-30T16:38:03+00:00\" \/>\n<meta name=\"author\" content=\"Sofia Volpi\" \/>\n<meta name=\"twitter:card\" content=\"summary_large_image\" \/>\n<meta name=\"twitter:label1\" content=\"Escrito por\" \/>\n\t<meta name=\"twitter:data1\" content=\"Sofia Volpi\" \/>\n\t<meta name=\"twitter:label2\" content=\"Est. tempo de leitura\" \/>\n\t<meta name=\"twitter:data2\" content=\"2 minutos\" \/>\n<script type=\"application\/ld+json\" class=\"yoast-schema-graph\">{\"@context\":\"https:\/\/schema.org\",\"@graph\":[{\"@type\":\"WebPage\",\"@id\":\"https:\/\/crusoe.audiencelabs.com.br\/cantora-brasileira-fara-show-com-shakira-no-rio-de-janeiro\/\",\"url\":\"https:\/\/crusoe.audiencelabs.com.br\/cantora-brasileira-fara-show-com-shakira-no-rio-de-janeiro\/\",\"name\":\"Cantora brasileira far\u00e1 show com Shakira no Rio de Janeiro\",\"isPartOf\":{\"@id\":\"https:\/\/crusoe.audiencelabs.com.br\/#website\"},\"primaryImageOfPage\":{\"@id\":\"https:\/\/crusoe.audiencelabs.com.br\/cantora-brasileira-fara-show-com-shakira-no-rio-de-janeiro\/#primaryimage\"},\"image\":{\"@id\":\"https:\/\/crusoe.audiencelabs.com.br\/cantora-brasileira-fara-show-com-shakira-no-rio-de-janeiro\/#primaryimage\"},\"thumbnailUrl\":\"https:\/\/cdn.crusoe.com.br\/uploads\/2026\/04\/shakira-1-.avif\",\"datePublished\":\"2026-04-30T16:38:03+00:00\",\"author\":{\"@id\":\"https:\/\/crusoe.audiencelabs.com.br\/#\/schema\/person\/9d0fb7a15db57f24b87bef41d034cb04\"},\"breadcrumb\":{\"@id\":\"https:\/\/crusoe.audiencelabs.com.br\/cantora-brasileira-fara-show-com-shakira-no-rio-de-janeiro\/#breadcrumb\"},\"inLanguage\":\"pt-BR\",\"potentialAction\":[{\"@type\":\"ReadAction\",\"target\":[\"https:\/\/crusoe.audiencelabs.com.br\/cantora-brasileira-fara-show-com-shakira-no-rio-de-janeiro\/\"]}]},{\"@type\":\"ImageObject\",\"inLanguage\":\"pt-BR\",\"@id\":\"https:\/\/crusoe.audiencelabs.com.br\/cantora-brasileira-fara-show-com-shakira-no-rio-de-janeiro\/#primaryimage\",\"url\":\"https:\/\/cdn.crusoe.com.br\/uploads\/2026\/04\/shakira-1-.avif\",\"contentUrl\":\"https:\/\/cdn.crusoe.com.br\/uploads\/2026\/04\/shakira-1-.avif\",\"width\":1008,\"height\":755,\"caption\":\"Foto: Webert Belicio \/ Agnews\"},{\"@type\":\"BreadcrumbList\",\"@id\":\"https:\/\/crusoe.audiencelabs.com.br\/cantora-brasileira-fara-show-com-shakira-no-rio-de-janeiro\/#breadcrumb\",\"itemListElement\":[{\"@type\":\"ListItem\",\"position\":1,\"name\":\"Home\",\"item\":\"https:\/\/crusoe.audiencelabs.com.br\/\"},{\"@type\":\"ListItem\",\"position\":2,\"name\":\"Cantora brasileira far\u00e1 show com Shakira no Rio de Janeiro\"}]},{\"@type\":\"WebSite\",\"@id\":\"https:\/\/crusoe.audiencelabs.com.br\/#website\",\"url\":\"https:\/\/crusoe.audiencelabs.com.br\/\",\"name\":\"Variedades - Cruso\u00e9\",\"description\":\"\",\"potentialAction\":[{\"@type\":\"SearchAction\",\"target\":{\"@type\":\"EntryPoint\",\"urlTemplate\":\"https:\/\/crusoe.audiencelabs.com.br\/?s={search_term_string}\"},\"query-input\":{\"@type\":\"PropertyValueSpecification\",\"valueRequired\":true,\"valueName\":\"search_term_string\"}}],\"inLanguage\":\"pt-BR\"},{\"@type\":\"Person\",\"@id\":\"https:\/\/crusoe.audiencelabs.com.br\/#\/schema\/person\/9d0fb7a15db57f24b87bef41d034cb04\",\"name\":\"Sofia Volpi\",\"image\":{\"@type\":\"ImageObject\",\"inLanguage\":\"pt-BR\",\"@id\":\"https:\/\/crusoe.audiencelabs.com.br\/#\/schema\/person\/image\/\",\"url\":\"https:\/\/secure.gravatar.com\/avatar\/a34b676379e5491536434fe5f7a9c49c2efbf9be83b707fa9e74568d45d559f8?s=96&d=mm&r=g\",\"contentUrl\":\"https:\/\/secure.gravatar.com\/avatar\/a34b676379e5491536434fe5f7a9c49c2efbf9be83b707fa9e74568d45d559f8?s=96&d=mm&r=g\",\"caption\":\"Sofia Volpi\"},\"description\":\"Comunicadora, jornalista em forma\u00e7\u00e3o. Apaixonada por esportes e cultura, colunista.\",\"url\":\"https:\/\/crusoe.audiencelabs.com.br\/author\/sofiavolpi\/\"}]}<\/script>\n<!-- \/ Yoast SEO plugin. -->","yoast_head_json":{"title":"Cantora brasileira far\u00e1 show com Shakira no Rio de Janeiro","robots":{"index":"index","follow":"follow","max-snippet":"max-snippet:-1","max-image-preview":"max-image-preview:large","max-video-preview":"max-video-preview:-1"},"canonical":"https:\/\/crusoe.audiencelabs.com.br\/cantora-brasileira-fara-show-com-shakira-no-rio-de-janeiro\/","og_locale":"pt_BR","og_type":"article","og_title":"Cantora brasileira far\u00e1 show com Shakira no Rio de Janeiro","og_description":"Anitta deve participar do show de Shakira em Copacabana, no Rio de Janeiro. As duas apareceram juntas nesta quarta-feira, 29 de abril, dan\u00e7ando \u201cChoka Choka\u201d, parceria lan\u00e7ada pelas artistas, \u00e0s v\u00e9speras da apresenta\u00e7\u00e3o gratuita da colombiana na orla.\u00a0 O show de Shakira acontece no s\u00e1bado, 2 de maio, dentro do projeto Todo Mundo no Rio. [&hellip;]","og_url":"https:\/\/crusoe.audiencelabs.com.br\/cantora-brasileira-fara-show-com-shakira-no-rio-de-janeiro\/","og_site_name":"Variedades - Cruso\u00e9","article_published_time":"2026-04-30T16:38:03+00:00","author":"Sofia Volpi","twitter_card":"summary_large_image","twitter_misc":{"Escrito por":"Sofia Volpi","Est. tempo de leitura":"2 minutos"},"schema":{"@context":"https:\/\/schema.org","@graph":[{"@type":"WebPage","@id":"https:\/\/crusoe.audiencelabs.com.br\/cantora-brasileira-fara-show-com-shakira-no-rio-de-janeiro\/","url":"https:\/\/crusoe.audiencelabs.com.br\/cantora-brasileira-fara-show-com-shakira-no-rio-de-janeiro\/","name":"Cantora brasileira far\u00e1 show com Shakira no Rio de Janeiro","isPartOf":{"@id":"https:\/\/crusoe.audiencelabs.com.br\/#website"},"primaryImageOfPage":{"@id":"https:\/\/crusoe.audiencelabs.com.br\/cantora-brasileira-fara-show-com-shakira-no-rio-de-janeiro\/#primaryimage"},"image":{"@id":"https:\/\/crusoe.audiencelabs.com.br\/cantora-brasileira-fara-show-com-shakira-no-rio-de-janeiro\/#primaryimage"},"thumbnailUrl":"https:\/\/cdn.crusoe.com.br\/uploads\/2026\/04\/shakira-1-.avif","datePublished":"2026-04-30T16:38:03+00:00","author":{"@id":"https:\/\/crusoe.audiencelabs.com.br\/#\/schema\/person\/9d0fb7a15db57f24b87bef41d034cb04"},"breadcrumb":{"@id":"https:\/\/crusoe.audiencelabs.com.br\/cantora-brasileira-fara-show-com-shakira-no-rio-de-janeiro\/#breadcrumb"},"inLanguage":"pt-BR","potentialAction":[{"@type":"ReadAction","target":["https:\/\/crusoe.audiencelabs.com.br\/cantora-brasileira-fara-show-com-shakira-no-rio-de-janeiro\/"]}]},{"@type":"ImageObject","inLanguage":"pt-BR","@id":"https:\/\/crusoe.audiencelabs.com.br\/cantora-brasileira-fara-show-com-shakira-no-rio-de-janeiro\/#primaryimage","url":"https:\/\/cdn.crusoe.com.br\/uploads\/2026\/04\/shakira-1-.avif","contentUrl":"https:\/\/cdn.crusoe.com.br\/uploads\/2026\/04\/shakira-1-.avif","width":1008,"height":755,"caption":"Foto: Webert Belicio \/ Agnews"},{"@type":"BreadcrumbList","@id":"https:\/\/crusoe.audiencelabs.com.br\/cantora-brasileira-fara-show-com-shakira-no-rio-de-janeiro\/#breadcrumb","itemListElement":[{"@type":"ListItem","position":1,"name":"Home","item":"https:\/\/crusoe.audiencelabs.com.br\/"},{"@type":"ListItem","position":2,"name":"Cantora brasileira far\u00e1 show com Shakira no Rio de Janeiro"}]},{"@type":"WebSite","@id":"https:\/\/crusoe.audiencelabs.com.br\/#website","url":"https:\/\/crusoe.audiencelabs.com.br\/","name":"Variedades - Cruso\u00e9","description":"","potentialAction":[{"@type":"SearchAction","target":{"@type":"EntryPoint","urlTemplate":"https:\/\/crusoe.audiencelabs.com.br\/?s={search_term_string}"},"query-input":{"@type":"PropertyValueSpecification","valueRequired":true,"valueName":"search_term_string"}}],"inLanguage":"pt-BR"},{"@type":"Person","@id":"https:\/\/crusoe.audiencelabs.com.br\/#\/schema\/person\/9d0fb7a15db57f24b87bef41d034cb04","name":"Sofia Volpi","image":{"@type":"ImageObject","inLanguage":"pt-BR","@id":"https:\/\/crusoe.audiencelabs.com.br\/#\/schema\/person\/image\/","url":"https:\/\/secure.gravatar.com\/avatar\/a34b676379e5491536434fe5f7a9c49c2efbf9be83b707fa9e74568d45d559f8?s=96&d=mm&r=g","contentUrl":"https:\/\/secure.gravatar.com\/avatar\/a34b676379e5491536434fe5f7a9c49c2efbf9be83b707fa9e74568d45d559f8?s=96&d=mm&r=g","caption":"Sofia Volpi"},"description":"Comunicadora, jornalista em forma\u00e7\u00e3o. Apaixonada por esportes e cultura, colunista.","url":"https:\/\/crusoe.audiencelabs.com.br\/author\/sofiavolpi\/"}]}},"_links":{"self":[{"href":"https:\/\/crusoe.audiencelabs.com.br\/wp-json\/wp\/v2\/posts\/38102","targetHints":{"allow":["GET"]}}],"collection":[{"href":"https:\/\/crusoe.audiencelabs.com.br\/wp-json\/wp\/v2\/posts"}],"about":[{"href":"https:\/\/crusoe.audiencelabs.com.br\/wp-json\/wp\/v2\/types\/post"}],"author":[{"embeddable":true,"href":"https:\/\/crusoe.audiencelabs.com.br\/wp-json\/wp\/v2\/users\/17"}],"replies":[{"embeddable":true,"href":"https:\/\/crusoe.audiencelabs.com.br\/wp-json\/wp\/v2\/comments?post=38102"}],"version-history":[{"count":1,"href":"https:\/\/crusoe.audiencelabs.com.br\/wp-json\/wp\/v2\/posts\/38102\/revisions"}],"predecessor-version":[{"id":38105,"href":"https:\/\/crusoe.audiencelabs.com.br\/wp-json\/wp\/v2\/posts\/38102\/revisions\/38105"}],"wp:featuredmedia":[{"embeddable":true,"href":"https:\/\/crusoe.audiencelabs.com.br\/wp-json\/wp\/v2\/media\/38103"}],"wp:attachment":[{"href":"https:\/\/crusoe.audiencelabs.com.br\/wp-json\/wp\/v2\/media?parent=38102"}],"wp:term":[{"taxonomy":"category","embeddable":true,"href":"https:\/\/crusoe.audiencelabs.com.br\/wp-json\/wp\/v2\/categories?post=38102"},{"taxonomy":"post_tag","embeddable":true,"href":"https:\/\/crusoe.audiencelabs.com.br\/wp-json\/wp\/v2\/tags?post=38102"}],"curies":[{"name":"wp","href":"https:\/\/api.w.org\/{rel}","templated":true}]}}