{"id":38093,"date":"2026-04-30T09:04:25","date_gmt":"2026-04-30T12:04:25","guid":{"rendered":"https:\/\/crusoe.audiencelabs.com.br\/?p=38093"},"modified":"2026-04-30T09:05:44","modified_gmt":"2026-04-30T12:05:44","slug":"juros-em-queda-banco-central-reduz-taxa-selic-mesmo-com-instabilidade-do-mercado-mundial","status":"publish","type":"post","link":"https:\/\/crusoe.audiencelabs.com.br\/juros-em-queda-banco-central-reduz-taxa-selic-mesmo-com-instabilidade-do-mercado-mundial\/","title":{"rendered":"Juros em queda: Banco Central reduz Taxa Selic mesmo com instabilidade do mercado mundial"},"content":{"rendered":"<p>O Banco Central reduziu a taxa Selic de 14,75% para 14,50% ao ano, em decis\u00e3o anunciada pelo Comit\u00ea de Pol\u00edtica Monet\u00e1ria (Copom) nesta quarta-feira, 29 de abril. Foi o segundo corte seguido da taxa b\u00e1sica de juros, mas o comunicado manteve tom cauteloso diante da instabilidade no cen\u00e1rio internacional.<\/p>\n<p>A decis\u00e3o foi un\u00e2nime. O corte de 0,25 ponto percentual seguiu a expectativa do mercado e deu continuidade ao ciclo iniciado em mar\u00e7o, quando a Selic havia ca\u00eddo de 15% para 14,75% ao ano.<\/p>\n<h2>Por que a Selic caiu<\/h2>\n<p>O Banco Central informou que o cen\u00e1rio dom\u00e9stico mostra sinais de modera\u00e7\u00e3o, mas ainda exige cuidado. A autoridade monet\u00e1ria acompanha a trajet\u00f3ria da infla\u00e7\u00e3o, as expectativas do mercado e o ritmo da atividade econ\u00f4mica antes de avan\u00e7ar em novos cortes.<\/p>\n<p>Mesmo com a redu\u00e7\u00e3o, a taxa segue em patamar alto. Segundo a Ag\u00eancia Brasil, a Selic ficou em 15% ao ano de junho de 2025 a mar\u00e7o de 2026, o maior n\u00edvel em quase 20 anos.<\/p>\n<h2>Instabilidade externa pesa na decis\u00e3o<\/h2>\n<p>O comunicado do Copom cita um ambiente externo mais incerto. A guerra no Oriente M\u00e9dio e seus efeitos sobre commodities, combust\u00edveis e cadeias globais de suprimento aumentam a cautela do Banco Central.<\/p>\n<p>Por isso, o corte veio sem promessa de ritmo para as pr\u00f3ximas reuni\u00f5es. O Copom indicou que seguir\u00e1 avaliando os dados dispon\u00edveis e os impactos do cen\u00e1rio internacional sobre a infla\u00e7\u00e3o no Brasil.<\/p>\n<h2>Infla\u00e7\u00e3o ainda preocupa<\/h2>\n<p>As proje\u00e7\u00f5es do Banco Central continuam acima do centro da meta. No comunicado, o Copom informou estimativa de IPCA de 4,6% em 2026 e 3,5% em 2027 no cen\u00e1rio de refer\u00eancia.<\/p>\n<p>A meta de infla\u00e7\u00e3o perseguida pelo Banco Central \u00e9 de 3%, com intervalo de toler\u00e2ncia de 1,5 ponto percentual para cima ou para baixo. Assim, a autoridade monet\u00e1ria ainda v\u00ea espa\u00e7o limitado para acelerar a queda dos juros.<\/p>\n<h2>O que muda para o consumidor<\/h2>\n<p>A Selic influencia o custo do cr\u00e9dito no pa\u00eds. Quando ela cai, empr\u00e9stimos, financiamentos e juros do cart\u00e3o podem ficar mais baratos ao longo do tempo, embora esse repasse n\u00e3o ocorra de forma imediata.<\/p>\n<p>Ao mesmo tempo, juros menores tamb\u00e9m reduzem a rentabilidade de investimentos conservadores atrelados \u00e0 taxa b\u00e1sica, como parte dos t\u00edtulos p\u00fablicos e aplica\u00e7\u00f5es p\u00f3s-fixadas.<\/p>\n<h2>Pr\u00f3ximos passos<\/h2>\n<p>O Banco Central deixou claro que novos cortes dependem da infla\u00e7\u00e3o, das expectativas e do comportamento do cen\u00e1rio externo. Portanto, a queda da Selic come\u00e7ou, mas ainda deve avan\u00e7ar de forma gradual.<\/p>\n<p>A pr\u00f3xima decis\u00e3o do Copom ser\u00e1 acompanhada de perto pelo mercado, principalmente por causa da d\u00favida sobre a dura\u00e7\u00e3o da instabilidade internacional e seus efeitos nos pre\u00e7os.<\/p>\n<p>&nbsp;<\/p>\n","protected":false},"excerpt":{"rendered":"<p>O Banco Central reduziu a taxa Selic de 14,75% para 14,50% ao ano, em decis\u00e3o anunciada pelo Comit\u00ea de Pol\u00edtica Monet\u00e1ria (Copom) nesta quarta-feira, 29 de abril. Foi o segundo corte seguido da taxa b\u00e1sica de juros, mas o comunicado manteve tom cauteloso diante da instabilidade no cen\u00e1rio internacional. A decis\u00e3o foi un\u00e2nime. O corte [&hellip;]<\/p>\n","protected":false},"author":17,"featured_media":38096,"comment_status":"open","ping_status":"open","sticky":false,"template":"","format":"standard","meta":{"jnews-multi-image_gallery":[],"jnews_single_post":{"format":"standard","jnews_video_option_group":[[]],"override":[{"template":"2","parallax":"1","fullscreen":"1","layout":"right-sidebar","sidebar":"default-sidebar","second_sidebar":"default-sidebar","sticky_sidebar":"1","share_position":"hide","share_float_style":"share-monocrhome","show_featured":"1","show_post_meta":"1","show_post_author":"1","show_post_date":"1","post_date_format":"default","post_date_format_custom":"Y\/m\/d","show_post_category":"1","show_post_reading_time":"0","post_reading_time_wpm":"300","post_calculate_word_method":"str_word_count","show_zoom_button":"0","zoom_button_out_step":"2","zoom_button_in_step":"3","show_post_tag":"1","show_popup_post":"1","number_popup_post":"1","show_author_box":"1","show_post_related":"0"}],"image_override":[{"single_post_thumbnail_size":"crop-500","single_post_gallery_size":"crop-500"}],"trending_post_position":"meta","trending_post_label":"Trending","sponsored_post_label":"Sponsored by","disable_ad":"0","subtitle":"Copom cortou a taxa b\u00e1sica para 14,50% ao ano e indicou cautela nas pr\u00f3ximas decis\u00f5es"},"jnews_primary_category":[],"jnews_override_counter":{"view_counter_number":"0","share_counter_number":"0","like_counter_number":"0","dislike_counter_number":"0"},"jnews_post_split":{"post_split":[{"template":"1","tag":"h2","numbering":"asc","mode":"normal","first":"0","enable_toc":"0","toc_type":"normal"}]},"footnotes":""},"categories":[1],"tags":[],"class_list":["post-38093","post","type-post","status-publish","format-standard","has-post-thumbnail","hentry","category-geral"],"yoast_head":"<!-- This site is optimized with the Yoast SEO plugin v25.0 - https:\/\/yoast.com\/wordpress\/plugins\/seo\/ -->\n<title>Juros em queda: Banco Central reduz Taxa Selic mesmo com instabilidade do mercado mundial<\/title>\n<meta name=\"robots\" content=\"index, follow, max-snippet:-1, max-image-preview:large, max-video-preview:-1\" \/>\n<link rel=\"canonical\" href=\"https:\/\/crusoe.audiencelabs.com.br\/juros-em-queda-banco-central-reduz-taxa-selic-mesmo-com-instabilidade-do-mercado-mundial\/\" \/>\n<meta property=\"og:locale\" content=\"pt_BR\" \/>\n<meta property=\"og:type\" content=\"article\" \/>\n<meta property=\"og:title\" content=\"Juros em queda: Banco Central reduz Taxa Selic mesmo com instabilidade do mercado mundial\" \/>\n<meta property=\"og:description\" content=\"O Banco Central reduziu a taxa Selic de 14,75% para 14,50% ao ano, em decis\u00e3o anunciada pelo Comit\u00ea de Pol\u00edtica Monet\u00e1ria (Copom) nesta quarta-feira, 29 de abril. Foi o segundo corte seguido da taxa b\u00e1sica de juros, mas o comunicado manteve tom cauteloso diante da instabilidade no cen\u00e1rio internacional. A decis\u00e3o foi un\u00e2nime. O corte [&hellip;]\" \/>\n<meta property=\"og:url\" content=\"https:\/\/crusoe.audiencelabs.com.br\/juros-em-queda-banco-central-reduz-taxa-selic-mesmo-com-instabilidade-do-mercado-mundial\/\" \/>\n<meta property=\"og:site_name\" content=\"Variedades - Cruso\u00e9\" \/>\n<meta property=\"article:published_time\" content=\"2026-04-30T12:04:25+00:00\" \/>\n<meta property=\"article:modified_time\" content=\"2026-04-30T12:05:44+00:00\" \/>\n<meta property=\"og:image\" content=\"https:\/\/cdn.crusoe.com.br\/uploads\/2026\/04\/bacen1_140620215201.png\" \/>\n\t<meta property=\"og:image:width\" content=\"710\" \/>\n\t<meta property=\"og:image:height\" content=\"284\" \/>\n\t<meta property=\"og:image:type\" content=\"image\/png\" \/>\n<meta name=\"author\" content=\"Sofia Volpi\" \/>\n<meta name=\"twitter:card\" content=\"summary_large_image\" \/>\n<meta name=\"twitter:label1\" content=\"Escrito por\" \/>\n\t<meta name=\"twitter:data1\" content=\"Sofia Volpi\" \/>\n\t<meta name=\"twitter:label2\" content=\"Est. tempo de leitura\" \/>\n\t<meta name=\"twitter:data2\" content=\"3 minutos\" \/>\n<script type=\"application\/ld+json\" class=\"yoast-schema-graph\">{\"@context\":\"https:\/\/schema.org\",\"@graph\":[{\"@type\":\"WebPage\",\"@id\":\"https:\/\/crusoe.audiencelabs.com.br\/juros-em-queda-banco-central-reduz-taxa-selic-mesmo-com-instabilidade-do-mercado-mundial\/\",\"url\":\"https:\/\/crusoe.audiencelabs.com.br\/juros-em-queda-banco-central-reduz-taxa-selic-mesmo-com-instabilidade-do-mercado-mundial\/\",\"name\":\"Juros em queda: Banco Central reduz Taxa Selic mesmo com instabilidade do mercado mundial\",\"isPartOf\":{\"@id\":\"https:\/\/crusoe.audiencelabs.com.br\/#website\"},\"primaryImageOfPage\":{\"@id\":\"https:\/\/crusoe.audiencelabs.com.br\/juros-em-queda-banco-central-reduz-taxa-selic-mesmo-com-instabilidade-do-mercado-mundial\/#primaryimage\"},\"image\":{\"@id\":\"https:\/\/crusoe.audiencelabs.com.br\/juros-em-queda-banco-central-reduz-taxa-selic-mesmo-com-instabilidade-do-mercado-mundial\/#primaryimage\"},\"thumbnailUrl\":\"https:\/\/cdn.crusoe.com.br\/uploads\/2026\/04\/bacen1_140620215201.png\",\"datePublished\":\"2026-04-30T12:04:25+00:00\",\"dateModified\":\"2026-04-30T12:05:44+00:00\",\"author\":{\"@id\":\"https:\/\/crusoe.audiencelabs.com.br\/#\/schema\/person\/9d0fb7a15db57f24b87bef41d034cb04\"},\"breadcrumb\":{\"@id\":\"https:\/\/crusoe.audiencelabs.com.br\/juros-em-queda-banco-central-reduz-taxa-selic-mesmo-com-instabilidade-do-mercado-mundial\/#breadcrumb\"},\"inLanguage\":\"pt-BR\",\"potentialAction\":[{\"@type\":\"ReadAction\",\"target\":[\"https:\/\/crusoe.audiencelabs.com.br\/juros-em-queda-banco-central-reduz-taxa-selic-mesmo-com-instabilidade-do-mercado-mundial\/\"]}]},{\"@type\":\"ImageObject\",\"inLanguage\":\"pt-BR\",\"@id\":\"https:\/\/crusoe.audiencelabs.com.br\/juros-em-queda-banco-central-reduz-taxa-selic-mesmo-com-instabilidade-do-mercado-mundial\/#primaryimage\",\"url\":\"https:\/\/cdn.crusoe.com.br\/uploads\/2026\/04\/bacen1_140620215201.png\",\"contentUrl\":\"https:\/\/cdn.crusoe.com.br\/uploads\/2026\/04\/bacen1_140620215201.png\",\"width\":710,\"height\":284,\"caption\":\"Foto: SFPMIS.org.br\"},{\"@type\":\"BreadcrumbList\",\"@id\":\"https:\/\/crusoe.audiencelabs.com.br\/juros-em-queda-banco-central-reduz-taxa-selic-mesmo-com-instabilidade-do-mercado-mundial\/#breadcrumb\",\"itemListElement\":[{\"@type\":\"ListItem\",\"position\":1,\"name\":\"Home\",\"item\":\"https:\/\/crusoe.audiencelabs.com.br\/\"},{\"@type\":\"ListItem\",\"position\":2,\"name\":\"Juros em queda: Banco Central reduz Taxa Selic mesmo com instabilidade do mercado mundial\"}]},{\"@type\":\"WebSite\",\"@id\":\"https:\/\/crusoe.audiencelabs.com.br\/#website\",\"url\":\"https:\/\/crusoe.audiencelabs.com.br\/\",\"name\":\"Variedades - Cruso\u00e9\",\"description\":\"\",\"potentialAction\":[{\"@type\":\"SearchAction\",\"target\":{\"@type\":\"EntryPoint\",\"urlTemplate\":\"https:\/\/crusoe.audiencelabs.com.br\/?s={search_term_string}\"},\"query-input\":{\"@type\":\"PropertyValueSpecification\",\"valueRequired\":true,\"valueName\":\"search_term_string\"}}],\"inLanguage\":\"pt-BR\"},{\"@type\":\"Person\",\"@id\":\"https:\/\/crusoe.audiencelabs.com.br\/#\/schema\/person\/9d0fb7a15db57f24b87bef41d034cb04\",\"name\":\"Sofia Volpi\",\"image\":{\"@type\":\"ImageObject\",\"inLanguage\":\"pt-BR\",\"@id\":\"https:\/\/crusoe.audiencelabs.com.br\/#\/schema\/person\/image\/\",\"url\":\"https:\/\/secure.gravatar.com\/avatar\/a34b676379e5491536434fe5f7a9c49c2efbf9be83b707fa9e74568d45d559f8?s=96&d=mm&r=g\",\"contentUrl\":\"https:\/\/secure.gravatar.com\/avatar\/a34b676379e5491536434fe5f7a9c49c2efbf9be83b707fa9e74568d45d559f8?s=96&d=mm&r=g\",\"caption\":\"Sofia Volpi\"},\"description\":\"Comunicadora, jornalista em forma\u00e7\u00e3o. Apaixonada por esportes e cultura, colunista.\",\"url\":\"https:\/\/crusoe.audiencelabs.com.br\/author\/sofiavolpi\/\"}]}<\/script>\n<!-- \/ Yoast SEO plugin. -->","yoast_head_json":{"title":"Juros em queda: Banco Central reduz Taxa Selic mesmo com instabilidade do mercado mundial","robots":{"index":"index","follow":"follow","max-snippet":"max-snippet:-1","max-image-preview":"max-image-preview:large","max-video-preview":"max-video-preview:-1"},"canonical":"https:\/\/crusoe.audiencelabs.com.br\/juros-em-queda-banco-central-reduz-taxa-selic-mesmo-com-instabilidade-do-mercado-mundial\/","og_locale":"pt_BR","og_type":"article","og_title":"Juros em queda: Banco Central reduz Taxa Selic mesmo com instabilidade do mercado mundial","og_description":"O Banco Central reduziu a taxa Selic de 14,75% para 14,50% ao ano, em decis\u00e3o anunciada pelo Comit\u00ea de Pol\u00edtica Monet\u00e1ria (Copom) nesta quarta-feira, 29 de abril. Foi o segundo corte seguido da taxa b\u00e1sica de juros, mas o comunicado manteve tom cauteloso diante da instabilidade no cen\u00e1rio internacional. A decis\u00e3o foi un\u00e2nime. O corte [&hellip;]","og_url":"https:\/\/crusoe.audiencelabs.com.br\/juros-em-queda-banco-central-reduz-taxa-selic-mesmo-com-instabilidade-do-mercado-mundial\/","og_site_name":"Variedades - Cruso\u00e9","article_published_time":"2026-04-30T12:04:25+00:00","article_modified_time":"2026-04-30T12:05:44+00:00","og_image":[{"width":710,"height":284,"url":"https:\/\/cdn.crusoe.com.br\/uploads\/2026\/04\/bacen1_140620215201.png","type":"image\/png"}],"author":"Sofia Volpi","twitter_card":"summary_large_image","twitter_misc":{"Escrito por":"Sofia Volpi","Est. tempo de leitura":"3 minutos"},"schema":{"@context":"https:\/\/schema.org","@graph":[{"@type":"WebPage","@id":"https:\/\/crusoe.audiencelabs.com.br\/juros-em-queda-banco-central-reduz-taxa-selic-mesmo-com-instabilidade-do-mercado-mundial\/","url":"https:\/\/crusoe.audiencelabs.com.br\/juros-em-queda-banco-central-reduz-taxa-selic-mesmo-com-instabilidade-do-mercado-mundial\/","name":"Juros em queda: Banco Central reduz Taxa Selic mesmo com instabilidade do mercado mundial","isPartOf":{"@id":"https:\/\/crusoe.audiencelabs.com.br\/#website"},"primaryImageOfPage":{"@id":"https:\/\/crusoe.audiencelabs.com.br\/juros-em-queda-banco-central-reduz-taxa-selic-mesmo-com-instabilidade-do-mercado-mundial\/#primaryimage"},"image":{"@id":"https:\/\/crusoe.audiencelabs.com.br\/juros-em-queda-banco-central-reduz-taxa-selic-mesmo-com-instabilidade-do-mercado-mundial\/#primaryimage"},"thumbnailUrl":"https:\/\/cdn.crusoe.com.br\/uploads\/2026\/04\/bacen1_140620215201.png","datePublished":"2026-04-30T12:04:25+00:00","dateModified":"2026-04-30T12:05:44+00:00","author":{"@id":"https:\/\/crusoe.audiencelabs.com.br\/#\/schema\/person\/9d0fb7a15db57f24b87bef41d034cb04"},"breadcrumb":{"@id":"https:\/\/crusoe.audiencelabs.com.br\/juros-em-queda-banco-central-reduz-taxa-selic-mesmo-com-instabilidade-do-mercado-mundial\/#breadcrumb"},"inLanguage":"pt-BR","potentialAction":[{"@type":"ReadAction","target":["https:\/\/crusoe.audiencelabs.com.br\/juros-em-queda-banco-central-reduz-taxa-selic-mesmo-com-instabilidade-do-mercado-mundial\/"]}]},{"@type":"ImageObject","inLanguage":"pt-BR","@id":"https:\/\/crusoe.audiencelabs.com.br\/juros-em-queda-banco-central-reduz-taxa-selic-mesmo-com-instabilidade-do-mercado-mundial\/#primaryimage","url":"https:\/\/cdn.crusoe.com.br\/uploads\/2026\/04\/bacen1_140620215201.png","contentUrl":"https:\/\/cdn.crusoe.com.br\/uploads\/2026\/04\/bacen1_140620215201.png","width":710,"height":284,"caption":"Foto: SFPMIS.org.br"},{"@type":"BreadcrumbList","@id":"https:\/\/crusoe.audiencelabs.com.br\/juros-em-queda-banco-central-reduz-taxa-selic-mesmo-com-instabilidade-do-mercado-mundial\/#breadcrumb","itemListElement":[{"@type":"ListItem","position":1,"name":"Home","item":"https:\/\/crusoe.audiencelabs.com.br\/"},{"@type":"ListItem","position":2,"name":"Juros em queda: Banco Central reduz Taxa Selic mesmo com instabilidade do mercado mundial"}]},{"@type":"WebSite","@id":"https:\/\/crusoe.audiencelabs.com.br\/#website","url":"https:\/\/crusoe.audiencelabs.com.br\/","name":"Variedades - Cruso\u00e9","description":"","potentialAction":[{"@type":"SearchAction","target":{"@type":"EntryPoint","urlTemplate":"https:\/\/crusoe.audiencelabs.com.br\/?s={search_term_string}"},"query-input":{"@type":"PropertyValueSpecification","valueRequired":true,"valueName":"search_term_string"}}],"inLanguage":"pt-BR"},{"@type":"Person","@id":"https:\/\/crusoe.audiencelabs.com.br\/#\/schema\/person\/9d0fb7a15db57f24b87bef41d034cb04","name":"Sofia Volpi","image":{"@type":"ImageObject","inLanguage":"pt-BR","@id":"https:\/\/crusoe.audiencelabs.com.br\/#\/schema\/person\/image\/","url":"https:\/\/secure.gravatar.com\/avatar\/a34b676379e5491536434fe5f7a9c49c2efbf9be83b707fa9e74568d45d559f8?s=96&d=mm&r=g","contentUrl":"https:\/\/secure.gravatar.com\/avatar\/a34b676379e5491536434fe5f7a9c49c2efbf9be83b707fa9e74568d45d559f8?s=96&d=mm&r=g","caption":"Sofia Volpi"},"description":"Comunicadora, jornalista em forma\u00e7\u00e3o. Apaixonada por esportes e cultura, colunista.","url":"https:\/\/crusoe.audiencelabs.com.br\/author\/sofiavolpi\/"}]}},"_links":{"self":[{"href":"https:\/\/crusoe.audiencelabs.com.br\/wp-json\/wp\/v2\/posts\/38093","targetHints":{"allow":["GET"]}}],"collection":[{"href":"https:\/\/crusoe.audiencelabs.com.br\/wp-json\/wp\/v2\/posts"}],"about":[{"href":"https:\/\/crusoe.audiencelabs.com.br\/wp-json\/wp\/v2\/types\/post"}],"author":[{"embeddable":true,"href":"https:\/\/crusoe.audiencelabs.com.br\/wp-json\/wp\/v2\/users\/17"}],"replies":[{"embeddable":true,"href":"https:\/\/crusoe.audiencelabs.com.br\/wp-json\/wp\/v2\/comments?post=38093"}],"version-history":[{"count":1,"href":"https:\/\/crusoe.audiencelabs.com.br\/wp-json\/wp\/v2\/posts\/38093\/revisions"}],"predecessor-version":[{"id":38094,"href":"https:\/\/crusoe.audiencelabs.com.br\/wp-json\/wp\/v2\/posts\/38093\/revisions\/38094"}],"wp:featuredmedia":[{"embeddable":true,"href":"https:\/\/crusoe.audiencelabs.com.br\/wp-json\/wp\/v2\/media\/38096"}],"wp:attachment":[{"href":"https:\/\/crusoe.audiencelabs.com.br\/wp-json\/wp\/v2\/media?parent=38093"}],"wp:term":[{"taxonomy":"category","embeddable":true,"href":"https:\/\/crusoe.audiencelabs.com.br\/wp-json\/wp\/v2\/categories?post=38093"},{"taxonomy":"post_tag","embeddable":true,"href":"https:\/\/crusoe.audiencelabs.com.br\/wp-json\/wp\/v2\/tags?post=38093"}],"curies":[{"name":"wp","href":"https:\/\/api.w.org\/{rel}","templated":true}]}}