{"id":38073,"date":"2026-04-29T19:32:58","date_gmt":"2026-04-29T22:32:58","guid":{"rendered":"https:\/\/crusoe.audiencelabs.com.br\/?p=38073"},"modified":"2026-04-29T16:01:31","modified_gmt":"2026-04-29T19:01:31","slug":"estrela-mundial-desembarca-no-brasil-para-show-historico-no-rio-de-janeiro","status":"publish","type":"post","link":"https:\/\/crusoe.audiencelabs.com.br\/estrela-mundial-desembarca-no-brasil-para-show-historico-no-rio-de-janeiro\/","title":{"rendered":"Estrela mundial desembarca no Brasil para show hist\u00f3rico no Rio de Janeiro"},"content":{"rendered":"<p class=\"font-claude-response-body break-words whitespace-normal leading-[1.7]\"><strong>Shakira<\/strong> chegou ao <strong>Rio de Janeiro<\/strong> na manh\u00e3 desta quarta-feira (29) para o show gratuito que far\u00e1 na <strong>Praia de Copacabana<\/strong> no pr\u00f3ximo s\u00e1bado (02). A cantora colombiana desembarcou pelo Aeroporto Internacional Tom Jobim pouco depois das 10h30, em um hangar afastado do terminal de passageiros internacionais.<\/p>\n<p>Na sa\u00edda, a cantora foi recebida por f\u00e3s que acordaram cedo para esperar a cantora na porta do hangar. Alguns dos f\u00e3s chegaram a acordar \u00e0s 5 horas da manh\u00e3 para poder ver a colombiana no aeroporto.<\/p>\n<p>Enquanto espera o dia do show, a cantora vai ficar no <strong><a href=\"https:\/\/crusoe.com.br\/variedades\/shakira-ficara-na-mesma-suite-que-recebeu-lady-gaga-e-madonna-antes-de-show-no-brasil\/\">Copacabana Palace<\/a><\/strong>, o mesmo hotel de luxo onde ficaram Madonna e Lady Gaga quando foram cantar na capital carioca em 2024 e 2025, respectivamente.<\/p>\n<h2>Megashow no Rio<\/h2>\n<p class=\"font-claude-response-body break-words whitespace-normal leading-[1.7]\">O palco montado em Copacabana promete ser o maior da hist\u00f3ria da orla carioca. Com cerca de 1.500 m\u00b2, supera os espa\u00e7os usados por Madonna e por Lady Gaga na mesma praia. A estrutura tem 56 metros de altura e inclui uma passarela de 25 metros em dire\u00e7\u00e3o ao p\u00fablico.<\/p>\n<p class=\"font-claude-response-body break-words whitespace-normal leading-[1.7]\">Ao longo da areia, a organiza\u00e7\u00e3o vai distribuir 16 tel\u00f5es de LED e torres de som. O palco tamb\u00e9m ficar\u00e1 a 2,20 metros da base na areia, facilitando a visibilidade de quem estiver mais longe. Toneladas de equipamentos j\u00e1 chegaram ao Rio nos \u00faltimos dias para dar conta da montagem.<\/p>\n<h2>O que esperar do evento?<\/h2>\n<p>A apresenta\u00e7\u00e3o est\u00e1 prevista para come\u00e7ar \u00e0s 21h45. A organiza\u00e7\u00e3o estima um p\u00fablico de 2 milh\u00f5es de pessoas. Por isso, a recomenda\u00e7\u00e3o \u00e9 usar o transporte p\u00fablico, j\u00e1 que diversas ruas da regi\u00e3o ser\u00e3o fechadas. O impacto econ\u00f4mico do evento para a cidade \u00e9 estimado em R$ 800 milh\u00f5es.<\/p>\n<p>O show integra o projeto &#8220;<strong>Todo Mundo no Rio<\/strong>&#8220;, da Prefeitura do Rio, na terceira edi\u00e7\u00e3o consecutiva do evento na orla carioca.<\/p>\n<h2>Projeto para turbinar o turismo<\/h2>\n<p>O projeto &#8220;Todo Mundo no Rio&#8221; foi encabe\u00e7ado pela prefeitura da capital do RJ e tem o objetivo de colocar a cidade no centro do turismo mundial. Com a atra\u00e7\u00e3o de turistas para os shows de artistas famosos, os gestores da cidade buscam movimentar a economia local.<\/p>\n","protected":false},"excerpt":{"rendered":"<p>Shakira chegou ao Rio de Janeiro na manh\u00e3 desta quarta-feira (29) para o show gratuito que far\u00e1 na Praia de Copacabana no pr\u00f3ximo s\u00e1bado (02). A cantora colombiana desembarcou pelo Aeroporto Internacional Tom Jobim pouco depois das 10h30, em um hangar afastado do terminal de passageiros internacionais. Na sa\u00edda, a cantora foi recebida por f\u00e3s [&hellip;]<\/p>\n","protected":false},"author":15,"featured_media":38074,"comment_status":"open","ping_status":"open","sticky":false,"template":"","format":"standard","meta":{"jnews-multi-image_gallery":[],"jnews_single_post":{"format":"standard","jnews_video_option_group":[[]],"override":[{"template":"2","parallax":"1","fullscreen":"1","layout":"right-sidebar","sidebar":"default-sidebar","second_sidebar":"default-sidebar","sticky_sidebar":"1","share_position":"hide","share_float_style":"share-monocrhome","show_featured":"1","show_post_meta":"1","show_post_author":"1","show_post_date":"1","post_date_format":"default","post_date_format_custom":"Y\/m\/d","show_post_category":"1","show_post_reading_time":"0","post_reading_time_wpm":"300","post_calculate_word_method":"str_word_count","show_zoom_button":"0","zoom_button_out_step":"2","zoom_button_in_step":"3","show_post_tag":"1","show_popup_post":"1","number_popup_post":"1","show_author_box":"1","show_post_related":"0"}],"image_override":[{"single_post_thumbnail_size":"crop-500","single_post_gallery_size":"crop-500"}],"trending_post_position":"meta","trending_post_label":"Trending","sponsored_post_label":"Sponsored by","disable_ad":"0","subtitle":"A cantora ter\u00e1 um palco ainda maior que Madonna e Lady Gaga, que tamb\u00e9m foram cantar na capital carioca em edi\u00e7\u00f5es passadas do projeto \"Todo Mundo no Rio\""},"jnews_primary_category":[],"jnews_override_counter":{"view_counter_number":"0","share_counter_number":"0","like_counter_number":"0","dislike_counter_number":"0"},"jnews_post_split":{"post_split":[{"template":"1","tag":"h2","numbering":"asc","mode":"normal","first":"0","enable_toc":"0","toc_type":"normal"}]},"footnotes":""},"categories":[1],"tags":[1081,7799,1456,7756,644,2196,5587,7758],"class_list":["post-38073","post","type-post","status-publish","format-standard","has-post-thumbnail","hentry","category-geral","tag-celebridades","tag-copacabana-palace","tag-musica","tag-praia-de-copacabana","tag-rio-de-janeiro","tag-rj","tag-shakira","tag-todo-mundo-no-rio"],"yoast_head":"<!-- This site is optimized with the Yoast SEO plugin v25.0 - https:\/\/yoast.com\/wordpress\/plugins\/seo\/ -->\n<title>Estrela mundial desembarca no Brasil para show hist\u00f3rico no Rio de Janeiro<\/title>\n<meta name=\"robots\" content=\"index, follow, max-snippet:-1, max-image-preview:large, max-video-preview:-1\" \/>\n<link rel=\"canonical\" href=\"https:\/\/crusoe.audiencelabs.com.br\/estrela-mundial-desembarca-no-brasil-para-show-historico-no-rio-de-janeiro\/\" \/>\n<meta property=\"og:locale\" content=\"pt_BR\" \/>\n<meta property=\"og:type\" content=\"article\" \/>\n<meta property=\"og:title\" content=\"Estrela mundial desembarca no Brasil para show hist\u00f3rico no Rio de Janeiro\" \/>\n<meta property=\"og:description\" content=\"Shakira chegou ao Rio de Janeiro na manh\u00e3 desta quarta-feira (29) para o show gratuito que far\u00e1 na Praia de Copacabana no pr\u00f3ximo s\u00e1bado (02). A cantora colombiana desembarcou pelo Aeroporto Internacional Tom Jobim pouco depois das 10h30, em um hangar afastado do terminal de passageiros internacionais. Na sa\u00edda, a cantora foi recebida por f\u00e3s [&hellip;]\" \/>\n<meta property=\"og:url\" content=\"https:\/\/crusoe.audiencelabs.com.br\/estrela-mundial-desembarca-no-brasil-para-show-historico-no-rio-de-janeiro\/\" \/>\n<meta property=\"og:site_name\" content=\"Variedades - Cruso\u00e9\" \/>\n<meta property=\"article:published_time\" content=\"2026-04-29T22:32:58+00:00\" \/>\n<meta property=\"og:image\" content=\"https:\/\/cdn.crusoe.com.br\/uploads\/2026\/04\/normal_16613177720.png\" \/>\n\t<meta property=\"og:image:width\" content=\"600\" \/>\n\t<meta property=\"og:image:height\" content=\"420\" \/>\n\t<meta property=\"og:image:type\" content=\"image\/png\" \/>\n<meta name=\"author\" content=\"J\u00falio Nesi\" \/>\n<meta name=\"twitter:card\" content=\"summary_large_image\" \/>\n<meta name=\"twitter:label1\" content=\"Escrito por\" \/>\n\t<meta name=\"twitter:data1\" content=\"J\u00falio Nesi\" \/>\n\t<meta name=\"twitter:label2\" content=\"Est. tempo de leitura\" \/>\n\t<meta name=\"twitter:data2\" content=\"3 minutos\" \/>\n<script type=\"application\/ld+json\" class=\"yoast-schema-graph\">{\"@context\":\"https:\/\/schema.org\",\"@graph\":[{\"@type\":\"WebPage\",\"@id\":\"https:\/\/crusoe.audiencelabs.com.br\/estrela-mundial-desembarca-no-brasil-para-show-historico-no-rio-de-janeiro\/\",\"url\":\"https:\/\/crusoe.audiencelabs.com.br\/estrela-mundial-desembarca-no-brasil-para-show-historico-no-rio-de-janeiro\/\",\"name\":\"Estrela mundial desembarca no Brasil para show hist\u00f3rico no Rio de Janeiro\",\"isPartOf\":{\"@id\":\"https:\/\/crusoe.audiencelabs.com.br\/#website\"},\"primaryImageOfPage\":{\"@id\":\"https:\/\/crusoe.audiencelabs.com.br\/estrela-mundial-desembarca-no-brasil-para-show-historico-no-rio-de-janeiro\/#primaryimage\"},\"image\":{\"@id\":\"https:\/\/crusoe.audiencelabs.com.br\/estrela-mundial-desembarca-no-brasil-para-show-historico-no-rio-de-janeiro\/#primaryimage\"},\"thumbnailUrl\":\"https:\/\/cdn.crusoe.com.br\/uploads\/2026\/04\/normal_16613177720.png\",\"datePublished\":\"2026-04-29T22:32:58+00:00\",\"author\":{\"@id\":\"https:\/\/crusoe.audiencelabs.com.br\/#\/schema\/person\/0cca5874eda7d72cef71e77a9a9c2143\"},\"breadcrumb\":{\"@id\":\"https:\/\/crusoe.audiencelabs.com.br\/estrela-mundial-desembarca-no-brasil-para-show-historico-no-rio-de-janeiro\/#breadcrumb\"},\"inLanguage\":\"pt-BR\",\"potentialAction\":[{\"@type\":\"ReadAction\",\"target\":[\"https:\/\/crusoe.audiencelabs.com.br\/estrela-mundial-desembarca-no-brasil-para-show-historico-no-rio-de-janeiro\/\"]}]},{\"@type\":\"ImageObject\",\"inLanguage\":\"pt-BR\",\"@id\":\"https:\/\/crusoe.audiencelabs.com.br\/estrela-mundial-desembarca-no-brasil-para-show-historico-no-rio-de-janeiro\/#primaryimage\",\"url\":\"https:\/\/cdn.crusoe.com.br\/uploads\/2026\/04\/normal_16613177720.png\",\"contentUrl\":\"https:\/\/cdn.crusoe.com.br\/uploads\/2026\/04\/normal_16613177720.png\",\"width\":600,\"height\":420,\"caption\":\"Reprodu\u00e7\u00e3o: Jouzeffer \/ MTV Video Music Awards\"},{\"@type\":\"BreadcrumbList\",\"@id\":\"https:\/\/crusoe.audiencelabs.com.br\/estrela-mundial-desembarca-no-brasil-para-show-historico-no-rio-de-janeiro\/#breadcrumb\",\"itemListElement\":[{\"@type\":\"ListItem\",\"position\":1,\"name\":\"Home\",\"item\":\"https:\/\/crusoe.audiencelabs.com.br\/\"},{\"@type\":\"ListItem\",\"position\":2,\"name\":\"Estrela mundial desembarca no Brasil para show hist\u00f3rico no Rio de Janeiro\"}]},{\"@type\":\"WebSite\",\"@id\":\"https:\/\/crusoe.audiencelabs.com.br\/#website\",\"url\":\"https:\/\/crusoe.audiencelabs.com.br\/\",\"name\":\"Variedades - Cruso\u00e9\",\"description\":\"\",\"potentialAction\":[{\"@type\":\"SearchAction\",\"target\":{\"@type\":\"EntryPoint\",\"urlTemplate\":\"https:\/\/crusoe.audiencelabs.com.br\/?s={search_term_string}\"},\"query-input\":{\"@type\":\"PropertyValueSpecification\",\"valueRequired\":true,\"valueName\":\"search_term_string\"}}],\"inLanguage\":\"pt-BR\"},{\"@type\":\"Person\",\"@id\":\"https:\/\/crusoe.audiencelabs.com.br\/#\/schema\/person\/0cca5874eda7d72cef71e77a9a9c2143\",\"name\":\"J\u00falio Nesi\",\"image\":{\"@type\":\"ImageObject\",\"inLanguage\":\"pt-BR\",\"@id\":\"https:\/\/crusoe.audiencelabs.com.br\/#\/schema\/person\/image\/\",\"url\":\"https:\/\/secure.gravatar.com\/avatar\/c22eb47c3e2320e71637346b980e09f63de9f75742d3335f94a26b83dff70473?s=96&d=mm&r=g\",\"contentUrl\":\"https:\/\/secure.gravatar.com\/avatar\/c22eb47c3e2320e71637346b980e09f63de9f75742d3335f94a26b83dff70473?s=96&d=mm&r=g\",\"caption\":\"J\u00falio Nesi\"},\"description\":\"Jornalista alagoano formado pela UFAL, j\u00e1 atuei em produ\u00e7\u00e3o de conte\u00fado digital para portais, r\u00e1dio e redes sociais.\",\"sameAs\":[\"www.linkedin.com\/in\/j\u00falio-nesi\"],\"url\":\"https:\/\/crusoe.audiencelabs.com.br\/author\/julionesi\/\"}]}<\/script>\n<!-- \/ Yoast SEO plugin. -->","yoast_head_json":{"title":"Estrela mundial desembarca no Brasil para show hist\u00f3rico no Rio de Janeiro","robots":{"index":"index","follow":"follow","max-snippet":"max-snippet:-1","max-image-preview":"max-image-preview:large","max-video-preview":"max-video-preview:-1"},"canonical":"https:\/\/crusoe.audiencelabs.com.br\/estrela-mundial-desembarca-no-brasil-para-show-historico-no-rio-de-janeiro\/","og_locale":"pt_BR","og_type":"article","og_title":"Estrela mundial desembarca no Brasil para show hist\u00f3rico no Rio de Janeiro","og_description":"Shakira chegou ao Rio de Janeiro na manh\u00e3 desta quarta-feira (29) para o show gratuito que far\u00e1 na Praia de Copacabana no pr\u00f3ximo s\u00e1bado (02). A cantora colombiana desembarcou pelo Aeroporto Internacional Tom Jobim pouco depois das 10h30, em um hangar afastado do terminal de passageiros internacionais. Na sa\u00edda, a cantora foi recebida por f\u00e3s [&hellip;]","og_url":"https:\/\/crusoe.audiencelabs.com.br\/estrela-mundial-desembarca-no-brasil-para-show-historico-no-rio-de-janeiro\/","og_site_name":"Variedades - Cruso\u00e9","article_published_time":"2026-04-29T22:32:58+00:00","og_image":[{"width":600,"height":420,"url":"https:\/\/cdn.crusoe.com.br\/uploads\/2026\/04\/normal_16613177720.png","type":"image\/png"}],"author":"J\u00falio Nesi","twitter_card":"summary_large_image","twitter_misc":{"Escrito por":"J\u00falio Nesi","Est. tempo de leitura":"3 minutos"},"schema":{"@context":"https:\/\/schema.org","@graph":[{"@type":"WebPage","@id":"https:\/\/crusoe.audiencelabs.com.br\/estrela-mundial-desembarca-no-brasil-para-show-historico-no-rio-de-janeiro\/","url":"https:\/\/crusoe.audiencelabs.com.br\/estrela-mundial-desembarca-no-brasil-para-show-historico-no-rio-de-janeiro\/","name":"Estrela mundial desembarca no Brasil para show hist\u00f3rico no Rio de Janeiro","isPartOf":{"@id":"https:\/\/crusoe.audiencelabs.com.br\/#website"},"primaryImageOfPage":{"@id":"https:\/\/crusoe.audiencelabs.com.br\/estrela-mundial-desembarca-no-brasil-para-show-historico-no-rio-de-janeiro\/#primaryimage"},"image":{"@id":"https:\/\/crusoe.audiencelabs.com.br\/estrela-mundial-desembarca-no-brasil-para-show-historico-no-rio-de-janeiro\/#primaryimage"},"thumbnailUrl":"https:\/\/cdn.crusoe.com.br\/uploads\/2026\/04\/normal_16613177720.png","datePublished":"2026-04-29T22:32:58+00:00","author":{"@id":"https:\/\/crusoe.audiencelabs.com.br\/#\/schema\/person\/0cca5874eda7d72cef71e77a9a9c2143"},"breadcrumb":{"@id":"https:\/\/crusoe.audiencelabs.com.br\/estrela-mundial-desembarca-no-brasil-para-show-historico-no-rio-de-janeiro\/#breadcrumb"},"inLanguage":"pt-BR","potentialAction":[{"@type":"ReadAction","target":["https:\/\/crusoe.audiencelabs.com.br\/estrela-mundial-desembarca-no-brasil-para-show-historico-no-rio-de-janeiro\/"]}]},{"@type":"ImageObject","inLanguage":"pt-BR","@id":"https:\/\/crusoe.audiencelabs.com.br\/estrela-mundial-desembarca-no-brasil-para-show-historico-no-rio-de-janeiro\/#primaryimage","url":"https:\/\/cdn.crusoe.com.br\/uploads\/2026\/04\/normal_16613177720.png","contentUrl":"https:\/\/cdn.crusoe.com.br\/uploads\/2026\/04\/normal_16613177720.png","width":600,"height":420,"caption":"Reprodu\u00e7\u00e3o: Jouzeffer \/ MTV Video Music Awards"},{"@type":"BreadcrumbList","@id":"https:\/\/crusoe.audiencelabs.com.br\/estrela-mundial-desembarca-no-brasil-para-show-historico-no-rio-de-janeiro\/#breadcrumb","itemListElement":[{"@type":"ListItem","position":1,"name":"Home","item":"https:\/\/crusoe.audiencelabs.com.br\/"},{"@type":"ListItem","position":2,"name":"Estrela mundial desembarca no Brasil para show hist\u00f3rico no Rio de Janeiro"}]},{"@type":"WebSite","@id":"https:\/\/crusoe.audiencelabs.com.br\/#website","url":"https:\/\/crusoe.audiencelabs.com.br\/","name":"Variedades - Cruso\u00e9","description":"","potentialAction":[{"@type":"SearchAction","target":{"@type":"EntryPoint","urlTemplate":"https:\/\/crusoe.audiencelabs.com.br\/?s={search_term_string}"},"query-input":{"@type":"PropertyValueSpecification","valueRequired":true,"valueName":"search_term_string"}}],"inLanguage":"pt-BR"},{"@type":"Person","@id":"https:\/\/crusoe.audiencelabs.com.br\/#\/schema\/person\/0cca5874eda7d72cef71e77a9a9c2143","name":"J\u00falio Nesi","image":{"@type":"ImageObject","inLanguage":"pt-BR","@id":"https:\/\/crusoe.audiencelabs.com.br\/#\/schema\/person\/image\/","url":"https:\/\/secure.gravatar.com\/avatar\/c22eb47c3e2320e71637346b980e09f63de9f75742d3335f94a26b83dff70473?s=96&d=mm&r=g","contentUrl":"https:\/\/secure.gravatar.com\/avatar\/c22eb47c3e2320e71637346b980e09f63de9f75742d3335f94a26b83dff70473?s=96&d=mm&r=g","caption":"J\u00falio Nesi"},"description":"Jornalista alagoano formado pela UFAL, j\u00e1 atuei em produ\u00e7\u00e3o de conte\u00fado digital para portais, r\u00e1dio e redes sociais.","sameAs":["www.linkedin.com\/in\/j\u00falio-nesi"],"url":"https:\/\/crusoe.audiencelabs.com.br\/author\/julionesi\/"}]}},"_links":{"self":[{"href":"https:\/\/crusoe.audiencelabs.com.br\/wp-json\/wp\/v2\/posts\/38073","targetHints":{"allow":["GET"]}}],"collection":[{"href":"https:\/\/crusoe.audiencelabs.com.br\/wp-json\/wp\/v2\/posts"}],"about":[{"href":"https:\/\/crusoe.audiencelabs.com.br\/wp-json\/wp\/v2\/types\/post"}],"author":[{"embeddable":true,"href":"https:\/\/crusoe.audiencelabs.com.br\/wp-json\/wp\/v2\/users\/15"}],"replies":[{"embeddable":true,"href":"https:\/\/crusoe.audiencelabs.com.br\/wp-json\/wp\/v2\/comments?post=38073"}],"version-history":[{"count":1,"href":"https:\/\/crusoe.audiencelabs.com.br\/wp-json\/wp\/v2\/posts\/38073\/revisions"}],"predecessor-version":[{"id":38075,"href":"https:\/\/crusoe.audiencelabs.com.br\/wp-json\/wp\/v2\/posts\/38073\/revisions\/38075"}],"wp:featuredmedia":[{"embeddable":true,"href":"https:\/\/crusoe.audiencelabs.com.br\/wp-json\/wp\/v2\/media\/38074"}],"wp:attachment":[{"href":"https:\/\/crusoe.audiencelabs.com.br\/wp-json\/wp\/v2\/media?parent=38073"}],"wp:term":[{"taxonomy":"category","embeddable":true,"href":"https:\/\/crusoe.audiencelabs.com.br\/wp-json\/wp\/v2\/categories?post=38073"},{"taxonomy":"post_tag","embeddable":true,"href":"https:\/\/crusoe.audiencelabs.com.br\/wp-json\/wp\/v2\/tags?post=38073"}],"curies":[{"name":"wp","href":"https:\/\/api.w.org\/{rel}","templated":true}]}}