{"id":38064,"date":"2026-04-29T18:33:49","date_gmt":"2026-04-29T21:33:49","guid":{"rendered":"https:\/\/crusoe.audiencelabs.com.br\/?p=38064"},"modified":"2026-04-29T15:08:45","modified_gmt":"2026-04-29T18:08:45","slug":"fim-de-uma-era-criador-de-historico-personagem-dos-desenhos-morre-aos-91-anos","status":"publish","type":"post","link":"https:\/\/crusoe.audiencelabs.com.br\/fim-de-uma-era-criador-de-historico-personagem-dos-desenhos-morre-aos-91-anos\/","title":{"rendered":"Fim de uma era: criador de hist\u00f3rico personagem dos desenhos morre aos 91 anos"},"content":{"rendered":"<p>Joseph Barbera, William Hanna, Joe Grant e Chuck Jones, todos esses s\u00e3o nomes de falecidos que fizeram hist\u00f3ria na anima\u00e7\u00e3o e marcaram a nossa inf\u00e2ncia. Nesta semana, <strong>Roger Sweet<\/strong>, criador de <strong>He-Man<\/strong>, se juntou a eles. O designer americano faleceu aos 91 anos em um centro de cuidados nos <strong>Estados Unidos<\/strong>.<\/p>\n<p>De acordo com informa\u00e7\u00f5es divulgadas por Marlene Sweet, vi\u00fava do designer, Roger enfrentava um quadro grave de dem\u00eancia e, em fevereiro deste ano, foi internado no centro de cuidados onde faleceu.<\/p>\n<h2>Quem foi Roger Sweet?<\/h2>\n<p>Sweet foi um designer de brinquedos reconhecido como o principal criador da linha de bonecos &#8220;<strong>He-Man e os Mestres do Universo<\/strong>&#8220;, da empresa Mattel, mesma marca por tr\u00e1s das bonecas <strong>Barbie<\/strong>.<\/p>\n<p>Sweet trabalha na empresa desde o ano de 1970. Ele foi designer principal no Departamento de Design Preliminar, onde ajudou a transformar o He-Man em um fen\u00f4meno global de vendas e m\u00eddia nos anos 80.<\/p>\n<p>Originalmente, Roger apresentou tr\u00eas prot\u00f3tipos de gesso para ser o &#8220;He-Man&#8221;, um b\u00e1rbaro, um soldado futurista e um personagem de fantasia. Acabou que os diretores gostaram das tr\u00eas ideias, o que resultou no her\u00f3i que conhecemos, que mistura um visual de b\u00e1rbaro em um mundo de fantasia com elementos de fic\u00e7\u00e3o cient\u00edfica.<\/p>\n<h2>Brinquedos antes, desenho depois<\/h2>\n<p>Apesar de soar estranho, o He-Man existiu primeiro como uma linha de bonecos. Acontece que uma pr\u00e1tica popular na \u00e9poca era serializar desenhos e criar universos inteiros em anima\u00e7\u00f5es com o objetivo final de ati\u00e7ar a imagina\u00e7\u00e3o das crian\u00e7as e servir de publicidade para os brinquedos.<\/p>\n<p>A Mattel fez isso n\u00e3o apenas com He-Man, mas tamb\u00e9m com a Barbie. Al\u00e9m disso, a pr\u00e1tica n\u00e3o era exclusiva da empresa em que Sweet trabalhava, mas tamb\u00e9m diversas anima\u00e7\u00f5es famosas como Pok\u00e9mon, Yu-Gi-Oh e Beyblade tinham o mesmo objetivo.<\/p>\n<h2>Um brinquedo que se tornou um legado<\/h2>\n<p>O que come\u00e7ou como apenas tr\u00eas bonecos de gesso em uma mesa cercada de diretores se tornou um dos universos fict\u00edcios mais aclamados do mundo.<\/p>\n<p>A cria\u00e7\u00e3o de Sweet expandiu-se para al\u00e9m dos brinquedos, inspirando s\u00e9ries animadas cl\u00e1ssicas, hist\u00f3rias em quadrinhos e filmes. O designer detalhou os bastidores dessa cria\u00e7\u00e3o em seu livro <em>Mastering the Universe: He-Man and the Rise and Fall of a Billion-Dollar Idea<\/em>.<\/p>\n<h2>Falecimento de Sweet<\/h2>\n<p>De acordo com Marlene, a ent\u00e3o esposa de Sweet, o designer vem batalhando com um quadro de dem\u00eancia. Marlene n\u00e3o detalhou quando essa condi\u00e7\u00e3o come\u00e7ou ou se agravou, mas iniciou uma campanha de arrecada\u00e7\u00e3o para financiar a interna\u00e7\u00e3o do marido em um centro de cuidados nos EUA.<\/p>\n<p>Segundo a vi\u00fava, foram arrecadados cerca de US$ 95 mil para a interna\u00e7\u00e3o. A Mattel, inclusive, contribuiu com US$ 5 mil.<\/p>\n<p>Marlene n\u00e3o informou a causa da morte exata de Sweet, nem quando ou onde ocorrer\u00e3o o vel\u00f3rio e o enterro.<\/p>\n","protected":false},"excerpt":{"rendered":"<p>Joseph Barbera, William Hanna, Joe Grant e Chuck Jones, todos esses s\u00e3o nomes de falecidos que fizeram hist\u00f3ria na anima\u00e7\u00e3o e marcaram a nossa inf\u00e2ncia. Nesta semana, Roger Sweet, criador de He-Man, se juntou a eles. O designer americano faleceu aos 91 anos em um centro de cuidados nos Estados Unidos. De acordo com informa\u00e7\u00f5es [&hellip;]<\/p>\n","protected":false},"author":15,"featured_media":38068,"comment_status":"open","ping_status":"open","sticky":false,"template":"","format":"standard","meta":{"jnews-multi-image_gallery":[],"jnews_single_post":{"format":"standard","jnews_video_option_group":[[]],"override":[{"template":"2","parallax":"1","fullscreen":"1","layout":"right-sidebar","sidebar":"default-sidebar","second_sidebar":"default-sidebar","sticky_sidebar":"1","share_position":"hide","share_float_style":"share-monocrhome","show_featured":"1","show_post_meta":"1","show_post_author":"1","show_post_date":"1","post_date_format":"default","post_date_format_custom":"Y\/m\/d","show_post_category":"1","show_post_reading_time":"0","post_reading_time_wpm":"300","post_calculate_word_method":"str_word_count","show_zoom_button":"0","zoom_button_out_step":"2","zoom_button_in_step":"3","show_post_tag":"1","show_popup_post":"1","number_popup_post":"1","show_author_box":"1","show_post_related":"0"}],"image_override":[{"single_post_thumbnail_size":"crop-500","single_post_gallery_size":"crop-500"}],"trending_post_position":"meta","trending_post_label":"Trending","sponsored_post_label":"Sponsored by","disable_ad":"0","subtitle":"Roger Sweet faleceu no centro onde recebia cuidados devido ao quadro de dem\u00eancia em que ele se encontrava"},"jnews_primary_category":[],"jnews_override_counter":{"view_counter_number":"0","share_counter_number":"0","like_counter_number":"0","dislike_counter_number":"0"},"jnews_post_split":{"post_split":[{"template":"1","tag":"h2","numbering":"asc","mode":"normal","first":"0","enable_toc":"0","toc_type":"normal"}]},"footnotes":""},"categories":[1],"tags":[265,1236,7797,1081,7796,71,1258,7795,7798,7516,7794],"class_list":["post-38064","post","type-post","status-publish","format-standard","has-post-thumbnail","hentry","category-geral","tag-animacao","tag-barbie","tag-brinquedos","tag-celebridades","tag-desenhos","tag-estados-unidos","tag-eua","tag-he-man","tag-he-man-e-os-mestres-do-universo","tag-luto","tag-roger-sweet"],"yoast_head":"<!-- This site is optimized with the Yoast SEO plugin v25.0 - https:\/\/yoast.com\/wordpress\/plugins\/seo\/ -->\n<title>Fim de uma era: criador de hist\u00f3rico personagem dos desenhos morre aos 91 anos<\/title>\n<meta name=\"robots\" content=\"index, follow, max-snippet:-1, max-image-preview:large, max-video-preview:-1\" \/>\n<link rel=\"canonical\" href=\"https:\/\/crusoe.audiencelabs.com.br\/fim-de-uma-era-criador-de-historico-personagem-dos-desenhos-morre-aos-91-anos\/\" \/>\n<meta property=\"og:locale\" content=\"pt_BR\" \/>\n<meta property=\"og:type\" content=\"article\" \/>\n<meta property=\"og:title\" content=\"Fim de uma era: criador de hist\u00f3rico personagem dos desenhos morre aos 91 anos\" \/>\n<meta property=\"og:description\" content=\"Joseph Barbera, William Hanna, Joe Grant e Chuck Jones, todos esses s\u00e3o nomes de falecidos que fizeram hist\u00f3ria na anima\u00e7\u00e3o e marcaram a nossa inf\u00e2ncia. Nesta semana, Roger Sweet, criador de He-Man, se juntou a eles. O designer americano faleceu aos 91 anos em um centro de cuidados nos Estados Unidos. De acordo com informa\u00e7\u00f5es [&hellip;]\" \/>\n<meta property=\"og:url\" content=\"https:\/\/crusoe.audiencelabs.com.br\/fim-de-uma-era-criador-de-historico-personagem-dos-desenhos-morre-aos-91-anos\/\" \/>\n<meta property=\"og:site_name\" content=\"Variedades - Cruso\u00e9\" \/>\n<meta property=\"article:published_time\" content=\"2026-04-29T21:33:49+00:00\" \/>\n<meta property=\"og:image\" content=\"https:\/\/cdn.crusoe.com.br\/uploads\/2026\/04\/16314165_web1_TSR-190413-EDH-HeMan.webp\" \/>\n\t<meta property=\"og:image:width\" content=\"1024\" \/>\n\t<meta property=\"og:image:height\" content=\"683\" \/>\n\t<meta property=\"og:image:type\" content=\"image\/webp\" \/>\n<meta name=\"author\" content=\"J\u00falio Nesi\" \/>\n<meta name=\"twitter:card\" content=\"summary_large_image\" \/>\n<meta name=\"twitter:label1\" content=\"Escrito por\" \/>\n\t<meta name=\"twitter:data1\" content=\"J\u00falio Nesi\" \/>\n\t<meta name=\"twitter:label2\" content=\"Est. tempo de leitura\" \/>\n\t<meta name=\"twitter:data2\" content=\"3 minutos\" \/>\n<script type=\"application\/ld+json\" class=\"yoast-schema-graph\">{\"@context\":\"https:\/\/schema.org\",\"@graph\":[{\"@type\":\"WebPage\",\"@id\":\"https:\/\/crusoe.audiencelabs.com.br\/fim-de-uma-era-criador-de-historico-personagem-dos-desenhos-morre-aos-91-anos\/\",\"url\":\"https:\/\/crusoe.audiencelabs.com.br\/fim-de-uma-era-criador-de-historico-personagem-dos-desenhos-morre-aos-91-anos\/\",\"name\":\"Fim de uma era: criador de hist\u00f3rico personagem dos desenhos morre aos 91 anos\",\"isPartOf\":{\"@id\":\"https:\/\/crusoe.audiencelabs.com.br\/#website\"},\"primaryImageOfPage\":{\"@id\":\"https:\/\/crusoe.audiencelabs.com.br\/fim-de-uma-era-criador-de-historico-personagem-dos-desenhos-morre-aos-91-anos\/#primaryimage\"},\"image\":{\"@id\":\"https:\/\/crusoe.audiencelabs.com.br\/fim-de-uma-era-criador-de-historico-personagem-dos-desenhos-morre-aos-91-anos\/#primaryimage\"},\"thumbnailUrl\":\"https:\/\/cdn.crusoe.com.br\/uploads\/2026\/04\/16314165_web1_TSR-190413-EDH-HeMan.webp\",\"datePublished\":\"2026-04-29T21:33:49+00:00\",\"author\":{\"@id\":\"https:\/\/crusoe.audiencelabs.com.br\/#\/schema\/person\/0cca5874eda7d72cef71e77a9a9c2143\"},\"breadcrumb\":{\"@id\":\"https:\/\/crusoe.audiencelabs.com.br\/fim-de-uma-era-criador-de-historico-personagem-dos-desenhos-morre-aos-91-anos\/#breadcrumb\"},\"inLanguage\":\"pt-BR\",\"potentialAction\":[{\"@type\":\"ReadAction\",\"target\":[\"https:\/\/crusoe.audiencelabs.com.br\/fim-de-uma-era-criador-de-historico-personagem-dos-desenhos-morre-aos-91-anos\/\"]}]},{\"@type\":\"ImageObject\",\"inLanguage\":\"pt-BR\",\"@id\":\"https:\/\/crusoe.audiencelabs.com.br\/fim-de-uma-era-criador-de-historico-personagem-dos-desenhos-morre-aos-91-anos\/#primaryimage\",\"url\":\"https:\/\/cdn.crusoe.com.br\/uploads\/2026\/04\/16314165_web1_TSR-190413-EDH-HeMan.webp\",\"contentUrl\":\"https:\/\/cdn.crusoe.com.br\/uploads\/2026\/04\/16314165_web1_TSR-190413-EDH-HeMan.webp\",\"width\":1024,\"height\":683,\"caption\":\"Sweet (\u00e0 esquerda) assinando um Funko Pop do He-Man. Reprodu\u00e7\u00e3o: Olivia Vanni \/ The Herald\"},{\"@type\":\"BreadcrumbList\",\"@id\":\"https:\/\/crusoe.audiencelabs.com.br\/fim-de-uma-era-criador-de-historico-personagem-dos-desenhos-morre-aos-91-anos\/#breadcrumb\",\"itemListElement\":[{\"@type\":\"ListItem\",\"position\":1,\"name\":\"Home\",\"item\":\"https:\/\/crusoe.audiencelabs.com.br\/\"},{\"@type\":\"ListItem\",\"position\":2,\"name\":\"Fim de uma era: criador de hist\u00f3rico personagem dos desenhos morre aos 91 anos\"}]},{\"@type\":\"WebSite\",\"@id\":\"https:\/\/crusoe.audiencelabs.com.br\/#website\",\"url\":\"https:\/\/crusoe.audiencelabs.com.br\/\",\"name\":\"Variedades - Cruso\u00e9\",\"description\":\"\",\"potentialAction\":[{\"@type\":\"SearchAction\",\"target\":{\"@type\":\"EntryPoint\",\"urlTemplate\":\"https:\/\/crusoe.audiencelabs.com.br\/?s={search_term_string}\"},\"query-input\":{\"@type\":\"PropertyValueSpecification\",\"valueRequired\":true,\"valueName\":\"search_term_string\"}}],\"inLanguage\":\"pt-BR\"},{\"@type\":\"Person\",\"@id\":\"https:\/\/crusoe.audiencelabs.com.br\/#\/schema\/person\/0cca5874eda7d72cef71e77a9a9c2143\",\"name\":\"J\u00falio Nesi\",\"image\":{\"@type\":\"ImageObject\",\"inLanguage\":\"pt-BR\",\"@id\":\"https:\/\/crusoe.audiencelabs.com.br\/#\/schema\/person\/image\/\",\"url\":\"https:\/\/secure.gravatar.com\/avatar\/c22eb47c3e2320e71637346b980e09f63de9f75742d3335f94a26b83dff70473?s=96&d=mm&r=g\",\"contentUrl\":\"https:\/\/secure.gravatar.com\/avatar\/c22eb47c3e2320e71637346b980e09f63de9f75742d3335f94a26b83dff70473?s=96&d=mm&r=g\",\"caption\":\"J\u00falio Nesi\"},\"description\":\"Jornalista alagoano formado pela UFAL, j\u00e1 atuei em produ\u00e7\u00e3o de conte\u00fado digital para portais, r\u00e1dio e redes sociais.\",\"sameAs\":[\"www.linkedin.com\/in\/j\u00falio-nesi\"],\"url\":\"https:\/\/crusoe.audiencelabs.com.br\/author\/julionesi\/\"}]}<\/script>\n<!-- \/ Yoast SEO plugin. -->","yoast_head_json":{"title":"Fim de uma era: criador de hist\u00f3rico personagem dos desenhos morre aos 91 anos","robots":{"index":"index","follow":"follow","max-snippet":"max-snippet:-1","max-image-preview":"max-image-preview:large","max-video-preview":"max-video-preview:-1"},"canonical":"https:\/\/crusoe.audiencelabs.com.br\/fim-de-uma-era-criador-de-historico-personagem-dos-desenhos-morre-aos-91-anos\/","og_locale":"pt_BR","og_type":"article","og_title":"Fim de uma era: criador de hist\u00f3rico personagem dos desenhos morre aos 91 anos","og_description":"Joseph Barbera, William Hanna, Joe Grant e Chuck Jones, todos esses s\u00e3o nomes de falecidos que fizeram hist\u00f3ria na anima\u00e7\u00e3o e marcaram a nossa inf\u00e2ncia. Nesta semana, Roger Sweet, criador de He-Man, se juntou a eles. O designer americano faleceu aos 91 anos em um centro de cuidados nos Estados Unidos. De acordo com informa\u00e7\u00f5es [&hellip;]","og_url":"https:\/\/crusoe.audiencelabs.com.br\/fim-de-uma-era-criador-de-historico-personagem-dos-desenhos-morre-aos-91-anos\/","og_site_name":"Variedades - Cruso\u00e9","article_published_time":"2026-04-29T21:33:49+00:00","og_image":[{"width":1024,"height":683,"url":"https:\/\/cdn.crusoe.com.br\/uploads\/2026\/04\/16314165_web1_TSR-190413-EDH-HeMan.webp","type":"image\/webp"}],"author":"J\u00falio Nesi","twitter_card":"summary_large_image","twitter_misc":{"Escrito por":"J\u00falio Nesi","Est. tempo de leitura":"3 minutos"},"schema":{"@context":"https:\/\/schema.org","@graph":[{"@type":"WebPage","@id":"https:\/\/crusoe.audiencelabs.com.br\/fim-de-uma-era-criador-de-historico-personagem-dos-desenhos-morre-aos-91-anos\/","url":"https:\/\/crusoe.audiencelabs.com.br\/fim-de-uma-era-criador-de-historico-personagem-dos-desenhos-morre-aos-91-anos\/","name":"Fim de uma era: criador de hist\u00f3rico personagem dos desenhos morre aos 91 anos","isPartOf":{"@id":"https:\/\/crusoe.audiencelabs.com.br\/#website"},"primaryImageOfPage":{"@id":"https:\/\/crusoe.audiencelabs.com.br\/fim-de-uma-era-criador-de-historico-personagem-dos-desenhos-morre-aos-91-anos\/#primaryimage"},"image":{"@id":"https:\/\/crusoe.audiencelabs.com.br\/fim-de-uma-era-criador-de-historico-personagem-dos-desenhos-morre-aos-91-anos\/#primaryimage"},"thumbnailUrl":"https:\/\/cdn.crusoe.com.br\/uploads\/2026\/04\/16314165_web1_TSR-190413-EDH-HeMan.webp","datePublished":"2026-04-29T21:33:49+00:00","author":{"@id":"https:\/\/crusoe.audiencelabs.com.br\/#\/schema\/person\/0cca5874eda7d72cef71e77a9a9c2143"},"breadcrumb":{"@id":"https:\/\/crusoe.audiencelabs.com.br\/fim-de-uma-era-criador-de-historico-personagem-dos-desenhos-morre-aos-91-anos\/#breadcrumb"},"inLanguage":"pt-BR","potentialAction":[{"@type":"ReadAction","target":["https:\/\/crusoe.audiencelabs.com.br\/fim-de-uma-era-criador-de-historico-personagem-dos-desenhos-morre-aos-91-anos\/"]}]},{"@type":"ImageObject","inLanguage":"pt-BR","@id":"https:\/\/crusoe.audiencelabs.com.br\/fim-de-uma-era-criador-de-historico-personagem-dos-desenhos-morre-aos-91-anos\/#primaryimage","url":"https:\/\/cdn.crusoe.com.br\/uploads\/2026\/04\/16314165_web1_TSR-190413-EDH-HeMan.webp","contentUrl":"https:\/\/cdn.crusoe.com.br\/uploads\/2026\/04\/16314165_web1_TSR-190413-EDH-HeMan.webp","width":1024,"height":683,"caption":"Sweet (\u00e0 esquerda) assinando um Funko Pop do He-Man. Reprodu\u00e7\u00e3o: Olivia Vanni \/ The Herald"},{"@type":"BreadcrumbList","@id":"https:\/\/crusoe.audiencelabs.com.br\/fim-de-uma-era-criador-de-historico-personagem-dos-desenhos-morre-aos-91-anos\/#breadcrumb","itemListElement":[{"@type":"ListItem","position":1,"name":"Home","item":"https:\/\/crusoe.audiencelabs.com.br\/"},{"@type":"ListItem","position":2,"name":"Fim de uma era: criador de hist\u00f3rico personagem dos desenhos morre aos 91 anos"}]},{"@type":"WebSite","@id":"https:\/\/crusoe.audiencelabs.com.br\/#website","url":"https:\/\/crusoe.audiencelabs.com.br\/","name":"Variedades - Cruso\u00e9","description":"","potentialAction":[{"@type":"SearchAction","target":{"@type":"EntryPoint","urlTemplate":"https:\/\/crusoe.audiencelabs.com.br\/?s={search_term_string}"},"query-input":{"@type":"PropertyValueSpecification","valueRequired":true,"valueName":"search_term_string"}}],"inLanguage":"pt-BR"},{"@type":"Person","@id":"https:\/\/crusoe.audiencelabs.com.br\/#\/schema\/person\/0cca5874eda7d72cef71e77a9a9c2143","name":"J\u00falio Nesi","image":{"@type":"ImageObject","inLanguage":"pt-BR","@id":"https:\/\/crusoe.audiencelabs.com.br\/#\/schema\/person\/image\/","url":"https:\/\/secure.gravatar.com\/avatar\/c22eb47c3e2320e71637346b980e09f63de9f75742d3335f94a26b83dff70473?s=96&d=mm&r=g","contentUrl":"https:\/\/secure.gravatar.com\/avatar\/c22eb47c3e2320e71637346b980e09f63de9f75742d3335f94a26b83dff70473?s=96&d=mm&r=g","caption":"J\u00falio Nesi"},"description":"Jornalista alagoano formado pela UFAL, j\u00e1 atuei em produ\u00e7\u00e3o de conte\u00fado digital para portais, r\u00e1dio e redes sociais.","sameAs":["www.linkedin.com\/in\/j\u00falio-nesi"],"url":"https:\/\/crusoe.audiencelabs.com.br\/author\/julionesi\/"}]}},"_links":{"self":[{"href":"https:\/\/crusoe.audiencelabs.com.br\/wp-json\/wp\/v2\/posts\/38064","targetHints":{"allow":["GET"]}}],"collection":[{"href":"https:\/\/crusoe.audiencelabs.com.br\/wp-json\/wp\/v2\/posts"}],"about":[{"href":"https:\/\/crusoe.audiencelabs.com.br\/wp-json\/wp\/v2\/types\/post"}],"author":[{"embeddable":true,"href":"https:\/\/crusoe.audiencelabs.com.br\/wp-json\/wp\/v2\/users\/15"}],"replies":[{"embeddable":true,"href":"https:\/\/crusoe.audiencelabs.com.br\/wp-json\/wp\/v2\/comments?post=38064"}],"version-history":[{"count":1,"href":"https:\/\/crusoe.audiencelabs.com.br\/wp-json\/wp\/v2\/posts\/38064\/revisions"}],"predecessor-version":[{"id":38071,"href":"https:\/\/crusoe.audiencelabs.com.br\/wp-json\/wp\/v2\/posts\/38064\/revisions\/38071"}],"wp:featuredmedia":[{"embeddable":true,"href":"https:\/\/crusoe.audiencelabs.com.br\/wp-json\/wp\/v2\/media\/38068"}],"wp:attachment":[{"href":"https:\/\/crusoe.audiencelabs.com.br\/wp-json\/wp\/v2\/media?parent=38064"}],"wp:term":[{"taxonomy":"category","embeddable":true,"href":"https:\/\/crusoe.audiencelabs.com.br\/wp-json\/wp\/v2\/categories?post=38064"},{"taxonomy":"post_tag","embeddable":true,"href":"https:\/\/crusoe.audiencelabs.com.br\/wp-json\/wp\/v2\/tags?post=38064"}],"curies":[{"name":"wp","href":"https:\/\/api.w.org\/{rel}","templated":true}]}}