{"id":38047,"date":"2026-05-01T14:38:27","date_gmt":"2026-05-01T17:38:27","guid":{"rendered":"https:\/\/crusoe.audiencelabs.com.br\/?p=38047"},"modified":"2026-04-29T10:53:54","modified_gmt":"2026-04-29T13:53:54","slug":"especialistas-respondem-ao-questionamento-debatido-nas-familias-ha-anos-qual-filho-tem-qi-mais-alto","status":"publish","type":"post","link":"https:\/\/crusoe.audiencelabs.com.br\/especialistas-respondem-ao-questionamento-debatido-nas-familias-ha-anos-qual-filho-tem-qi-mais-alto\/","title":{"rendered":"Especialistas respondem ao questionamento debatido nas fam\u00edlias h\u00e1 anos: qual filho tem QI mais alto?"},"content":{"rendered":"<p><span style=\"font-weight: 400\">A disputa familiar sobre qual filho tem o QI mais alto tem uma resposta mais cautelosa do que muita gente imagina. Estudos grandes sobre ordem de nascimento indicam que, em m\u00e9dia, o <\/span><b>filho mais velho<\/b><span style=\"font-weight: 400\"> tende a apresentar desempenho ligeiramente maior em testes de intelig\u00eancia.\u00a0<\/span><\/p>\n<p><span style=\"font-weight: 400\">No entanto, a diferen\u00e7a \u00e9 pequena e n\u00e3o permite concluir que todo primog\u00eanito ser\u00e1 mais inteligente que os irm\u00e3os.<\/span><\/p>\n<p><span style=\"font-weight: 400\">Um estudo publicado em 2015 na revista <\/span><b>Proceedings of the National Academy of Sciences (PNAS)<\/b><span style=\"font-weight: 400\"> analisou dados de mais de <\/span><b>20 mil pessoas<\/b><span style=\"font-weight: 400\"> dos Estados Unidos, Reino Unido e Alemanha.\u00a0<\/span><\/p>\n<p><span style=\"font-weight: 400\">Os pesquisadores encontraram uma pequena queda nos resultados de intelig\u00eancia conforme a ordem de nascimento avan\u00e7ava.\u00a0<\/span><\/p>\n<h2>Primog\u00eanitos aparecem com leve vantagem<\/h2>\n<p><span style=\"font-weight: 400\">O resultado favorece os filhos mais velhos, mas n\u00e3o de forma t\u00e3o grande quanto o senso comum costuma imaginar. A pesquisa publicada na <\/span><b>PNAS<\/b><span style=\"font-weight: 400\"> afirma que o efeito da ordem de nascimento sobre a intelig\u00eancia existe, por\u00e9m \u00e9 pequeno.<\/span><\/p>\n<p><span style=\"font-weight: 400\">O primog\u00eanito pode aparecer melhor na m\u00e9dia, mas isso n\u00e3o transforma a posi\u00e7\u00e3o na fam\u00edlia em destino. <strong>Educa\u00e7\u00e3o, ambiente, est\u00edmulos, sa\u00fade, escola e condi\u00e7\u00f5es socioecon\u00f4micas tamb\u00e9m pesam muito no desenvolvimento intelectual.<\/strong><\/span><\/p>\n<h2>Personalidade n\u00e3o segue a mesma regra<\/h2>\n<p><span style=\"font-weight: 400\">O mesmo estudo tamb\u00e9m avaliou tra\u00e7os como extrovers\u00e3o, estabilidade emocional, agradabilidade e consci\u00eancia. Nesse ponto, os pesquisadores n\u00e3o encontraram efeitos consistentes na ordem de nascimento.<\/span><\/p>\n<p><span style=\"font-weight: 400\">Portanto, ideias populares como \u201co mais velho \u00e9 sempre respons\u00e1vel\u201d, \u201co do meio \u00e9 esquecido\u201d ou \u201co ca\u00e7ula \u00e9 mais rebelde\u201d n\u00e3o t\u00eam o mesmo respaldo cient\u00edfico. A vantagem encontrada aparece mais em testes de intelig\u00eancia do que em tra\u00e7os fixos de personalidade.\u00a0<\/span><\/p>\n<h2>Por que o mais velho pode sair na frente<\/h2>\n<p><span style=\"font-weight: 400\">Uma das explica\u00e7\u00f5es discutidas por pesquisadores envolve o ambiente familiar. O primeiro filho costuma receber aten\u00e7\u00e3o exclusiva dos pais por algum tempo, antes da chegada dos irm\u00e3os.<\/span><\/p>\n<p><span style=\"font-weight: 400\">Al\u00e9m disso, ele pode assumir papel de \u201cprofessor\u201d dentro de casa, ajudando irm\u00e3os mais novos e refor\u00e7ando o pr\u00f3prio aprendizado. Ainda assim, essa \u00e9 uma explica\u00e7\u00e3o prov\u00e1vel, n\u00e3o uma regra autom\u00e1tica para todas as fam\u00edlias.<\/span><\/p>\n<h2>O que os pais devem observar<\/h2>\n<p><span style=\"font-weight: 400\">Mais importante do que comparar irm\u00e3os \u00e9 oferecer est\u00edmulo adequado para cada crian\u00e7a. Leitura, sono, alimenta\u00e7\u00e3o, seguran\u00e7a emocional, brincadeiras, escola de qualidade e acompanhamento das dificuldades fazem mais diferen\u00e7a do que a posi\u00e7\u00e3o de nascimento.<\/span><\/p>\n<p><span style=\"font-weight: 400\">Tamb\u00e9m vale evitar compara\u00e7\u00f5es diretas. Quando a fam\u00edlia transforma intelig\u00eancia em competi\u00e7\u00e3o, a crian\u00e7a pode carregar cobran\u00e7as desnecess\u00e1rias ou sensa\u00e7\u00e3o de inferioridade.<\/span><\/p>\n","protected":false},"excerpt":{"rendered":"<p>A disputa familiar sobre qual filho tem o QI mais alto tem uma resposta mais cautelosa do que muita gente imagina. Estudos grandes sobre ordem de nascimento indicam que, em m\u00e9dia, o filho mais velho tende a apresentar desempenho ligeiramente maior em testes de intelig\u00eancia.\u00a0 No entanto, a diferen\u00e7a \u00e9 pequena e n\u00e3o permite concluir [&hellip;]<\/p>\n","protected":false},"author":17,"featured_media":38048,"comment_status":"open","ping_status":"open","sticky":false,"template":"","format":"standard","meta":{"jnews-multi-image_gallery":[],"jnews_single_post":{"format":"standard","jnews_video_option_group":[[]],"override":[{"template":"2","parallax":"1","fullscreen":"1","layout":"right-sidebar","sidebar":"default-sidebar","second_sidebar":"default-sidebar","sticky_sidebar":"1","share_position":"hide","share_float_style":"share-monocrhome","show_featured":"1","show_post_meta":"1","show_post_author":"1","show_post_date":"1","post_date_format":"default","post_date_format_custom":"Y\/m\/d","show_post_category":"1","show_post_reading_time":"0","post_reading_time_wpm":"300","post_calculate_word_method":"str_word_count","show_zoom_button":"0","zoom_button_out_step":"2","zoom_button_in_step":"3","show_post_tag":"1","show_popup_post":"1","number_popup_post":"1","show_author_box":"1","show_post_related":"0"}],"image_override":[{"single_post_thumbnail_size":"crop-500","single_post_gallery_size":"crop-500"}],"trending_post_position":"meta","trending_post_label":"Trending","sponsored_post_label":"Sponsored by","disable_ad":"0","subtitle":"Estudos apontam leve vantagem m\u00e9dia para primog\u00eanitos, mas diferen\u00e7a \u00e9 pequena e n\u00e3o define intelig\u00eancia individual"},"jnews_primary_category":[],"jnews_override_counter":{"view_counter_number":"0","share_counter_number":"0","like_counter_number":"0","dislike_counter_number":"0"},"jnews_post_split":{"post_split":[{"template":"1","tag":"h2","numbering":"asc","mode":"normal","first":"0","enable_toc":"0","toc_type":"normal"}]},"footnotes":""},"categories":[1],"tags":[],"class_list":["post-38047","post","type-post","status-publish","format-standard","has-post-thumbnail","hentry","category-geral"],"yoast_head":"<!-- This site is optimized with the Yoast SEO plugin v25.0 - https:\/\/yoast.com\/wordpress\/plugins\/seo\/ -->\n<title>Especialistas respondem ao questionamento debatido nas fam\u00edlias h\u00e1 anos: qual filho tem QI mais alto?<\/title>\n<meta name=\"robots\" content=\"index, follow, max-snippet:-1, max-image-preview:large, max-video-preview:-1\" \/>\n<link rel=\"canonical\" href=\"https:\/\/crusoe.audiencelabs.com.br\/especialistas-respondem-ao-questionamento-debatido-nas-familias-ha-anos-qual-filho-tem-qi-mais-alto\/\" \/>\n<meta property=\"og:locale\" content=\"pt_BR\" \/>\n<meta property=\"og:type\" content=\"article\" \/>\n<meta property=\"og:title\" content=\"Especialistas respondem ao questionamento debatido nas fam\u00edlias h\u00e1 anos: qual filho tem QI mais alto?\" \/>\n<meta property=\"og:description\" content=\"A disputa familiar sobre qual filho tem o QI mais alto tem uma resposta mais cautelosa do que muita gente imagina. Estudos grandes sobre ordem de nascimento indicam que, em m\u00e9dia, o filho mais velho tende a apresentar desempenho ligeiramente maior em testes de intelig\u00eancia.\u00a0 No entanto, a diferen\u00e7a \u00e9 pequena e n\u00e3o permite concluir [&hellip;]\" \/>\n<meta property=\"og:url\" content=\"https:\/\/crusoe.audiencelabs.com.br\/especialistas-respondem-ao-questionamento-debatido-nas-familias-ha-anos-qual-filho-tem-qi-mais-alto\/\" \/>\n<meta property=\"og:site_name\" content=\"Variedades - Cruso\u00e9\" \/>\n<meta property=\"article:published_time\" content=\"2026-05-01T17:38:27+00:00\" \/>\n<meta property=\"og:image\" content=\"https:\/\/cdn.crusoe.com.br\/uploads\/2026\/04\/pexels-carlos-pietri-380088964-14613180-scaled.jpg\" \/>\n\t<meta property=\"og:image:width\" content=\"2560\" \/>\n\t<meta property=\"og:image:height\" content=\"1707\" \/>\n\t<meta property=\"og:image:type\" content=\"image\/jpeg\" \/>\n<meta name=\"author\" content=\"Sofia Volpi\" \/>\n<meta name=\"twitter:card\" content=\"summary_large_image\" \/>\n<meta name=\"twitter:label1\" content=\"Escrito por\" \/>\n\t<meta name=\"twitter:data1\" content=\"Sofia Volpi\" \/>\n\t<meta name=\"twitter:label2\" content=\"Est. tempo de leitura\" \/>\n\t<meta name=\"twitter:data2\" content=\"3 minutos\" \/>\n<script type=\"application\/ld+json\" class=\"yoast-schema-graph\">{\"@context\":\"https:\/\/schema.org\",\"@graph\":[{\"@type\":\"WebPage\",\"@id\":\"https:\/\/crusoe.audiencelabs.com.br\/especialistas-respondem-ao-questionamento-debatido-nas-familias-ha-anos-qual-filho-tem-qi-mais-alto\/\",\"url\":\"https:\/\/crusoe.audiencelabs.com.br\/especialistas-respondem-ao-questionamento-debatido-nas-familias-ha-anos-qual-filho-tem-qi-mais-alto\/\",\"name\":\"Especialistas respondem ao questionamento debatido nas fam\u00edlias h\u00e1 anos: qual filho tem QI mais alto?\",\"isPartOf\":{\"@id\":\"https:\/\/crusoe.audiencelabs.com.br\/#website\"},\"primaryImageOfPage\":{\"@id\":\"https:\/\/crusoe.audiencelabs.com.br\/especialistas-respondem-ao-questionamento-debatido-nas-familias-ha-anos-qual-filho-tem-qi-mais-alto\/#primaryimage\"},\"image\":{\"@id\":\"https:\/\/crusoe.audiencelabs.com.br\/especialistas-respondem-ao-questionamento-debatido-nas-familias-ha-anos-qual-filho-tem-qi-mais-alto\/#primaryimage\"},\"thumbnailUrl\":\"https:\/\/cdn.crusoe.com.br\/uploads\/2026\/04\/pexels-carlos-pietri-380088964-14613180-scaled.jpg\",\"datePublished\":\"2026-05-01T17:38:27+00:00\",\"author\":{\"@id\":\"https:\/\/crusoe.audiencelabs.com.br\/#\/schema\/person\/9d0fb7a15db57f24b87bef41d034cb04\"},\"breadcrumb\":{\"@id\":\"https:\/\/crusoe.audiencelabs.com.br\/especialistas-respondem-ao-questionamento-debatido-nas-familias-ha-anos-qual-filho-tem-qi-mais-alto\/#breadcrumb\"},\"inLanguage\":\"pt-BR\",\"potentialAction\":[{\"@type\":\"ReadAction\",\"target\":[\"https:\/\/crusoe.audiencelabs.com.br\/especialistas-respondem-ao-questionamento-debatido-nas-familias-ha-anos-qual-filho-tem-qi-mais-alto\/\"]}]},{\"@type\":\"ImageObject\",\"inLanguage\":\"pt-BR\",\"@id\":\"https:\/\/crusoe.audiencelabs.com.br\/especialistas-respondem-ao-questionamento-debatido-nas-familias-ha-anos-qual-filho-tem-qi-mais-alto\/#primaryimage\",\"url\":\"https:\/\/cdn.crusoe.com.br\/uploads\/2026\/04\/pexels-carlos-pietri-380088964-14613180-scaled.jpg\",\"contentUrl\":\"https:\/\/cdn.crusoe.com.br\/uploads\/2026\/04\/pexels-carlos-pietri-380088964-14613180-scaled.jpg\",\"width\":2560,\"height\":1707,\"caption\":\"Foto: Pexels\"},{\"@type\":\"BreadcrumbList\",\"@id\":\"https:\/\/crusoe.audiencelabs.com.br\/especialistas-respondem-ao-questionamento-debatido-nas-familias-ha-anos-qual-filho-tem-qi-mais-alto\/#breadcrumb\",\"itemListElement\":[{\"@type\":\"ListItem\",\"position\":1,\"name\":\"Home\",\"item\":\"https:\/\/crusoe.audiencelabs.com.br\/\"},{\"@type\":\"ListItem\",\"position\":2,\"name\":\"Especialistas respondem ao questionamento debatido nas fam\u00edlias h\u00e1 anos: qual filho tem QI mais alto?\"}]},{\"@type\":\"WebSite\",\"@id\":\"https:\/\/crusoe.audiencelabs.com.br\/#website\",\"url\":\"https:\/\/crusoe.audiencelabs.com.br\/\",\"name\":\"Variedades - Cruso\u00e9\",\"description\":\"\",\"potentialAction\":[{\"@type\":\"SearchAction\",\"target\":{\"@type\":\"EntryPoint\",\"urlTemplate\":\"https:\/\/crusoe.audiencelabs.com.br\/?s={search_term_string}\"},\"query-input\":{\"@type\":\"PropertyValueSpecification\",\"valueRequired\":true,\"valueName\":\"search_term_string\"}}],\"inLanguage\":\"pt-BR\"},{\"@type\":\"Person\",\"@id\":\"https:\/\/crusoe.audiencelabs.com.br\/#\/schema\/person\/9d0fb7a15db57f24b87bef41d034cb04\",\"name\":\"Sofia Volpi\",\"image\":{\"@type\":\"ImageObject\",\"inLanguage\":\"pt-BR\",\"@id\":\"https:\/\/crusoe.audiencelabs.com.br\/#\/schema\/person\/image\/\",\"url\":\"https:\/\/secure.gravatar.com\/avatar\/a34b676379e5491536434fe5f7a9c49c2efbf9be83b707fa9e74568d45d559f8?s=96&d=mm&r=g\",\"contentUrl\":\"https:\/\/secure.gravatar.com\/avatar\/a34b676379e5491536434fe5f7a9c49c2efbf9be83b707fa9e74568d45d559f8?s=96&d=mm&r=g\",\"caption\":\"Sofia Volpi\"},\"description\":\"Comunicadora, jornalista em forma\u00e7\u00e3o. Apaixonada por esportes e cultura, colunista.\",\"url\":\"https:\/\/crusoe.audiencelabs.com.br\/author\/sofiavolpi\/\"}]}<\/script>\n<!-- \/ Yoast SEO plugin. -->","yoast_head_json":{"title":"Especialistas respondem ao questionamento debatido nas fam\u00edlias h\u00e1 anos: qual filho tem QI mais alto?","robots":{"index":"index","follow":"follow","max-snippet":"max-snippet:-1","max-image-preview":"max-image-preview:large","max-video-preview":"max-video-preview:-1"},"canonical":"https:\/\/crusoe.audiencelabs.com.br\/especialistas-respondem-ao-questionamento-debatido-nas-familias-ha-anos-qual-filho-tem-qi-mais-alto\/","og_locale":"pt_BR","og_type":"article","og_title":"Especialistas respondem ao questionamento debatido nas fam\u00edlias h\u00e1 anos: qual filho tem QI mais alto?","og_description":"A disputa familiar sobre qual filho tem o QI mais alto tem uma resposta mais cautelosa do que muita gente imagina. Estudos grandes sobre ordem de nascimento indicam que, em m\u00e9dia, o filho mais velho tende a apresentar desempenho ligeiramente maior em testes de intelig\u00eancia.\u00a0 No entanto, a diferen\u00e7a \u00e9 pequena e n\u00e3o permite concluir [&hellip;]","og_url":"https:\/\/crusoe.audiencelabs.com.br\/especialistas-respondem-ao-questionamento-debatido-nas-familias-ha-anos-qual-filho-tem-qi-mais-alto\/","og_site_name":"Variedades - Cruso\u00e9","article_published_time":"2026-05-01T17:38:27+00:00","og_image":[{"width":2560,"height":1707,"url":"https:\/\/cdn.crusoe.com.br\/uploads\/2026\/04\/pexels-carlos-pietri-380088964-14613180-scaled.jpg","type":"image\/jpeg"}],"author":"Sofia Volpi","twitter_card":"summary_large_image","twitter_misc":{"Escrito por":"Sofia Volpi","Est. tempo de leitura":"3 minutos"},"schema":{"@context":"https:\/\/schema.org","@graph":[{"@type":"WebPage","@id":"https:\/\/crusoe.audiencelabs.com.br\/especialistas-respondem-ao-questionamento-debatido-nas-familias-ha-anos-qual-filho-tem-qi-mais-alto\/","url":"https:\/\/crusoe.audiencelabs.com.br\/especialistas-respondem-ao-questionamento-debatido-nas-familias-ha-anos-qual-filho-tem-qi-mais-alto\/","name":"Especialistas respondem ao questionamento debatido nas fam\u00edlias h\u00e1 anos: qual filho tem QI mais alto?","isPartOf":{"@id":"https:\/\/crusoe.audiencelabs.com.br\/#website"},"primaryImageOfPage":{"@id":"https:\/\/crusoe.audiencelabs.com.br\/especialistas-respondem-ao-questionamento-debatido-nas-familias-ha-anos-qual-filho-tem-qi-mais-alto\/#primaryimage"},"image":{"@id":"https:\/\/crusoe.audiencelabs.com.br\/especialistas-respondem-ao-questionamento-debatido-nas-familias-ha-anos-qual-filho-tem-qi-mais-alto\/#primaryimage"},"thumbnailUrl":"https:\/\/cdn.crusoe.com.br\/uploads\/2026\/04\/pexels-carlos-pietri-380088964-14613180-scaled.jpg","datePublished":"2026-05-01T17:38:27+00:00","author":{"@id":"https:\/\/crusoe.audiencelabs.com.br\/#\/schema\/person\/9d0fb7a15db57f24b87bef41d034cb04"},"breadcrumb":{"@id":"https:\/\/crusoe.audiencelabs.com.br\/especialistas-respondem-ao-questionamento-debatido-nas-familias-ha-anos-qual-filho-tem-qi-mais-alto\/#breadcrumb"},"inLanguage":"pt-BR","potentialAction":[{"@type":"ReadAction","target":["https:\/\/crusoe.audiencelabs.com.br\/especialistas-respondem-ao-questionamento-debatido-nas-familias-ha-anos-qual-filho-tem-qi-mais-alto\/"]}]},{"@type":"ImageObject","inLanguage":"pt-BR","@id":"https:\/\/crusoe.audiencelabs.com.br\/especialistas-respondem-ao-questionamento-debatido-nas-familias-ha-anos-qual-filho-tem-qi-mais-alto\/#primaryimage","url":"https:\/\/cdn.crusoe.com.br\/uploads\/2026\/04\/pexels-carlos-pietri-380088964-14613180-scaled.jpg","contentUrl":"https:\/\/cdn.crusoe.com.br\/uploads\/2026\/04\/pexels-carlos-pietri-380088964-14613180-scaled.jpg","width":2560,"height":1707,"caption":"Foto: Pexels"},{"@type":"BreadcrumbList","@id":"https:\/\/crusoe.audiencelabs.com.br\/especialistas-respondem-ao-questionamento-debatido-nas-familias-ha-anos-qual-filho-tem-qi-mais-alto\/#breadcrumb","itemListElement":[{"@type":"ListItem","position":1,"name":"Home","item":"https:\/\/crusoe.audiencelabs.com.br\/"},{"@type":"ListItem","position":2,"name":"Especialistas respondem ao questionamento debatido nas fam\u00edlias h\u00e1 anos: qual filho tem QI mais alto?"}]},{"@type":"WebSite","@id":"https:\/\/crusoe.audiencelabs.com.br\/#website","url":"https:\/\/crusoe.audiencelabs.com.br\/","name":"Variedades - Cruso\u00e9","description":"","potentialAction":[{"@type":"SearchAction","target":{"@type":"EntryPoint","urlTemplate":"https:\/\/crusoe.audiencelabs.com.br\/?s={search_term_string}"},"query-input":{"@type":"PropertyValueSpecification","valueRequired":true,"valueName":"search_term_string"}}],"inLanguage":"pt-BR"},{"@type":"Person","@id":"https:\/\/crusoe.audiencelabs.com.br\/#\/schema\/person\/9d0fb7a15db57f24b87bef41d034cb04","name":"Sofia Volpi","image":{"@type":"ImageObject","inLanguage":"pt-BR","@id":"https:\/\/crusoe.audiencelabs.com.br\/#\/schema\/person\/image\/","url":"https:\/\/secure.gravatar.com\/avatar\/a34b676379e5491536434fe5f7a9c49c2efbf9be83b707fa9e74568d45d559f8?s=96&d=mm&r=g","contentUrl":"https:\/\/secure.gravatar.com\/avatar\/a34b676379e5491536434fe5f7a9c49c2efbf9be83b707fa9e74568d45d559f8?s=96&d=mm&r=g","caption":"Sofia Volpi"},"description":"Comunicadora, jornalista em forma\u00e7\u00e3o. Apaixonada por esportes e cultura, colunista.","url":"https:\/\/crusoe.audiencelabs.com.br\/author\/sofiavolpi\/"}]}},"_links":{"self":[{"href":"https:\/\/crusoe.audiencelabs.com.br\/wp-json\/wp\/v2\/posts\/38047","targetHints":{"allow":["GET"]}}],"collection":[{"href":"https:\/\/crusoe.audiencelabs.com.br\/wp-json\/wp\/v2\/posts"}],"about":[{"href":"https:\/\/crusoe.audiencelabs.com.br\/wp-json\/wp\/v2\/types\/post"}],"author":[{"embeddable":true,"href":"https:\/\/crusoe.audiencelabs.com.br\/wp-json\/wp\/v2\/users\/17"}],"replies":[{"embeddable":true,"href":"https:\/\/crusoe.audiencelabs.com.br\/wp-json\/wp\/v2\/comments?post=38047"}],"version-history":[{"count":1,"href":"https:\/\/crusoe.audiencelabs.com.br\/wp-json\/wp\/v2\/posts\/38047\/revisions"}],"predecessor-version":[{"id":38049,"href":"https:\/\/crusoe.audiencelabs.com.br\/wp-json\/wp\/v2\/posts\/38047\/revisions\/38049"}],"wp:featuredmedia":[{"embeddable":true,"href":"https:\/\/crusoe.audiencelabs.com.br\/wp-json\/wp\/v2\/media\/38048"}],"wp:attachment":[{"href":"https:\/\/crusoe.audiencelabs.com.br\/wp-json\/wp\/v2\/media?parent=38047"}],"wp:term":[{"taxonomy":"category","embeddable":true,"href":"https:\/\/crusoe.audiencelabs.com.br\/wp-json\/wp\/v2\/categories?post=38047"},{"taxonomy":"post_tag","embeddable":true,"href":"https:\/\/crusoe.audiencelabs.com.br\/wp-json\/wp\/v2\/tags?post=38047"}],"curies":[{"name":"wp","href":"https:\/\/api.w.org\/{rel}","templated":true}]}}