{"id":38031,"date":"2026-04-29T14:33:36","date_gmt":"2026-04-29T17:33:36","guid":{"rendered":"https:\/\/crusoe.audiencelabs.com.br\/?p=38031"},"modified":"2026-04-29T10:13:55","modified_gmt":"2026-04-29T13:13:55","slug":"feriado-altera-data-de-pagamento-saiba-o-prazo-limite-segundo-a-legislacao","status":"publish","type":"post","link":"https:\/\/crusoe.audiencelabs.com.br\/feriado-altera-data-de-pagamento-saiba-o-prazo-limite-segundo-a-legislacao\/","title":{"rendered":"Feriado altera data de pagamento: saiba o prazo limite segundo a legisla\u00e7\u00e3o"},"content":{"rendered":"<p class=\"font-claude-response-body break-words whitespace-normal leading-[1.7]\">O feriado de 1\u00ba de maio, o <strong>Dia do Trabalhador<\/strong>, mexe com o calend\u00e1rio de pagamentos em todo o pa\u00eds. Com a data caindo no in\u00edcio do m\u00eas, muitos brasileiros ficam com d\u00favida sobre quando o <strong>sal\u00e1rio<\/strong> ser\u00e1 depositado. No entanto, a resposta est\u00e1 na pr\u00f3pria <strong>legisla\u00e7\u00e3o trabalhista<\/strong>.<\/p>\n<p class=\"font-claude-response-body break-words whitespace-normal leading-[1.7]\">Neste ano, o prazo m\u00e1ximo para o pagamento dos sal\u00e1rios referentes a abril \u00e9 a quinta-feira, dia 7 de maio. \u00c9 o que determina a <strong>Consolida\u00e7\u00e3o das Leis do Trabalho<\/strong> (<strong>CLT<\/strong>), que fixa como limite o quinto dia \u00fatil do m\u00eas seguinte ao trabalhado.<\/p>\n<div class=\"jeg_video_container jeg_video_content\"><iframe loading=\"lazy\" title=\"Dia do Trabalhador \u00e9 feriado nacional? Saiba seus direitos #g1 #shorts\" width=\"422\" height=\"750\" src=\"https:\/\/www.youtube.com\/embed\/hcbdgZEruKw?feature=oembed\" frameborder=\"0\" allow=\"accelerometer; autoplay; clipboard-write; encrypted-media; gyroscope; picture-in-picture; web-share\" referrerpolicy=\"strict-origin-when-cross-origin\" allowfullscreen><\/iframe><\/div>\n<h2>Como funciona a contagem dos dias \u00fateis?<\/h2>\n<p class=\"font-claude-response-body break-words whitespace-normal leading-[1.7]\">A CLT considera como dias \u00fateis os dias de semana e os s\u00e1bados. Domingos e feriados ficam fora da contagem. Veja como fica maio:<\/p>\n<p class=\"font-claude-response-body break-words whitespace-normal leading-[1.7]\">O dia 1\u00ba de maio n\u00e3o entra na contagem por ser feriado. O dia 2\u00a0 \u00e9 s\u00e1bado, logo n\u00e3o \u00e9 dia \u00fatil tamb\u00e9m. O domingo, dia 3, fica de fora. Logo, a contagem dos dias \u00fateis come\u00e7a na segunda-feira, o quarto dia do m\u00eas. Contando a\u00a0 partir da\u00ed, o quinto dia \u00fatil ser\u00e1 sexta-feira (08).<\/p>\n<p class=\"font-claude-response-body break-words whitespace-normal leading-[1.7]\">Mesmo trabalhadores que atuam aos domingos n\u00e3o t\u00eam o pagamento antecipado. A legisla\u00e7\u00e3o n\u00e3o considera o domingo como dia \u00fatil para esse tipo de c\u00e1lculo.<\/p>\n<p>A regra est\u00e1 no artigo 459 do <strong>Decreto-Lei n\u00ba 5.452, de 1943<\/strong>. O par\u00e1grafo primeiro do artigo estabelece que, quando o pagamento for estipulado por m\u00eas, ele deve ser feito at\u00e9 o quinto dia \u00fatil do m\u00eas seguinte ao vencido.<\/p>\n<h2>E se o pagamento atrasar?<\/h2>\n<p class=\"font-claude-response-body break-words whitespace-normal leading-[1.7]\">Se o empregador n\u00e3o depositar o sal\u00e1rio at\u00e9 o prazo limite, ele est\u00e1 sujeito a penalidades. O <strong>Minist\u00e9rio do Trabalho e Emprego<\/strong> (<strong>MTE<\/strong>) pode aplicar multa de R$ 176,03 por trabalhador afetado.<\/p>\n<p class=\"font-claude-response-body break-words whitespace-normal leading-[1.7]\">O empregado, por sua vez, pode acionar a <strong>Justi\u00e7a<\/strong> para cobrar o valor com corre\u00e7\u00e3o. Em casos de atrasos frequentes, a Justi\u00e7a do Trabalho entende que h\u00e1 descumprimento grave do contrato. Nessa situa\u00e7\u00e3o, o trabalhador pode rescindir o v\u00ednculo e receber todas as verbas rescis\u00f3rias, assim como ocorre em uma demiss\u00e3o sem justa causa.<\/p>\n","protected":false},"excerpt":{"rendered":"<p>O feriado de 1\u00ba de maio, o Dia do Trabalhador, mexe com o calend\u00e1rio de pagamentos em todo o pa\u00eds. Com a data caindo no in\u00edcio do m\u00eas, muitos brasileiros ficam com d\u00favida sobre quando o sal\u00e1rio ser\u00e1 depositado. No entanto, a resposta est\u00e1 na pr\u00f3pria legisla\u00e7\u00e3o trabalhista. Neste ano, o prazo m\u00e1ximo para o [&hellip;]<\/p>\n","protected":false},"author":15,"featured_media":38032,"comment_status":"open","ping_status":"open","sticky":false,"template":"","format":"standard","meta":{"jnews-multi-image_gallery":[],"jnews_single_post":{"format":"standard","jnews_video_option_group":[[]],"override":[{"template":"2","parallax":"1","fullscreen":"1","layout":"right-sidebar","sidebar":"default-sidebar","second_sidebar":"default-sidebar","sticky_sidebar":"1","share_position":"hide","share_float_style":"share-monocrhome","show_featured":"1","show_post_meta":"1","show_post_author":"1","show_post_date":"1","post_date_format":"default","post_date_format_custom":"Y\/m\/d","show_post_category":"1","show_post_reading_time":"0","post_reading_time_wpm":"300","post_calculate_word_method":"str_word_count","show_zoom_button":"0","zoom_button_out_step":"2","zoom_button_in_step":"3","show_post_tag":"1","show_popup_post":"1","number_popup_post":"1","show_author_box":"1","show_post_related":"0"}],"image_override":[{"single_post_thumbnail_size":"crop-500","single_post_gallery_size":"crop-500"}],"trending_post_position":"meta","trending_post_label":"Trending","sponsored_post_label":"Sponsored by","disable_ad":"0","subtitle":"Trabalhadores devem receber at\u00e9 o quinto dia \u00fatil ap\u00f3s o feriado"},"jnews_primary_category":[],"jnews_override_counter":{"view_counter_number":"0","share_counter_number":"0","like_counter_number":"0","dislike_counter_number":"0"},"jnews_post_split":{"post_split":[{"template":"1","tag":"h2","numbering":"asc","mode":"normal","first":"0","enable_toc":"0","toc_type":"normal"}]},"footnotes":""},"categories":[1],"tags":[554,7711,1283,131,6275,423,404,7788,7787,3080],"class_list":["post-38031","post","type-post","status-publish","format-standard","has-post-thumbnail","hentry","category-geral","tag-clt","tag-dia-do-trabalhador","tag-direito-do-trabalhador","tag-feriado","tag-justica","tag-legislacao-brasileira","tag-legislacao-trabalhista","tag-lei-no-5-452-1943","tag-mte","tag-salario"],"yoast_head":"<!-- This site is optimized with the Yoast SEO plugin v25.0 - https:\/\/yoast.com\/wordpress\/plugins\/seo\/ -->\n<title>Feriado altera data de pagamento: saiba o prazo limite segundo a legisla\u00e7\u00e3o<\/title>\n<meta name=\"robots\" content=\"index, follow, max-snippet:-1, max-image-preview:large, max-video-preview:-1\" \/>\n<link rel=\"canonical\" href=\"https:\/\/crusoe.audiencelabs.com.br\/feriado-altera-data-de-pagamento-saiba-o-prazo-limite-segundo-a-legislacao\/\" \/>\n<meta property=\"og:locale\" content=\"pt_BR\" \/>\n<meta property=\"og:type\" content=\"article\" \/>\n<meta property=\"og:title\" content=\"Feriado altera data de pagamento: saiba o prazo limite segundo a legisla\u00e7\u00e3o\" \/>\n<meta property=\"og:description\" content=\"O feriado de 1\u00ba de maio, o Dia do Trabalhador, mexe com o calend\u00e1rio de pagamentos em todo o pa\u00eds. Com a data caindo no in\u00edcio do m\u00eas, muitos brasileiros ficam com d\u00favida sobre quando o sal\u00e1rio ser\u00e1 depositado. No entanto, a resposta est\u00e1 na pr\u00f3pria legisla\u00e7\u00e3o trabalhista. Neste ano, o prazo m\u00e1ximo para o [&hellip;]\" \/>\n<meta property=\"og:url\" content=\"https:\/\/crusoe.audiencelabs.com.br\/feriado-altera-data-de-pagamento-saiba-o-prazo-limite-segundo-a-legislacao\/\" \/>\n<meta property=\"og:site_name\" content=\"Variedades - Cruso\u00e9\" \/>\n<meta property=\"article:published_time\" content=\"2026-04-29T17:33:36+00:00\" \/>\n<meta property=\"og:image\" content=\"https:\/\/cdn.crusoe.com.br\/uploads\/2026\/04\/semana-trabalho_mcamgo_abr_05052025-12.webp\" \/>\n\t<meta property=\"og:image:width\" content=\"1170\" \/>\n\t<meta property=\"og:image:height\" content=\"700\" \/>\n\t<meta property=\"og:image:type\" content=\"image\/webp\" \/>\n<meta name=\"author\" content=\"J\u00falio Nesi\" \/>\n<meta name=\"twitter:card\" content=\"summary_large_image\" \/>\n<meta name=\"twitter:label1\" content=\"Escrito por\" \/>\n\t<meta name=\"twitter:data1\" content=\"J\u00falio Nesi\" \/>\n\t<meta name=\"twitter:label2\" content=\"Est. tempo de leitura\" \/>\n\t<meta name=\"twitter:data2\" content=\"3 minutos\" \/>\n<script type=\"application\/ld+json\" class=\"yoast-schema-graph\">{\"@context\":\"https:\/\/schema.org\",\"@graph\":[{\"@type\":\"WebPage\",\"@id\":\"https:\/\/crusoe.audiencelabs.com.br\/feriado-altera-data-de-pagamento-saiba-o-prazo-limite-segundo-a-legislacao\/\",\"url\":\"https:\/\/crusoe.audiencelabs.com.br\/feriado-altera-data-de-pagamento-saiba-o-prazo-limite-segundo-a-legislacao\/\",\"name\":\"Feriado altera data de pagamento: saiba o prazo limite segundo a legisla\u00e7\u00e3o\",\"isPartOf\":{\"@id\":\"https:\/\/crusoe.audiencelabs.com.br\/#website\"},\"primaryImageOfPage\":{\"@id\":\"https:\/\/crusoe.audiencelabs.com.br\/feriado-altera-data-de-pagamento-saiba-o-prazo-limite-segundo-a-legislacao\/#primaryimage\"},\"image\":{\"@id\":\"https:\/\/crusoe.audiencelabs.com.br\/feriado-altera-data-de-pagamento-saiba-o-prazo-limite-segundo-a-legislacao\/#primaryimage\"},\"thumbnailUrl\":\"https:\/\/cdn.crusoe.com.br\/uploads\/2026\/04\/semana-trabalho_mcamgo_abr_05052025-12.webp\",\"datePublished\":\"2026-04-29T17:33:36+00:00\",\"author\":{\"@id\":\"https:\/\/crusoe.audiencelabs.com.br\/#\/schema\/person\/0cca5874eda7d72cef71e77a9a9c2143\"},\"breadcrumb\":{\"@id\":\"https:\/\/crusoe.audiencelabs.com.br\/feriado-altera-data-de-pagamento-saiba-o-prazo-limite-segundo-a-legislacao\/#breadcrumb\"},\"inLanguage\":\"pt-BR\",\"potentialAction\":[{\"@type\":\"ReadAction\",\"target\":[\"https:\/\/crusoe.audiencelabs.com.br\/feriado-altera-data-de-pagamento-saiba-o-prazo-limite-segundo-a-legislacao\/\"]}]},{\"@type\":\"ImageObject\",\"inLanguage\":\"pt-BR\",\"@id\":\"https:\/\/crusoe.audiencelabs.com.br\/feriado-altera-data-de-pagamento-saiba-o-prazo-limite-segundo-a-legislacao\/#primaryimage\",\"url\":\"https:\/\/cdn.crusoe.com.br\/uploads\/2026\/04\/semana-trabalho_mcamgo_abr_05052025-12.webp\",\"contentUrl\":\"https:\/\/cdn.crusoe.com.br\/uploads\/2026\/04\/semana-trabalho_mcamgo_abr_05052025-12.webp\",\"width\":1170,\"height\":700,\"caption\":\"Reprodu\u00e7\u00e3o: Marcelo Camargo \/ Ag\u00eancia Brasil\"},{\"@type\":\"BreadcrumbList\",\"@id\":\"https:\/\/crusoe.audiencelabs.com.br\/feriado-altera-data-de-pagamento-saiba-o-prazo-limite-segundo-a-legislacao\/#breadcrumb\",\"itemListElement\":[{\"@type\":\"ListItem\",\"position\":1,\"name\":\"Home\",\"item\":\"https:\/\/crusoe.audiencelabs.com.br\/\"},{\"@type\":\"ListItem\",\"position\":2,\"name\":\"Feriado altera data de pagamento: saiba o prazo limite segundo a legisla\u00e7\u00e3o\"}]},{\"@type\":\"WebSite\",\"@id\":\"https:\/\/crusoe.audiencelabs.com.br\/#website\",\"url\":\"https:\/\/crusoe.audiencelabs.com.br\/\",\"name\":\"Variedades - Cruso\u00e9\",\"description\":\"\",\"potentialAction\":[{\"@type\":\"SearchAction\",\"target\":{\"@type\":\"EntryPoint\",\"urlTemplate\":\"https:\/\/crusoe.audiencelabs.com.br\/?s={search_term_string}\"},\"query-input\":{\"@type\":\"PropertyValueSpecification\",\"valueRequired\":true,\"valueName\":\"search_term_string\"}}],\"inLanguage\":\"pt-BR\"},{\"@type\":\"Person\",\"@id\":\"https:\/\/crusoe.audiencelabs.com.br\/#\/schema\/person\/0cca5874eda7d72cef71e77a9a9c2143\",\"name\":\"J\u00falio Nesi\",\"image\":{\"@type\":\"ImageObject\",\"inLanguage\":\"pt-BR\",\"@id\":\"https:\/\/crusoe.audiencelabs.com.br\/#\/schema\/person\/image\/\",\"url\":\"https:\/\/secure.gravatar.com\/avatar\/c22eb47c3e2320e71637346b980e09f63de9f75742d3335f94a26b83dff70473?s=96&d=mm&r=g\",\"contentUrl\":\"https:\/\/secure.gravatar.com\/avatar\/c22eb47c3e2320e71637346b980e09f63de9f75742d3335f94a26b83dff70473?s=96&d=mm&r=g\",\"caption\":\"J\u00falio Nesi\"},\"description\":\"Jornalista alagoano formado pela UFAL, j\u00e1 atuei em produ\u00e7\u00e3o de conte\u00fado digital para portais, r\u00e1dio e redes sociais.\",\"sameAs\":[\"www.linkedin.com\/in\/j\u00falio-nesi\"],\"url\":\"https:\/\/crusoe.audiencelabs.com.br\/author\/julionesi\/\"}]}<\/script>\n<!-- \/ Yoast SEO plugin. -->","yoast_head_json":{"title":"Feriado altera data de pagamento: saiba o prazo limite segundo a legisla\u00e7\u00e3o","robots":{"index":"index","follow":"follow","max-snippet":"max-snippet:-1","max-image-preview":"max-image-preview:large","max-video-preview":"max-video-preview:-1"},"canonical":"https:\/\/crusoe.audiencelabs.com.br\/feriado-altera-data-de-pagamento-saiba-o-prazo-limite-segundo-a-legislacao\/","og_locale":"pt_BR","og_type":"article","og_title":"Feriado altera data de pagamento: saiba o prazo limite segundo a legisla\u00e7\u00e3o","og_description":"O feriado de 1\u00ba de maio, o Dia do Trabalhador, mexe com o calend\u00e1rio de pagamentos em todo o pa\u00eds. Com a data caindo no in\u00edcio do m\u00eas, muitos brasileiros ficam com d\u00favida sobre quando o sal\u00e1rio ser\u00e1 depositado. No entanto, a resposta est\u00e1 na pr\u00f3pria legisla\u00e7\u00e3o trabalhista. Neste ano, o prazo m\u00e1ximo para o [&hellip;]","og_url":"https:\/\/crusoe.audiencelabs.com.br\/feriado-altera-data-de-pagamento-saiba-o-prazo-limite-segundo-a-legislacao\/","og_site_name":"Variedades - Cruso\u00e9","article_published_time":"2026-04-29T17:33:36+00:00","og_image":[{"width":1170,"height":700,"url":"https:\/\/cdn.crusoe.com.br\/uploads\/2026\/04\/semana-trabalho_mcamgo_abr_05052025-12.webp","type":"image\/webp"}],"author":"J\u00falio Nesi","twitter_card":"summary_large_image","twitter_misc":{"Escrito por":"J\u00falio Nesi","Est. tempo de leitura":"3 minutos"},"schema":{"@context":"https:\/\/schema.org","@graph":[{"@type":"WebPage","@id":"https:\/\/crusoe.audiencelabs.com.br\/feriado-altera-data-de-pagamento-saiba-o-prazo-limite-segundo-a-legislacao\/","url":"https:\/\/crusoe.audiencelabs.com.br\/feriado-altera-data-de-pagamento-saiba-o-prazo-limite-segundo-a-legislacao\/","name":"Feriado altera data de pagamento: saiba o prazo limite segundo a legisla\u00e7\u00e3o","isPartOf":{"@id":"https:\/\/crusoe.audiencelabs.com.br\/#website"},"primaryImageOfPage":{"@id":"https:\/\/crusoe.audiencelabs.com.br\/feriado-altera-data-de-pagamento-saiba-o-prazo-limite-segundo-a-legislacao\/#primaryimage"},"image":{"@id":"https:\/\/crusoe.audiencelabs.com.br\/feriado-altera-data-de-pagamento-saiba-o-prazo-limite-segundo-a-legislacao\/#primaryimage"},"thumbnailUrl":"https:\/\/cdn.crusoe.com.br\/uploads\/2026\/04\/semana-trabalho_mcamgo_abr_05052025-12.webp","datePublished":"2026-04-29T17:33:36+00:00","author":{"@id":"https:\/\/crusoe.audiencelabs.com.br\/#\/schema\/person\/0cca5874eda7d72cef71e77a9a9c2143"},"breadcrumb":{"@id":"https:\/\/crusoe.audiencelabs.com.br\/feriado-altera-data-de-pagamento-saiba-o-prazo-limite-segundo-a-legislacao\/#breadcrumb"},"inLanguage":"pt-BR","potentialAction":[{"@type":"ReadAction","target":["https:\/\/crusoe.audiencelabs.com.br\/feriado-altera-data-de-pagamento-saiba-o-prazo-limite-segundo-a-legislacao\/"]}]},{"@type":"ImageObject","inLanguage":"pt-BR","@id":"https:\/\/crusoe.audiencelabs.com.br\/feriado-altera-data-de-pagamento-saiba-o-prazo-limite-segundo-a-legislacao\/#primaryimage","url":"https:\/\/cdn.crusoe.com.br\/uploads\/2026\/04\/semana-trabalho_mcamgo_abr_05052025-12.webp","contentUrl":"https:\/\/cdn.crusoe.com.br\/uploads\/2026\/04\/semana-trabalho_mcamgo_abr_05052025-12.webp","width":1170,"height":700,"caption":"Reprodu\u00e7\u00e3o: Marcelo Camargo \/ Ag\u00eancia Brasil"},{"@type":"BreadcrumbList","@id":"https:\/\/crusoe.audiencelabs.com.br\/feriado-altera-data-de-pagamento-saiba-o-prazo-limite-segundo-a-legislacao\/#breadcrumb","itemListElement":[{"@type":"ListItem","position":1,"name":"Home","item":"https:\/\/crusoe.audiencelabs.com.br\/"},{"@type":"ListItem","position":2,"name":"Feriado altera data de pagamento: saiba o prazo limite segundo a legisla\u00e7\u00e3o"}]},{"@type":"WebSite","@id":"https:\/\/crusoe.audiencelabs.com.br\/#website","url":"https:\/\/crusoe.audiencelabs.com.br\/","name":"Variedades - Cruso\u00e9","description":"","potentialAction":[{"@type":"SearchAction","target":{"@type":"EntryPoint","urlTemplate":"https:\/\/crusoe.audiencelabs.com.br\/?s={search_term_string}"},"query-input":{"@type":"PropertyValueSpecification","valueRequired":true,"valueName":"search_term_string"}}],"inLanguage":"pt-BR"},{"@type":"Person","@id":"https:\/\/crusoe.audiencelabs.com.br\/#\/schema\/person\/0cca5874eda7d72cef71e77a9a9c2143","name":"J\u00falio Nesi","image":{"@type":"ImageObject","inLanguage":"pt-BR","@id":"https:\/\/crusoe.audiencelabs.com.br\/#\/schema\/person\/image\/","url":"https:\/\/secure.gravatar.com\/avatar\/c22eb47c3e2320e71637346b980e09f63de9f75742d3335f94a26b83dff70473?s=96&d=mm&r=g","contentUrl":"https:\/\/secure.gravatar.com\/avatar\/c22eb47c3e2320e71637346b980e09f63de9f75742d3335f94a26b83dff70473?s=96&d=mm&r=g","caption":"J\u00falio Nesi"},"description":"Jornalista alagoano formado pela UFAL, j\u00e1 atuei em produ\u00e7\u00e3o de conte\u00fado digital para portais, r\u00e1dio e redes sociais.","sameAs":["www.linkedin.com\/in\/j\u00falio-nesi"],"url":"https:\/\/crusoe.audiencelabs.com.br\/author\/julionesi\/"}]}},"_links":{"self":[{"href":"https:\/\/crusoe.audiencelabs.com.br\/wp-json\/wp\/v2\/posts\/38031","targetHints":{"allow":["GET"]}}],"collection":[{"href":"https:\/\/crusoe.audiencelabs.com.br\/wp-json\/wp\/v2\/posts"}],"about":[{"href":"https:\/\/crusoe.audiencelabs.com.br\/wp-json\/wp\/v2\/types\/post"}],"author":[{"embeddable":true,"href":"https:\/\/crusoe.audiencelabs.com.br\/wp-json\/wp\/v2\/users\/15"}],"replies":[{"embeddable":true,"href":"https:\/\/crusoe.audiencelabs.com.br\/wp-json\/wp\/v2\/comments?post=38031"}],"version-history":[{"count":1,"href":"https:\/\/crusoe.audiencelabs.com.br\/wp-json\/wp\/v2\/posts\/38031\/revisions"}],"predecessor-version":[{"id":38033,"href":"https:\/\/crusoe.audiencelabs.com.br\/wp-json\/wp\/v2\/posts\/38031\/revisions\/38033"}],"wp:featuredmedia":[{"embeddable":true,"href":"https:\/\/crusoe.audiencelabs.com.br\/wp-json\/wp\/v2\/media\/38032"}],"wp:attachment":[{"href":"https:\/\/crusoe.audiencelabs.com.br\/wp-json\/wp\/v2\/media?parent=38031"}],"wp:term":[{"taxonomy":"category","embeddable":true,"href":"https:\/\/crusoe.audiencelabs.com.br\/wp-json\/wp\/v2\/categories?post=38031"},{"taxonomy":"post_tag","embeddable":true,"href":"https:\/\/crusoe.audiencelabs.com.br\/wp-json\/wp\/v2\/tags?post=38031"}],"curies":[{"name":"wp","href":"https:\/\/api.w.org\/{rel}","templated":true}]}}