{"id":38006,"date":"2026-04-29T09:36:26","date_gmt":"2026-04-29T12:36:26","guid":{"rendered":"https:\/\/crusoe.audiencelabs.com.br\/?p=38006"},"modified":"2026-04-29T08:35:15","modified_gmt":"2026-04-29T11:35:15","slug":"surge-novo-obstaculo-pela-aprovacao-do-projeto-de-lei-que-termina-com-a-escala-6x1","status":"publish","type":"post","link":"https:\/\/crusoe.audiencelabs.com.br\/surge-novo-obstaculo-pela-aprovacao-do-projeto-de-lei-que-termina-com-a-escala-6x1\/","title":{"rendered":"Surge novo obst\u00e1culo pela aprova\u00e7\u00e3o do projeto de lei que termina com a escala 6&#215;1"},"content":{"rendered":"<p>O presidente da <strong>C\u00e2mara dos Deputados<\/strong>, <strong>Hugo Motta<\/strong> (Republicanos-PB), recebeu nesta semana um manifesto da <strong>Confedera\u00e7\u00e3o Nacional da Ind\u00fastria<\/strong> (<strong>CNI<\/strong>). No documento, a entidade diz que o <strong>fim da escala 6&#215;1<\/strong> pode causar &#8220;impactos negativos&#8221; na economia.<\/p>\n<p>No documento, que tamb\u00e9m \u00e9 assinado por 98 associa\u00e7\u00f5es setoriais e mais de 700 sindicatos industriais, a Confedera\u00e7\u00e3o estima que a medida pode elevar custos de empregados formais em at\u00e9 R$ 267 bilh\u00f5es por ano para o setor. Devido a isso, a CNI alega que a medida pode tamb\u00e9m afetar a gera\u00e7\u00e3o de empregos formais.<\/p>\n<p>O fim da escala 6&#215;1 vem sendo um tema fortemente debatido entre os parlamentares brasileiros. Os deputados federais ir\u00e3o instaurar uma Comiss\u00e3o Especial hoje (29) para analisar o tema e as diversas propostas sobre o assunto. A Comiss\u00e3o ser\u00e1 presidida pelo deputado <strong>Alencar Santana<\/strong> (PT-SP) e o deputado <strong>L\u00e9o Prates<\/strong> (Republicanos-BA) ser\u00e1 o relator.<\/p>\n<div class=\"jeg_video_container jeg_video_content\"><iframe loading=\"lazy\" title=\"COMISS\u00c3O ESPECIAL PARA ANALISAR PROPOSTA DO FIM DA ESCALA 6X1 SER\u00c1 INSTALADA HOJE\" width=\"500\" height=\"281\" src=\"https:\/\/www.youtube.com\/embed\/6j3FRnLNb04?feature=oembed\" frameborder=\"0\" allow=\"accelerometer; autoplay; clipboard-write; encrypted-media; gyroscope; picture-in-picture; web-share\" referrerpolicy=\"strict-origin-when-cross-origin\" allowfullscreen><\/iframe><\/div>\n<h2>Quais s\u00e3o as preocupa\u00e7\u00f5es da CNI?<\/h2>\n<p>Os representantes da ind\u00fastria relatam uma preocupa\u00e7\u00e3o principal com um suposto aumento no custo empregat\u00edcio. Para a CNI, a previs\u00e3o \u00e9 que o aumento de despesas possa dificultar a gera\u00e7\u00e3o de empregos formais e at\u00e9 inviabilizar alguns modelos de neg\u00f3cios.<\/p>\n<p>De acordo com a confedera\u00e7\u00e3o, deve haver mais estudos sobre o fim da escala 6&#215;1. No manifesto, a CNI diz que mudan\u00e7as nesse n\u00edvel precisam ser &#8220;constru\u00eddas com base em evid\u00eancias, di\u00e1logo t\u00e9cnico e responsabilidade econ\u00f4mica&#8221; e com a participa\u00e7\u00e3o da ind\u00fastria.<\/p>\n<p>Para o setor, h\u00e1 a necessidade de chegar a uma &#8220;solu\u00e7\u00e3o equilibrada&#8221; para as partes afetadas. Segundo a Confedera\u00e7\u00e3o, a participa\u00e7\u00e3o da ind\u00fastria seria &#8220;essencial&#8221; para a sustentabilidade econ\u00f4mica.<\/p>\n<h2>Propostas que ser\u00e3o discutidas<\/h2>\n<p>At\u00e9 o momento, o Congresso ir\u00e1 analisar tr\u00eas propostas principais sobre o tema. Todas falam sobre a redu\u00e7\u00e3o da jornada de trabalho, mas diferem no tempo de transi\u00e7\u00e3o.<\/p>\n<p>A primeira \u00e9 a Proposta de Emenda \u00e0 Constitui\u00e7\u00e3o (PEC) do deputado <strong>Reginaldo Lopes<\/strong> (PT-MG), apresentada em 2019. Nessa proposta, a previs\u00e3o \u00e9 que a jornada de trabalho seja reduzida para 36 horas semanais com um prazo de 10 anos para implementa\u00e7\u00e3o. O tempo longo de implementa\u00e7\u00e3o seria para diminuir o impacto imediato da transi\u00e7\u00e3o.<\/p>\n<p>A segunda \u00e9 a PEC de autoria da deputada <strong>Erika Hilton<\/strong> (PSOL-SP), apresentada em 2025. Nessa proposta, a previs\u00e3o \u00e9 que a jornada de trabalho seja reduzida para 36 horas semanais. Mas diferente da proposta de Lopes, a de Erika prev\u00ea um tempo de transi\u00e7\u00e3o de apenas 360 dias.<\/p>\n<p>A terceira proposta \u00e9 um Projeto de Lei (PL) de autoria do pr\u00f3prio <strong>Governo Federal<\/strong> e que foi enviado para o Congresso neste m\u00eas. Nesse projeto, o Governo prop\u00f5e a redu\u00e7\u00e3o da jornada de trabalho para 40 horas semanais.<\/p>\n<p>&nbsp;<\/p>\n","protected":false},"excerpt":{"rendered":"<p>O presidente da C\u00e2mara dos Deputados, Hugo Motta (Republicanos-PB), recebeu nesta semana um manifesto da Confedera\u00e7\u00e3o Nacional da Ind\u00fastria (CNI). No documento, a entidade diz que o fim da escala 6&#215;1 pode causar &#8220;impactos negativos&#8221; na economia. No documento, que tamb\u00e9m \u00e9 assinado por 98 associa\u00e7\u00f5es setoriais e mais de 700 sindicatos industriais, a Confedera\u00e7\u00e3o [&hellip;]<\/p>\n","protected":false},"author":15,"featured_media":37665,"comment_status":"open","ping_status":"open","sticky":false,"template":"","format":"standard","meta":{"jnews-multi-image_gallery":[],"jnews_single_post":{"format":"standard","jnews_video_option_group":[[]],"override":[{"template":"2","parallax":"1","fullscreen":"1","layout":"right-sidebar","sidebar":"default-sidebar","second_sidebar":"default-sidebar","sticky_sidebar":"1","share_position":"hide","share_float_style":"share-monocrhome","show_featured":"1","show_post_meta":"1","show_post_author":"1","show_post_date":"1","post_date_format":"default","post_date_format_custom":"Y\/m\/d","show_post_category":"1","show_post_reading_time":"0","post_reading_time_wpm":"300","post_calculate_word_method":"str_word_count","show_zoom_button":"0","zoom_button_out_step":"2","zoom_button_in_step":"3","show_post_tag":"1","show_popup_post":"1","number_popup_post":"1","show_author_box":"1","show_post_related":"0"}],"image_override":[{"single_post_thumbnail_size":"crop-500","single_post_gallery_size":"crop-500"}],"trending_post_position":"meta","trending_post_label":"Trending","sponsored_post_label":"Sponsored by","disable_ad":"0","subtitle":"Representantes da Ind\u00fastria enviaram um manifesto \u00e0 C\u00e2mara dos Deputados argumentando contra a redu\u00e7\u00e3o da jornada de trabalho"},"jnews_primary_category":[],"jnews_override_counter":{"view_counter_number":"0","share_counter_number":"0","like_counter_number":"0","dislike_counter_number":"0"},"jnews_post_split":{"post_split":[{"template":"1","tag":"h2","numbering":"asc","mode":"normal","first":"0","enable_toc":"0","toc_type":"normal"}]},"footnotes":""},"categories":[1],"tags":[7781,47,7622,7616,329,7619,5806,5190,277,341,531,7782,1996,7618],"class_list":["post-38006","post","type-post","status-publish","format-standard","has-post-thumbnail","hentry","category-geral","tag-alencar-santana","tag-brasil","tag-camara-dos-deputados","tag-cni","tag-economia","tag-erika-hilton","tag-escala-5x2","tag-escala-6x1","tag-governo-federal","tag-hugo-motta","tag-jornada-de-trabalho","tag-leo-prates","tag-politica","tag-reginaldo-lopes"],"yoast_head":"<!-- This site is optimized with the Yoast SEO plugin v25.0 - https:\/\/yoast.com\/wordpress\/plugins\/seo\/ -->\n<title>Surge novo obst\u00e1culo pela aprova\u00e7\u00e3o do projeto de lei que termina com a escala 6x1<\/title>\n<meta name=\"robots\" content=\"index, follow, max-snippet:-1, max-image-preview:large, max-video-preview:-1\" \/>\n<link rel=\"canonical\" href=\"https:\/\/crusoe.audiencelabs.com.br\/surge-novo-obstaculo-pela-aprovacao-do-projeto-de-lei-que-termina-com-a-escala-6x1\/\" \/>\n<meta property=\"og:locale\" content=\"pt_BR\" \/>\n<meta property=\"og:type\" content=\"article\" \/>\n<meta property=\"og:title\" content=\"Surge novo obst\u00e1culo pela aprova\u00e7\u00e3o do projeto de lei que termina com a escala 6x1\" \/>\n<meta property=\"og:description\" content=\"O presidente da C\u00e2mara dos Deputados, Hugo Motta (Republicanos-PB), recebeu nesta semana um manifesto da Confedera\u00e7\u00e3o Nacional da Ind\u00fastria (CNI). No documento, a entidade diz que o fim da escala 6&#215;1 pode causar &#8220;impactos negativos&#8221; na economia. No documento, que tamb\u00e9m \u00e9 assinado por 98 associa\u00e7\u00f5es setoriais e mais de 700 sindicatos industriais, a Confedera\u00e7\u00e3o [&hellip;]\" \/>\n<meta property=\"og:url\" content=\"https:\/\/crusoe.audiencelabs.com.br\/surge-novo-obstaculo-pela-aprovacao-do-projeto-de-lei-que-termina-com-a-escala-6x1\/\" \/>\n<meta property=\"og:site_name\" content=\"Variedades - Cruso\u00e9\" \/>\n<meta property=\"article:published_time\" content=\"2026-04-29T12:36:26+00:00\" \/>\n<meta property=\"og:image\" content=\"https:\/\/cdn.crusoe.com.br\/uploads\/2026\/04\/img20260417094702568MED.jpg\" \/>\n\t<meta property=\"og:image:width\" content=\"1000\" \/>\n\t<meta property=\"og:image:height\" content=\"616\" \/>\n\t<meta property=\"og:image:type\" content=\"image\/jpeg\" \/>\n<meta name=\"author\" content=\"J\u00falio Nesi\" \/>\n<meta name=\"twitter:card\" content=\"summary_large_image\" \/>\n<meta name=\"twitter:label1\" content=\"Escrito por\" \/>\n\t<meta name=\"twitter:data1\" content=\"J\u00falio Nesi\" \/>\n\t<meta name=\"twitter:label2\" content=\"Est. tempo de leitura\" \/>\n\t<meta name=\"twitter:data2\" content=\"3 minutos\" \/>\n<script type=\"application\/ld+json\" class=\"yoast-schema-graph\">{\"@context\":\"https:\/\/schema.org\",\"@graph\":[{\"@type\":\"WebPage\",\"@id\":\"https:\/\/crusoe.audiencelabs.com.br\/surge-novo-obstaculo-pela-aprovacao-do-projeto-de-lei-que-termina-com-a-escala-6x1\/\",\"url\":\"https:\/\/crusoe.audiencelabs.com.br\/surge-novo-obstaculo-pela-aprovacao-do-projeto-de-lei-que-termina-com-a-escala-6x1\/\",\"name\":\"Surge novo obst\u00e1culo pela aprova\u00e7\u00e3o do projeto de lei que termina com a escala 6x1\",\"isPartOf\":{\"@id\":\"https:\/\/crusoe.audiencelabs.com.br\/#website\"},\"primaryImageOfPage\":{\"@id\":\"https:\/\/crusoe.audiencelabs.com.br\/surge-novo-obstaculo-pela-aprovacao-do-projeto-de-lei-que-termina-com-a-escala-6x1\/#primaryimage\"},\"image\":{\"@id\":\"https:\/\/crusoe.audiencelabs.com.br\/surge-novo-obstaculo-pela-aprovacao-do-projeto-de-lei-que-termina-com-a-escala-6x1\/#primaryimage\"},\"thumbnailUrl\":\"https:\/\/cdn.crusoe.com.br\/uploads\/2026\/04\/img20260417094702568MED.jpg\",\"datePublished\":\"2026-04-29T12:36:26+00:00\",\"author\":{\"@id\":\"https:\/\/crusoe.audiencelabs.com.br\/#\/schema\/person\/0cca5874eda7d72cef71e77a9a9c2143\"},\"breadcrumb\":{\"@id\":\"https:\/\/crusoe.audiencelabs.com.br\/surge-novo-obstaculo-pela-aprovacao-do-projeto-de-lei-que-termina-com-a-escala-6x1\/#breadcrumb\"},\"inLanguage\":\"pt-BR\",\"potentialAction\":[{\"@type\":\"ReadAction\",\"target\":[\"https:\/\/crusoe.audiencelabs.com.br\/surge-novo-obstaculo-pela-aprovacao-do-projeto-de-lei-que-termina-com-a-escala-6x1\/\"]}]},{\"@type\":\"ImageObject\",\"inLanguage\":\"pt-BR\",\"@id\":\"https:\/\/crusoe.audiencelabs.com.br\/surge-novo-obstaculo-pela-aprovacao-do-projeto-de-lei-que-termina-com-a-escala-6x1\/#primaryimage\",\"url\":\"https:\/\/cdn.crusoe.com.br\/uploads\/2026\/04\/img20260417094702568MED.jpg\",\"contentUrl\":\"https:\/\/cdn.crusoe.com.br\/uploads\/2026\/04\/img20260417094702568MED.jpg\",\"width\":1000,\"height\":616,\"caption\":\"Reprodu\u00e7\u00e3o: Bruno Spada \/ C\u00e2mara dos Deputados\"},{\"@type\":\"BreadcrumbList\",\"@id\":\"https:\/\/crusoe.audiencelabs.com.br\/surge-novo-obstaculo-pela-aprovacao-do-projeto-de-lei-que-termina-com-a-escala-6x1\/#breadcrumb\",\"itemListElement\":[{\"@type\":\"ListItem\",\"position\":1,\"name\":\"Home\",\"item\":\"https:\/\/crusoe.audiencelabs.com.br\/\"},{\"@type\":\"ListItem\",\"position\":2,\"name\":\"Surge novo obst\u00e1culo pela aprova\u00e7\u00e3o do projeto de lei que termina com a escala 6&#215;1\"}]},{\"@type\":\"WebSite\",\"@id\":\"https:\/\/crusoe.audiencelabs.com.br\/#website\",\"url\":\"https:\/\/crusoe.audiencelabs.com.br\/\",\"name\":\"Variedades - Cruso\u00e9\",\"description\":\"\",\"potentialAction\":[{\"@type\":\"SearchAction\",\"target\":{\"@type\":\"EntryPoint\",\"urlTemplate\":\"https:\/\/crusoe.audiencelabs.com.br\/?s={search_term_string}\"},\"query-input\":{\"@type\":\"PropertyValueSpecification\",\"valueRequired\":true,\"valueName\":\"search_term_string\"}}],\"inLanguage\":\"pt-BR\"},{\"@type\":\"Person\",\"@id\":\"https:\/\/crusoe.audiencelabs.com.br\/#\/schema\/person\/0cca5874eda7d72cef71e77a9a9c2143\",\"name\":\"J\u00falio Nesi\",\"image\":{\"@type\":\"ImageObject\",\"inLanguage\":\"pt-BR\",\"@id\":\"https:\/\/crusoe.audiencelabs.com.br\/#\/schema\/person\/image\/\",\"url\":\"https:\/\/secure.gravatar.com\/avatar\/c22eb47c3e2320e71637346b980e09f63de9f75742d3335f94a26b83dff70473?s=96&d=mm&r=g\",\"contentUrl\":\"https:\/\/secure.gravatar.com\/avatar\/c22eb47c3e2320e71637346b980e09f63de9f75742d3335f94a26b83dff70473?s=96&d=mm&r=g\",\"caption\":\"J\u00falio Nesi\"},\"description\":\"Jornalista alagoano formado pela UFAL, j\u00e1 atuei em produ\u00e7\u00e3o de conte\u00fado digital para portais, r\u00e1dio e redes sociais.\",\"sameAs\":[\"www.linkedin.com\/in\/j\u00falio-nesi\"],\"url\":\"https:\/\/crusoe.audiencelabs.com.br\/author\/julionesi\/\"}]}<\/script>\n<!-- \/ Yoast SEO plugin. -->","yoast_head_json":{"title":"Surge novo obst\u00e1culo pela aprova\u00e7\u00e3o do projeto de lei que termina com a escala 6x1","robots":{"index":"index","follow":"follow","max-snippet":"max-snippet:-1","max-image-preview":"max-image-preview:large","max-video-preview":"max-video-preview:-1"},"canonical":"https:\/\/crusoe.audiencelabs.com.br\/surge-novo-obstaculo-pela-aprovacao-do-projeto-de-lei-que-termina-com-a-escala-6x1\/","og_locale":"pt_BR","og_type":"article","og_title":"Surge novo obst\u00e1culo pela aprova\u00e7\u00e3o do projeto de lei que termina com a escala 6x1","og_description":"O presidente da C\u00e2mara dos Deputados, Hugo Motta (Republicanos-PB), recebeu nesta semana um manifesto da Confedera\u00e7\u00e3o Nacional da Ind\u00fastria (CNI). No documento, a entidade diz que o fim da escala 6&#215;1 pode causar &#8220;impactos negativos&#8221; na economia. No documento, que tamb\u00e9m \u00e9 assinado por 98 associa\u00e7\u00f5es setoriais e mais de 700 sindicatos industriais, a Confedera\u00e7\u00e3o [&hellip;]","og_url":"https:\/\/crusoe.audiencelabs.com.br\/surge-novo-obstaculo-pela-aprovacao-do-projeto-de-lei-que-termina-com-a-escala-6x1\/","og_site_name":"Variedades - Cruso\u00e9","article_published_time":"2026-04-29T12:36:26+00:00","og_image":[{"width":1000,"height":616,"url":"https:\/\/cdn.crusoe.com.br\/uploads\/2026\/04\/img20260417094702568MED.jpg","type":"image\/jpeg"}],"author":"J\u00falio Nesi","twitter_card":"summary_large_image","twitter_misc":{"Escrito por":"J\u00falio Nesi","Est. tempo de leitura":"3 minutos"},"schema":{"@context":"https:\/\/schema.org","@graph":[{"@type":"WebPage","@id":"https:\/\/crusoe.audiencelabs.com.br\/surge-novo-obstaculo-pela-aprovacao-do-projeto-de-lei-que-termina-com-a-escala-6x1\/","url":"https:\/\/crusoe.audiencelabs.com.br\/surge-novo-obstaculo-pela-aprovacao-do-projeto-de-lei-que-termina-com-a-escala-6x1\/","name":"Surge novo obst\u00e1culo pela aprova\u00e7\u00e3o do projeto de lei que termina com a escala 6x1","isPartOf":{"@id":"https:\/\/crusoe.audiencelabs.com.br\/#website"},"primaryImageOfPage":{"@id":"https:\/\/crusoe.audiencelabs.com.br\/surge-novo-obstaculo-pela-aprovacao-do-projeto-de-lei-que-termina-com-a-escala-6x1\/#primaryimage"},"image":{"@id":"https:\/\/crusoe.audiencelabs.com.br\/surge-novo-obstaculo-pela-aprovacao-do-projeto-de-lei-que-termina-com-a-escala-6x1\/#primaryimage"},"thumbnailUrl":"https:\/\/cdn.crusoe.com.br\/uploads\/2026\/04\/img20260417094702568MED.jpg","datePublished":"2026-04-29T12:36:26+00:00","author":{"@id":"https:\/\/crusoe.audiencelabs.com.br\/#\/schema\/person\/0cca5874eda7d72cef71e77a9a9c2143"},"breadcrumb":{"@id":"https:\/\/crusoe.audiencelabs.com.br\/surge-novo-obstaculo-pela-aprovacao-do-projeto-de-lei-que-termina-com-a-escala-6x1\/#breadcrumb"},"inLanguage":"pt-BR","potentialAction":[{"@type":"ReadAction","target":["https:\/\/crusoe.audiencelabs.com.br\/surge-novo-obstaculo-pela-aprovacao-do-projeto-de-lei-que-termina-com-a-escala-6x1\/"]}]},{"@type":"ImageObject","inLanguage":"pt-BR","@id":"https:\/\/crusoe.audiencelabs.com.br\/surge-novo-obstaculo-pela-aprovacao-do-projeto-de-lei-que-termina-com-a-escala-6x1\/#primaryimage","url":"https:\/\/cdn.crusoe.com.br\/uploads\/2026\/04\/img20260417094702568MED.jpg","contentUrl":"https:\/\/cdn.crusoe.com.br\/uploads\/2026\/04\/img20260417094702568MED.jpg","width":1000,"height":616,"caption":"Reprodu\u00e7\u00e3o: Bruno Spada \/ C\u00e2mara dos Deputados"},{"@type":"BreadcrumbList","@id":"https:\/\/crusoe.audiencelabs.com.br\/surge-novo-obstaculo-pela-aprovacao-do-projeto-de-lei-que-termina-com-a-escala-6x1\/#breadcrumb","itemListElement":[{"@type":"ListItem","position":1,"name":"Home","item":"https:\/\/crusoe.audiencelabs.com.br\/"},{"@type":"ListItem","position":2,"name":"Surge novo obst\u00e1culo pela aprova\u00e7\u00e3o do projeto de lei que termina com a escala 6&#215;1"}]},{"@type":"WebSite","@id":"https:\/\/crusoe.audiencelabs.com.br\/#website","url":"https:\/\/crusoe.audiencelabs.com.br\/","name":"Variedades - Cruso\u00e9","description":"","potentialAction":[{"@type":"SearchAction","target":{"@type":"EntryPoint","urlTemplate":"https:\/\/crusoe.audiencelabs.com.br\/?s={search_term_string}"},"query-input":{"@type":"PropertyValueSpecification","valueRequired":true,"valueName":"search_term_string"}}],"inLanguage":"pt-BR"},{"@type":"Person","@id":"https:\/\/crusoe.audiencelabs.com.br\/#\/schema\/person\/0cca5874eda7d72cef71e77a9a9c2143","name":"J\u00falio Nesi","image":{"@type":"ImageObject","inLanguage":"pt-BR","@id":"https:\/\/crusoe.audiencelabs.com.br\/#\/schema\/person\/image\/","url":"https:\/\/secure.gravatar.com\/avatar\/c22eb47c3e2320e71637346b980e09f63de9f75742d3335f94a26b83dff70473?s=96&d=mm&r=g","contentUrl":"https:\/\/secure.gravatar.com\/avatar\/c22eb47c3e2320e71637346b980e09f63de9f75742d3335f94a26b83dff70473?s=96&d=mm&r=g","caption":"J\u00falio Nesi"},"description":"Jornalista alagoano formado pela UFAL, j\u00e1 atuei em produ\u00e7\u00e3o de conte\u00fado digital para portais, r\u00e1dio e redes sociais.","sameAs":["www.linkedin.com\/in\/j\u00falio-nesi"],"url":"https:\/\/crusoe.audiencelabs.com.br\/author\/julionesi\/"}]}},"_links":{"self":[{"href":"https:\/\/crusoe.audiencelabs.com.br\/wp-json\/wp\/v2\/posts\/38006","targetHints":{"allow":["GET"]}}],"collection":[{"href":"https:\/\/crusoe.audiencelabs.com.br\/wp-json\/wp\/v2\/posts"}],"about":[{"href":"https:\/\/crusoe.audiencelabs.com.br\/wp-json\/wp\/v2\/types\/post"}],"author":[{"embeddable":true,"href":"https:\/\/crusoe.audiencelabs.com.br\/wp-json\/wp\/v2\/users\/15"}],"replies":[{"embeddable":true,"href":"https:\/\/crusoe.audiencelabs.com.br\/wp-json\/wp\/v2\/comments?post=38006"}],"version-history":[{"count":1,"href":"https:\/\/crusoe.audiencelabs.com.br\/wp-json\/wp\/v2\/posts\/38006\/revisions"}],"predecessor-version":[{"id":38008,"href":"https:\/\/crusoe.audiencelabs.com.br\/wp-json\/wp\/v2\/posts\/38006\/revisions\/38008"}],"wp:featuredmedia":[{"embeddable":true,"href":"https:\/\/crusoe.audiencelabs.com.br\/wp-json\/wp\/v2\/media\/37665"}],"wp:attachment":[{"href":"https:\/\/crusoe.audiencelabs.com.br\/wp-json\/wp\/v2\/media?parent=38006"}],"wp:term":[{"taxonomy":"category","embeddable":true,"href":"https:\/\/crusoe.audiencelabs.com.br\/wp-json\/wp\/v2\/categories?post=38006"},{"taxonomy":"post_tag","embeddable":true,"href":"https:\/\/crusoe.audiencelabs.com.br\/wp-json\/wp\/v2\/tags?post=38006"}],"curies":[{"name":"wp","href":"https:\/\/api.w.org\/{rel}","templated":true}]}}