{"id":37963,"date":"2026-04-28T16:34:56","date_gmt":"2026-04-28T19:34:56","guid":{"rendered":"https:\/\/crusoe.audiencelabs.com.br\/?p=37963"},"modified":"2026-04-28T10:32:57","modified_gmt":"2026-04-28T13:32:57","slug":"shakira-ficara-na-mesma-suite-que-recebeu-lady-gaga-e-madonna-antes-de-show-no-brasil","status":"publish","type":"post","link":"https:\/\/crusoe.audiencelabs.com.br\/shakira-ficara-na-mesma-suite-que-recebeu-lady-gaga-e-madonna-antes-de-show-no-brasil\/","title":{"rendered":"Shakira ficar\u00e1 na mesma su\u00edte que recebeu Lady Gaga e Madonna antes de show no Brasil"},"content":{"rendered":"<p><strong>Shakira<\/strong> se apresentar\u00e1 em breve no <strong>Rio de Janeiro<\/strong>, e a escolha de onde ela vai dormir antes do show j\u00e1 virou assunto. A cantora colombiana deve se hospedar no <strong>Hotel Copacabana Palace<\/strong>, o mesmo endere\u00e7o que recebeu <strong>Madonna<\/strong> e <strong>Lady Gaga<\/strong> antes de suas hist\u00f3ricas apresenta\u00e7\u00f5es na <strong>Praia de Copacabana<\/strong>.<\/p>\n<h2>A su\u00edte &#8220;mais cobi\u00e7ada&#8221; da capital carioca<\/h2>\n<p class=\"font-claude-response-body break-words whitespace-normal leading-[1.7]\">A acomoda\u00e7\u00e3o reservada para Shakira \u00e9 considerada uma das mais luxuosas do Rio de Janeiro. Com mais de 100 metros quadrados, a su\u00edte tem vista privilegiada para o mar, varanda decorada de frente para a praia e cama king size.<\/p>\n<p class=\"font-claude-response-body break-words whitespace-normal leading-[1.7]\">As di\u00e1rias partem de R$ 45.688, j\u00e1 com taxas inclu\u00eddas. O valor cobre uma s\u00e9rie de regalias, como os h\u00f3spedes serem recebidos com espumante de boas-vindas, acesso a canap\u00e9s ao p\u00f4r do sol, minibar com bebidas n\u00e3o alco\u00f3licas inclu\u00eddas, caf\u00e9 da manh\u00e3, transfer de ida e volta, anfitri\u00e3o dedicado e lavanderia cortesia.<\/p>\n<h2>Acesso a piscina semiprivada<\/h2>\n<p class=\"font-claude-response-body break-words whitespace-normal leading-[1.7]\">Al\u00e9m de tudo isso, a su\u00edte d\u00e1 acesso \u00e0 chamada &#8220;Black Pool&#8221;, uma piscina semiprivada localizada no sexto andar do hotel, com vista para o cal\u00e7ad\u00e3o de Copacabana.<\/p>\n<p class=\"font-claude-response-body break-words whitespace-normal leading-[1.7]\">Shakira vai ocupar o mesmo palco que Madonna usou para um dos maiores shows gratuitos da hist\u00f3ria, reunindo mais de 1,6 milh\u00e3o de pessoas na areia em 2024. Lady Gaga tamb\u00e9m passou pela praia carioca com um espet\u00e1culo que movimentou a cidade em maio de 2025.<\/p>\n<p class=\"font-claude-response-body break-words whitespace-normal leading-[1.7]\">O show de Shakira em Copacabana segue essa mesma tradi\u00e7\u00e3o de grandes produ\u00e7\u00f5es internacionais no cart\u00e3o-postal do Rio, que vem consolidando a praia como um dos maiores palcos ao ar livre do mundo.<\/p>\n<h2>Todo Mundo no Rio<\/h2>\n<p>Intitulado &#8220;<strong>Todo Mundo no Rio<\/strong>&#8220;, o projeto da prefeitura da capital carioca tem o objetivo de colocar a cidade no centro do turismo mundial e movimentar a economia local com megashows gratuitos com artistas internacionais para a popula\u00e7\u00e3o.<\/p>\n<p>O projeto tamb\u00e9m j\u00e1 confirmou edi\u00e7\u00f5es futuras, mas ainda n\u00e3o divulgou o artista que vir\u00e1 para a edi\u00e7\u00e3o de 2027.<\/p>\n","protected":false},"excerpt":{"rendered":"<p>Shakira se apresentar\u00e1 em breve no Rio de Janeiro, e a escolha de onde ela vai dormir antes do show j\u00e1 virou assunto. A cantora colombiana deve se hospedar no Hotel Copacabana Palace, o mesmo endere\u00e7o que recebeu Madonna e Lady Gaga antes de suas hist\u00f3ricas apresenta\u00e7\u00f5es na Praia de Copacabana. A su\u00edte &#8220;mais cobi\u00e7ada&#8221; [&hellip;]<\/p>\n","protected":false},"author":15,"featured_media":37967,"comment_status":"open","ping_status":"open","sticky":false,"template":"","format":"standard","meta":{"jnews-multi-image_gallery":[],"jnews_single_post":{"format":"standard","jnews_video_option_group":[[]],"override":[{"template":"2","parallax":"1","fullscreen":"1","layout":"right-sidebar","sidebar":"default-sidebar","second_sidebar":"default-sidebar","sticky_sidebar":"1","share_position":"hide","share_float_style":"share-monocrhome","show_featured":"1","show_post_meta":"1","show_post_author":"1","show_post_date":"1","post_date_format":"default","post_date_format_custom":"Y\/m\/d","show_post_category":"1","show_post_reading_time":"0","post_reading_time_wpm":"300","post_calculate_word_method":"str_word_count","show_zoom_button":"0","zoom_button_out_step":"2","zoom_button_in_step":"3","show_post_tag":"1","show_popup_post":"1","number_popup_post":"1","show_author_box":"1","show_post_related":"0"}],"image_override":[{"single_post_thumbnail_size":"crop-500","single_post_gallery_size":"crop-500"}],"trending_post_position":"meta","trending_post_label":"Trending","sponsored_post_label":"Sponsored by","disable_ad":"0","subtitle":"A su\u00edte \u00e9 uma das mais cobi\u00e7adas do Brasil e conta com boas vindas com champagne, piscina semiprivada e vista para a Praia de Copacabana"},"jnews_primary_category":[],"jnews_override_counter":{"view_counter_number":"0","share_counter_number":"0","like_counter_number":"0","dislike_counter_number":"0"},"jnews_post_split":{"post_split":[{"template":"1","tag":"h2","numbering":"asc","mode":"normal","first":"0","enable_toc":"0","toc_type":"normal"}]},"footnotes":""},"categories":[1],"tags":[1081,7757,7502,5525,1456,7756,644,2196,5587,7758],"class_list":["post-37963","post","type-post","status-publish","format-standard","has-post-thumbnail","hentry","category-geral","tag-celebridades","tag-hotel-copacabana-palace","tag-lady-gaga","tag-madonna","tag-musica","tag-praia-de-copacabana","tag-rio-de-janeiro","tag-rj","tag-shakira","tag-todo-mundo-no-rio"],"yoast_head":"<!-- This site is optimized with the Yoast SEO plugin v25.0 - https:\/\/yoast.com\/wordpress\/plugins\/seo\/ -->\n<title>Shakira ficar\u00e1 na mesma su\u00edte que recebeu Lady Gaga e Madonna antes de show no Brasil<\/title>\n<meta name=\"robots\" content=\"index, follow, max-snippet:-1, max-image-preview:large, max-video-preview:-1\" \/>\n<link rel=\"canonical\" href=\"https:\/\/crusoe.audiencelabs.com.br\/shakira-ficara-na-mesma-suite-que-recebeu-lady-gaga-e-madonna-antes-de-show-no-brasil\/\" \/>\n<meta property=\"og:locale\" content=\"pt_BR\" \/>\n<meta property=\"og:type\" content=\"article\" \/>\n<meta property=\"og:title\" content=\"Shakira ficar\u00e1 na mesma su\u00edte que recebeu Lady Gaga e Madonna antes de show no Brasil\" \/>\n<meta property=\"og:description\" content=\"Shakira se apresentar\u00e1 em breve no Rio de Janeiro, e a escolha de onde ela vai dormir antes do show j\u00e1 virou assunto. A cantora colombiana deve se hospedar no Hotel Copacabana Palace, o mesmo endere\u00e7o que recebeu Madonna e Lady Gaga antes de suas hist\u00f3ricas apresenta\u00e7\u00f5es na Praia de Copacabana. A su\u00edte &#8220;mais cobi\u00e7ada&#8221; [&hellip;]\" \/>\n<meta property=\"og:url\" content=\"https:\/\/crusoe.audiencelabs.com.br\/shakira-ficara-na-mesma-suite-que-recebeu-lady-gaga-e-madonna-antes-de-show-no-brasil\/\" \/>\n<meta property=\"og:site_name\" content=\"Variedades - Cruso\u00e9\" \/>\n<meta property=\"article:published_time\" content=\"2026-04-28T19:34:56+00:00\" \/>\n<meta property=\"og:image\" content=\"https:\/\/cdn.crusoe.com.br\/uploads\/2026\/04\/45664799302_f9f85ac1b0_w.jpg\" \/>\n\t<meta property=\"og:image:width\" content=\"400\" \/>\n\t<meta property=\"og:image:height\" content=\"345\" \/>\n\t<meta property=\"og:image:type\" content=\"image\/jpeg\" \/>\n<meta name=\"author\" content=\"J\u00falio Nesi\" \/>\n<meta name=\"twitter:card\" content=\"summary_large_image\" \/>\n<meta name=\"twitter:label1\" content=\"Escrito por\" \/>\n\t<meta name=\"twitter:data1\" content=\"J\u00falio Nesi\" \/>\n\t<meta name=\"twitter:label2\" content=\"Est. tempo de leitura\" \/>\n\t<meta name=\"twitter:data2\" content=\"2 minutos\" \/>\n<script type=\"application\/ld+json\" class=\"yoast-schema-graph\">{\"@context\":\"https:\/\/schema.org\",\"@graph\":[{\"@type\":\"WebPage\",\"@id\":\"https:\/\/crusoe.audiencelabs.com.br\/shakira-ficara-na-mesma-suite-que-recebeu-lady-gaga-e-madonna-antes-de-show-no-brasil\/\",\"url\":\"https:\/\/crusoe.audiencelabs.com.br\/shakira-ficara-na-mesma-suite-que-recebeu-lady-gaga-e-madonna-antes-de-show-no-brasil\/\",\"name\":\"Shakira ficar\u00e1 na mesma su\u00edte que recebeu Lady Gaga e Madonna antes de show no Brasil\",\"isPartOf\":{\"@id\":\"https:\/\/crusoe.audiencelabs.com.br\/#website\"},\"primaryImageOfPage\":{\"@id\":\"https:\/\/crusoe.audiencelabs.com.br\/shakira-ficara-na-mesma-suite-que-recebeu-lady-gaga-e-madonna-antes-de-show-no-brasil\/#primaryimage\"},\"image\":{\"@id\":\"https:\/\/crusoe.audiencelabs.com.br\/shakira-ficara-na-mesma-suite-que-recebeu-lady-gaga-e-madonna-antes-de-show-no-brasil\/#primaryimage\"},\"thumbnailUrl\":\"https:\/\/cdn.crusoe.com.br\/uploads\/2026\/04\/45664799302_f9f85ac1b0_w.jpg\",\"datePublished\":\"2026-04-28T19:34:56+00:00\",\"author\":{\"@id\":\"https:\/\/crusoe.audiencelabs.com.br\/#\/schema\/person\/0cca5874eda7d72cef71e77a9a9c2143\"},\"breadcrumb\":{\"@id\":\"https:\/\/crusoe.audiencelabs.com.br\/shakira-ficara-na-mesma-suite-que-recebeu-lady-gaga-e-madonna-antes-de-show-no-brasil\/#breadcrumb\"},\"inLanguage\":\"pt-BR\",\"potentialAction\":[{\"@type\":\"ReadAction\",\"target\":[\"https:\/\/crusoe.audiencelabs.com.br\/shakira-ficara-na-mesma-suite-que-recebeu-lady-gaga-e-madonna-antes-de-show-no-brasil\/\"]}]},{\"@type\":\"ImageObject\",\"inLanguage\":\"pt-BR\",\"@id\":\"https:\/\/crusoe.audiencelabs.com.br\/shakira-ficara-na-mesma-suite-que-recebeu-lady-gaga-e-madonna-antes-de-show-no-brasil\/#primaryimage\",\"url\":\"https:\/\/cdn.crusoe.com.br\/uploads\/2026\/04\/45664799302_f9f85ac1b0_w.jpg\",\"contentUrl\":\"https:\/\/cdn.crusoe.com.br\/uploads\/2026\/04\/45664799302_f9f85ac1b0_w.jpg\",\"width\":400,\"height\":345,\"caption\":\"A cantora vai cantar no RJ como parte do projeto \\\"Todo Mundo no Rio\\\". Reprodu\u00e7\u00e3o: young shanahan \/ Flickr\"},{\"@type\":\"BreadcrumbList\",\"@id\":\"https:\/\/crusoe.audiencelabs.com.br\/shakira-ficara-na-mesma-suite-que-recebeu-lady-gaga-e-madonna-antes-de-show-no-brasil\/#breadcrumb\",\"itemListElement\":[{\"@type\":\"ListItem\",\"position\":1,\"name\":\"Home\",\"item\":\"https:\/\/crusoe.audiencelabs.com.br\/\"},{\"@type\":\"ListItem\",\"position\":2,\"name\":\"Shakira ficar\u00e1 na mesma su\u00edte que recebeu Lady Gaga e Madonna antes de show no Brasil\"}]},{\"@type\":\"WebSite\",\"@id\":\"https:\/\/crusoe.audiencelabs.com.br\/#website\",\"url\":\"https:\/\/crusoe.audiencelabs.com.br\/\",\"name\":\"Variedades - Cruso\u00e9\",\"description\":\"\",\"potentialAction\":[{\"@type\":\"SearchAction\",\"target\":{\"@type\":\"EntryPoint\",\"urlTemplate\":\"https:\/\/crusoe.audiencelabs.com.br\/?s={search_term_string}\"},\"query-input\":{\"@type\":\"PropertyValueSpecification\",\"valueRequired\":true,\"valueName\":\"search_term_string\"}}],\"inLanguage\":\"pt-BR\"},{\"@type\":\"Person\",\"@id\":\"https:\/\/crusoe.audiencelabs.com.br\/#\/schema\/person\/0cca5874eda7d72cef71e77a9a9c2143\",\"name\":\"J\u00falio Nesi\",\"image\":{\"@type\":\"ImageObject\",\"inLanguage\":\"pt-BR\",\"@id\":\"https:\/\/crusoe.audiencelabs.com.br\/#\/schema\/person\/image\/\",\"url\":\"https:\/\/secure.gravatar.com\/avatar\/c22eb47c3e2320e71637346b980e09f63de9f75742d3335f94a26b83dff70473?s=96&d=mm&r=g\",\"contentUrl\":\"https:\/\/secure.gravatar.com\/avatar\/c22eb47c3e2320e71637346b980e09f63de9f75742d3335f94a26b83dff70473?s=96&d=mm&r=g\",\"caption\":\"J\u00falio Nesi\"},\"description\":\"Jornalista alagoano formado pela UFAL, j\u00e1 atuei em produ\u00e7\u00e3o de conte\u00fado digital para portais, r\u00e1dio e redes sociais.\",\"sameAs\":[\"www.linkedin.com\/in\/j\u00falio-nesi\"],\"url\":\"https:\/\/crusoe.audiencelabs.com.br\/author\/julionesi\/\"}]}<\/script>\n<!-- \/ Yoast SEO plugin. -->","yoast_head_json":{"title":"Shakira ficar\u00e1 na mesma su\u00edte que recebeu Lady Gaga e Madonna antes de show no Brasil","robots":{"index":"index","follow":"follow","max-snippet":"max-snippet:-1","max-image-preview":"max-image-preview:large","max-video-preview":"max-video-preview:-1"},"canonical":"https:\/\/crusoe.audiencelabs.com.br\/shakira-ficara-na-mesma-suite-que-recebeu-lady-gaga-e-madonna-antes-de-show-no-brasil\/","og_locale":"pt_BR","og_type":"article","og_title":"Shakira ficar\u00e1 na mesma su\u00edte que recebeu Lady Gaga e Madonna antes de show no Brasil","og_description":"Shakira se apresentar\u00e1 em breve no Rio de Janeiro, e a escolha de onde ela vai dormir antes do show j\u00e1 virou assunto. A cantora colombiana deve se hospedar no Hotel Copacabana Palace, o mesmo endere\u00e7o que recebeu Madonna e Lady Gaga antes de suas hist\u00f3ricas apresenta\u00e7\u00f5es na Praia de Copacabana. A su\u00edte &#8220;mais cobi\u00e7ada&#8221; [&hellip;]","og_url":"https:\/\/crusoe.audiencelabs.com.br\/shakira-ficara-na-mesma-suite-que-recebeu-lady-gaga-e-madonna-antes-de-show-no-brasil\/","og_site_name":"Variedades - Cruso\u00e9","article_published_time":"2026-04-28T19:34:56+00:00","og_image":[{"width":400,"height":345,"url":"https:\/\/cdn.crusoe.com.br\/uploads\/2026\/04\/45664799302_f9f85ac1b0_w.jpg","type":"image\/jpeg"}],"author":"J\u00falio Nesi","twitter_card":"summary_large_image","twitter_misc":{"Escrito por":"J\u00falio Nesi","Est. tempo de leitura":"2 minutos"},"schema":{"@context":"https:\/\/schema.org","@graph":[{"@type":"WebPage","@id":"https:\/\/crusoe.audiencelabs.com.br\/shakira-ficara-na-mesma-suite-que-recebeu-lady-gaga-e-madonna-antes-de-show-no-brasil\/","url":"https:\/\/crusoe.audiencelabs.com.br\/shakira-ficara-na-mesma-suite-que-recebeu-lady-gaga-e-madonna-antes-de-show-no-brasil\/","name":"Shakira ficar\u00e1 na mesma su\u00edte que recebeu Lady Gaga e Madonna antes de show no Brasil","isPartOf":{"@id":"https:\/\/crusoe.audiencelabs.com.br\/#website"},"primaryImageOfPage":{"@id":"https:\/\/crusoe.audiencelabs.com.br\/shakira-ficara-na-mesma-suite-que-recebeu-lady-gaga-e-madonna-antes-de-show-no-brasil\/#primaryimage"},"image":{"@id":"https:\/\/crusoe.audiencelabs.com.br\/shakira-ficara-na-mesma-suite-que-recebeu-lady-gaga-e-madonna-antes-de-show-no-brasil\/#primaryimage"},"thumbnailUrl":"https:\/\/cdn.crusoe.com.br\/uploads\/2026\/04\/45664799302_f9f85ac1b0_w.jpg","datePublished":"2026-04-28T19:34:56+00:00","author":{"@id":"https:\/\/crusoe.audiencelabs.com.br\/#\/schema\/person\/0cca5874eda7d72cef71e77a9a9c2143"},"breadcrumb":{"@id":"https:\/\/crusoe.audiencelabs.com.br\/shakira-ficara-na-mesma-suite-que-recebeu-lady-gaga-e-madonna-antes-de-show-no-brasil\/#breadcrumb"},"inLanguage":"pt-BR","potentialAction":[{"@type":"ReadAction","target":["https:\/\/crusoe.audiencelabs.com.br\/shakira-ficara-na-mesma-suite-que-recebeu-lady-gaga-e-madonna-antes-de-show-no-brasil\/"]}]},{"@type":"ImageObject","inLanguage":"pt-BR","@id":"https:\/\/crusoe.audiencelabs.com.br\/shakira-ficara-na-mesma-suite-que-recebeu-lady-gaga-e-madonna-antes-de-show-no-brasil\/#primaryimage","url":"https:\/\/cdn.crusoe.com.br\/uploads\/2026\/04\/45664799302_f9f85ac1b0_w.jpg","contentUrl":"https:\/\/cdn.crusoe.com.br\/uploads\/2026\/04\/45664799302_f9f85ac1b0_w.jpg","width":400,"height":345,"caption":"A cantora vai cantar no RJ como parte do projeto \"Todo Mundo no Rio\". Reprodu\u00e7\u00e3o: young shanahan \/ Flickr"},{"@type":"BreadcrumbList","@id":"https:\/\/crusoe.audiencelabs.com.br\/shakira-ficara-na-mesma-suite-que-recebeu-lady-gaga-e-madonna-antes-de-show-no-brasil\/#breadcrumb","itemListElement":[{"@type":"ListItem","position":1,"name":"Home","item":"https:\/\/crusoe.audiencelabs.com.br\/"},{"@type":"ListItem","position":2,"name":"Shakira ficar\u00e1 na mesma su\u00edte que recebeu Lady Gaga e Madonna antes de show no Brasil"}]},{"@type":"WebSite","@id":"https:\/\/crusoe.audiencelabs.com.br\/#website","url":"https:\/\/crusoe.audiencelabs.com.br\/","name":"Variedades - Cruso\u00e9","description":"","potentialAction":[{"@type":"SearchAction","target":{"@type":"EntryPoint","urlTemplate":"https:\/\/crusoe.audiencelabs.com.br\/?s={search_term_string}"},"query-input":{"@type":"PropertyValueSpecification","valueRequired":true,"valueName":"search_term_string"}}],"inLanguage":"pt-BR"},{"@type":"Person","@id":"https:\/\/crusoe.audiencelabs.com.br\/#\/schema\/person\/0cca5874eda7d72cef71e77a9a9c2143","name":"J\u00falio Nesi","image":{"@type":"ImageObject","inLanguage":"pt-BR","@id":"https:\/\/crusoe.audiencelabs.com.br\/#\/schema\/person\/image\/","url":"https:\/\/secure.gravatar.com\/avatar\/c22eb47c3e2320e71637346b980e09f63de9f75742d3335f94a26b83dff70473?s=96&d=mm&r=g","contentUrl":"https:\/\/secure.gravatar.com\/avatar\/c22eb47c3e2320e71637346b980e09f63de9f75742d3335f94a26b83dff70473?s=96&d=mm&r=g","caption":"J\u00falio Nesi"},"description":"Jornalista alagoano formado pela UFAL, j\u00e1 atuei em produ\u00e7\u00e3o de conte\u00fado digital para portais, r\u00e1dio e redes sociais.","sameAs":["www.linkedin.com\/in\/j\u00falio-nesi"],"url":"https:\/\/crusoe.audiencelabs.com.br\/author\/julionesi\/"}]}},"_links":{"self":[{"href":"https:\/\/crusoe.audiencelabs.com.br\/wp-json\/wp\/v2\/posts\/37963","targetHints":{"allow":["GET"]}}],"collection":[{"href":"https:\/\/crusoe.audiencelabs.com.br\/wp-json\/wp\/v2\/posts"}],"about":[{"href":"https:\/\/crusoe.audiencelabs.com.br\/wp-json\/wp\/v2\/types\/post"}],"author":[{"embeddable":true,"href":"https:\/\/crusoe.audiencelabs.com.br\/wp-json\/wp\/v2\/users\/15"}],"replies":[{"embeddable":true,"href":"https:\/\/crusoe.audiencelabs.com.br\/wp-json\/wp\/v2\/comments?post=37963"}],"version-history":[{"count":1,"href":"https:\/\/crusoe.audiencelabs.com.br\/wp-json\/wp\/v2\/posts\/37963\/revisions"}],"predecessor-version":[{"id":37966,"href":"https:\/\/crusoe.audiencelabs.com.br\/wp-json\/wp\/v2\/posts\/37963\/revisions\/37966"}],"wp:featuredmedia":[{"embeddable":true,"href":"https:\/\/crusoe.audiencelabs.com.br\/wp-json\/wp\/v2\/media\/37967"}],"wp:attachment":[{"href":"https:\/\/crusoe.audiencelabs.com.br\/wp-json\/wp\/v2\/media?parent=37963"}],"wp:term":[{"taxonomy":"category","embeddable":true,"href":"https:\/\/crusoe.audiencelabs.com.br\/wp-json\/wp\/v2\/categories?post=37963"},{"taxonomy":"post_tag","embeddable":true,"href":"https:\/\/crusoe.audiencelabs.com.br\/wp-json\/wp\/v2\/tags?post=37963"}],"curies":[{"name":"wp","href":"https:\/\/api.w.org\/{rel}","templated":true}]}}