{"id":37952,"date":"2026-04-28T14:33:35","date_gmt":"2026-04-28T17:33:35","guid":{"rendered":"https:\/\/crusoe.audiencelabs.com.br\/?p=37952"},"modified":"2026-04-28T10:22:00","modified_gmt":"2026-04-28T13:22:00","slug":"atencao-whatsapp-vai-parar-de-funcionar-a-partir-de-setembro-em-alguns-aparelhos-celulares","status":"publish","type":"post","link":"https:\/\/crusoe.audiencelabs.com.br\/atencao-whatsapp-vai-parar-de-funcionar-a-partir-de-setembro-em-alguns-aparelhos-celulares\/","title":{"rendered":"Aten\u00e7\u00e3o! WhatsApp vai parar de funcionar a partir de setembro em alguns aparelhos celulares"},"content":{"rendered":"<p>A empresa <strong>Meta<\/strong>, dona do <strong>WhatsApp<\/strong>, confirmou que o aplicativo de mensagens deixara de dar suporte a alguns aparelhos a partir do dia 8 de setembro. De acordo com o comunicado, o aplicativo n\u00e3o ir\u00e1 mais funcionar em dispositivos que utilizam sistemas inferiores ao <strong>Android 6.0<\/strong> e ao<strong> iOS 15.1<\/strong>.<\/p>\n<p>Ou seja, celulares que utilizam sistemas Android como o 5.1 ou o 5.0, tamb\u00e9m conhecidos como &#8220;<strong>Android Lollipop<\/strong>&#8220;, n\u00e3o conseguir\u00e3o mais usar o aplicativo. O an\u00fancio segue um avan\u00e7o tecnol\u00f3gico natural do WhatsApp. Em janeiro de 2025, o aplicativo tamb\u00e9m deixou de dar suporte a aparelhos que utilizavam o Android 4.4 (ou <strong>Android KitKat<\/strong>).<\/p>\n<p>No caso de <strong>iPhones<\/strong>, qualquer celular que n\u00e3o puder atualizar para a vers\u00e3o 15.1 do iOS, como iPhone 6 Plus e anteriores, n\u00e3o poder\u00e1 mais rodar o WhatsApp.<\/p>\n<h2>Por que vai deixar de funcionar em aparelhos antigos?<\/h2>\n<p>As empresas de tecnologia que mant\u00eam sistemas de celulares, como a <strong>Google<\/strong> com o Android (usado por celulares <strong>Xiaomi<\/strong>, <strong>Samsung<\/strong>, <strong>Motorola<\/strong> etc.) e a <strong>Apple<\/strong> com o iOS (usado por iPhones), tendem a lan\u00e7ar uma nova vers\u00e3o do sistema anualmente. Com a atualiza\u00e7\u00e3o constante, os aplicativos tamb\u00e9m precisam se manter &#8220;a n\u00edvel&#8221; dos sistemas.<\/p>\n<p>Apesar do aplicativo tentar manter o suporte a modelos mais antigos mantendo vers\u00f5es de atualiza\u00e7\u00f5es anteriores. No entanto, o aplicativo s\u00f3 consegue manter esse suporte at\u00e9 certo ponto \u00e0 medida que a tecnologia dos celulares avan\u00e7a. Ap\u00f3s 8 de setembro, o aplicativo s\u00f3 funcionar\u00e1 em celulares com Android 6.0 e iOS 15.1 e posteriores.<\/p>\n<h2>Como checar qual \u00e9 o seu sistema operacional<\/h2>\n<p>Caso tenha d\u00favidas sobre se o seu celular continuar\u00e1 com suporte ao aplicativo, voc\u00ea pode verificar a vers\u00e3o do sistema operacional no pr\u00f3prio aparelho.<\/p>\n<p>Para verificar em celulares Android, clique em &#8220;Configura\u00e7\u00f5es&#8221;, v\u00e1 em &#8220;Sobre o telefone&#8221; e verifique a aba &#8220;Vers\u00e3o do Android&#8221;. Dependendo do aparelho, talvez seja necess\u00e1rio clicar em &#8220;Informa\u00e7\u00f5es de Software&#8221; ap\u00f3s entrar nas op\u00e7\u00f5es do &#8220;Sobre o Telefone&#8221;.<\/p>\n<p>J\u00e1 no caso de celulares iPhone, toque em &#8220;Ajustes&#8221;, logo depois em &#8220;Geral&#8221; e &#8220;Atualiza\u00e7\u00e3o de Software&#8221;. Dentro dessa aba, voc\u00ea poder\u00e1 confirmar a \u00faltima vers\u00e3o instalada.<\/p>\n<div class=\"jeg_video_container jeg_video_content\"><iframe loading=\"lazy\" title=\"WhatsApp encerra suporte para Androids antigos em setembro\" width=\"422\" height=\"750\" src=\"https:\/\/www.youtube.com\/embed\/3XMB9QZ0vZI?feature=oembed\" frameborder=\"0\" allow=\"accelerometer; autoplay; clipboard-write; encrypted-media; gyroscope; picture-in-picture; web-share\" referrerpolicy=\"strict-origin-when-cross-origin\" allowfullscreen><\/iframe><\/div>\n","protected":false},"excerpt":{"rendered":"<p>A empresa Meta, dona do WhatsApp, confirmou que o aplicativo de mensagens deixara de dar suporte a alguns aparelhos a partir do dia 8 de setembro. De acordo com o comunicado, o aplicativo n\u00e3o ir\u00e1 mais funcionar em dispositivos que utilizam sistemas inferiores ao Android 6.0 e ao iOS 15.1. Ou seja, celulares que utilizam [&hellip;]<\/p>\n","protected":false},"author":15,"featured_media":37953,"comment_status":"open","ping_status":"open","sticky":false,"template":"","format":"standard","meta":{"jnews-multi-image_gallery":[],"jnews_single_post":{"format":"standard","jnews_video_option_group":[[]],"override":[{"template":"2","parallax":"1","fullscreen":"1","layout":"right-sidebar","sidebar":"default-sidebar","second_sidebar":"default-sidebar","sticky_sidebar":"1","share_position":"hide","share_float_style":"share-monocrhome","show_featured":"1","show_post_meta":"1","show_post_author":"1","show_post_date":"1","post_date_format":"default","post_date_format_custom":"Y\/m\/d","show_post_category":"1","show_post_reading_time":"0","post_reading_time_wpm":"300","post_calculate_word_method":"str_word_count","show_zoom_button":"0","zoom_button_out_step":"2","zoom_button_in_step":"3","show_post_tag":"1","show_popup_post":"1","number_popup_post":"1","show_author_box":"1","show_post_related":"0"}],"image_override":[{"single_post_thumbnail_size":"crop-500","single_post_gallery_size":"crop-500"}],"trending_post_position":"meta","trending_post_label":"Trending","sponsored_post_label":"Sponsored by","disable_ad":"0","subtitle":"O aplicativo vai deixar de funcionar em diversos modelos mais antigos"},"jnews_primary_category":[],"jnews_override_counter":{"view_counter_number":"0","share_counter_number":"0","like_counter_number":"0","dislike_counter_number":"0"},"jnews_post_split":{"post_split":[{"template":"1","tag":"h2","numbering":"asc","mode":"normal","first":"0","enable_toc":"0","toc_type":"normal"}]},"footnotes":""},"categories":[1],"tags":[7753,7754,7749,7752,7751,596,680,722,7750,931,1396,7755,649,7748,7595,57,650],"class_list":["post-37952","post","type-post","status-publish","format-standard","has-post-thumbnail","hentry","category-geral","tag-android-5-0","tag-android-5-1","tag-android-6-0","tag-android-kitkat","tag-android-lollipop","tag-apple","tag-celular","tag-google","tag-ios-15-1","tag-iphone","tag-meta","tag-motorola","tag-samsung","tag-tecnhologia","tag-utilidade-publica","tag-whatsapp","tag-xiaomi"],"yoast_head":"<!-- This site is optimized with the Yoast SEO plugin v25.0 - https:\/\/yoast.com\/wordpress\/plugins\/seo\/ -->\n<title>Aten\u00e7\u00e3o! WhatsApp vai parar de funcionar a partir de setembro em alguns aparelhos celulares<\/title>\n<meta name=\"robots\" content=\"index, follow, max-snippet:-1, max-image-preview:large, max-video-preview:-1\" \/>\n<link rel=\"canonical\" href=\"https:\/\/crusoe.audiencelabs.com.br\/atencao-whatsapp-vai-parar-de-funcionar-a-partir-de-setembro-em-alguns-aparelhos-celulares\/\" \/>\n<meta property=\"og:locale\" content=\"pt_BR\" \/>\n<meta property=\"og:type\" content=\"article\" \/>\n<meta property=\"og:title\" content=\"Aten\u00e7\u00e3o! WhatsApp vai parar de funcionar a partir de setembro em alguns aparelhos celulares\" \/>\n<meta property=\"og:description\" content=\"A empresa Meta, dona do WhatsApp, confirmou que o aplicativo de mensagens deixara de dar suporte a alguns aparelhos a partir do dia 8 de setembro. De acordo com o comunicado, o aplicativo n\u00e3o ir\u00e1 mais funcionar em dispositivos que utilizam sistemas inferiores ao Android 6.0 e ao iOS 15.1. Ou seja, celulares que utilizam [&hellip;]\" \/>\n<meta property=\"og:url\" content=\"https:\/\/crusoe.audiencelabs.com.br\/atencao-whatsapp-vai-parar-de-funcionar-a-partir-de-setembro-em-alguns-aparelhos-celulares\/\" \/>\n<meta property=\"og:site_name\" content=\"Variedades - Cruso\u00e9\" \/>\n<meta property=\"article:published_time\" content=\"2026-04-28T17:33:35+00:00\" \/>\n<meta property=\"og:image\" content=\"https:\/\/cdn.crusoe.com.br\/uploads\/2026\/04\/pexels-pixabay-267392.jpg\" \/>\n\t<meta property=\"og:image:width\" content=\"640\" \/>\n\t<meta property=\"og:image:height\" content=\"427\" \/>\n\t<meta property=\"og:image:type\" content=\"image\/jpeg\" \/>\n<meta name=\"author\" content=\"J\u00falio Nesi\" \/>\n<meta name=\"twitter:card\" content=\"summary_large_image\" \/>\n<meta name=\"twitter:label1\" content=\"Escrito por\" \/>\n\t<meta name=\"twitter:data1\" content=\"J\u00falio Nesi\" \/>\n\t<meta name=\"twitter:label2\" content=\"Est. tempo de leitura\" \/>\n\t<meta name=\"twitter:data2\" content=\"3 minutos\" \/>\n<script type=\"application\/ld+json\" class=\"yoast-schema-graph\">{\"@context\":\"https:\/\/schema.org\",\"@graph\":[{\"@type\":\"WebPage\",\"@id\":\"https:\/\/crusoe.audiencelabs.com.br\/atencao-whatsapp-vai-parar-de-funcionar-a-partir-de-setembro-em-alguns-aparelhos-celulares\/\",\"url\":\"https:\/\/crusoe.audiencelabs.com.br\/atencao-whatsapp-vai-parar-de-funcionar-a-partir-de-setembro-em-alguns-aparelhos-celulares\/\",\"name\":\"Aten\u00e7\u00e3o! WhatsApp vai parar de funcionar a partir de setembro em alguns aparelhos celulares\",\"isPartOf\":{\"@id\":\"https:\/\/crusoe.audiencelabs.com.br\/#website\"},\"primaryImageOfPage\":{\"@id\":\"https:\/\/crusoe.audiencelabs.com.br\/atencao-whatsapp-vai-parar-de-funcionar-a-partir-de-setembro-em-alguns-aparelhos-celulares\/#primaryimage\"},\"image\":{\"@id\":\"https:\/\/crusoe.audiencelabs.com.br\/atencao-whatsapp-vai-parar-de-funcionar-a-partir-de-setembro-em-alguns-aparelhos-celulares\/#primaryimage\"},\"thumbnailUrl\":\"https:\/\/cdn.crusoe.com.br\/uploads\/2026\/04\/pexels-pixabay-267392.jpg\",\"datePublished\":\"2026-04-28T17:33:35+00:00\",\"author\":{\"@id\":\"https:\/\/crusoe.audiencelabs.com.br\/#\/schema\/person\/0cca5874eda7d72cef71e77a9a9c2143\"},\"breadcrumb\":{\"@id\":\"https:\/\/crusoe.audiencelabs.com.br\/atencao-whatsapp-vai-parar-de-funcionar-a-partir-de-setembro-em-alguns-aparelhos-celulares\/#breadcrumb\"},\"inLanguage\":\"pt-BR\",\"potentialAction\":[{\"@type\":\"ReadAction\",\"target\":[\"https:\/\/crusoe.audiencelabs.com.br\/atencao-whatsapp-vai-parar-de-funcionar-a-partir-de-setembro-em-alguns-aparelhos-celulares\/\"]}]},{\"@type\":\"ImageObject\",\"inLanguage\":\"pt-BR\",\"@id\":\"https:\/\/crusoe.audiencelabs.com.br\/atencao-whatsapp-vai-parar-de-funcionar-a-partir-de-setembro-em-alguns-aparelhos-celulares\/#primaryimage\",\"url\":\"https:\/\/cdn.crusoe.com.br\/uploads\/2026\/04\/pexels-pixabay-267392.jpg\",\"contentUrl\":\"https:\/\/cdn.crusoe.com.br\/uploads\/2026\/04\/pexels-pixabay-267392.jpg\",\"width\":640,\"height\":427,\"caption\":\"Imagem meramente ilustrativa. Reprodu\u00e7\u00e3o: Pixabay \/ Pexels\"},{\"@type\":\"BreadcrumbList\",\"@id\":\"https:\/\/crusoe.audiencelabs.com.br\/atencao-whatsapp-vai-parar-de-funcionar-a-partir-de-setembro-em-alguns-aparelhos-celulares\/#breadcrumb\",\"itemListElement\":[{\"@type\":\"ListItem\",\"position\":1,\"name\":\"Home\",\"item\":\"https:\/\/crusoe.audiencelabs.com.br\/\"},{\"@type\":\"ListItem\",\"position\":2,\"name\":\"Aten\u00e7\u00e3o! WhatsApp vai parar de funcionar a partir de setembro em alguns aparelhos celulares\"}]},{\"@type\":\"WebSite\",\"@id\":\"https:\/\/crusoe.audiencelabs.com.br\/#website\",\"url\":\"https:\/\/crusoe.audiencelabs.com.br\/\",\"name\":\"Variedades - Cruso\u00e9\",\"description\":\"\",\"potentialAction\":[{\"@type\":\"SearchAction\",\"target\":{\"@type\":\"EntryPoint\",\"urlTemplate\":\"https:\/\/crusoe.audiencelabs.com.br\/?s={search_term_string}\"},\"query-input\":{\"@type\":\"PropertyValueSpecification\",\"valueRequired\":true,\"valueName\":\"search_term_string\"}}],\"inLanguage\":\"pt-BR\"},{\"@type\":\"Person\",\"@id\":\"https:\/\/crusoe.audiencelabs.com.br\/#\/schema\/person\/0cca5874eda7d72cef71e77a9a9c2143\",\"name\":\"J\u00falio Nesi\",\"image\":{\"@type\":\"ImageObject\",\"inLanguage\":\"pt-BR\",\"@id\":\"https:\/\/crusoe.audiencelabs.com.br\/#\/schema\/person\/image\/\",\"url\":\"https:\/\/secure.gravatar.com\/avatar\/c22eb47c3e2320e71637346b980e09f63de9f75742d3335f94a26b83dff70473?s=96&d=mm&r=g\",\"contentUrl\":\"https:\/\/secure.gravatar.com\/avatar\/c22eb47c3e2320e71637346b980e09f63de9f75742d3335f94a26b83dff70473?s=96&d=mm&r=g\",\"caption\":\"J\u00falio Nesi\"},\"description\":\"Jornalista alagoano formado pela UFAL, j\u00e1 atuei em produ\u00e7\u00e3o de conte\u00fado digital para portais, r\u00e1dio e redes sociais.\",\"sameAs\":[\"www.linkedin.com\/in\/j\u00falio-nesi\"],\"url\":\"https:\/\/crusoe.audiencelabs.com.br\/author\/julionesi\/\"}]}<\/script>\n<!-- \/ Yoast SEO plugin. -->","yoast_head_json":{"title":"Aten\u00e7\u00e3o! WhatsApp vai parar de funcionar a partir de setembro em alguns aparelhos celulares","robots":{"index":"index","follow":"follow","max-snippet":"max-snippet:-1","max-image-preview":"max-image-preview:large","max-video-preview":"max-video-preview:-1"},"canonical":"https:\/\/crusoe.audiencelabs.com.br\/atencao-whatsapp-vai-parar-de-funcionar-a-partir-de-setembro-em-alguns-aparelhos-celulares\/","og_locale":"pt_BR","og_type":"article","og_title":"Aten\u00e7\u00e3o! WhatsApp vai parar de funcionar a partir de setembro em alguns aparelhos celulares","og_description":"A empresa Meta, dona do WhatsApp, confirmou que o aplicativo de mensagens deixara de dar suporte a alguns aparelhos a partir do dia 8 de setembro. De acordo com o comunicado, o aplicativo n\u00e3o ir\u00e1 mais funcionar em dispositivos que utilizam sistemas inferiores ao Android 6.0 e ao iOS 15.1. Ou seja, celulares que utilizam [&hellip;]","og_url":"https:\/\/crusoe.audiencelabs.com.br\/atencao-whatsapp-vai-parar-de-funcionar-a-partir-de-setembro-em-alguns-aparelhos-celulares\/","og_site_name":"Variedades - Cruso\u00e9","article_published_time":"2026-04-28T17:33:35+00:00","og_image":[{"width":640,"height":427,"url":"https:\/\/cdn.crusoe.com.br\/uploads\/2026\/04\/pexels-pixabay-267392.jpg","type":"image\/jpeg"}],"author":"J\u00falio Nesi","twitter_card":"summary_large_image","twitter_misc":{"Escrito por":"J\u00falio Nesi","Est. tempo de leitura":"3 minutos"},"schema":{"@context":"https:\/\/schema.org","@graph":[{"@type":"WebPage","@id":"https:\/\/crusoe.audiencelabs.com.br\/atencao-whatsapp-vai-parar-de-funcionar-a-partir-de-setembro-em-alguns-aparelhos-celulares\/","url":"https:\/\/crusoe.audiencelabs.com.br\/atencao-whatsapp-vai-parar-de-funcionar-a-partir-de-setembro-em-alguns-aparelhos-celulares\/","name":"Aten\u00e7\u00e3o! WhatsApp vai parar de funcionar a partir de setembro em alguns aparelhos celulares","isPartOf":{"@id":"https:\/\/crusoe.audiencelabs.com.br\/#website"},"primaryImageOfPage":{"@id":"https:\/\/crusoe.audiencelabs.com.br\/atencao-whatsapp-vai-parar-de-funcionar-a-partir-de-setembro-em-alguns-aparelhos-celulares\/#primaryimage"},"image":{"@id":"https:\/\/crusoe.audiencelabs.com.br\/atencao-whatsapp-vai-parar-de-funcionar-a-partir-de-setembro-em-alguns-aparelhos-celulares\/#primaryimage"},"thumbnailUrl":"https:\/\/cdn.crusoe.com.br\/uploads\/2026\/04\/pexels-pixabay-267392.jpg","datePublished":"2026-04-28T17:33:35+00:00","author":{"@id":"https:\/\/crusoe.audiencelabs.com.br\/#\/schema\/person\/0cca5874eda7d72cef71e77a9a9c2143"},"breadcrumb":{"@id":"https:\/\/crusoe.audiencelabs.com.br\/atencao-whatsapp-vai-parar-de-funcionar-a-partir-de-setembro-em-alguns-aparelhos-celulares\/#breadcrumb"},"inLanguage":"pt-BR","potentialAction":[{"@type":"ReadAction","target":["https:\/\/crusoe.audiencelabs.com.br\/atencao-whatsapp-vai-parar-de-funcionar-a-partir-de-setembro-em-alguns-aparelhos-celulares\/"]}]},{"@type":"ImageObject","inLanguage":"pt-BR","@id":"https:\/\/crusoe.audiencelabs.com.br\/atencao-whatsapp-vai-parar-de-funcionar-a-partir-de-setembro-em-alguns-aparelhos-celulares\/#primaryimage","url":"https:\/\/cdn.crusoe.com.br\/uploads\/2026\/04\/pexels-pixabay-267392.jpg","contentUrl":"https:\/\/cdn.crusoe.com.br\/uploads\/2026\/04\/pexels-pixabay-267392.jpg","width":640,"height":427,"caption":"Imagem meramente ilustrativa. Reprodu\u00e7\u00e3o: Pixabay \/ Pexels"},{"@type":"BreadcrumbList","@id":"https:\/\/crusoe.audiencelabs.com.br\/atencao-whatsapp-vai-parar-de-funcionar-a-partir-de-setembro-em-alguns-aparelhos-celulares\/#breadcrumb","itemListElement":[{"@type":"ListItem","position":1,"name":"Home","item":"https:\/\/crusoe.audiencelabs.com.br\/"},{"@type":"ListItem","position":2,"name":"Aten\u00e7\u00e3o! WhatsApp vai parar de funcionar a partir de setembro em alguns aparelhos celulares"}]},{"@type":"WebSite","@id":"https:\/\/crusoe.audiencelabs.com.br\/#website","url":"https:\/\/crusoe.audiencelabs.com.br\/","name":"Variedades - Cruso\u00e9","description":"","potentialAction":[{"@type":"SearchAction","target":{"@type":"EntryPoint","urlTemplate":"https:\/\/crusoe.audiencelabs.com.br\/?s={search_term_string}"},"query-input":{"@type":"PropertyValueSpecification","valueRequired":true,"valueName":"search_term_string"}}],"inLanguage":"pt-BR"},{"@type":"Person","@id":"https:\/\/crusoe.audiencelabs.com.br\/#\/schema\/person\/0cca5874eda7d72cef71e77a9a9c2143","name":"J\u00falio Nesi","image":{"@type":"ImageObject","inLanguage":"pt-BR","@id":"https:\/\/crusoe.audiencelabs.com.br\/#\/schema\/person\/image\/","url":"https:\/\/secure.gravatar.com\/avatar\/c22eb47c3e2320e71637346b980e09f63de9f75742d3335f94a26b83dff70473?s=96&d=mm&r=g","contentUrl":"https:\/\/secure.gravatar.com\/avatar\/c22eb47c3e2320e71637346b980e09f63de9f75742d3335f94a26b83dff70473?s=96&d=mm&r=g","caption":"J\u00falio Nesi"},"description":"Jornalista alagoano formado pela UFAL, j\u00e1 atuei em produ\u00e7\u00e3o de conte\u00fado digital para portais, r\u00e1dio e redes sociais.","sameAs":["www.linkedin.com\/in\/j\u00falio-nesi"],"url":"https:\/\/crusoe.audiencelabs.com.br\/author\/julionesi\/"}]}},"_links":{"self":[{"href":"https:\/\/crusoe.audiencelabs.com.br\/wp-json\/wp\/v2\/posts\/37952","targetHints":{"allow":["GET"]}}],"collection":[{"href":"https:\/\/crusoe.audiencelabs.com.br\/wp-json\/wp\/v2\/posts"}],"about":[{"href":"https:\/\/crusoe.audiencelabs.com.br\/wp-json\/wp\/v2\/types\/post"}],"author":[{"embeddable":true,"href":"https:\/\/crusoe.audiencelabs.com.br\/wp-json\/wp\/v2\/users\/15"}],"replies":[{"embeddable":true,"href":"https:\/\/crusoe.audiencelabs.com.br\/wp-json\/wp\/v2\/comments?post=37952"}],"version-history":[{"count":2,"href":"https:\/\/crusoe.audiencelabs.com.br\/wp-json\/wp\/v2\/posts\/37952\/revisions"}],"predecessor-version":[{"id":37962,"href":"https:\/\/crusoe.audiencelabs.com.br\/wp-json\/wp\/v2\/posts\/37952\/revisions\/37962"}],"wp:featuredmedia":[{"embeddable":true,"href":"https:\/\/crusoe.audiencelabs.com.br\/wp-json\/wp\/v2\/media\/37953"}],"wp:attachment":[{"href":"https:\/\/crusoe.audiencelabs.com.br\/wp-json\/wp\/v2\/media?parent=37952"}],"wp:term":[{"taxonomy":"category","embeddable":true,"href":"https:\/\/crusoe.audiencelabs.com.br\/wp-json\/wp\/v2\/categories?post=37952"},{"taxonomy":"post_tag","embeddable":true,"href":"https:\/\/crusoe.audiencelabs.com.br\/wp-json\/wp\/v2\/tags?post=37952"}],"curies":[{"name":"wp","href":"https:\/\/api.w.org\/{rel}","templated":true}]}}