{"id":37947,"date":"2026-04-28T20:38:22","date_gmt":"2026-04-28T23:38:22","guid":{"rendered":"https:\/\/crusoe.audiencelabs.com.br\/?p=37947"},"modified":"2026-04-28T10:02:55","modified_gmt":"2026-04-28T13:02:55","slug":"justica-aprova-e-jornada-de-12h-de-trabalho-e-aprovada-em-pais-da-america-do-sul","status":"publish","type":"post","link":"https:\/\/crusoe.audiencelabs.com.br\/justica-aprova-e-jornada-de-12h-de-trabalho-e-aprovada-em-pais-da-america-do-sul\/","title":{"rendered":"Justi\u00e7a aprova e jornada de 12h de trabalho \u00e9 aprovada em pa\u00eds da Am\u00e9rica do Sul"},"content":{"rendered":"<p><span style=\"font-weight: 400\">A Justi\u00e7a argentina validou, na \u00faltima semana, trechos centrais da reforma trabalhista proposta pelo presidente Javier Milei, que haviam sido suspensos por liminar em mar\u00e7o. <\/span><b>A decis\u00e3o autoriza jornadas de at\u00e9 12 horas di\u00e1rias no pa\u00eds.<\/b><\/p>\n<p><span style=\"font-weight: 400\">A reforma percorreu um longo caminho antes de chegar aqui. O Senado argentino aprovou o texto em fevereiro de 2026, com 42 votos favor\u00e1veis e 30 contr\u00e1rios, ap\u00f3s mais de 13 horas de debate.\u00a0<\/span><\/p>\n<p><span style=\"font-weight: 400\">Em mar\u00e7o, contudo, um juiz do Trabalho suspendeu 82 artigos da lei por entender que a aplica\u00e7\u00e3o imediata poderia causar danos irrepar\u00e1veis aos trabalhadores.\u00a0<\/span><\/p>\n<p><span style=\"font-weight: 400\">A nova decis\u00e3o judicial derrubou parte dessa suspens\u00e3o, liberando a implementa\u00e7\u00e3o das jornadas de 12 horas mediante acordo coletivo por categoria.<\/span><\/p>\n<h2><span style=\"font-weight: 400\">O que muda na pr\u00e1tica<\/span><\/h2>\n<p><span style=\"font-weight: 400\">Pelo texto aprovado no Congresso argentino, a jornada di\u00e1ria pode ser ampliada de 8 para at\u00e9 12 horas, desde que haja intervalo m\u00ednimo de 12 horas entre o fim de um expediente e o in\u00edcio do pr\u00f3ximo. A medida exige negocia\u00e7\u00e3o via conven\u00e7\u00e3o coletiva.<\/span><\/p>\n<p><span style=\"font-weight: 400\">Al\u00e9m da jornada estendida, a reforma cria banco de horas, que permite compensar horas extras com folgas no lugar de pagamento adicional.\u00a0<\/span><\/p>\n<p><span style=\"font-weight: 400\">Outra mudan\u00e7a prev\u00ea o chamado &#8220;sal\u00e1rio din\u00e2mico&#8221;, vari\u00e1vel conforme metas de produtividade, inclusive por ato unilateral do empregador dentro do acordo coletivo aplic\u00e1vel.<\/span><\/p>\n<p><span style=\"font-weight: 400\">A Confedera\u00e7\u00e3o Geral do Trabalho (CGT) da Argentina anunciou que recorrer\u00e1 da decis\u00e3o judicial. Para os sindicatos, a valida\u00e7\u00e3o representa um retrocesso nos direitos constru\u00eddos ao longo de d\u00e9cadas.\u00a0<\/span><\/p>\n<p><span style=\"font-weight: 400\">A disputa deve chegar \u00e0 Suprema Corte argentina nos pr\u00f3ximos meses, mantendo o cen\u00e1rio em aberto.<\/span><\/p>\n<h2><span style=\"font-weight: 400\">O Brasil vai no caminho oposto<\/span><\/h2>\n<p><span style=\"font-weight: 400\">Enquanto a Argentina flexibiliza o limite di\u00e1rio, o Congresso brasileiro discute exatamente o contr\u00e1rio. <\/span><\/p>\n<p><span style=\"font-weight: 400\">A PEC que prop\u00f5e o fim da escala 6\u00d71 sem redu\u00e7\u00e3o de sal\u00e1rio avan\u00e7a em Bras\u00edlia, alinhando o pa\u00eds a uma tend\u00eancia de redu\u00e7\u00e3o da carga semanal observada tamb\u00e9m no M\u00e9xico, que aprovou a queda de 48 para 40 horas semanais.<\/span><\/p>\n<p><span style=\"font-weight: 400\">A Constitui\u00e7\u00e3o Federal de 1988 estabelece, que jornada m\u00e1xima de oito horas di\u00e1rias e 44 horas semanais no Brasil.\u00a0<\/span><\/p>\n<p><span style=\"font-weight: 400\">Qualquer altera\u00e7\u00e3o nesse limite exige, portanto, aprova\u00e7\u00e3o de Proposta de Emenda \u00e0 Constitui\u00e7\u00e3o com maioria de tr\u00eas quintos em dois turnos em cada casa do Congresso Nacional.<\/span><\/p>\n","protected":false},"excerpt":{"rendered":"<p>A Justi\u00e7a argentina validou, na \u00faltima semana, trechos centrais da reforma trabalhista proposta pelo presidente Javier Milei, que haviam sido suspensos por liminar em mar\u00e7o. A decis\u00e3o autoriza jornadas de at\u00e9 12 horas di\u00e1rias no pa\u00eds. A reforma percorreu um longo caminho antes de chegar aqui. O Senado argentino aprovou o texto em fevereiro de [&hellip;]<\/p>\n","protected":false},"author":17,"featured_media":37954,"comment_status":"open","ping_status":"open","sticky":false,"template":"","format":"standard","meta":{"jnews-multi-image_gallery":[],"jnews_single_post":{"format":"standard","jnews_video_option_group":[[]],"override":[{"template":"2","parallax":"1","fullscreen":"1","layout":"right-sidebar","sidebar":"default-sidebar","second_sidebar":"default-sidebar","sticky_sidebar":"1","share_position":"hide","share_float_style":"share-monocrhome","show_featured":"1","show_post_meta":"1","show_post_author":"1","show_post_date":"1","post_date_format":"default","post_date_format_custom":"Y\/m\/d","show_post_category":"1","show_post_reading_time":"0","post_reading_time_wpm":"300","post_calculate_word_method":"str_word_count","show_zoom_button":"0","zoom_button_out_step":"2","zoom_button_in_step":"3","show_post_tag":"1","show_popup_post":"1","number_popup_post":"1","show_author_box":"1","show_post_related":"0"}],"image_override":[{"single_post_thumbnail_size":"crop-500","single_post_gallery_size":"crop-500"}],"trending_post_position":"meta","trending_post_label":"Trending","sponsored_post_label":"Sponsored by","disable_ad":"0","subtitle":"Decis\u00e3o vale para a Argentina, onde reforma de Milei permite turno de at\u00e9 12h; no Brasil, o Congresso debate caminho oposto: redu\u00e7\u00e3o da carga hor\u00e1ria semanal"},"jnews_primary_category":[],"jnews_override_counter":{"view_counter_number":"0","share_counter_number":"0","like_counter_number":"0","dislike_counter_number":"0"},"jnews_post_split":{"post_split":[{"template":"1","tag":"h2","numbering":"asc","mode":"normal","first":"0","enable_toc":"0","toc_type":"normal"}]},"footnotes":""},"categories":[1],"tags":[],"class_list":["post-37947","post","type-post","status-publish","format-standard","has-post-thumbnail","hentry","category-geral"],"yoast_head":"<!-- This site is optimized with the Yoast SEO plugin v25.0 - https:\/\/yoast.com\/wordpress\/plugins\/seo\/ -->\n<title>Justi\u00e7a aprova e jornada de 12h de trabalho \u00e9 aprovada em pa\u00eds da Am\u00e9rica do Sul<\/title>\n<meta name=\"robots\" content=\"index, follow, max-snippet:-1, max-image-preview:large, max-video-preview:-1\" \/>\n<link rel=\"canonical\" href=\"https:\/\/crusoe.audiencelabs.com.br\/justica-aprova-e-jornada-de-12h-de-trabalho-e-aprovada-em-pais-da-america-do-sul\/\" \/>\n<meta property=\"og:locale\" content=\"pt_BR\" \/>\n<meta property=\"og:type\" content=\"article\" \/>\n<meta property=\"og:title\" content=\"Justi\u00e7a aprova e jornada de 12h de trabalho \u00e9 aprovada em pa\u00eds da Am\u00e9rica do Sul\" \/>\n<meta property=\"og:description\" content=\"A Justi\u00e7a argentina validou, na \u00faltima semana, trechos centrais da reforma trabalhista proposta pelo presidente Javier Milei, que haviam sido suspensos por liminar em mar\u00e7o. A decis\u00e3o autoriza jornadas de at\u00e9 12 horas di\u00e1rias no pa\u00eds. A reforma percorreu um longo caminho antes de chegar aqui. O Senado argentino aprovou o texto em fevereiro de [&hellip;]\" \/>\n<meta property=\"og:url\" content=\"https:\/\/crusoe.audiencelabs.com.br\/justica-aprova-e-jornada-de-12h-de-trabalho-e-aprovada-em-pais-da-america-do-sul\/\" \/>\n<meta property=\"og:site_name\" content=\"Variedades - Cruso\u00e9\" \/>\n<meta property=\"article:published_time\" content=\"2026-04-28T23:38:22+00:00\" \/>\n<meta property=\"og:image\" content=\"https:\/\/cdn.crusoe.com.br\/uploads\/2026\/04\/image_processing20231221-48342-yfz921.webp\" \/>\n\t<meta property=\"og:image:width\" content=\"800\" \/>\n\t<meta property=\"og:image:height\" content=\"533\" \/>\n\t<meta property=\"og:image:type\" content=\"image\/webp\" \/>\n<meta name=\"author\" content=\"Sofia Volpi\" \/>\n<meta name=\"twitter:card\" content=\"summary_large_image\" \/>\n<meta name=\"twitter:label1\" content=\"Escrito por\" \/>\n\t<meta name=\"twitter:data1\" content=\"Sofia Volpi\" \/>\n\t<meta name=\"twitter:label2\" content=\"Est. tempo de leitura\" \/>\n\t<meta name=\"twitter:data2\" content=\"3 minutos\" \/>\n<script type=\"application\/ld+json\" class=\"yoast-schema-graph\">{\"@context\":\"https:\/\/schema.org\",\"@graph\":[{\"@type\":\"WebPage\",\"@id\":\"https:\/\/crusoe.audiencelabs.com.br\/justica-aprova-e-jornada-de-12h-de-trabalho-e-aprovada-em-pais-da-america-do-sul\/\",\"url\":\"https:\/\/crusoe.audiencelabs.com.br\/justica-aprova-e-jornada-de-12h-de-trabalho-e-aprovada-em-pais-da-america-do-sul\/\",\"name\":\"Justi\u00e7a aprova e jornada de 12h de trabalho \u00e9 aprovada em pa\u00eds da Am\u00e9rica do Sul\",\"isPartOf\":{\"@id\":\"https:\/\/crusoe.audiencelabs.com.br\/#website\"},\"primaryImageOfPage\":{\"@id\":\"https:\/\/crusoe.audiencelabs.com.br\/justica-aprova-e-jornada-de-12h-de-trabalho-e-aprovada-em-pais-da-america-do-sul\/#primaryimage\"},\"image\":{\"@id\":\"https:\/\/crusoe.audiencelabs.com.br\/justica-aprova-e-jornada-de-12h-de-trabalho-e-aprovada-em-pais-da-america-do-sul\/#primaryimage\"},\"thumbnailUrl\":\"https:\/\/cdn.crusoe.com.br\/uploads\/2026\/04\/image_processing20231221-48342-yfz921.webp\",\"datePublished\":\"2026-04-28T23:38:22+00:00\",\"author\":{\"@id\":\"https:\/\/crusoe.audiencelabs.com.br\/#\/schema\/person\/9d0fb7a15db57f24b87bef41d034cb04\"},\"breadcrumb\":{\"@id\":\"https:\/\/crusoe.audiencelabs.com.br\/justica-aprova-e-jornada-de-12h-de-trabalho-e-aprovada-em-pais-da-america-do-sul\/#breadcrumb\"},\"inLanguage\":\"pt-BR\",\"potentialAction\":[{\"@type\":\"ReadAction\",\"target\":[\"https:\/\/crusoe.audiencelabs.com.br\/justica-aprova-e-jornada-de-12h-de-trabalho-e-aprovada-em-pais-da-america-do-sul\/\"]}]},{\"@type\":\"ImageObject\",\"inLanguage\":\"pt-BR\",\"@id\":\"https:\/\/crusoe.audiencelabs.com.br\/justica-aprova-e-jornada-de-12h-de-trabalho-e-aprovada-em-pais-da-america-do-sul\/#primaryimage\",\"url\":\"https:\/\/cdn.crusoe.com.br\/uploads\/2026\/04\/image_processing20231221-48342-yfz921.webp\",\"contentUrl\":\"https:\/\/cdn.crusoe.com.br\/uploads\/2026\/04\/image_processing20231221-48342-yfz921.webp\",\"width\":800,\"height\":533,\"caption\":\"Foto: Juan Mabromata\/AFP\"},{\"@type\":\"BreadcrumbList\",\"@id\":\"https:\/\/crusoe.audiencelabs.com.br\/justica-aprova-e-jornada-de-12h-de-trabalho-e-aprovada-em-pais-da-america-do-sul\/#breadcrumb\",\"itemListElement\":[{\"@type\":\"ListItem\",\"position\":1,\"name\":\"Home\",\"item\":\"https:\/\/crusoe.audiencelabs.com.br\/\"},{\"@type\":\"ListItem\",\"position\":2,\"name\":\"Justi\u00e7a aprova e jornada de 12h de trabalho \u00e9 aprovada em pa\u00eds da Am\u00e9rica do Sul\"}]},{\"@type\":\"WebSite\",\"@id\":\"https:\/\/crusoe.audiencelabs.com.br\/#website\",\"url\":\"https:\/\/crusoe.audiencelabs.com.br\/\",\"name\":\"Variedades - Cruso\u00e9\",\"description\":\"\",\"potentialAction\":[{\"@type\":\"SearchAction\",\"target\":{\"@type\":\"EntryPoint\",\"urlTemplate\":\"https:\/\/crusoe.audiencelabs.com.br\/?s={search_term_string}\"},\"query-input\":{\"@type\":\"PropertyValueSpecification\",\"valueRequired\":true,\"valueName\":\"search_term_string\"}}],\"inLanguage\":\"pt-BR\"},{\"@type\":\"Person\",\"@id\":\"https:\/\/crusoe.audiencelabs.com.br\/#\/schema\/person\/9d0fb7a15db57f24b87bef41d034cb04\",\"name\":\"Sofia Volpi\",\"image\":{\"@type\":\"ImageObject\",\"inLanguage\":\"pt-BR\",\"@id\":\"https:\/\/crusoe.audiencelabs.com.br\/#\/schema\/person\/image\/\",\"url\":\"https:\/\/secure.gravatar.com\/avatar\/a34b676379e5491536434fe5f7a9c49c2efbf9be83b707fa9e74568d45d559f8?s=96&d=mm&r=g\",\"contentUrl\":\"https:\/\/secure.gravatar.com\/avatar\/a34b676379e5491536434fe5f7a9c49c2efbf9be83b707fa9e74568d45d559f8?s=96&d=mm&r=g\",\"caption\":\"Sofia Volpi\"},\"description\":\"Comunicadora, jornalista em forma\u00e7\u00e3o. Apaixonada por esportes e cultura, colunista.\",\"url\":\"https:\/\/crusoe.audiencelabs.com.br\/author\/sofiavolpi\/\"}]}<\/script>\n<!-- \/ Yoast SEO plugin. -->","yoast_head_json":{"title":"Justi\u00e7a aprova e jornada de 12h de trabalho \u00e9 aprovada em pa\u00eds da Am\u00e9rica do Sul","robots":{"index":"index","follow":"follow","max-snippet":"max-snippet:-1","max-image-preview":"max-image-preview:large","max-video-preview":"max-video-preview:-1"},"canonical":"https:\/\/crusoe.audiencelabs.com.br\/justica-aprova-e-jornada-de-12h-de-trabalho-e-aprovada-em-pais-da-america-do-sul\/","og_locale":"pt_BR","og_type":"article","og_title":"Justi\u00e7a aprova e jornada de 12h de trabalho \u00e9 aprovada em pa\u00eds da Am\u00e9rica do Sul","og_description":"A Justi\u00e7a argentina validou, na \u00faltima semana, trechos centrais da reforma trabalhista proposta pelo presidente Javier Milei, que haviam sido suspensos por liminar em mar\u00e7o. A decis\u00e3o autoriza jornadas de at\u00e9 12 horas di\u00e1rias no pa\u00eds. A reforma percorreu um longo caminho antes de chegar aqui. O Senado argentino aprovou o texto em fevereiro de [&hellip;]","og_url":"https:\/\/crusoe.audiencelabs.com.br\/justica-aprova-e-jornada-de-12h-de-trabalho-e-aprovada-em-pais-da-america-do-sul\/","og_site_name":"Variedades - Cruso\u00e9","article_published_time":"2026-04-28T23:38:22+00:00","og_image":[{"width":800,"height":533,"url":"https:\/\/cdn.crusoe.com.br\/uploads\/2026\/04\/image_processing20231221-48342-yfz921.webp","type":"image\/webp"}],"author":"Sofia Volpi","twitter_card":"summary_large_image","twitter_misc":{"Escrito por":"Sofia Volpi","Est. tempo de leitura":"3 minutos"},"schema":{"@context":"https:\/\/schema.org","@graph":[{"@type":"WebPage","@id":"https:\/\/crusoe.audiencelabs.com.br\/justica-aprova-e-jornada-de-12h-de-trabalho-e-aprovada-em-pais-da-america-do-sul\/","url":"https:\/\/crusoe.audiencelabs.com.br\/justica-aprova-e-jornada-de-12h-de-trabalho-e-aprovada-em-pais-da-america-do-sul\/","name":"Justi\u00e7a aprova e jornada de 12h de trabalho \u00e9 aprovada em pa\u00eds da Am\u00e9rica do Sul","isPartOf":{"@id":"https:\/\/crusoe.audiencelabs.com.br\/#website"},"primaryImageOfPage":{"@id":"https:\/\/crusoe.audiencelabs.com.br\/justica-aprova-e-jornada-de-12h-de-trabalho-e-aprovada-em-pais-da-america-do-sul\/#primaryimage"},"image":{"@id":"https:\/\/crusoe.audiencelabs.com.br\/justica-aprova-e-jornada-de-12h-de-trabalho-e-aprovada-em-pais-da-america-do-sul\/#primaryimage"},"thumbnailUrl":"https:\/\/cdn.crusoe.com.br\/uploads\/2026\/04\/image_processing20231221-48342-yfz921.webp","datePublished":"2026-04-28T23:38:22+00:00","author":{"@id":"https:\/\/crusoe.audiencelabs.com.br\/#\/schema\/person\/9d0fb7a15db57f24b87bef41d034cb04"},"breadcrumb":{"@id":"https:\/\/crusoe.audiencelabs.com.br\/justica-aprova-e-jornada-de-12h-de-trabalho-e-aprovada-em-pais-da-america-do-sul\/#breadcrumb"},"inLanguage":"pt-BR","potentialAction":[{"@type":"ReadAction","target":["https:\/\/crusoe.audiencelabs.com.br\/justica-aprova-e-jornada-de-12h-de-trabalho-e-aprovada-em-pais-da-america-do-sul\/"]}]},{"@type":"ImageObject","inLanguage":"pt-BR","@id":"https:\/\/crusoe.audiencelabs.com.br\/justica-aprova-e-jornada-de-12h-de-trabalho-e-aprovada-em-pais-da-america-do-sul\/#primaryimage","url":"https:\/\/cdn.crusoe.com.br\/uploads\/2026\/04\/image_processing20231221-48342-yfz921.webp","contentUrl":"https:\/\/cdn.crusoe.com.br\/uploads\/2026\/04\/image_processing20231221-48342-yfz921.webp","width":800,"height":533,"caption":"Foto: Juan Mabromata\/AFP"},{"@type":"BreadcrumbList","@id":"https:\/\/crusoe.audiencelabs.com.br\/justica-aprova-e-jornada-de-12h-de-trabalho-e-aprovada-em-pais-da-america-do-sul\/#breadcrumb","itemListElement":[{"@type":"ListItem","position":1,"name":"Home","item":"https:\/\/crusoe.audiencelabs.com.br\/"},{"@type":"ListItem","position":2,"name":"Justi\u00e7a aprova e jornada de 12h de trabalho \u00e9 aprovada em pa\u00eds da Am\u00e9rica do Sul"}]},{"@type":"WebSite","@id":"https:\/\/crusoe.audiencelabs.com.br\/#website","url":"https:\/\/crusoe.audiencelabs.com.br\/","name":"Variedades - Cruso\u00e9","description":"","potentialAction":[{"@type":"SearchAction","target":{"@type":"EntryPoint","urlTemplate":"https:\/\/crusoe.audiencelabs.com.br\/?s={search_term_string}"},"query-input":{"@type":"PropertyValueSpecification","valueRequired":true,"valueName":"search_term_string"}}],"inLanguage":"pt-BR"},{"@type":"Person","@id":"https:\/\/crusoe.audiencelabs.com.br\/#\/schema\/person\/9d0fb7a15db57f24b87bef41d034cb04","name":"Sofia Volpi","image":{"@type":"ImageObject","inLanguage":"pt-BR","@id":"https:\/\/crusoe.audiencelabs.com.br\/#\/schema\/person\/image\/","url":"https:\/\/secure.gravatar.com\/avatar\/a34b676379e5491536434fe5f7a9c49c2efbf9be83b707fa9e74568d45d559f8?s=96&d=mm&r=g","contentUrl":"https:\/\/secure.gravatar.com\/avatar\/a34b676379e5491536434fe5f7a9c49c2efbf9be83b707fa9e74568d45d559f8?s=96&d=mm&r=g","caption":"Sofia Volpi"},"description":"Comunicadora, jornalista em forma\u00e7\u00e3o. Apaixonada por esportes e cultura, colunista.","url":"https:\/\/crusoe.audiencelabs.com.br\/author\/sofiavolpi\/"}]}},"_links":{"self":[{"href":"https:\/\/crusoe.audiencelabs.com.br\/wp-json\/wp\/v2\/posts\/37947","targetHints":{"allow":["GET"]}}],"collection":[{"href":"https:\/\/crusoe.audiencelabs.com.br\/wp-json\/wp\/v2\/posts"}],"about":[{"href":"https:\/\/crusoe.audiencelabs.com.br\/wp-json\/wp\/v2\/types\/post"}],"author":[{"embeddable":true,"href":"https:\/\/crusoe.audiencelabs.com.br\/wp-json\/wp\/v2\/users\/17"}],"replies":[{"embeddable":true,"href":"https:\/\/crusoe.audiencelabs.com.br\/wp-json\/wp\/v2\/comments?post=37947"}],"version-history":[{"count":1,"href":"https:\/\/crusoe.audiencelabs.com.br\/wp-json\/wp\/v2\/posts\/37947\/revisions"}],"predecessor-version":[{"id":37955,"href":"https:\/\/crusoe.audiencelabs.com.br\/wp-json\/wp\/v2\/posts\/37947\/revisions\/37955"}],"wp:featuredmedia":[{"embeddable":true,"href":"https:\/\/crusoe.audiencelabs.com.br\/wp-json\/wp\/v2\/media\/37954"}],"wp:attachment":[{"href":"https:\/\/crusoe.audiencelabs.com.br\/wp-json\/wp\/v2\/media?parent=37947"}],"wp:term":[{"taxonomy":"category","embeddable":true,"href":"https:\/\/crusoe.audiencelabs.com.br\/wp-json\/wp\/v2\/categories?post=37947"},{"taxonomy":"post_tag","embeddable":true,"href":"https:\/\/crusoe.audiencelabs.com.br\/wp-json\/wp\/v2\/tags?post=37947"}],"curies":[{"name":"wp","href":"https:\/\/api.w.org\/{rel}","templated":true}]}}