{"id":37923,"date":"2026-04-28T09:32:14","date_gmt":"2026-04-28T12:32:14","guid":{"rendered":"https:\/\/crusoe.audiencelabs.com.br\/?p=37923"},"modified":"2026-04-28T08:21:47","modified_gmt":"2026-04-28T11:21:47","slug":"baixas-temperaturas-e-tempo-instavel-seguem-ate-o-feriadao-no-sul-do-brasil","status":"publish","type":"post","link":"https:\/\/crusoe.audiencelabs.com.br\/baixas-temperaturas-e-tempo-instavel-seguem-ate-o-feriadao-no-sul-do-brasil\/","title":{"rendered":"Baixas temperaturas e tempo inst\u00e1vel seguem at\u00e9 o feriad\u00e3o no Sul do Brasil"},"content":{"rendered":"<p><span style=\"font-weight: 400\">O Sul do Brasil enfrenta um per\u00edodo prolongado de instabilidade clim\u00e1tica at\u00e9 o feriado prolongado do Dia do Trabalho. A Climatempo monitora a chegada de duas frentes frias consecutivas entre os dias 30 de abril e 2 de maio de 2026, com quedas expressivas de temperatura.<\/span><\/p>\n<p><span style=\"font-weight: 400\">A primeira frente avan\u00e7a pelo Sul no dia 30 de abril e afeta principalmente Santa Catarina e o Paran\u00e1, com pancadas de chuva moderada a forte. <\/span><\/p>\n<p><span style=\"font-weight: 400\">Em seguida, uma segunda frente chega ao Rio Grande do Sul entre os dias 1 e 2 de maio, segundo a Climatempo.<\/span><\/p>\n<p><span style=\"font-weight: 400\">O INMET emitiu alerta para queda de temperatura de 3\u00b0C a 5\u00b0C nos tr\u00eas estados do Sul. Al\u00e9m disso, a combina\u00e7\u00e3o de c\u00e9u aberto e ar seco nas madrugadas cria condi\u00e7\u00f5es para forma\u00e7\u00e3o de geada isolada nos Campos de Cima da Serra (RS) e no Planalto Sul Catarinense.<\/span><\/p>\n<h2><span style=\"font-weight: 400\">Onde o frio chega com mais for\u00e7a<\/span><\/h2>\n<p><span style=\"font-weight: 400\">Conforme a Climatempo, a ter\u00e7a-feira, 28 de abril, j\u00e1 registra as menores temperaturas do ano em diversas \u00e1reas do Rio Grande do Sul. <\/span><\/p>\n<p><span style=\"font-weight: 400\">As m\u00ednimas variam entre 0\u00b0C e 2\u00b0C nas regi\u00f5es de maior altitude e entre 3\u00b0C e 5\u00b0C na fronteira com o Uruguai e no planalto ga\u00facho.<\/span><\/p>\n<p><span style=\"font-weight: 400\">Em Porto Alegre, a m\u00ednima fica entre 10\u00b0C e 12\u00b0C, com sensa\u00e7\u00e3o t\u00e9rmica ainda menor por causa dos ventos. As regi\u00f5es centrais e os vales do RS registram entre 5\u00b0C e 7\u00b0C nas madrugadas mais frias do per\u00edodo, segundo o monitoramento do INMET.<\/span><\/p>\n<p><span style=\"font-weight: 400\">Santa Catarina tamb\u00e9m sente os efeitos com for\u00e7a. O Planalto Norte Catarinense e a Serra Geral entram na faixa de maior risco de geada, especialmente entre a madrugada de ter\u00e7a e a manh\u00e3 de quarta-feira, quando o ar polar alcan\u00e7a o pico de intensidade.<\/span><\/p>\n<h2><span style=\"font-weight: 400\">Perspectiva para o feriad\u00e3o<\/span><\/h2>\n<p><span style=\"font-weight: 400\">A segunda frente fria garante que o frio se prolongue pelos tr\u00eas dias do feriado. A Climatempo prev\u00ea que o outono de 2026 seja menos frio do que a m\u00e9dia hist\u00f3rica na maior parte do pa\u00eds, mas epis\u00f3dios intensos de ar polar devem se repetir ao longo de maio.<\/span><\/p>\n<p><span style=\"font-weight: 400\">Para quem planeja viajar ao litoral ga\u00facho ou catarinense durante o feriado, o Inmet recomenda acompanhar as atualiza\u00e7\u00f5es dos alertas meteorol\u00f3gicos. Produtores rurais das regi\u00f5es serranas devem proteger planta\u00e7\u00f5es sens\u00edveis \u00e0 geada nas madrugadas de ter\u00e7a e quarta.<\/span><\/p>\n","protected":false},"excerpt":{"rendered":"<p>O Sul do Brasil enfrenta um per\u00edodo prolongado de instabilidade clim\u00e1tica at\u00e9 o feriado prolongado do Dia do Trabalho. A Climatempo monitora a chegada de duas frentes frias consecutivas entre os dias 30 de abril e 2 de maio de 2026, com quedas expressivas de temperatura. A primeira frente avan\u00e7a pelo Sul no dia 30 [&hellip;]<\/p>\n","protected":false},"author":17,"featured_media":37926,"comment_status":"open","ping_status":"open","sticky":false,"template":"","format":"standard","meta":{"jnews-multi-image_gallery":[],"jnews_single_post":{"format":"standard","jnews_video_option_group":[[]],"override":[{"template":"2","parallax":"1","fullscreen":"1","layout":"right-sidebar","sidebar":"default-sidebar","second_sidebar":"default-sidebar","sticky_sidebar":"1","share_position":"hide","share_float_style":"share-monocrhome","show_featured":"1","show_post_meta":"1","show_post_author":"1","show_post_date":"1","post_date_format":"default","post_date_format_custom":"Y\/m\/d","show_post_category":"1","show_post_reading_time":"0","post_reading_time_wpm":"300","post_calculate_word_method":"str_word_count","show_zoom_button":"0","zoom_button_out_step":"2","zoom_button_in_step":"3","show_post_tag":"1","show_popup_post":"1","number_popup_post":"1","show_author_box":"1","show_post_related":"0"}],"image_override":[{"single_post_thumbnail_size":"crop-500","single_post_gallery_size":"crop-500"}],"trending_post_position":"meta","trending_post_label":"Trending","sponsored_post_label":"Sponsored by","disable_ad":"0","subtitle":"Duas frentes frias se sucedem entre 30 de abril e 2 de maio; INMET alerta para risco de geada em regi\u00f5es serranas do RS e de SC"},"jnews_primary_category":[],"jnews_override_counter":{"view_counter_number":"0","share_counter_number":"0","like_counter_number":"0","dislike_counter_number":"0"},"jnews_post_split":{"post_split":[{"template":"1","tag":"h2","numbering":"asc","mode":"normal","first":"0","enable_toc":"0","toc_type":"normal"}]},"footnotes":""},"categories":[1],"tags":[],"class_list":["post-37923","post","type-post","status-publish","format-standard","has-post-thumbnail","hentry","category-geral"],"yoast_head":"<!-- This site is optimized with the Yoast SEO plugin v25.0 - https:\/\/yoast.com\/wordpress\/plugins\/seo\/ -->\n<title>Baixas temperaturas e tempo inst\u00e1vel seguem at\u00e9 o feriad\u00e3o no Sul do Brasil<\/title>\n<meta name=\"robots\" content=\"index, follow, max-snippet:-1, max-image-preview:large, max-video-preview:-1\" \/>\n<link rel=\"canonical\" href=\"https:\/\/crusoe.audiencelabs.com.br\/baixas-temperaturas-e-tempo-instavel-seguem-ate-o-feriadao-no-sul-do-brasil\/\" \/>\n<meta property=\"og:locale\" content=\"pt_BR\" \/>\n<meta property=\"og:type\" content=\"article\" \/>\n<meta property=\"og:title\" content=\"Baixas temperaturas e tempo inst\u00e1vel seguem at\u00e9 o feriad\u00e3o no Sul do Brasil\" \/>\n<meta property=\"og:description\" content=\"O Sul do Brasil enfrenta um per\u00edodo prolongado de instabilidade clim\u00e1tica at\u00e9 o feriado prolongado do Dia do Trabalho. A Climatempo monitora a chegada de duas frentes frias consecutivas entre os dias 30 de abril e 2 de maio de 2026, com quedas expressivas de temperatura. A primeira frente avan\u00e7a pelo Sul no dia 30 [&hellip;]\" \/>\n<meta property=\"og:url\" content=\"https:\/\/crusoe.audiencelabs.com.br\/baixas-temperaturas-e-tempo-instavel-seguem-ate-o-feriadao-no-sul-do-brasil\/\" \/>\n<meta property=\"og:site_name\" content=\"Variedades - Cruso\u00e9\" \/>\n<meta property=\"article:published_time\" content=\"2026-04-28T12:32:14+00:00\" \/>\n<meta property=\"og:image\" content=\"https:\/\/cdn.crusoe.com.br\/uploads\/2026\/04\/chuva-neblina-e-temperaturas-baixas-foram-registradas-em-caxias-do-sul-1720609984453_v2_900x506.jpg.webp\" \/>\n\t<meta property=\"og:image:width\" content=\"900\" \/>\n\t<meta property=\"og:image:height\" content=\"506\" \/>\n\t<meta property=\"og:image:type\" content=\"image\/webp\" \/>\n<meta name=\"author\" content=\"Sofia Volpi\" \/>\n<meta name=\"twitter:card\" content=\"summary_large_image\" \/>\n<meta name=\"twitter:label1\" content=\"Escrito por\" \/>\n\t<meta name=\"twitter:data1\" content=\"Sofia Volpi\" \/>\n\t<meta name=\"twitter:label2\" content=\"Est. tempo de leitura\" \/>\n\t<meta name=\"twitter:data2\" content=\"3 minutos\" \/>\n<script type=\"application\/ld+json\" class=\"yoast-schema-graph\">{\"@context\":\"https:\/\/schema.org\",\"@graph\":[{\"@type\":\"WebPage\",\"@id\":\"https:\/\/crusoe.audiencelabs.com.br\/baixas-temperaturas-e-tempo-instavel-seguem-ate-o-feriadao-no-sul-do-brasil\/\",\"url\":\"https:\/\/crusoe.audiencelabs.com.br\/baixas-temperaturas-e-tempo-instavel-seguem-ate-o-feriadao-no-sul-do-brasil\/\",\"name\":\"Baixas temperaturas e tempo inst\u00e1vel seguem at\u00e9 o feriad\u00e3o no Sul do Brasil\",\"isPartOf\":{\"@id\":\"https:\/\/crusoe.audiencelabs.com.br\/#website\"},\"primaryImageOfPage\":{\"@id\":\"https:\/\/crusoe.audiencelabs.com.br\/baixas-temperaturas-e-tempo-instavel-seguem-ate-o-feriadao-no-sul-do-brasil\/#primaryimage\"},\"image\":{\"@id\":\"https:\/\/crusoe.audiencelabs.com.br\/baixas-temperaturas-e-tempo-instavel-seguem-ate-o-feriadao-no-sul-do-brasil\/#primaryimage\"},\"thumbnailUrl\":\"https:\/\/cdn.crusoe.com.br\/uploads\/2026\/04\/chuva-neblina-e-temperaturas-baixas-foram-registradas-em-caxias-do-sul-1720609984453_v2_900x506.jpg.webp\",\"datePublished\":\"2026-04-28T12:32:14+00:00\",\"author\":{\"@id\":\"https:\/\/crusoe.audiencelabs.com.br\/#\/schema\/person\/9d0fb7a15db57f24b87bef41d034cb04\"},\"breadcrumb\":{\"@id\":\"https:\/\/crusoe.audiencelabs.com.br\/baixas-temperaturas-e-tempo-instavel-seguem-ate-o-feriadao-no-sul-do-brasil\/#breadcrumb\"},\"inLanguage\":\"pt-BR\",\"potentialAction\":[{\"@type\":\"ReadAction\",\"target\":[\"https:\/\/crusoe.audiencelabs.com.br\/baixas-temperaturas-e-tempo-instavel-seguem-ate-o-feriadao-no-sul-do-brasil\/\"]}]},{\"@type\":\"ImageObject\",\"inLanguage\":\"pt-BR\",\"@id\":\"https:\/\/crusoe.audiencelabs.com.br\/baixas-temperaturas-e-tempo-instavel-seguem-ate-o-feriadao-no-sul-do-brasil\/#primaryimage\",\"url\":\"https:\/\/cdn.crusoe.com.br\/uploads\/2026\/04\/chuva-neblina-e-temperaturas-baixas-foram-registradas-em-caxias-do-sul-1720609984453_v2_900x506.jpg.webp\",\"contentUrl\":\"https:\/\/cdn.crusoe.com.br\/uploads\/2026\/04\/chuva-neblina-e-temperaturas-baixas-foram-registradas-em-caxias-do-sul-1720609984453_v2_900x506.jpg.webp\",\"width\":900,\"height\":506,\"caption\":\"Imagem: ANTONIO MACHADO\/FOTOARENA\/FOTOARENA\/9.jul.2024-ESTAD\u00c3O CONTE\u00daDO\"},{\"@type\":\"BreadcrumbList\",\"@id\":\"https:\/\/crusoe.audiencelabs.com.br\/baixas-temperaturas-e-tempo-instavel-seguem-ate-o-feriadao-no-sul-do-brasil\/#breadcrumb\",\"itemListElement\":[{\"@type\":\"ListItem\",\"position\":1,\"name\":\"Home\",\"item\":\"https:\/\/crusoe.audiencelabs.com.br\/\"},{\"@type\":\"ListItem\",\"position\":2,\"name\":\"Baixas temperaturas e tempo inst\u00e1vel seguem at\u00e9 o feriad\u00e3o no Sul do Brasil\"}]},{\"@type\":\"WebSite\",\"@id\":\"https:\/\/crusoe.audiencelabs.com.br\/#website\",\"url\":\"https:\/\/crusoe.audiencelabs.com.br\/\",\"name\":\"Variedades - Cruso\u00e9\",\"description\":\"\",\"potentialAction\":[{\"@type\":\"SearchAction\",\"target\":{\"@type\":\"EntryPoint\",\"urlTemplate\":\"https:\/\/crusoe.audiencelabs.com.br\/?s={search_term_string}\"},\"query-input\":{\"@type\":\"PropertyValueSpecification\",\"valueRequired\":true,\"valueName\":\"search_term_string\"}}],\"inLanguage\":\"pt-BR\"},{\"@type\":\"Person\",\"@id\":\"https:\/\/crusoe.audiencelabs.com.br\/#\/schema\/person\/9d0fb7a15db57f24b87bef41d034cb04\",\"name\":\"Sofia Volpi\",\"image\":{\"@type\":\"ImageObject\",\"inLanguage\":\"pt-BR\",\"@id\":\"https:\/\/crusoe.audiencelabs.com.br\/#\/schema\/person\/image\/\",\"url\":\"https:\/\/secure.gravatar.com\/avatar\/a34b676379e5491536434fe5f7a9c49c2efbf9be83b707fa9e74568d45d559f8?s=96&d=mm&r=g\",\"contentUrl\":\"https:\/\/secure.gravatar.com\/avatar\/a34b676379e5491536434fe5f7a9c49c2efbf9be83b707fa9e74568d45d559f8?s=96&d=mm&r=g\",\"caption\":\"Sofia Volpi\"},\"description\":\"Comunicadora, jornalista em forma\u00e7\u00e3o. Apaixonada por esportes e cultura, colunista.\",\"url\":\"https:\/\/crusoe.audiencelabs.com.br\/author\/sofiavolpi\/\"}]}<\/script>\n<!-- \/ Yoast SEO plugin. -->","yoast_head_json":{"title":"Baixas temperaturas e tempo inst\u00e1vel seguem at\u00e9 o feriad\u00e3o no Sul do Brasil","robots":{"index":"index","follow":"follow","max-snippet":"max-snippet:-1","max-image-preview":"max-image-preview:large","max-video-preview":"max-video-preview:-1"},"canonical":"https:\/\/crusoe.audiencelabs.com.br\/baixas-temperaturas-e-tempo-instavel-seguem-ate-o-feriadao-no-sul-do-brasil\/","og_locale":"pt_BR","og_type":"article","og_title":"Baixas temperaturas e tempo inst\u00e1vel seguem at\u00e9 o feriad\u00e3o no Sul do Brasil","og_description":"O Sul do Brasil enfrenta um per\u00edodo prolongado de instabilidade clim\u00e1tica at\u00e9 o feriado prolongado do Dia do Trabalho. A Climatempo monitora a chegada de duas frentes frias consecutivas entre os dias 30 de abril e 2 de maio de 2026, com quedas expressivas de temperatura. A primeira frente avan\u00e7a pelo Sul no dia 30 [&hellip;]","og_url":"https:\/\/crusoe.audiencelabs.com.br\/baixas-temperaturas-e-tempo-instavel-seguem-ate-o-feriadao-no-sul-do-brasil\/","og_site_name":"Variedades - Cruso\u00e9","article_published_time":"2026-04-28T12:32:14+00:00","og_image":[{"width":900,"height":506,"url":"https:\/\/cdn.crusoe.com.br\/uploads\/2026\/04\/chuva-neblina-e-temperaturas-baixas-foram-registradas-em-caxias-do-sul-1720609984453_v2_900x506.jpg.webp","type":"image\/webp"}],"author":"Sofia Volpi","twitter_card":"summary_large_image","twitter_misc":{"Escrito por":"Sofia Volpi","Est. tempo de leitura":"3 minutos"},"schema":{"@context":"https:\/\/schema.org","@graph":[{"@type":"WebPage","@id":"https:\/\/crusoe.audiencelabs.com.br\/baixas-temperaturas-e-tempo-instavel-seguem-ate-o-feriadao-no-sul-do-brasil\/","url":"https:\/\/crusoe.audiencelabs.com.br\/baixas-temperaturas-e-tempo-instavel-seguem-ate-o-feriadao-no-sul-do-brasil\/","name":"Baixas temperaturas e tempo inst\u00e1vel seguem at\u00e9 o feriad\u00e3o no Sul do Brasil","isPartOf":{"@id":"https:\/\/crusoe.audiencelabs.com.br\/#website"},"primaryImageOfPage":{"@id":"https:\/\/crusoe.audiencelabs.com.br\/baixas-temperaturas-e-tempo-instavel-seguem-ate-o-feriadao-no-sul-do-brasil\/#primaryimage"},"image":{"@id":"https:\/\/crusoe.audiencelabs.com.br\/baixas-temperaturas-e-tempo-instavel-seguem-ate-o-feriadao-no-sul-do-brasil\/#primaryimage"},"thumbnailUrl":"https:\/\/cdn.crusoe.com.br\/uploads\/2026\/04\/chuva-neblina-e-temperaturas-baixas-foram-registradas-em-caxias-do-sul-1720609984453_v2_900x506.jpg.webp","datePublished":"2026-04-28T12:32:14+00:00","author":{"@id":"https:\/\/crusoe.audiencelabs.com.br\/#\/schema\/person\/9d0fb7a15db57f24b87bef41d034cb04"},"breadcrumb":{"@id":"https:\/\/crusoe.audiencelabs.com.br\/baixas-temperaturas-e-tempo-instavel-seguem-ate-o-feriadao-no-sul-do-brasil\/#breadcrumb"},"inLanguage":"pt-BR","potentialAction":[{"@type":"ReadAction","target":["https:\/\/crusoe.audiencelabs.com.br\/baixas-temperaturas-e-tempo-instavel-seguem-ate-o-feriadao-no-sul-do-brasil\/"]}]},{"@type":"ImageObject","inLanguage":"pt-BR","@id":"https:\/\/crusoe.audiencelabs.com.br\/baixas-temperaturas-e-tempo-instavel-seguem-ate-o-feriadao-no-sul-do-brasil\/#primaryimage","url":"https:\/\/cdn.crusoe.com.br\/uploads\/2026\/04\/chuva-neblina-e-temperaturas-baixas-foram-registradas-em-caxias-do-sul-1720609984453_v2_900x506.jpg.webp","contentUrl":"https:\/\/cdn.crusoe.com.br\/uploads\/2026\/04\/chuva-neblina-e-temperaturas-baixas-foram-registradas-em-caxias-do-sul-1720609984453_v2_900x506.jpg.webp","width":900,"height":506,"caption":"Imagem: ANTONIO MACHADO\/FOTOARENA\/FOTOARENA\/9.jul.2024-ESTAD\u00c3O CONTE\u00daDO"},{"@type":"BreadcrumbList","@id":"https:\/\/crusoe.audiencelabs.com.br\/baixas-temperaturas-e-tempo-instavel-seguem-ate-o-feriadao-no-sul-do-brasil\/#breadcrumb","itemListElement":[{"@type":"ListItem","position":1,"name":"Home","item":"https:\/\/crusoe.audiencelabs.com.br\/"},{"@type":"ListItem","position":2,"name":"Baixas temperaturas e tempo inst\u00e1vel seguem at\u00e9 o feriad\u00e3o no Sul do Brasil"}]},{"@type":"WebSite","@id":"https:\/\/crusoe.audiencelabs.com.br\/#website","url":"https:\/\/crusoe.audiencelabs.com.br\/","name":"Variedades - Cruso\u00e9","description":"","potentialAction":[{"@type":"SearchAction","target":{"@type":"EntryPoint","urlTemplate":"https:\/\/crusoe.audiencelabs.com.br\/?s={search_term_string}"},"query-input":{"@type":"PropertyValueSpecification","valueRequired":true,"valueName":"search_term_string"}}],"inLanguage":"pt-BR"},{"@type":"Person","@id":"https:\/\/crusoe.audiencelabs.com.br\/#\/schema\/person\/9d0fb7a15db57f24b87bef41d034cb04","name":"Sofia Volpi","image":{"@type":"ImageObject","inLanguage":"pt-BR","@id":"https:\/\/crusoe.audiencelabs.com.br\/#\/schema\/person\/image\/","url":"https:\/\/secure.gravatar.com\/avatar\/a34b676379e5491536434fe5f7a9c49c2efbf9be83b707fa9e74568d45d559f8?s=96&d=mm&r=g","contentUrl":"https:\/\/secure.gravatar.com\/avatar\/a34b676379e5491536434fe5f7a9c49c2efbf9be83b707fa9e74568d45d559f8?s=96&d=mm&r=g","caption":"Sofia Volpi"},"description":"Comunicadora, jornalista em forma\u00e7\u00e3o. Apaixonada por esportes e cultura, colunista.","url":"https:\/\/crusoe.audiencelabs.com.br\/author\/sofiavolpi\/"}]}},"_links":{"self":[{"href":"https:\/\/crusoe.audiencelabs.com.br\/wp-json\/wp\/v2\/posts\/37923","targetHints":{"allow":["GET"]}}],"collection":[{"href":"https:\/\/crusoe.audiencelabs.com.br\/wp-json\/wp\/v2\/posts"}],"about":[{"href":"https:\/\/crusoe.audiencelabs.com.br\/wp-json\/wp\/v2\/types\/post"}],"author":[{"embeddable":true,"href":"https:\/\/crusoe.audiencelabs.com.br\/wp-json\/wp\/v2\/users\/17"}],"replies":[{"embeddable":true,"href":"https:\/\/crusoe.audiencelabs.com.br\/wp-json\/wp\/v2\/comments?post=37923"}],"version-history":[{"count":1,"href":"https:\/\/crusoe.audiencelabs.com.br\/wp-json\/wp\/v2\/posts\/37923\/revisions"}],"predecessor-version":[{"id":37927,"href":"https:\/\/crusoe.audiencelabs.com.br\/wp-json\/wp\/v2\/posts\/37923\/revisions\/37927"}],"wp:featuredmedia":[{"embeddable":true,"href":"https:\/\/crusoe.audiencelabs.com.br\/wp-json\/wp\/v2\/media\/37926"}],"wp:attachment":[{"href":"https:\/\/crusoe.audiencelabs.com.br\/wp-json\/wp\/v2\/media?parent=37923"}],"wp:term":[{"taxonomy":"category","embeddable":true,"href":"https:\/\/crusoe.audiencelabs.com.br\/wp-json\/wp\/v2\/categories?post=37923"},{"taxonomy":"post_tag","embeddable":true,"href":"https:\/\/crusoe.audiencelabs.com.br\/wp-json\/wp\/v2\/tags?post=37923"}],"curies":[{"name":"wp","href":"https:\/\/api.w.org\/{rel}","templated":true}]}}