{"id":37918,"date":"2026-05-03T08:33:17","date_gmt":"2026-05-03T11:33:17","guid":{"rendered":"https:\/\/crusoe.audiencelabs.com.br\/?p=37918"},"modified":"2026-04-27T15:35:42","modified_gmt":"2026-04-27T18:35:42","slug":"como-e-a-realidade-e-a-qualidade-de-vida-dos-moradores-das-favelas-na-suica","status":"publish","type":"post","link":"https:\/\/crusoe.audiencelabs.com.br\/como-e-a-realidade-e-a-qualidade-de-vida-dos-moradores-das-favelas-na-suica\/","title":{"rendered":"Como \u00e9 a realidade e a qualidade de vida dos moradores das \u201cfavelas\u201d na Su\u00ed\u00e7a"},"content":{"rendered":"<p class=\"font-claude-response-body break-words whitespace-normal leading-[1.7]\">Quem mora nos bairros populares da <strong>Su\u00ed\u00e7a<\/strong> vive uma realidade bem diferente do que o nome &#8220;<strong>favela<\/strong>&#8221; pode sugerir. Em cidades como <strong>Basileia<\/strong>, as regi\u00f5es mais simples do pa\u00eds contam com saneamento b\u00e1sico, transporte p\u00fablico eficiente, seguran\u00e7a e manuten\u00e7\u00e3o urbana em n\u00edveis que superam o padr\u00e3o de boa parte do mundo.<\/p>\n<p class=\"font-claude-response-body break-words whitespace-normal leading-[1.7]\">O termo &#8220;favela&#8221; aparece nesses contextos mais como exagero do que como descri\u00e7\u00e3o precisa. Bairros como Klybeck e Kleinbasel t\u00eam pr\u00e9dios de apar\u00eancia mais simples, apartamentos menores e grande concentra\u00e7\u00e3o de moradores, o que gera o contraste com a imagem cl\u00e1ssica da Su\u00ed\u00e7a de chal\u00e9s e paisagens alpinas.<\/p>\n<p>Apesar do diferencial visual, essas regi\u00f5es est\u00e3o longe de serem &#8220;favelas&#8221; tradicionais. Para fins de compara\u00e7\u00e3o, o <strong>Produto Interno Bruto<\/strong> (<strong>PIB<\/strong>) <strong>per capita<\/strong> da Basileia \u00e9 de CHF 204.070 (cerca de US$ 225.000). J\u00e1 o PIB per capita de Bras\u00edlia \u00e9 de cerca de R$ 129.790 (aproximadamente US$ 25 mil).<\/p>\n<p>Ou seja, a riqueza m\u00e9dia por cidad\u00e3o na Basileia, uma suposta &#8220;cidade favela&#8221; da Su\u00ed\u00e7a, \u00e9 nove vezes maior que a de um cidad\u00e3o de Bras\u00edlia, a capital do Brasil.<\/p>\n<h2>O que essas regi\u00f5es t\u00eam de diferente?<\/h2>\n<p class=\"font-claude-response-body break-words whitespace-normal leading-[1.7]\">A popula\u00e7\u00e3o desses bairros \u00e9 bastante diversa. Fam\u00edlias vindas da Turquia, dos B\u00e1lc\u00e3s, da \u00c1sia e da Am\u00e9rica Latina convivem nas ruas com com\u00e9rcio local, barbearias, restaurantes e mercados de diferentes culturas. Bondes ligam essas regi\u00f5es ao centro da cidade, e os moradores t\u00eam acesso a escolas e servi\u00e7os pr\u00f3ximos de casa.<\/p>\n<p class=\"font-claude-response-body break-words whitespace-normal leading-[1.7]\">A moradia costuma ser menor, mas os pr\u00e9dios seguem padr\u00f5es de manuten\u00e7\u00e3o e isolamento t\u00e9rmico. A circula\u00e7\u00e3o pelas ruas no dia a dia n\u00e3o envolve o tipo de tens\u00e3o associado a \u00e1reas de vulnerabilidade urbana em outros pa\u00edses.<\/p>\n<h2>Por que a qualidade de vida se mant\u00e9m alta?<\/h2>\n<p class=\"font-claude-response-body break-words whitespace-normal leading-[1.7]\">A combina\u00e7\u00e3o entre uma renda nacional elevada, planejamento urbano consistente e pol\u00edticas p\u00fablicas estruturadas explica por que mesmo as regi\u00f5es mais baratas da Su\u00ed\u00e7a mant\u00eam boa qualidade de vida. O acesso \u00e0 \u00e1gua tratada, coleta de lixo, energia e transporte n\u00e3o desaparece conforme o bairro fica mais acess\u00edvel.<\/p>\n<p class=\"font-claude-response-body break-words whitespace-normal leading-[1.7]\">Outro fator que ajuda quem mora nessas \u00e1reas \u00e9 a localiza\u00e7\u00e3o de Basileia. A cidade faz fronteira com a Alemanha e a Fran\u00e7a, o que permite que as fam\u00edlias fa\u00e7am compras fora do pa\u00eds para reduzir os gastos com alimentos e produtos do dia a dia. Para quem vive em um dos pa\u00edses mais caros do mundo, essa estrat\u00e9gia ajuda no or\u00e7amento.<\/p>\n<h2>Seria o mesmo que uma favela brasileira?<\/h2>\n<p class=\"font-claude-response-body break-words whitespace-normal leading-[1.7]\">N\u00e3o d\u00e1 para comparar diretamente. A desigualdade nesses bairros su\u00ed\u00e7os aparece no tamanho do im\u00f3vel e na est\u00e9tica dos pr\u00e9dios, n\u00e3o na falta de saneamento, transporte ou seguran\u00e7a. O patamar m\u00ednimo de infraestrutura \u00e9 completamente diferente do que se v\u00ea em periferias marcadas pelo abandono do poder p\u00fablico.<\/p>\n<p class=\"font-claude-response-body break-words whitespace-normal leading-[1.7]\">Isso n\u00e3o significa que a vida seja simples. O custo de vida na Su\u00ed\u00e7a \u00e9 alto, o aluguel pesa no bolso e os imigrantes enfrentam desafios de integra\u00e7\u00e3o. Ainda assim, morar em um bairro popular no pa\u00eds n\u00e3o equivale a viver sem acesso a servi\u00e7os b\u00e1sicos.<\/p>\n<h2>O que o modelo mostra sobre urbaniza\u00e7\u00e3o?<\/h2>\n<p class=\"font-claude-response-body break-words whitespace-normal leading-[1.7]\">A Su\u00ed\u00e7a mostra que desigualdade de renda n\u00e3o precisa resultar em abandono urbano. Um bairro pode ser simples, denso e popular sem abrir m\u00e3o de saneamento, seguran\u00e7a e transporte. A diferen\u00e7a est\u00e1 na presen\u00e7a cont\u00ednua do Estado e na forma como a cidade distribui infraestrutura entre as regi\u00f5es.<\/p>\n<p class=\"font-claude-response-body break-words whitespace-normal leading-[1.7]\">Quando a habita\u00e7\u00e3o popular recebe manuten\u00e7\u00e3o, isolamento t\u00e9rmico e conex\u00e3o com o restante da cidade, a moradia deixa de ser &#8220;apenas abrigo&#8221;. Passa a sustentar sa\u00fade, educa\u00e7\u00e3o, trabalho e conviv\u00eancia, o que muda a experi\u00eancia de crescer e viver em um bairro de menor renda.<\/p>\n","protected":false},"excerpt":{"rendered":"<p>Quem mora nos bairros populares da Su\u00ed\u00e7a vive uma realidade bem diferente do que o nome &#8220;favela&#8221; pode sugerir. Em cidades como Basileia, as regi\u00f5es mais simples do pa\u00eds contam com saneamento b\u00e1sico, transporte p\u00fablico eficiente, seguran\u00e7a e manuten\u00e7\u00e3o urbana em n\u00edveis que superam o padr\u00e3o de boa parte do mundo. O termo &#8220;favela&#8221; aparece [&hellip;]<\/p>\n","protected":false},"author":15,"featured_media":37919,"comment_status":"open","ping_status":"open","sticky":false,"template":"","format":"standard","meta":{"jnews-multi-image_gallery":[],"jnews_single_post":{"format":"standard","jnews_video_option_group":[[]],"override":[{"template":"2","parallax":"1","fullscreen":"1","layout":"right-sidebar","sidebar":"default-sidebar","second_sidebar":"default-sidebar","sticky_sidebar":"1","share_position":"hide","share_float_style":"share-monocrhome","show_featured":"1","show_post_meta":"1","show_post_author":"1","show_post_date":"1","post_date_format":"default","post_date_format_custom":"Y\/m\/d","show_post_category":"1","show_post_reading_time":"0","post_reading_time_wpm":"300","post_calculate_word_method":"str_word_count","show_zoom_button":"0","zoom_button_out_step":"2","zoom_button_in_step":"3","show_post_tag":"1","show_popup_post":"1","number_popup_post":"1","show_author_box":"1","show_post_related":"0"}],"image_override":[{"single_post_thumbnail_size":"crop-500","single_post_gallery_size":"crop-500"}],"trending_post_position":"meta","trending_post_label":"Trending","sponsored_post_label":"Sponsored by","disable_ad":"0","subtitle":"Apesar do nome, a Su\u00ed\u00e7a n\u00e3o tem o que os brasileiros reconhecem como \"favela\""},"jnews_primary_category":[],"jnews_override_counter":{"view_counter_number":"0","share_counter_number":"0","like_counter_number":"0","dislike_counter_number":"0"},"jnews_post_split":{"post_split":[{"template":"1","tag":"h2","numbering":"asc","mode":"normal","first":"0","enable_toc":"0","toc_type":"normal"}]},"footnotes":""},"categories":[1],"tags":[7738,692,329,7736,6160,7179,7737,1697],"class_list":["post-37918","post","type-post","status-publish","format-standard","has-post-thumbnail","hentry","category-geral","tag-basileia","tag-curiosidades","tag-economia","tag-favela","tag-geografia","tag-pib","tag-pib-per-capita","tag-suica"],"yoast_head":"<!-- This site is optimized with the Yoast SEO plugin v25.0 - https:\/\/yoast.com\/wordpress\/plugins\/seo\/ -->\n<title>Como \u00e9 a realidade e a qualidade de vida dos moradores das \u201cfavelas\u201d na Su\u00ed\u00e7a<\/title>\n<meta name=\"robots\" content=\"index, follow, max-snippet:-1, max-image-preview:large, max-video-preview:-1\" \/>\n<link rel=\"canonical\" href=\"https:\/\/crusoe.audiencelabs.com.br\/como-e-a-realidade-e-a-qualidade-de-vida-dos-moradores-das-favelas-na-suica\/\" \/>\n<meta property=\"og:locale\" content=\"pt_BR\" \/>\n<meta property=\"og:type\" content=\"article\" \/>\n<meta property=\"og:title\" content=\"Como \u00e9 a realidade e a qualidade de vida dos moradores das \u201cfavelas\u201d na Su\u00ed\u00e7a\" \/>\n<meta property=\"og:description\" content=\"Quem mora nos bairros populares da Su\u00ed\u00e7a vive uma realidade bem diferente do que o nome &#8220;favela&#8221; pode sugerir. Em cidades como Basileia, as regi\u00f5es mais simples do pa\u00eds contam com saneamento b\u00e1sico, transporte p\u00fablico eficiente, seguran\u00e7a e manuten\u00e7\u00e3o urbana em n\u00edveis que superam o padr\u00e3o de boa parte do mundo. O termo &#8220;favela&#8221; aparece [&hellip;]\" \/>\n<meta property=\"og:url\" content=\"https:\/\/crusoe.audiencelabs.com.br\/como-e-a-realidade-e-a-qualidade-de-vida-dos-moradores-das-favelas-na-suica\/\" \/>\n<meta property=\"og:site_name\" content=\"Variedades - Cruso\u00e9\" \/>\n<meta property=\"article:published_time\" content=\"2026-05-03T11:33:17+00:00\" \/>\n<meta property=\"og:image\" content=\"https:\/\/cdn.crusoe.com.br\/uploads\/2026\/04\/pexels-ramonkaphotography-31716240.jpg\" \/>\n\t<meta property=\"og:image:width\" content=\"640\" \/>\n\t<meta property=\"og:image:height\" content=\"427\" \/>\n\t<meta property=\"og:image:type\" content=\"image\/jpeg\" \/>\n<meta name=\"author\" content=\"J\u00falio Nesi\" \/>\n<meta name=\"twitter:card\" content=\"summary_large_image\" \/>\n<meta name=\"twitter:label1\" content=\"Escrito por\" \/>\n\t<meta name=\"twitter:data1\" content=\"J\u00falio Nesi\" \/>\n\t<meta name=\"twitter:label2\" content=\"Est. tempo de leitura\" \/>\n\t<meta name=\"twitter:data2\" content=\"4 minutos\" \/>\n<script type=\"application\/ld+json\" class=\"yoast-schema-graph\">{\"@context\":\"https:\/\/schema.org\",\"@graph\":[{\"@type\":\"WebPage\",\"@id\":\"https:\/\/crusoe.audiencelabs.com.br\/como-e-a-realidade-e-a-qualidade-de-vida-dos-moradores-das-favelas-na-suica\/\",\"url\":\"https:\/\/crusoe.audiencelabs.com.br\/como-e-a-realidade-e-a-qualidade-de-vida-dos-moradores-das-favelas-na-suica\/\",\"name\":\"Como \u00e9 a realidade e a qualidade de vida dos moradores das \u201cfavelas\u201d na Su\u00ed\u00e7a\",\"isPartOf\":{\"@id\":\"https:\/\/crusoe.audiencelabs.com.br\/#website\"},\"primaryImageOfPage\":{\"@id\":\"https:\/\/crusoe.audiencelabs.com.br\/como-e-a-realidade-e-a-qualidade-de-vida-dos-moradores-das-favelas-na-suica\/#primaryimage\"},\"image\":{\"@id\":\"https:\/\/crusoe.audiencelabs.com.br\/como-e-a-realidade-e-a-qualidade-de-vida-dos-moradores-das-favelas-na-suica\/#primaryimage\"},\"thumbnailUrl\":\"https:\/\/cdn.crusoe.com.br\/uploads\/2026\/04\/pexels-ramonkaphotography-31716240.jpg\",\"datePublished\":\"2026-05-03T11:33:17+00:00\",\"author\":{\"@id\":\"https:\/\/crusoe.audiencelabs.com.br\/#\/schema\/person\/0cca5874eda7d72cef71e77a9a9c2143\"},\"breadcrumb\":{\"@id\":\"https:\/\/crusoe.audiencelabs.com.br\/como-e-a-realidade-e-a-qualidade-de-vida-dos-moradores-das-favelas-na-suica\/#breadcrumb\"},\"inLanguage\":\"pt-BR\",\"potentialAction\":[{\"@type\":\"ReadAction\",\"target\":[\"https:\/\/crusoe.audiencelabs.com.br\/como-e-a-realidade-e-a-qualidade-de-vida-dos-moradores-das-favelas-na-suica\/\"]}]},{\"@type\":\"ImageObject\",\"inLanguage\":\"pt-BR\",\"@id\":\"https:\/\/crusoe.audiencelabs.com.br\/como-e-a-realidade-e-a-qualidade-de-vida-dos-moradores-das-favelas-na-suica\/#primaryimage\",\"url\":\"https:\/\/cdn.crusoe.com.br\/uploads\/2026\/04\/pexels-ramonkaphotography-31716240.jpg\",\"contentUrl\":\"https:\/\/cdn.crusoe.com.br\/uploads\/2026\/04\/pexels-ramonkaphotography-31716240.jpg\",\"width\":640,\"height\":427,\"caption\":\"Basileira, regi\u00e3o popularizado como \\\"favela sui\u00e7a\\\". Reprodu\u00e7\u00e3o: Ramon Karolan \/ Pexels\"},{\"@type\":\"BreadcrumbList\",\"@id\":\"https:\/\/crusoe.audiencelabs.com.br\/como-e-a-realidade-e-a-qualidade-de-vida-dos-moradores-das-favelas-na-suica\/#breadcrumb\",\"itemListElement\":[{\"@type\":\"ListItem\",\"position\":1,\"name\":\"Home\",\"item\":\"https:\/\/crusoe.audiencelabs.com.br\/\"},{\"@type\":\"ListItem\",\"position\":2,\"name\":\"Como \u00e9 a realidade e a qualidade de vida dos moradores das \u201cfavelas\u201d na Su\u00ed\u00e7a\"}]},{\"@type\":\"WebSite\",\"@id\":\"https:\/\/crusoe.audiencelabs.com.br\/#website\",\"url\":\"https:\/\/crusoe.audiencelabs.com.br\/\",\"name\":\"Variedades - Cruso\u00e9\",\"description\":\"\",\"potentialAction\":[{\"@type\":\"SearchAction\",\"target\":{\"@type\":\"EntryPoint\",\"urlTemplate\":\"https:\/\/crusoe.audiencelabs.com.br\/?s={search_term_string}\"},\"query-input\":{\"@type\":\"PropertyValueSpecification\",\"valueRequired\":true,\"valueName\":\"search_term_string\"}}],\"inLanguage\":\"pt-BR\"},{\"@type\":\"Person\",\"@id\":\"https:\/\/crusoe.audiencelabs.com.br\/#\/schema\/person\/0cca5874eda7d72cef71e77a9a9c2143\",\"name\":\"J\u00falio Nesi\",\"image\":{\"@type\":\"ImageObject\",\"inLanguage\":\"pt-BR\",\"@id\":\"https:\/\/crusoe.audiencelabs.com.br\/#\/schema\/person\/image\/\",\"url\":\"https:\/\/secure.gravatar.com\/avatar\/c22eb47c3e2320e71637346b980e09f63de9f75742d3335f94a26b83dff70473?s=96&d=mm&r=g\",\"contentUrl\":\"https:\/\/secure.gravatar.com\/avatar\/c22eb47c3e2320e71637346b980e09f63de9f75742d3335f94a26b83dff70473?s=96&d=mm&r=g\",\"caption\":\"J\u00falio Nesi\"},\"description\":\"Jornalista alagoano formado pela UFAL, j\u00e1 atuei em produ\u00e7\u00e3o de conte\u00fado digital para portais, r\u00e1dio e redes sociais.\",\"sameAs\":[\"www.linkedin.com\/in\/j\u00falio-nesi\"],\"url\":\"https:\/\/crusoe.audiencelabs.com.br\/author\/julionesi\/\"}]}<\/script>\n<!-- \/ Yoast SEO plugin. -->","yoast_head_json":{"title":"Como \u00e9 a realidade e a qualidade de vida dos moradores das \u201cfavelas\u201d na Su\u00ed\u00e7a","robots":{"index":"index","follow":"follow","max-snippet":"max-snippet:-1","max-image-preview":"max-image-preview:large","max-video-preview":"max-video-preview:-1"},"canonical":"https:\/\/crusoe.audiencelabs.com.br\/como-e-a-realidade-e-a-qualidade-de-vida-dos-moradores-das-favelas-na-suica\/","og_locale":"pt_BR","og_type":"article","og_title":"Como \u00e9 a realidade e a qualidade de vida dos moradores das \u201cfavelas\u201d na Su\u00ed\u00e7a","og_description":"Quem mora nos bairros populares da Su\u00ed\u00e7a vive uma realidade bem diferente do que o nome &#8220;favela&#8221; pode sugerir. Em cidades como Basileia, as regi\u00f5es mais simples do pa\u00eds contam com saneamento b\u00e1sico, transporte p\u00fablico eficiente, seguran\u00e7a e manuten\u00e7\u00e3o urbana em n\u00edveis que superam o padr\u00e3o de boa parte do mundo. O termo &#8220;favela&#8221; aparece [&hellip;]","og_url":"https:\/\/crusoe.audiencelabs.com.br\/como-e-a-realidade-e-a-qualidade-de-vida-dos-moradores-das-favelas-na-suica\/","og_site_name":"Variedades - Cruso\u00e9","article_published_time":"2026-05-03T11:33:17+00:00","og_image":[{"width":640,"height":427,"url":"https:\/\/cdn.crusoe.com.br\/uploads\/2026\/04\/pexels-ramonkaphotography-31716240.jpg","type":"image\/jpeg"}],"author":"J\u00falio Nesi","twitter_card":"summary_large_image","twitter_misc":{"Escrito por":"J\u00falio Nesi","Est. tempo de leitura":"4 minutos"},"schema":{"@context":"https:\/\/schema.org","@graph":[{"@type":"WebPage","@id":"https:\/\/crusoe.audiencelabs.com.br\/como-e-a-realidade-e-a-qualidade-de-vida-dos-moradores-das-favelas-na-suica\/","url":"https:\/\/crusoe.audiencelabs.com.br\/como-e-a-realidade-e-a-qualidade-de-vida-dos-moradores-das-favelas-na-suica\/","name":"Como \u00e9 a realidade e a qualidade de vida dos moradores das \u201cfavelas\u201d na Su\u00ed\u00e7a","isPartOf":{"@id":"https:\/\/crusoe.audiencelabs.com.br\/#website"},"primaryImageOfPage":{"@id":"https:\/\/crusoe.audiencelabs.com.br\/como-e-a-realidade-e-a-qualidade-de-vida-dos-moradores-das-favelas-na-suica\/#primaryimage"},"image":{"@id":"https:\/\/crusoe.audiencelabs.com.br\/como-e-a-realidade-e-a-qualidade-de-vida-dos-moradores-das-favelas-na-suica\/#primaryimage"},"thumbnailUrl":"https:\/\/cdn.crusoe.com.br\/uploads\/2026\/04\/pexels-ramonkaphotography-31716240.jpg","datePublished":"2026-05-03T11:33:17+00:00","author":{"@id":"https:\/\/crusoe.audiencelabs.com.br\/#\/schema\/person\/0cca5874eda7d72cef71e77a9a9c2143"},"breadcrumb":{"@id":"https:\/\/crusoe.audiencelabs.com.br\/como-e-a-realidade-e-a-qualidade-de-vida-dos-moradores-das-favelas-na-suica\/#breadcrumb"},"inLanguage":"pt-BR","potentialAction":[{"@type":"ReadAction","target":["https:\/\/crusoe.audiencelabs.com.br\/como-e-a-realidade-e-a-qualidade-de-vida-dos-moradores-das-favelas-na-suica\/"]}]},{"@type":"ImageObject","inLanguage":"pt-BR","@id":"https:\/\/crusoe.audiencelabs.com.br\/como-e-a-realidade-e-a-qualidade-de-vida-dos-moradores-das-favelas-na-suica\/#primaryimage","url":"https:\/\/cdn.crusoe.com.br\/uploads\/2026\/04\/pexels-ramonkaphotography-31716240.jpg","contentUrl":"https:\/\/cdn.crusoe.com.br\/uploads\/2026\/04\/pexels-ramonkaphotography-31716240.jpg","width":640,"height":427,"caption":"Basileira, regi\u00e3o popularizado como \"favela sui\u00e7a\". Reprodu\u00e7\u00e3o: Ramon Karolan \/ Pexels"},{"@type":"BreadcrumbList","@id":"https:\/\/crusoe.audiencelabs.com.br\/como-e-a-realidade-e-a-qualidade-de-vida-dos-moradores-das-favelas-na-suica\/#breadcrumb","itemListElement":[{"@type":"ListItem","position":1,"name":"Home","item":"https:\/\/crusoe.audiencelabs.com.br\/"},{"@type":"ListItem","position":2,"name":"Como \u00e9 a realidade e a qualidade de vida dos moradores das \u201cfavelas\u201d na Su\u00ed\u00e7a"}]},{"@type":"WebSite","@id":"https:\/\/crusoe.audiencelabs.com.br\/#website","url":"https:\/\/crusoe.audiencelabs.com.br\/","name":"Variedades - Cruso\u00e9","description":"","potentialAction":[{"@type":"SearchAction","target":{"@type":"EntryPoint","urlTemplate":"https:\/\/crusoe.audiencelabs.com.br\/?s={search_term_string}"},"query-input":{"@type":"PropertyValueSpecification","valueRequired":true,"valueName":"search_term_string"}}],"inLanguage":"pt-BR"},{"@type":"Person","@id":"https:\/\/crusoe.audiencelabs.com.br\/#\/schema\/person\/0cca5874eda7d72cef71e77a9a9c2143","name":"J\u00falio Nesi","image":{"@type":"ImageObject","inLanguage":"pt-BR","@id":"https:\/\/crusoe.audiencelabs.com.br\/#\/schema\/person\/image\/","url":"https:\/\/secure.gravatar.com\/avatar\/c22eb47c3e2320e71637346b980e09f63de9f75742d3335f94a26b83dff70473?s=96&d=mm&r=g","contentUrl":"https:\/\/secure.gravatar.com\/avatar\/c22eb47c3e2320e71637346b980e09f63de9f75742d3335f94a26b83dff70473?s=96&d=mm&r=g","caption":"J\u00falio Nesi"},"description":"Jornalista alagoano formado pela UFAL, j\u00e1 atuei em produ\u00e7\u00e3o de conte\u00fado digital para portais, r\u00e1dio e redes sociais.","sameAs":["www.linkedin.com\/in\/j\u00falio-nesi"],"url":"https:\/\/crusoe.audiencelabs.com.br\/author\/julionesi\/"}]}},"_links":{"self":[{"href":"https:\/\/crusoe.audiencelabs.com.br\/wp-json\/wp\/v2\/posts\/37918","targetHints":{"allow":["GET"]}}],"collection":[{"href":"https:\/\/crusoe.audiencelabs.com.br\/wp-json\/wp\/v2\/posts"}],"about":[{"href":"https:\/\/crusoe.audiencelabs.com.br\/wp-json\/wp\/v2\/types\/post"}],"author":[{"embeddable":true,"href":"https:\/\/crusoe.audiencelabs.com.br\/wp-json\/wp\/v2\/users\/15"}],"replies":[{"embeddable":true,"href":"https:\/\/crusoe.audiencelabs.com.br\/wp-json\/wp\/v2\/comments?post=37918"}],"version-history":[{"count":1,"href":"https:\/\/crusoe.audiencelabs.com.br\/wp-json\/wp\/v2\/posts\/37918\/revisions"}],"predecessor-version":[{"id":37920,"href":"https:\/\/crusoe.audiencelabs.com.br\/wp-json\/wp\/v2\/posts\/37918\/revisions\/37920"}],"wp:featuredmedia":[{"embeddable":true,"href":"https:\/\/crusoe.audiencelabs.com.br\/wp-json\/wp\/v2\/media\/37919"}],"wp:attachment":[{"href":"https:\/\/crusoe.audiencelabs.com.br\/wp-json\/wp\/v2\/media?parent=37918"}],"wp:term":[{"taxonomy":"category","embeddable":true,"href":"https:\/\/crusoe.audiencelabs.com.br\/wp-json\/wp\/v2\/categories?post=37918"},{"taxonomy":"post_tag","embeddable":true,"href":"https:\/\/crusoe.audiencelabs.com.br\/wp-json\/wp\/v2\/tags?post=37918"}],"curies":[{"name":"wp","href":"https:\/\/api.w.org\/{rel}","templated":true}]}}