{"id":37893,"date":"2026-04-27T19:34:16","date_gmt":"2026-04-27T22:34:16","guid":{"rendered":"https:\/\/crusoe.audiencelabs.com.br\/?p=37893"},"modified":"2026-04-27T13:31:35","modified_gmt":"2026-04-27T16:31:35","slug":"prisao-volta-a-operar-com-capacidade-maxima-apos-interdicao-parcial-no-rs","status":"publish","type":"post","link":"https:\/\/crusoe.audiencelabs.com.br\/prisao-volta-a-operar-com-capacidade-maxima-apos-interdicao-parcial-no-rs\/","title":{"rendered":"Pris\u00e3o volta a operar com capacidade m\u00e1xima ap\u00f3s interdi\u00e7\u00e3o parcial no RS"},"content":{"rendered":"<p class=\"font-claude-response-body break-words whitespace-normal leading-[1.7]\">O <strong>N\u00facleo de Gest\u00e3o Estrat\u00e9gica do Sistema Prisional<\/strong> (<strong>Nugesp<\/strong>) do <strong>Rio Grande do Sul<\/strong> voltou a receber presos normalmente a partir deste final de semana, ap\u00f3s cerca de uma semana com o fluxo de entrada suspenso.<\/p>\n<p class=\"font-claude-response-body break-words whitespace-normal leading-[1.7]\">O comunicado oficial foi realizado pela <strong>Secretaria de Sistemas Penal e Socioeducativo<\/strong>\u00a0do Estado (<strong>SSP\/RS<\/strong>), que tamb\u00e9m ajustou os procedimentos em conjunto com o <strong>Poder Judici\u00e1rio<\/strong> para retomar os atendimentos e zerar a fila de espera por vagas.<\/p>\n<p class=\"font-claude-response-body break-words whitespace-normal leading-[1.7]\">A unidade funciona como a principal porta de entrada do <strong>sistema prisional<\/strong> em <strong>Porto Alegre<\/strong>. No local, s\u00e3o realizados os procedimentos de identifica\u00e7\u00e3o, registro, classifica\u00e7\u00e3o e encaminhamento dos detentos para as penitenci\u00e1rias.<\/p>\n<h2>Por que o Nugesp foi parcialmente interditado?<\/h2>\n<p>A suspens\u00e3o foi determinada pela ju\u00edza coordenadora <strong>Fabiana Pagel<\/strong> da Silva no dia 17 de abril para conter a superlota\u00e7\u00e3o e o descumprimento dos prazos de perman\u00eancia no local.<\/p>\n<p>O Nugesp \u00e9 uma unidade de car\u00e1ter tempor\u00e1rio, mas registrava quase 200 detidos custodiados h\u00e1 mais de 15 dias, o que fere o car\u00e1ter tempor\u00e1rio da unidade e descumpre o <strong>Termo de Conv\u00eanio<\/strong> que instituiu o n\u00facleo.<\/p>\n<p>Com a restri\u00e7\u00e3o, apenas pris\u00f5es em flagrante continuavam sendo recebidas, enquanto audi\u00eancias de cust\u00f3dia para casos de mandados passaram a ser realizadas por videoconfer\u00eancia.<\/p>\n<h2>Efeito nas delegacias<\/h2>\n<p>A interdi\u00e7\u00e3o parcial gerou um &#8220;efeito cascata&#8221; nas unidades policiais da regi\u00e3o. A limita\u00e7\u00e3o na capacidade de recebimento havia provocado ac\u00famulo de presos em delegacias, gerando sobrecarga e preocupa\u00e7\u00e3o entre as for\u00e7as de seguran\u00e7a.<\/p>\n<p>Na 2\u00aa Delegacia de Pol\u00edcia de Pronto Atendimento, localizada no Pal\u00e1cio da Pol\u00edcia, havia dez presos nas celas, al\u00e9m de tr\u00eas detentos aguardando dentro de viaturas da Brigada Militar \u00e0 espera de vaga no sistema prisional. As estruturas das delegacias n\u00e3o foram projetadas para cust\u00f3dia prolongada, o que aumentava os riscos para agentes e detentos.<\/p>\n<p>A retomada veio ap\u00f3s negocia\u00e7\u00f5es entre o governo estadual e o Judici\u00e1rio. Com a fila de espera zerada, todos os presos voltaram a ser encaminhados ao Nugesp de forma regular. A situa\u00e7\u00e3o segue sendo monitorada, e a normaliza\u00e7\u00e3o definitiva do fluxo de entrada deve ser consolidada nos pr\u00f3ximos meses, principalmente com a amplia\u00e7\u00e3o de vagas na Regi\u00e3o Metropolitana.<\/p>\n<h2>Expans\u00e3o do sistema prisional do RS<\/h2>\n<p class=\"font-claude-response-body break-words whitespace-normal leading-[1.7]\">O Rio Grande do Sul vem ampliando sua capacidade carcer\u00e1ria. Desde 2019, foram criadas ou requalificadas cerca de 12 mil vagas, com investimentos que superam R$ 1,4 bilh\u00e3o. Quatro novas unidades foram entregues, duas foram requalificadas e outras duas passaram por amplia\u00e7\u00e3o.<\/p>\n<p class=\"font-claude-response-body break-words whitespace-normal leading-[1.7]\">A <strong>Cadeia P\u00fablica<\/strong> de Porto Alegre, que j\u00e1 foi considerada o pior pres\u00eddio do Brasil, recebeu investimento de R$ 139 milh\u00f5es e foi reinaugurada em 2025. Atualmente, h\u00e1 constru\u00e7\u00f5es em andamento em Rio Grande, S\u00e3o Borja, Passo Fundo e Caxias do Sul, al\u00e9m de amplia\u00e7\u00f5es em unidades de Iju\u00ed e Uruguaiana.<\/p>\n","protected":false},"excerpt":{"rendered":"<p>O N\u00facleo de Gest\u00e3o Estrat\u00e9gica do Sistema Prisional (Nugesp) do Rio Grande do Sul voltou a receber presos normalmente a partir deste final de semana, ap\u00f3s cerca de uma semana com o fluxo de entrada suspenso. O comunicado oficial foi realizado pela Secretaria de Sistemas Penal e Socioeducativo\u00a0do Estado (SSP\/RS), que tamb\u00e9m ajustou os procedimentos [&hellip;]<\/p>\n","protected":false},"author":15,"featured_media":37894,"comment_status":"open","ping_status":"open","sticky":false,"template":"","format":"standard","meta":{"jnews-multi-image_gallery":[],"jnews_single_post":{"format":"standard","jnews_video_option_group":[[]],"override":[{"template":"2","parallax":"1","fullscreen":"1","layout":"right-sidebar","sidebar":"default-sidebar","second_sidebar":"default-sidebar","sticky_sidebar":"1","share_position":"hide","share_float_style":"share-monocrhome","show_featured":"1","show_post_meta":"1","show_post_author":"1","show_post_date":"1","post_date_format":"default","post_date_format_custom":"Y\/m\/d","show_post_category":"1","show_post_reading_time":"0","post_reading_time_wpm":"300","post_calculate_word_method":"str_word_count","show_zoom_button":"0","zoom_button_out_step":"2","zoom_button_in_step":"3","show_post_tag":"1","show_popup_post":"1","number_popup_post":"1","show_author_box":"1","show_post_related":"0"}],"image_override":[{"single_post_thumbnail_size":"crop-500","single_post_gallery_size":"crop-500"}],"trending_post_position":"meta","trending_post_label":"Trending","sponsored_post_label":"Sponsored by","disable_ad":"0","subtitle":"Ap\u00f3s dias parcialmente interditado por superlota\u00e7\u00e3o, o pres\u00eddio foi liberado"},"jnews_primary_category":[],"jnews_override_counter":{"view_counter_number":"0","share_counter_number":"0","like_counter_number":"0","dislike_counter_number":"0"},"jnews_post_split":{"post_split":[{"template":"1","tag":"h2","numbering":"asc","mode":"normal","first":"0","enable_toc":"0","toc_type":"normal"}]},"footnotes":""},"categories":[1],"tags":[7725,7727,7726,7729,7730,4113,128,127,7728,7731],"class_list":["post-37893","post","type-post","status-publish","format-standard","has-post-thumbnail","hentry","category-geral","tag-cadeia-publica","tag-fabiana-pagel","tag-nugesp","tag-poder-judiciario","tag-policia-penal","tag-porto-alegre","tag-rio-grande-do-sul","tag-rs","tag-sistema-prisional","tag-ssp-rs"],"yoast_head":"<!-- This site is optimized with the Yoast SEO plugin v25.0 - https:\/\/yoast.com\/wordpress\/plugins\/seo\/ -->\n<title>Pris\u00e3o volta a operar com capacidade m\u00e1xima ap\u00f3s interdi\u00e7\u00e3o parcial no RS<\/title>\n<meta name=\"robots\" content=\"index, follow, max-snippet:-1, max-image-preview:large, max-video-preview:-1\" \/>\n<link rel=\"canonical\" href=\"https:\/\/crusoe.audiencelabs.com.br\/prisao-volta-a-operar-com-capacidade-maxima-apos-interdicao-parcial-no-rs\/\" \/>\n<meta property=\"og:locale\" content=\"pt_BR\" \/>\n<meta property=\"og:type\" content=\"article\" \/>\n<meta property=\"og:title\" content=\"Pris\u00e3o volta a operar com capacidade m\u00e1xima ap\u00f3s interdi\u00e7\u00e3o parcial no RS\" \/>\n<meta property=\"og:description\" content=\"O N\u00facleo de Gest\u00e3o Estrat\u00e9gica do Sistema Prisional (Nugesp) do Rio Grande do Sul voltou a receber presos normalmente a partir deste final de semana, ap\u00f3s cerca de uma semana com o fluxo de entrada suspenso. O comunicado oficial foi realizado pela Secretaria de Sistemas Penal e Socioeducativo\u00a0do Estado (SSP\/RS), que tamb\u00e9m ajustou os procedimentos [&hellip;]\" \/>\n<meta property=\"og:url\" content=\"https:\/\/crusoe.audiencelabs.com.br\/prisao-volta-a-operar-com-capacidade-maxima-apos-interdicao-parcial-no-rs\/\" \/>\n<meta property=\"og:site_name\" content=\"Variedades - Cruso\u00e9\" \/>\n<meta property=\"article:published_time\" content=\"2026-04-27T22:34:16+00:00\" \/>\n<meta property=\"og:image\" content=\"https:\/\/cdn.crusoe.com.br\/uploads\/2026\/04\/WhatsApp-Image-2026-04-27-at-13.20.13-1.jpeg\" \/>\n\t<meta property=\"og:image:width\" content=\"908\" \/>\n\t<meta property=\"og:image:height\" content=\"440\" \/>\n\t<meta property=\"og:image:type\" content=\"image\/jpeg\" \/>\n<meta name=\"author\" content=\"J\u00falio Nesi\" \/>\n<meta name=\"twitter:card\" content=\"summary_large_image\" \/>\n<meta name=\"twitter:label1\" content=\"Escrito por\" \/>\n\t<meta name=\"twitter:data1\" content=\"J\u00falio Nesi\" \/>\n\t<meta name=\"twitter:label2\" content=\"Est. tempo de leitura\" \/>\n\t<meta name=\"twitter:data2\" content=\"3 minutos\" \/>\n<script type=\"application\/ld+json\" class=\"yoast-schema-graph\">{\"@context\":\"https:\/\/schema.org\",\"@graph\":[{\"@type\":\"WebPage\",\"@id\":\"https:\/\/crusoe.audiencelabs.com.br\/prisao-volta-a-operar-com-capacidade-maxima-apos-interdicao-parcial-no-rs\/\",\"url\":\"https:\/\/crusoe.audiencelabs.com.br\/prisao-volta-a-operar-com-capacidade-maxima-apos-interdicao-parcial-no-rs\/\",\"name\":\"Pris\u00e3o volta a operar com capacidade m\u00e1xima ap\u00f3s interdi\u00e7\u00e3o parcial no RS\",\"isPartOf\":{\"@id\":\"https:\/\/crusoe.audiencelabs.com.br\/#website\"},\"primaryImageOfPage\":{\"@id\":\"https:\/\/crusoe.audiencelabs.com.br\/prisao-volta-a-operar-com-capacidade-maxima-apos-interdicao-parcial-no-rs\/#primaryimage\"},\"image\":{\"@id\":\"https:\/\/crusoe.audiencelabs.com.br\/prisao-volta-a-operar-com-capacidade-maxima-apos-interdicao-parcial-no-rs\/#primaryimage\"},\"thumbnailUrl\":\"https:\/\/cdn.crusoe.com.br\/uploads\/2026\/04\/WhatsApp-Image-2026-04-27-at-13.20.13-1.jpeg\",\"datePublished\":\"2026-04-27T22:34:16+00:00\",\"author\":{\"@id\":\"https:\/\/crusoe.audiencelabs.com.br\/#\/schema\/person\/0cca5874eda7d72cef71e77a9a9c2143\"},\"breadcrumb\":{\"@id\":\"https:\/\/crusoe.audiencelabs.com.br\/prisao-volta-a-operar-com-capacidade-maxima-apos-interdicao-parcial-no-rs\/#breadcrumb\"},\"inLanguage\":\"pt-BR\",\"potentialAction\":[{\"@type\":\"ReadAction\",\"target\":[\"https:\/\/crusoe.audiencelabs.com.br\/prisao-volta-a-operar-com-capacidade-maxima-apos-interdicao-parcial-no-rs\/\"]}]},{\"@type\":\"ImageObject\",\"inLanguage\":\"pt-BR\",\"@id\":\"https:\/\/crusoe.audiencelabs.com.br\/prisao-volta-a-operar-com-capacidade-maxima-apos-interdicao-parcial-no-rs\/#primaryimage\",\"url\":\"https:\/\/cdn.crusoe.com.br\/uploads\/2026\/04\/WhatsApp-Image-2026-04-27-at-13.20.13-1.jpeg\",\"contentUrl\":\"https:\/\/cdn.crusoe.com.br\/uploads\/2026\/04\/WhatsApp-Image-2026-04-27-at-13.20.13-1.jpeg\",\"width\":908,\"height\":440,\"caption\":\"Reprodu\u00e7\u00e3o: Google Maps\"},{\"@type\":\"BreadcrumbList\",\"@id\":\"https:\/\/crusoe.audiencelabs.com.br\/prisao-volta-a-operar-com-capacidade-maxima-apos-interdicao-parcial-no-rs\/#breadcrumb\",\"itemListElement\":[{\"@type\":\"ListItem\",\"position\":1,\"name\":\"Home\",\"item\":\"https:\/\/crusoe.audiencelabs.com.br\/\"},{\"@type\":\"ListItem\",\"position\":2,\"name\":\"Pris\u00e3o volta a operar com capacidade m\u00e1xima ap\u00f3s interdi\u00e7\u00e3o parcial no RS\"}]},{\"@type\":\"WebSite\",\"@id\":\"https:\/\/crusoe.audiencelabs.com.br\/#website\",\"url\":\"https:\/\/crusoe.audiencelabs.com.br\/\",\"name\":\"Variedades - Cruso\u00e9\",\"description\":\"\",\"potentialAction\":[{\"@type\":\"SearchAction\",\"target\":{\"@type\":\"EntryPoint\",\"urlTemplate\":\"https:\/\/crusoe.audiencelabs.com.br\/?s={search_term_string}\"},\"query-input\":{\"@type\":\"PropertyValueSpecification\",\"valueRequired\":true,\"valueName\":\"search_term_string\"}}],\"inLanguage\":\"pt-BR\"},{\"@type\":\"Person\",\"@id\":\"https:\/\/crusoe.audiencelabs.com.br\/#\/schema\/person\/0cca5874eda7d72cef71e77a9a9c2143\",\"name\":\"J\u00falio Nesi\",\"image\":{\"@type\":\"ImageObject\",\"inLanguage\":\"pt-BR\",\"@id\":\"https:\/\/crusoe.audiencelabs.com.br\/#\/schema\/person\/image\/\",\"url\":\"https:\/\/secure.gravatar.com\/avatar\/c22eb47c3e2320e71637346b980e09f63de9f75742d3335f94a26b83dff70473?s=96&d=mm&r=g\",\"contentUrl\":\"https:\/\/secure.gravatar.com\/avatar\/c22eb47c3e2320e71637346b980e09f63de9f75742d3335f94a26b83dff70473?s=96&d=mm&r=g\",\"caption\":\"J\u00falio Nesi\"},\"description\":\"Jornalista alagoano formado pela UFAL, j\u00e1 atuei em produ\u00e7\u00e3o de conte\u00fado digital para portais, r\u00e1dio e redes sociais.\",\"sameAs\":[\"www.linkedin.com\/in\/j\u00falio-nesi\"],\"url\":\"https:\/\/crusoe.audiencelabs.com.br\/author\/julionesi\/\"}]}<\/script>\n<!-- \/ Yoast SEO plugin. -->","yoast_head_json":{"title":"Pris\u00e3o volta a operar com capacidade m\u00e1xima ap\u00f3s interdi\u00e7\u00e3o parcial no RS","robots":{"index":"index","follow":"follow","max-snippet":"max-snippet:-1","max-image-preview":"max-image-preview:large","max-video-preview":"max-video-preview:-1"},"canonical":"https:\/\/crusoe.audiencelabs.com.br\/prisao-volta-a-operar-com-capacidade-maxima-apos-interdicao-parcial-no-rs\/","og_locale":"pt_BR","og_type":"article","og_title":"Pris\u00e3o volta a operar com capacidade m\u00e1xima ap\u00f3s interdi\u00e7\u00e3o parcial no RS","og_description":"O N\u00facleo de Gest\u00e3o Estrat\u00e9gica do Sistema Prisional (Nugesp) do Rio Grande do Sul voltou a receber presos normalmente a partir deste final de semana, ap\u00f3s cerca de uma semana com o fluxo de entrada suspenso. O comunicado oficial foi realizado pela Secretaria de Sistemas Penal e Socioeducativo\u00a0do Estado (SSP\/RS), que tamb\u00e9m ajustou os procedimentos [&hellip;]","og_url":"https:\/\/crusoe.audiencelabs.com.br\/prisao-volta-a-operar-com-capacidade-maxima-apos-interdicao-parcial-no-rs\/","og_site_name":"Variedades - Cruso\u00e9","article_published_time":"2026-04-27T22:34:16+00:00","og_image":[{"width":908,"height":440,"url":"https:\/\/cdn.crusoe.com.br\/uploads\/2026\/04\/WhatsApp-Image-2026-04-27-at-13.20.13-1.jpeg","type":"image\/jpeg"}],"author":"J\u00falio Nesi","twitter_card":"summary_large_image","twitter_misc":{"Escrito por":"J\u00falio Nesi","Est. tempo de leitura":"3 minutos"},"schema":{"@context":"https:\/\/schema.org","@graph":[{"@type":"WebPage","@id":"https:\/\/crusoe.audiencelabs.com.br\/prisao-volta-a-operar-com-capacidade-maxima-apos-interdicao-parcial-no-rs\/","url":"https:\/\/crusoe.audiencelabs.com.br\/prisao-volta-a-operar-com-capacidade-maxima-apos-interdicao-parcial-no-rs\/","name":"Pris\u00e3o volta a operar com capacidade m\u00e1xima ap\u00f3s interdi\u00e7\u00e3o parcial no RS","isPartOf":{"@id":"https:\/\/crusoe.audiencelabs.com.br\/#website"},"primaryImageOfPage":{"@id":"https:\/\/crusoe.audiencelabs.com.br\/prisao-volta-a-operar-com-capacidade-maxima-apos-interdicao-parcial-no-rs\/#primaryimage"},"image":{"@id":"https:\/\/crusoe.audiencelabs.com.br\/prisao-volta-a-operar-com-capacidade-maxima-apos-interdicao-parcial-no-rs\/#primaryimage"},"thumbnailUrl":"https:\/\/cdn.crusoe.com.br\/uploads\/2026\/04\/WhatsApp-Image-2026-04-27-at-13.20.13-1.jpeg","datePublished":"2026-04-27T22:34:16+00:00","author":{"@id":"https:\/\/crusoe.audiencelabs.com.br\/#\/schema\/person\/0cca5874eda7d72cef71e77a9a9c2143"},"breadcrumb":{"@id":"https:\/\/crusoe.audiencelabs.com.br\/prisao-volta-a-operar-com-capacidade-maxima-apos-interdicao-parcial-no-rs\/#breadcrumb"},"inLanguage":"pt-BR","potentialAction":[{"@type":"ReadAction","target":["https:\/\/crusoe.audiencelabs.com.br\/prisao-volta-a-operar-com-capacidade-maxima-apos-interdicao-parcial-no-rs\/"]}]},{"@type":"ImageObject","inLanguage":"pt-BR","@id":"https:\/\/crusoe.audiencelabs.com.br\/prisao-volta-a-operar-com-capacidade-maxima-apos-interdicao-parcial-no-rs\/#primaryimage","url":"https:\/\/cdn.crusoe.com.br\/uploads\/2026\/04\/WhatsApp-Image-2026-04-27-at-13.20.13-1.jpeg","contentUrl":"https:\/\/cdn.crusoe.com.br\/uploads\/2026\/04\/WhatsApp-Image-2026-04-27-at-13.20.13-1.jpeg","width":908,"height":440,"caption":"Reprodu\u00e7\u00e3o: Google Maps"},{"@type":"BreadcrumbList","@id":"https:\/\/crusoe.audiencelabs.com.br\/prisao-volta-a-operar-com-capacidade-maxima-apos-interdicao-parcial-no-rs\/#breadcrumb","itemListElement":[{"@type":"ListItem","position":1,"name":"Home","item":"https:\/\/crusoe.audiencelabs.com.br\/"},{"@type":"ListItem","position":2,"name":"Pris\u00e3o volta a operar com capacidade m\u00e1xima ap\u00f3s interdi\u00e7\u00e3o parcial no RS"}]},{"@type":"WebSite","@id":"https:\/\/crusoe.audiencelabs.com.br\/#website","url":"https:\/\/crusoe.audiencelabs.com.br\/","name":"Variedades - Cruso\u00e9","description":"","potentialAction":[{"@type":"SearchAction","target":{"@type":"EntryPoint","urlTemplate":"https:\/\/crusoe.audiencelabs.com.br\/?s={search_term_string}"},"query-input":{"@type":"PropertyValueSpecification","valueRequired":true,"valueName":"search_term_string"}}],"inLanguage":"pt-BR"},{"@type":"Person","@id":"https:\/\/crusoe.audiencelabs.com.br\/#\/schema\/person\/0cca5874eda7d72cef71e77a9a9c2143","name":"J\u00falio Nesi","image":{"@type":"ImageObject","inLanguage":"pt-BR","@id":"https:\/\/crusoe.audiencelabs.com.br\/#\/schema\/person\/image\/","url":"https:\/\/secure.gravatar.com\/avatar\/c22eb47c3e2320e71637346b980e09f63de9f75742d3335f94a26b83dff70473?s=96&d=mm&r=g","contentUrl":"https:\/\/secure.gravatar.com\/avatar\/c22eb47c3e2320e71637346b980e09f63de9f75742d3335f94a26b83dff70473?s=96&d=mm&r=g","caption":"J\u00falio Nesi"},"description":"Jornalista alagoano formado pela UFAL, j\u00e1 atuei em produ\u00e7\u00e3o de conte\u00fado digital para portais, r\u00e1dio e redes sociais.","sameAs":["www.linkedin.com\/in\/j\u00falio-nesi"],"url":"https:\/\/crusoe.audiencelabs.com.br\/author\/julionesi\/"}]}},"_links":{"self":[{"href":"https:\/\/crusoe.audiencelabs.com.br\/wp-json\/wp\/v2\/posts\/37893","targetHints":{"allow":["GET"]}}],"collection":[{"href":"https:\/\/crusoe.audiencelabs.com.br\/wp-json\/wp\/v2\/posts"}],"about":[{"href":"https:\/\/crusoe.audiencelabs.com.br\/wp-json\/wp\/v2\/types\/post"}],"author":[{"embeddable":true,"href":"https:\/\/crusoe.audiencelabs.com.br\/wp-json\/wp\/v2\/users\/15"}],"replies":[{"embeddable":true,"href":"https:\/\/crusoe.audiencelabs.com.br\/wp-json\/wp\/v2\/comments?post=37893"}],"version-history":[{"count":1,"href":"https:\/\/crusoe.audiencelabs.com.br\/wp-json\/wp\/v2\/posts\/37893\/revisions"}],"predecessor-version":[{"id":37895,"href":"https:\/\/crusoe.audiencelabs.com.br\/wp-json\/wp\/v2\/posts\/37893\/revisions\/37895"}],"wp:featuredmedia":[{"embeddable":true,"href":"https:\/\/crusoe.audiencelabs.com.br\/wp-json\/wp\/v2\/media\/37894"}],"wp:attachment":[{"href":"https:\/\/crusoe.audiencelabs.com.br\/wp-json\/wp\/v2\/media?parent=37893"}],"wp:term":[{"taxonomy":"category","embeddable":true,"href":"https:\/\/crusoe.audiencelabs.com.br\/wp-json\/wp\/v2\/categories?post=37893"},{"taxonomy":"post_tag","embeddable":true,"href":"https:\/\/crusoe.audiencelabs.com.br\/wp-json\/wp\/v2\/tags?post=37893"}],"curies":[{"name":"wp","href":"https:\/\/api.w.org\/{rel}","templated":true}]}}