{"id":37891,"date":"2026-04-27T17:33:54","date_gmt":"2026-04-27T20:33:54","guid":{"rendered":"https:\/\/crusoe.audiencelabs.com.br\/?p=37891"},"modified":"2026-04-27T13:11:54","modified_gmt":"2026-04-27T16:11:54","slug":"beneficio-confirmado-pelo-governo-garantira-auxilio-de-mil-reais-para-a-populacao-a-partir-de-julho","status":"publish","type":"post","link":"https:\/\/crusoe.audiencelabs.com.br\/beneficio-confirmado-pelo-governo-garantira-auxilio-de-mil-reais-para-a-populacao-a-partir-de-julho\/","title":{"rendered":"Benef\u00edcio confirmado pelo governo garantir\u00e1 aux\u00edlio de mil reais para a popula\u00e7\u00e3o a partir de julho"},"content":{"rendered":"<p>Milh\u00f5es de brasileiros poder\u00e3o ser beneficiados por uma nova modalidade de restitui\u00e7\u00e3o de <strong>Imposto de Renda<\/strong> (<strong>IR<\/strong>) anunciada pela <strong>Receita Federal<\/strong>. O benef\u00edcio pode garantir pagamentos de at\u00e9 R$ 1.000 para milh\u00f5es de brasileiros j\u00e1 em julho deste ano.<\/p>\n<p>Batizada de &#8220;<strong>Restitui\u00e7\u00e3o Autom\u00e1tica<\/strong>&#8220;, a medida \u00e9 destinada especificamente a contribuintes que n\u00e3o foram obrigados a declarar o imposto no ano passado, mas tiveram valores retidos na fonte ao longo de 2024. O pagamento ser\u00e1 realizado via <strong>Pix<\/strong> no dia 15 de julho.<\/p>\n<h2>Quem vai receber?<\/h2>\n<p class=\"font-claude-response-body break-words whitespace-normal leading-[1.7]\">Ao contr\u00e1rio das restitui\u00e7\u00f5es tradicionais, essa modalidade contempla quem normalmente ficaria fora do sistema por n\u00e3o ter obriga\u00e7\u00e3o de entregar a declara\u00e7\u00e3o. Em muitos casos, essas pessoas recebem dentro da faixa de isen\u00e7\u00e3o, mas tiveram reten\u00e7\u00f5es pontuais em determinados meses do ano.<\/p>\n<p class=\"font-claude-response-body break-words whitespace-normal leading-[1.7]\">Nesses casos, a pr\u00f3pria Receita Federal vai gerar automaticamente uma declara\u00e7\u00e3o simplificada com base nos dados j\u00e1 dispon\u00edveis nos sistemas do \u00f3rg\u00e3o. Ou seja, o contribuinte n\u00e3o precisa fazer nada para iniciar o processo.<\/p>\n<p class=\"font-claude-response-body break-words whitespace-normal leading-[1.7]\">Para receber o valor, \u00e9 preciso cumprir alguns crit\u00e9rios: ter o CPF regular e sem pend\u00eancias junto ao Fisco, possuir chave Pix vinculada ao CPF e n\u00e3o apresentar restri\u00e7\u00f5es fiscais.<\/p>\n<h2>Quanto cada um vai receber?<\/h2>\n<p class=\"font-claude-response-body break-words whitespace-normal leading-[1.7]\">Segundo estimativas da Receita Federal, cerca de 4 milh\u00f5es de pessoas devem ser beneficiadas. Apesar do teto de at\u00e9 R$ 1.000, o valor m\u00e9dio de restitui\u00e7\u00e3o por contribuinte deve ficar em torno de R$ 125.<\/p>\n<p class=\"font-claude-response-body break-words whitespace-normal leading-[1.7]\">O processamento das informa\u00e7\u00f5es come\u00e7a a partir de 15 de junho. A consulta vai poder ser feita pelos canais oficiais, como o aplicativo Meu Imposto de Renda, o portal e-CAC e o site da Receita Federal. Quem identificar que tem direito ao valor, mas n\u00e3o foi inclu\u00eddo automaticamente, poder\u00e1 solicitar revis\u00e3o pelo sistema eletr\u00f4nico.<\/p>\n<h2>Calend\u00e1rio segue normalmente<\/h2>\n<p class=\"font-claude-response-body break-words whitespace-normal leading-[1.7]\">Al\u00e9m dessa nova modalidade, a Receita mant\u00e9m o calend\u00e1rio tradicional de restitui\u00e7\u00f5es para quem entregou a declara\u00e7\u00e3o do IR. Os pagamentos continuam previstos em lotes entre maio e agosto, com expectativa de alcan\u00e7ar cerca de 23 milh\u00f5es de contribuintes.<\/p>\n<p class=\"font-claude-response-body break-words whitespace-normal leading-[1.7]\">Vale lembrar que os valores liberados em julho se referem ao ano-calend\u00e1rio de 2024. As restitui\u00e7\u00f5es relacionadas \u00e0 declara\u00e7\u00e3o de 2026, referentes ao ano de 2025, ser\u00e3o pagas apenas no pr\u00f3ximo ciclo.<\/p>\n","protected":false},"excerpt":{"rendered":"<p>Milh\u00f5es de brasileiros poder\u00e3o ser beneficiados por uma nova modalidade de restitui\u00e7\u00e3o de Imposto de Renda (IR) anunciada pela Receita Federal. O benef\u00edcio pode garantir pagamentos de at\u00e9 R$ 1.000 para milh\u00f5es de brasileiros j\u00e1 em julho deste ano. Batizada de &#8220;Restitui\u00e7\u00e3o Autom\u00e1tica&#8220;, a medida \u00e9 destinada especificamente a contribuintes que n\u00e3o foram obrigados a [&hellip;]<\/p>\n","protected":false},"author":15,"featured_media":37477,"comment_status":"open","ping_status":"open","sticky":false,"template":"","format":"standard","meta":{"jnews-multi-image_gallery":[],"jnews_single_post":{"format":"standard","jnews_video_option_group":[[]],"override":[{"template":"2","parallax":"1","fullscreen":"1","layout":"right-sidebar","sidebar":"default-sidebar","second_sidebar":"default-sidebar","sticky_sidebar":"1","share_position":"hide","share_float_style":"share-monocrhome","show_featured":"1","show_post_meta":"1","show_post_author":"1","show_post_date":"1","post_date_format":"default","post_date_format_custom":"Y\/m\/d","show_post_category":"1","show_post_reading_time":"0","post_reading_time_wpm":"300","post_calculate_word_method":"str_word_count","show_zoom_button":"0","zoom_button_out_step":"2","zoom_button_in_step":"3","show_post_tag":"1","show_popup_post":"1","number_popup_post":"1","show_author_box":"1","show_post_related":"0"}],"image_override":[{"single_post_thumbnail_size":"crop-500","single_post_gallery_size":"crop-500"}],"trending_post_position":"meta","trending_post_label":"Trending","sponsored_post_label":"Sponsored by","disable_ad":"0","subtitle":"O aux\u00edlio ir\u00e1 contemplar contribuintes que n\u00e3o foram obrigados a declarar IR em 2025"},"jnews_primary_category":[],"jnews_override_counter":{"view_counter_number":"0","share_counter_number":"0","like_counter_number":"0","dislike_counter_number":"0"},"jnews_post_split":{"post_split":[{"template":"1","tag":"h2","numbering":"asc","mode":"normal","first":"0","enable_toc":"0","toc_type":"normal"}]},"footnotes":""},"categories":[1],"tags":[838,277,102,43,109,7724,7595],"class_list":["post-37891","post","type-post","status-publish","format-standard","has-post-thumbnail","hentry","category-geral","tag-dinheiro","tag-governo-federal","tag-imposto-de-renda","tag-pix","tag-receita-federal","tag-restituicao-automatica","tag-utilidade-publica"],"yoast_head":"<!-- This site is optimized with the Yoast SEO plugin v25.0 - https:\/\/yoast.com\/wordpress\/plugins\/seo\/ -->\n<title>Benef\u00edcio confirmado pelo governo garantir\u00e1 aux\u00edlio de mil reais para a popula\u00e7\u00e3o a partir de julho<\/title>\n<meta name=\"robots\" content=\"index, follow, max-snippet:-1, max-image-preview:large, max-video-preview:-1\" \/>\n<link rel=\"canonical\" href=\"https:\/\/crusoe.audiencelabs.com.br\/beneficio-confirmado-pelo-governo-garantira-auxilio-de-mil-reais-para-a-populacao-a-partir-de-julho\/\" \/>\n<meta property=\"og:locale\" content=\"pt_BR\" \/>\n<meta property=\"og:type\" content=\"article\" \/>\n<meta property=\"og:title\" content=\"Benef\u00edcio confirmado pelo governo garantir\u00e1 aux\u00edlio de mil reais para a popula\u00e7\u00e3o a partir de julho\" \/>\n<meta property=\"og:description\" content=\"Milh\u00f5es de brasileiros poder\u00e3o ser beneficiados por uma nova modalidade de restitui\u00e7\u00e3o de Imposto de Renda (IR) anunciada pela Receita Federal. O benef\u00edcio pode garantir pagamentos de at\u00e9 R$ 1.000 para milh\u00f5es de brasileiros j\u00e1 em julho deste ano. Batizada de &#8220;Restitui\u00e7\u00e3o Autom\u00e1tica&#8220;, a medida \u00e9 destinada especificamente a contribuintes que n\u00e3o foram obrigados a [&hellip;]\" \/>\n<meta property=\"og:url\" content=\"https:\/\/crusoe.audiencelabs.com.br\/beneficio-confirmado-pelo-governo-garantira-auxilio-de-mil-reais-para-a-populacao-a-partir-de-julho\/\" \/>\n<meta property=\"og:site_name\" content=\"Variedades - Cruso\u00e9\" \/>\n<meta property=\"article:published_time\" content=\"2026-04-27T20:33:54+00:00\" \/>\n<meta property=\"og:image\" content=\"https:\/\/cdn.crusoe.com.br\/uploads\/2026\/04\/daniel-dan-gK-whGsF0iY-unsplash.jpg\" \/>\n\t<meta property=\"og:image:width\" content=\"640\" \/>\n\t<meta property=\"og:image:height\" content=\"427\" \/>\n\t<meta property=\"og:image:type\" content=\"image\/jpeg\" \/>\n<meta name=\"author\" content=\"J\u00falio Nesi\" \/>\n<meta name=\"twitter:card\" content=\"summary_large_image\" \/>\n<meta name=\"twitter:label1\" content=\"Escrito por\" \/>\n\t<meta name=\"twitter:data1\" content=\"J\u00falio Nesi\" \/>\n\t<meta name=\"twitter:label2\" content=\"Est. tempo de leitura\" \/>\n\t<meta name=\"twitter:data2\" content=\"3 minutos\" \/>\n<script type=\"application\/ld+json\" class=\"yoast-schema-graph\">{\"@context\":\"https:\/\/schema.org\",\"@graph\":[{\"@type\":\"WebPage\",\"@id\":\"https:\/\/crusoe.audiencelabs.com.br\/beneficio-confirmado-pelo-governo-garantira-auxilio-de-mil-reais-para-a-populacao-a-partir-de-julho\/\",\"url\":\"https:\/\/crusoe.audiencelabs.com.br\/beneficio-confirmado-pelo-governo-garantira-auxilio-de-mil-reais-para-a-populacao-a-partir-de-julho\/\",\"name\":\"Benef\u00edcio confirmado pelo governo garantir\u00e1 aux\u00edlio de mil reais para a popula\u00e7\u00e3o a partir de julho\",\"isPartOf\":{\"@id\":\"https:\/\/crusoe.audiencelabs.com.br\/#website\"},\"primaryImageOfPage\":{\"@id\":\"https:\/\/crusoe.audiencelabs.com.br\/beneficio-confirmado-pelo-governo-garantira-auxilio-de-mil-reais-para-a-populacao-a-partir-de-julho\/#primaryimage\"},\"image\":{\"@id\":\"https:\/\/crusoe.audiencelabs.com.br\/beneficio-confirmado-pelo-governo-garantira-auxilio-de-mil-reais-para-a-populacao-a-partir-de-julho\/#primaryimage\"},\"thumbnailUrl\":\"https:\/\/cdn.crusoe.com.br\/uploads\/2026\/04\/daniel-dan-gK-whGsF0iY-unsplash.jpg\",\"datePublished\":\"2026-04-27T20:33:54+00:00\",\"author\":{\"@id\":\"https:\/\/crusoe.audiencelabs.com.br\/#\/schema\/person\/0cca5874eda7d72cef71e77a9a9c2143\"},\"breadcrumb\":{\"@id\":\"https:\/\/crusoe.audiencelabs.com.br\/beneficio-confirmado-pelo-governo-garantira-auxilio-de-mil-reais-para-a-populacao-a-partir-de-julho\/#breadcrumb\"},\"inLanguage\":\"pt-BR\",\"potentialAction\":[{\"@type\":\"ReadAction\",\"target\":[\"https:\/\/crusoe.audiencelabs.com.br\/beneficio-confirmado-pelo-governo-garantira-auxilio-de-mil-reais-para-a-populacao-a-partir-de-julho\/\"]}]},{\"@type\":\"ImageObject\",\"inLanguage\":\"pt-BR\",\"@id\":\"https:\/\/crusoe.audiencelabs.com.br\/beneficio-confirmado-pelo-governo-garantira-auxilio-de-mil-reais-para-a-populacao-a-partir-de-julho\/#primaryimage\",\"url\":\"https:\/\/cdn.crusoe.com.br\/uploads\/2026\/04\/daniel-dan-gK-whGsF0iY-unsplash.jpg\",\"contentUrl\":\"https:\/\/cdn.crusoe.com.br\/uploads\/2026\/04\/daniel-dan-gK-whGsF0iY-unsplash.jpg\",\"width\":640,\"height\":427,\"caption\":\"Imagem meramente ilustrativa. Reprodu\u00e7\u00e3o: Unsplash \/ Daniel Dan\"},{\"@type\":\"BreadcrumbList\",\"@id\":\"https:\/\/crusoe.audiencelabs.com.br\/beneficio-confirmado-pelo-governo-garantira-auxilio-de-mil-reais-para-a-populacao-a-partir-de-julho\/#breadcrumb\",\"itemListElement\":[{\"@type\":\"ListItem\",\"position\":1,\"name\":\"Home\",\"item\":\"https:\/\/crusoe.audiencelabs.com.br\/\"},{\"@type\":\"ListItem\",\"position\":2,\"name\":\"Benef\u00edcio confirmado pelo governo garantir\u00e1 aux\u00edlio de mil reais para a popula\u00e7\u00e3o a partir de julho\"}]},{\"@type\":\"WebSite\",\"@id\":\"https:\/\/crusoe.audiencelabs.com.br\/#website\",\"url\":\"https:\/\/crusoe.audiencelabs.com.br\/\",\"name\":\"Variedades - Cruso\u00e9\",\"description\":\"\",\"potentialAction\":[{\"@type\":\"SearchAction\",\"target\":{\"@type\":\"EntryPoint\",\"urlTemplate\":\"https:\/\/crusoe.audiencelabs.com.br\/?s={search_term_string}\"},\"query-input\":{\"@type\":\"PropertyValueSpecification\",\"valueRequired\":true,\"valueName\":\"search_term_string\"}}],\"inLanguage\":\"pt-BR\"},{\"@type\":\"Person\",\"@id\":\"https:\/\/crusoe.audiencelabs.com.br\/#\/schema\/person\/0cca5874eda7d72cef71e77a9a9c2143\",\"name\":\"J\u00falio Nesi\",\"image\":{\"@type\":\"ImageObject\",\"inLanguage\":\"pt-BR\",\"@id\":\"https:\/\/crusoe.audiencelabs.com.br\/#\/schema\/person\/image\/\",\"url\":\"https:\/\/secure.gravatar.com\/avatar\/c22eb47c3e2320e71637346b980e09f63de9f75742d3335f94a26b83dff70473?s=96&d=mm&r=g\",\"contentUrl\":\"https:\/\/secure.gravatar.com\/avatar\/c22eb47c3e2320e71637346b980e09f63de9f75742d3335f94a26b83dff70473?s=96&d=mm&r=g\",\"caption\":\"J\u00falio Nesi\"},\"description\":\"Jornalista alagoano formado pela UFAL, j\u00e1 atuei em produ\u00e7\u00e3o de conte\u00fado digital para portais, r\u00e1dio e redes sociais.\",\"sameAs\":[\"www.linkedin.com\/in\/j\u00falio-nesi\"],\"url\":\"https:\/\/crusoe.audiencelabs.com.br\/author\/julionesi\/\"}]}<\/script>\n<!-- \/ Yoast SEO plugin. -->","yoast_head_json":{"title":"Benef\u00edcio confirmado pelo governo garantir\u00e1 aux\u00edlio de mil reais para a popula\u00e7\u00e3o a partir de julho","robots":{"index":"index","follow":"follow","max-snippet":"max-snippet:-1","max-image-preview":"max-image-preview:large","max-video-preview":"max-video-preview:-1"},"canonical":"https:\/\/crusoe.audiencelabs.com.br\/beneficio-confirmado-pelo-governo-garantira-auxilio-de-mil-reais-para-a-populacao-a-partir-de-julho\/","og_locale":"pt_BR","og_type":"article","og_title":"Benef\u00edcio confirmado pelo governo garantir\u00e1 aux\u00edlio de mil reais para a popula\u00e7\u00e3o a partir de julho","og_description":"Milh\u00f5es de brasileiros poder\u00e3o ser beneficiados por uma nova modalidade de restitui\u00e7\u00e3o de Imposto de Renda (IR) anunciada pela Receita Federal. O benef\u00edcio pode garantir pagamentos de at\u00e9 R$ 1.000 para milh\u00f5es de brasileiros j\u00e1 em julho deste ano. Batizada de &#8220;Restitui\u00e7\u00e3o Autom\u00e1tica&#8220;, a medida \u00e9 destinada especificamente a contribuintes que n\u00e3o foram obrigados a [&hellip;]","og_url":"https:\/\/crusoe.audiencelabs.com.br\/beneficio-confirmado-pelo-governo-garantira-auxilio-de-mil-reais-para-a-populacao-a-partir-de-julho\/","og_site_name":"Variedades - Cruso\u00e9","article_published_time":"2026-04-27T20:33:54+00:00","og_image":[{"width":640,"height":427,"url":"https:\/\/cdn.crusoe.com.br\/uploads\/2026\/04\/daniel-dan-gK-whGsF0iY-unsplash.jpg","type":"image\/jpeg"}],"author":"J\u00falio Nesi","twitter_card":"summary_large_image","twitter_misc":{"Escrito por":"J\u00falio Nesi","Est. tempo de leitura":"3 minutos"},"schema":{"@context":"https:\/\/schema.org","@graph":[{"@type":"WebPage","@id":"https:\/\/crusoe.audiencelabs.com.br\/beneficio-confirmado-pelo-governo-garantira-auxilio-de-mil-reais-para-a-populacao-a-partir-de-julho\/","url":"https:\/\/crusoe.audiencelabs.com.br\/beneficio-confirmado-pelo-governo-garantira-auxilio-de-mil-reais-para-a-populacao-a-partir-de-julho\/","name":"Benef\u00edcio confirmado pelo governo garantir\u00e1 aux\u00edlio de mil reais para a popula\u00e7\u00e3o a partir de julho","isPartOf":{"@id":"https:\/\/crusoe.audiencelabs.com.br\/#website"},"primaryImageOfPage":{"@id":"https:\/\/crusoe.audiencelabs.com.br\/beneficio-confirmado-pelo-governo-garantira-auxilio-de-mil-reais-para-a-populacao-a-partir-de-julho\/#primaryimage"},"image":{"@id":"https:\/\/crusoe.audiencelabs.com.br\/beneficio-confirmado-pelo-governo-garantira-auxilio-de-mil-reais-para-a-populacao-a-partir-de-julho\/#primaryimage"},"thumbnailUrl":"https:\/\/cdn.crusoe.com.br\/uploads\/2026\/04\/daniel-dan-gK-whGsF0iY-unsplash.jpg","datePublished":"2026-04-27T20:33:54+00:00","author":{"@id":"https:\/\/crusoe.audiencelabs.com.br\/#\/schema\/person\/0cca5874eda7d72cef71e77a9a9c2143"},"breadcrumb":{"@id":"https:\/\/crusoe.audiencelabs.com.br\/beneficio-confirmado-pelo-governo-garantira-auxilio-de-mil-reais-para-a-populacao-a-partir-de-julho\/#breadcrumb"},"inLanguage":"pt-BR","potentialAction":[{"@type":"ReadAction","target":["https:\/\/crusoe.audiencelabs.com.br\/beneficio-confirmado-pelo-governo-garantira-auxilio-de-mil-reais-para-a-populacao-a-partir-de-julho\/"]}]},{"@type":"ImageObject","inLanguage":"pt-BR","@id":"https:\/\/crusoe.audiencelabs.com.br\/beneficio-confirmado-pelo-governo-garantira-auxilio-de-mil-reais-para-a-populacao-a-partir-de-julho\/#primaryimage","url":"https:\/\/cdn.crusoe.com.br\/uploads\/2026\/04\/daniel-dan-gK-whGsF0iY-unsplash.jpg","contentUrl":"https:\/\/cdn.crusoe.com.br\/uploads\/2026\/04\/daniel-dan-gK-whGsF0iY-unsplash.jpg","width":640,"height":427,"caption":"Imagem meramente ilustrativa. Reprodu\u00e7\u00e3o: Unsplash \/ Daniel Dan"},{"@type":"BreadcrumbList","@id":"https:\/\/crusoe.audiencelabs.com.br\/beneficio-confirmado-pelo-governo-garantira-auxilio-de-mil-reais-para-a-populacao-a-partir-de-julho\/#breadcrumb","itemListElement":[{"@type":"ListItem","position":1,"name":"Home","item":"https:\/\/crusoe.audiencelabs.com.br\/"},{"@type":"ListItem","position":2,"name":"Benef\u00edcio confirmado pelo governo garantir\u00e1 aux\u00edlio de mil reais para a popula\u00e7\u00e3o a partir de julho"}]},{"@type":"WebSite","@id":"https:\/\/crusoe.audiencelabs.com.br\/#website","url":"https:\/\/crusoe.audiencelabs.com.br\/","name":"Variedades - Cruso\u00e9","description":"","potentialAction":[{"@type":"SearchAction","target":{"@type":"EntryPoint","urlTemplate":"https:\/\/crusoe.audiencelabs.com.br\/?s={search_term_string}"},"query-input":{"@type":"PropertyValueSpecification","valueRequired":true,"valueName":"search_term_string"}}],"inLanguage":"pt-BR"},{"@type":"Person","@id":"https:\/\/crusoe.audiencelabs.com.br\/#\/schema\/person\/0cca5874eda7d72cef71e77a9a9c2143","name":"J\u00falio Nesi","image":{"@type":"ImageObject","inLanguage":"pt-BR","@id":"https:\/\/crusoe.audiencelabs.com.br\/#\/schema\/person\/image\/","url":"https:\/\/secure.gravatar.com\/avatar\/c22eb47c3e2320e71637346b980e09f63de9f75742d3335f94a26b83dff70473?s=96&d=mm&r=g","contentUrl":"https:\/\/secure.gravatar.com\/avatar\/c22eb47c3e2320e71637346b980e09f63de9f75742d3335f94a26b83dff70473?s=96&d=mm&r=g","caption":"J\u00falio Nesi"},"description":"Jornalista alagoano formado pela UFAL, j\u00e1 atuei em produ\u00e7\u00e3o de conte\u00fado digital para portais, r\u00e1dio e redes sociais.","sameAs":["www.linkedin.com\/in\/j\u00falio-nesi"],"url":"https:\/\/crusoe.audiencelabs.com.br\/author\/julionesi\/"}]}},"_links":{"self":[{"href":"https:\/\/crusoe.audiencelabs.com.br\/wp-json\/wp\/v2\/posts\/37891","targetHints":{"allow":["GET"]}}],"collection":[{"href":"https:\/\/crusoe.audiencelabs.com.br\/wp-json\/wp\/v2\/posts"}],"about":[{"href":"https:\/\/crusoe.audiencelabs.com.br\/wp-json\/wp\/v2\/types\/post"}],"author":[{"embeddable":true,"href":"https:\/\/crusoe.audiencelabs.com.br\/wp-json\/wp\/v2\/users\/15"}],"replies":[{"embeddable":true,"href":"https:\/\/crusoe.audiencelabs.com.br\/wp-json\/wp\/v2\/comments?post=37891"}],"version-history":[{"count":1,"href":"https:\/\/crusoe.audiencelabs.com.br\/wp-json\/wp\/v2\/posts\/37891\/revisions"}],"predecessor-version":[{"id":37892,"href":"https:\/\/crusoe.audiencelabs.com.br\/wp-json\/wp\/v2\/posts\/37891\/revisions\/37892"}],"wp:featuredmedia":[{"embeddable":true,"href":"https:\/\/crusoe.audiencelabs.com.br\/wp-json\/wp\/v2\/media\/37477"}],"wp:attachment":[{"href":"https:\/\/crusoe.audiencelabs.com.br\/wp-json\/wp\/v2\/media?parent=37891"}],"wp:term":[{"taxonomy":"category","embeddable":true,"href":"https:\/\/crusoe.audiencelabs.com.br\/wp-json\/wp\/v2\/categories?post=37891"},{"taxonomy":"post_tag","embeddable":true,"href":"https:\/\/crusoe.audiencelabs.com.br\/wp-json\/wp\/v2\/tags?post=37891"}],"curies":[{"name":"wp","href":"https:\/\/api.w.org\/{rel}","templated":true}]}}